{"id":13399,"date":"2019-02-28T12:09:23","date_gmt":"2019-02-28T11:09:23","guid":{"rendered":"https:\/\/marekkuchcinski.pl\/?p=13399"},"modified":"2019-02-28T12:11:50","modified_gmt":"2019-02-28T11:11:50","slug":"marek-kuchcinski-75-rocznice-pacyfikacji-huty-pieniackiej-splacany-obecnie-dlug-pamieci-wobec-niewinnych-dzieci-starcow-mezczyzn-kobiet-wszystkich-ktorzy-poniesli-niezasluzona-smierc","status":"publish","type":"post","link":"https:\/\/marekkuchcinski.pl\/cs\/wazne-daty\/marek-kuchcinski-75-rocznice-pacyfikacji-huty-pieniackiej-splacany-obecnie-dlug-pamieci-wobec-niewinnych-dzieci-starcow-mezczyzn-kobiet-wszystkich-ktorzy-poniesli-niezasluzona-smierc\/","title":{"rendered":"Marek Kuchci\u0144ski k 75. v\u00fdro\u010d\u00ed pacifikace Huty Pieniacky: Nevinn\u00fdm d\u011btem je spl\u00e1cen dluh pam\u011bti. starci, mu\u017ei a \u017eeny, v\u0161ichni ti, kte\u0159\u00ed utrp\u011bli nezaslou\u017eenou smrt."},"content":{"rendered":"<p>28. \u00fanora 1944 bylo v obci Huta Pieniacka zavra\u017ed\u011bno p\u0159es tis\u00edc Pol\u00e1k\u016f. Vy\u0161et\u0159ov\u00e1n\u00ed Institutu n\u00e1rodn\u00ed pam\u011bti (IPN) prok\u00e1zalo, \u017ee pacifikaci prov\u00e1d\u011bli ukrajin\u0161t\u00ed dobrovoln\u00edci ze 4. policejn\u00edho pluku SS spole\u010dn\u011b s odd\u00edlem Ukrajinsk\u00e9 povstaleck\u00e9 arm\u00e1dy (UPA) a polovojenskou jednotkou slo\u017eenou z ukrajinsk\u00fdch nacionalist\u016f.<\/p>\n<p><strong>U p\u0159\u00edle\u017eitosti 75. v\u00fdro\u010d\u00ed zlo\u010dinu p\u0159edal p\u0159edseda Sejmu Marek Kuchci\u0144ski dopis, kter\u00fd byl p\u0159e\u010dten b\u011bhem st\u00e1tn\u00edch oslav.<\/strong><\/p>\n<p><em>Ud\u00e1losti z 28. \u00fanora 1944 byly nep\u0159edstavitelnou trag\u00e9di\u00ed nejen pro ty, kte\u0159\u00ed ztratili sv\u00e9 bl\u00edzk\u00e9. Smrt asi tis\u00edce lid\u00ed, polsk\u00fdch obyvatel Huty Pieniacky a \u017did\u016f, kter\u00e9 ukr\u00fdvali, je pro n\u00e1s v\u0161echny st\u00e1le nesm\u00edrn\u011b bolestivou a nezhojenou ranou. Je to o to hlub\u0161\u00ed, \u017ee po n\u011bkolik desetilet\u00ed existovalo spiknut\u00ed ml\u010den\u00ed, z\u00e1kaz \u0159\u00edkat pravdu o d\u011bsiv\u00e9m rozsahu tohoto zv\u011brstva.<\/em><\/p>\n<p><em>Dluh pam\u011bti je nyn\u00ed spl\u00e1cen nevinn\u00fdm d\u011btem. Je to na\u0161e povinnost v\u016f\u010di nim a jejich rodin\u00e1m. Je to tak\u00e9 na\u0161e povinnost v\u016f\u010di budoucnosti, kter\u00e1 mus\u00ed b\u00fdt zalo\u017eena na \u00fact\u011b k hodnot\u00e1m, kter\u00e9 jsou n\u00e1m nejdra\u017e\u0161\u00ed, aby se nic podobn\u00e9ho u\u017e nikdy neopakovalo.<\/em><\/p>\n<p><em>D\u011bkuji proto t\u011bm, kte\u0159\u00ed se pod\u00edleli na p\u0159\u00edprav\u011b ob\u0159adu, a v\u0161em, kte\u0159\u00ed si v\u00e1\u017e\u00ed pam\u00e1tky tragick\u00e9ho osudu ob\u011bt\u00ed zlo\u010dinu v Hut\u011b Pieniack\u00e9.<\/em><\/p>\n<p>&nbsp;<\/p>\n<p><em>S pozdravem<\/em><\/p>\n<p><em>Marek Kuchci\u0144ski<\/em><\/p>\n<p>&nbsp;<\/p>\n<p>&nbsp;<\/p>","protected":false},"excerpt":{"rendered":"<p>28 lutego 1944 roku we wsi\u00a0Huta Pieniacka\u00a0\u00a0dosz\u0142o do mordu na ponad tysi\u0105cu Polak\u00f3w. \u015aledztwo IPN dowiod\u0142o, \u017ce pacyfikacji dokonali ochotnicy ukrai\u0144scy z\u00a04. Pu\u0142ku Policyjnego SS\u00a0wraz z oddzia\u0142em\u00a0UPA\u00a0i sk\u0142adaj\u0105cym si\u0119 z nacjonalist\u00f3w ukrai\u0144skich oddzia\u0142em paramilitarnym. Z okazji 75. rocznicy zbrodni marsza\u0142ek Sejmu Marek Kuchci\u0144ski\u00a0przekaza\u0142 list odczytany podczas pa\u0144stwowych uroczysto\u015bci. Wydarzenia z 28 lutego 1944 roku by\u0142y [&hellip;]<\/p>\n","protected":false},"author":6,"featured_media":13401,"comment_status":"open","ping_status":"open","sticky":false,"template":"","format":"standard","meta":{"ngg_post_thumbnail":0,"footnotes":""},"categories":[104,77],"tags":[],"class_list":["post-13399","post","type-post","status-publish","format-standard","has-post-thumbnail","hentry","category-lms","category-wazne-daty"],"_links":{"self":[{"href":"https:\/\/marekkuchcinski.pl\/cs\/wp-json\/wp\/v2\/posts\/13399","targetHints":{"allow":["GET"]}}],"collection":[{"href":"https:\/\/marekkuchcinski.pl\/cs\/wp-json\/wp\/v2\/posts"}],"about":[{"href":"https:\/\/marekkuchcinski.pl\/cs\/wp-json\/wp\/v2\/types\/post"}],"author":[{"embeddable":true,"href":"https:\/\/marekkuchcinski.pl\/cs\/wp-json\/wp\/v2\/users\/6"}],"replies":[{"embeddable":true,"href":"https:\/\/marekkuchcinski.pl\/cs\/wp-json\/wp\/v2\/comments?post=13399"}],"version-history":[{"count":5,"href":"https:\/\/marekkuchcinski.pl\/cs\/wp-json\/wp\/v2\/posts\/13399\/revisions"}],"predecessor-version":[{"id":13405,"href":"https:\/\/marekkuchcinski.pl\/cs\/wp-json\/wp\/v2\/posts\/13399\/revisions\/13405"}],"wp:featuredmedia":[{"embeddable":true,"href":"https:\/\/marekkuchcinski.pl\/cs\/wp-json\/wp\/v2\/media\/13401"}],"wp:attachment":[{"href":"https:\/\/marekkuchcinski.pl\/cs\/wp-json\/wp\/v2\/media?parent=13399"}],"wp:term":[{"taxonomy":"category","embeddable":true,"href":"https:\/\/marekkuchcinski.pl\/cs\/wp-json\/wp\/v2\/categories?post=13399"},{"taxonomy":"post_tag","embeddable":true,"href":"https:\/\/marekkuchcinski.pl\/cs\/wp-json\/wp\/v2\/tags?post=13399"}],"curies":[{"name":"wp","href":"https:\/\/api.w.org\/{rel}","templated":true}]}}