{"id":13260,"date":"2019-02-22T12:45:09","date_gmt":"2019-02-22T11:45:09","guid":{"rendered":"https:\/\/marekkuchcinski.pl\/?p=13260"},"modified":"2019-03-17T00:26:15","modified_gmt":"2019-03-16T23:26:15","slug":"odbudowujemy-wspolprace-litwa-marszalek-sejmu-spotkal-sie-prezydent-grybauskaite","status":"publish","type":"post","link":"https:\/\/marekkuchcinski.pl\/cs\/wydarzenia\/odbudowujemy-wspolprace-litwa-marszalek-sejmu-spotkal-sie-prezydent-grybauskaite\/","title":{"rendered":"P\u0159edseda Seimasu vyznamen\u00e1n \u0159\u00e1dem \"Za z\u00e1sluhy o Litvu\""},"content":{"rendered":"<p>Dalia Grybauskait\u0117, kter\u00e1 je na ofici\u00e1ln\u00ed n\u00e1v\u0161t\u011bv\u011b Polska, se ve \u010dtvrtek setkala s p\u0159edsedou Sejmu Markem Kuchcinskim. Mezi t\u00e9maty, kter\u00e1 b\u011bhem rozhovoru zazn\u011bla, byla spolupr\u00e1ce na parlamentn\u00ed \u00farovni mezi Sejmem a Seimasem, bezpe\u010dnost, energetika a tak\u00e9 450. v\u00fdro\u010d\u00ed Lublinsk\u00e9 unie, kter\u00e9 p\u0159ipad\u00e1 na rok 2019.<br \/>\nMar\u0161\u00e1l Kuchci\u0144ski zd\u016fraznil, \u017ee je d\u016fle\u017eit\u00e9 pokra\u010dovat v politice Lecha Kaczy\u0144sk\u00e9ho, jej\u00edm\u017e c\u00edlem bylo sbli\u017eov\u00e1n\u00ed Polska, Litvy a dal\u0161\u00edch zem\u00ed v na\u0161\u00ed \u010d\u00e1sti Evropy. - Zintenzivn\u011bn\u00ed sch\u016fzek je nejlep\u0161\u00edm d\u016fkazem toho, \u017ee obnovujeme na\u0161i spolupr\u00e1ci. Z na\u0161\u00ed strany budeme co nejd\u0159\u00edve rozv\u00edjet r\u016fzn\u00e9 formy spolupr\u00e1ce. Ty ji\u017e p\u0159in\u00e1\u0161ej\u00ed sv\u00e9 ovoce; nap\u0159\u00edklad m\u00e1me velmi podobn\u00fd pohled na bezpe\u010dnostn\u00ed ot\u00e1zky, jako je p\u0159\u00edtomnost vojsk NATO. Z pohledu na\u0161ich d\u011bjin od 14. stolet\u00ed nebo z pohledu Lublinsk\u00e9 unie je pot\u0159eba polsko-litevsk\u00e9 spolupr\u00e1ce z\u0159ejm\u00e1. Jak jsme \u0159\u00edkali, kdy\u017e jsme byli spolu, byli jsme nejv\u011bt\u0161\u00ed silou v Evrop\u011b,\" \u0159ekl Marek Kuchci\u0144ski.<br \/>\nLitevsk\u00e1 prezidentka zm\u00ednila tak\u00e9 Lecha Kaczynsk\u00e9ho, s n\u00edm\u017e se, jak zd\u016fraznila, setk\u00e1v\u00e1 velmi pravideln\u011b. - B\u011bhem posledn\u00edch osmi m\u011bs\u00edc\u016f jeho prezidentstv\u00ed se tak stalo a\u017e \u010dty\u0159ikr\u00e1t. Byly to velmi dobr\u00e9 vztahy. Polsko a Litva maj\u00ed stejn\u00fd pohled na obrannou politiku, ekonomick\u00e9 a energetick\u00e9 ot\u00e1zky. Mnoho probl\u00e9m\u016f m\u016f\u017eeme vy\u0159e\u0161it spole\u010dn\u011b,\" zd\u016fraznila prezidentka Grybauskait\u0117. - Tak\u00e9 na\u0161e z\u00e1jmy v souvislosti s plynovodem Nord Stream 2, kter\u00fd u\u010din\u00ed Evropu z\u00e1vislou na Rusku. Proto se vz\u00e1jemn\u011b podporujeme v rozhovorech s NATO a EU,\" dodal litevsk\u00fd politik.<br \/>\nP\u0159edseda Sejmu v\u0159ele pod\u011bkoval litevsk\u00e9mu prezidentovi za iniciativu ministr\u016f kultury obou zem\u00ed, kte\u0159\u00ed spole\u010dn\u011b s dal\u0161\u00edmi ministry st\u0159edoevropsk\u00fdch zem\u00ed p\u0159edlo\u017eili UNESCO n\u00e1vrh na z\u00e1pis Lublinsk\u00e9 unie na Seznam sv\u011btov\u00e9ho d\u011bdictv\u00ed. P\u0159edseda Sejmu rovn\u011b\u017e poznamenal, \u017ee - rozv\u00edj\u00edme spolupr\u00e1ci mezi parlamenty cel\u00e9 st\u0159edn\u00ed Evropy. Podali jsme \u017e\u00e1dost o \u010dlenstv\u00ed v Parlamentn\u00edm shrom\u00e1\u017ed\u011bn\u00ed pobaltsk\u00fdch st\u00e1t\u016f. - Domn\u00edv\u00e1me se, \u017ee jde o d\u016fle\u017eit\u00fd prvek spolupr\u00e1ce, a podporujeme tak\u00e9 n\u00e1vrhy na vytvo\u0159en\u00ed parlamentn\u00ed dimenze Trilater\u00e1ly. Na Evropskou unii se d\u00edv\u00e1me prizmatem pot\u0159eby jej\u00edho pos\u00edlen\u00ed ve v\u0161ech oblastech,\" zd\u016fraznil mar\u0161\u00e1l Kuchci\u0144ski.<br \/>\nZased\u00e1n\u00ed se z\u00fa\u010dastnila tak\u00e9 m\u00edstop\u0159edsedkyn\u011b Sejmu Beata Mazurek a vedouc\u00ed Kancel\u00e1\u0159e Sejmu Agnieszka Kaczmarska.<\/p>\n<p><strong>Jako osobnost se z\u00e1sluhami o litevsk\u00fd st\u00e1t byl Marek Kuchcinski vyznamen\u00e1n \u0159\u00e1dem \"Za z\u00e1sluhy o Litvu\".<\/strong><\/p>\n<p><em>Foto: Rafa\u0142 Zambrzycki<\/em><\/p>\n<p><a href=\"https:\/\/marekkuchcinski.pl\/wp-content\/uploads\/2019\/02\/prezydent-Litwy.jpg\"><img fetchpriority=\"high\" decoding=\"async\" class=\"alignnone size-full wp-image-13262\" src=\"https:\/\/marekkuchcinski.pl\/wp-content\/uploads\/2019\/02\/prezydent-Litwy.jpg\" alt=\"prezydent Litwy\" width=\"1200\" height=\"800\" srcset=\"https:\/\/marekkuchcinski.pl\/wp-content\/uploads\/2019\/02\/prezydent-Litwy.jpg 1200w, https:\/\/marekkuchcinski.pl\/wp-content\/uploads\/2019\/02\/prezydent-Litwy-300x200.jpg 300w, https:\/\/marekkuchcinski.pl\/wp-content\/uploads\/2019\/02\/prezydent-Litwy-768x512.jpg 768w, https:\/\/marekkuchcinski.pl\/wp-content\/uploads\/2019\/02\/prezydent-Litwy-1024x683.jpg 1024w\" sizes=\"(max-width: 1200px) 100vw, 1200px\" \/><\/a><\/p>\n<p><em>Foto: Marta Olejnik<\/em><\/p>\n<p><a href=\"https:\/\/marekkuchcinski.pl\/wp-content\/uploads\/2019\/02\/olit.jpg\"><img decoding=\"async\" class=\"alignnone size-full wp-image-13875\" src=\"https:\/\/marekkuchcinski.pl\/wp-content\/uploads\/2019\/02\/olit.jpg\" alt=\"olit\" width=\"2048\" height=\"1365\" srcset=\"https:\/\/marekkuchcinski.pl\/wp-content\/uploads\/2019\/02\/olit.jpg 2048w, https:\/\/marekkuchcinski.pl\/wp-content\/uploads\/2019\/02\/olit-300x200.jpg 300w, https:\/\/marekkuchcinski.pl\/wp-content\/uploads\/2019\/02\/olit-768x512.jpg 768w, https:\/\/marekkuchcinski.pl\/wp-content\/uploads\/2019\/02\/olit-1024x683.jpg 1024w\" sizes=\"(max-width: 2048px) 100vw, 2048px\" \/><\/a><\/p>\n<p>&nbsp;<\/p>","protected":false},"excerpt":{"rendered":"<p>Przebywaj\u0105ca z oficjaln\u0105 wizyt\u0105 w Polsce Dalia Grybauskait\u0117 w czwartek spotka\u0142a si\u0119 z marsza\u0142kiem Sejmu Markiem Kuchci\u0144skim. W\u015br\u00f3d temat\u00f3w, kt\u00f3re pojawi\u0142y si\u0119 podczas rozmowy, by\u0142y m.in. wsp\u00f3\u0142praca na poziomie parlamentarnym pomi\u0119dzy Sejmem a Seimasem, bezpiecze\u0144stwo, energetyka, a tak\u017ce 450-lecie Unii Lubelskiej, kt\u00f3re przypada w 2019 r. Marsza\u0142ek Kuchci\u0144ski podkre\u015bli\u0142, \u017ce wa\u017cna jest kontynuacja polityki \u015bp. [&hellip;]<\/p>\n","protected":false},"author":6,"featured_media":13875,"comment_status":"open","ping_status":"open","sticky":false,"template":"","format":"standard","meta":{"ngg_post_thumbnail":0,"footnotes":""},"categories":[81,50,3],"tags":[],"class_list":["post-13260","post","type-post","status-publish","format-standard","has-post-thumbnail","hentry","category-wiesci-z-sejmu","category-wspolpraca-miedzynarodowa","category-wydarzenia"],"_links":{"self":[{"href":"https:\/\/marekkuchcinski.pl\/cs\/wp-json\/wp\/v2\/posts\/13260","targetHints":{"allow":["GET"]}}],"collection":[{"href":"https:\/\/marekkuchcinski.pl\/cs\/wp-json\/wp\/v2\/posts"}],"about":[{"href":"https:\/\/marekkuchcinski.pl\/cs\/wp-json\/wp\/v2\/types\/post"}],"author":[{"embeddable":true,"href":"https:\/\/marekkuchcinski.pl\/cs\/wp-json\/wp\/v2\/users\/6"}],"replies":[{"embeddable":true,"href":"https:\/\/marekkuchcinski.pl\/cs\/wp-json\/wp\/v2\/comments?post=13260"}],"version-history":[{"count":12,"href":"https:\/\/marekkuchcinski.pl\/cs\/wp-json\/wp\/v2\/posts\/13260\/revisions"}],"predecessor-version":[{"id":13892,"href":"https:\/\/marekkuchcinski.pl\/cs\/wp-json\/wp\/v2\/posts\/13260\/revisions\/13892"}],"wp:featuredmedia":[{"embeddable":true,"href":"https:\/\/marekkuchcinski.pl\/cs\/wp-json\/wp\/v2\/media\/13875"}],"wp:attachment":[{"href":"https:\/\/marekkuchcinski.pl\/cs\/wp-json\/wp\/v2\/media?parent=13260"}],"wp:term":[{"taxonomy":"category","embeddable":true,"href":"https:\/\/marekkuchcinski.pl\/cs\/wp-json\/wp\/v2\/categories?post=13260"},{"taxonomy":"post_tag","embeddable":true,"href":"https:\/\/marekkuchcinski.pl\/cs\/wp-json\/wp\/v2\/tags?post=13260"}],"curies":[{"name":"wp","href":"https:\/\/api.w.org\/{rel}","templated":true}]}}