{"id":13255,"date":"2019-02-22T14:20:53","date_gmt":"2019-02-22T13:20:53","guid":{"rendered":"https:\/\/marekkuchcinski.pl\/?p=13255"},"modified":"2019-02-22T14:20:53","modified_gmt":"2019-02-22T13:20:53","slug":"marek-kuchcinski-dniu-mysli-braterskiej-zycze-wszystkim-skautom-aby-jasnymi-umyslami-goracymi-sercami-pomocnymi-dlonmi-wspaniale-sluzyli-naszej-ojczyznie","status":"publish","type":"post","link":"https:\/\/marekkuchcinski.pl\/cs\/wydarzenia\/marek-kuchcinski-dniu-mysli-braterskiej-zycze-wszystkim-skautom-aby-jasnymi-umyslami-goracymi-sercami-pomocnymi-dlonmi-wspaniale-sluzyli-naszej-ojczyznie\/","title":{"rendered":"Marek Kuchci\u0144ski ke Dni bratrsk\u00fdch my\u0161lenek: P\u0159eji v\u0161em skaut\u016fm, aby s \u010distou mysl\u00ed, v\u0159el\u00fdm srdcem a pom\u00e1haj\u00edc\u00edma rukama i nad\u00e1le skv\u011ble slou\u017eili na\u0161\u00ed vlasti."},"content":{"rendered":"<p><strong>22. \u00fanora slav\u00ed skauti na cel\u00e9m sv\u011bt\u011b sv\u016fj sv\u00e1tek. Den bratrsk\u00e9 my\u0161lenky vznikl jako p\u0159ipom\u00ednka v\u00fdro\u010d\u00ed narozen\u00ed zakladatel\u016f skautingu - Roberta Baden-Powella, hlavn\u00edho skauta sv\u011bta, a jeho \u017eeny Olave Baden-Powellov\u00e9, hlavn\u00ed skautky sv\u011bta. P\u0159edseda Sejmu Marek Kuchci\u0144ski ocenil \u010dinnost polsk\u00e9ho skautingu. V dopise adresovan\u00e9m veden\u00ed organizace napsal:<\/strong><\/p>\n<p><em>Tento zvl\u00e1\u0161tn\u00ed \u010das toti\u017e vyb\u00edz\u00ed k zamy\u0161len\u00ed nad kr\u00e1sn\u00fdmi ide\u00e1ly skautsk\u00e9ho hnut\u00ed a z\u00e1rove\u0148 je p\u0159\u00edle\u017eitost\u00ed k pos\u00edlen\u00ed vazeb mezi jeho \u010dleny. Fellowship<br \/>\na p\u0159\u00e1telstv\u00ed spojuje mnoho z v\u00e1s. P\u0159ipome\u0148me si tedy d\u016fle\u017eitost t\u011bchto \u00fa\u017easn\u00fdch vztah\u016f, d\u00edky nim\u017e je n\u00e1\u0161 \u017eivot lep\u0161\u00ed a pln\u011bj\u0161\u00ed.<\/em><\/p>\n<p><em>Dnes bych cht\u011bl vyj\u00e1d\u0159it sv\u00e9 velk\u00e9 uzn\u00e1n\u00ed cel\u00e9 organizaci. T\u00edm, \u017ee ve sv\u00fdch \u0159ad\u00e1ch sdru\u017euje mnoho oddan\u00fdch lid\u00ed, pro kter\u00e9 je p\u0159\u00edslu\u0161nost ke skautsk\u00e9mu bratrstvu zdrojem hrdosti, vychov\u00e1v\u00e1 dal\u0161\u00ed generace v duchu \u00facty k tradic\u00edm a hodnot\u00e1m, formuje charakter, zoceluje ducha a umo\u017e\u0148uje \u010derpat radost ze spole\u010dn\u00fdch aktivit.<\/em><\/p>\n<p><em>Nejv\u011bt\u0161\u00ed vliv na postoj skaut\u016f maj\u00ed instrukto\u0159i.<br \/>\nTyto v\u00fdjime\u010dn\u00e9 osobnosti jsou vzorem chov\u00e1n\u00ed a pokladnic\u00ed znalost\u00ed. Titul \"mimo\u0159\u00e1dn\u00fd\" podtrhuje velk\u00e9 z\u00e1sluhy va\u0161\u00ed skromn\u00e9 slu\u017eby. Ocen\u011bn\u00fdm proto zvl\u00e1\u0161\u0165 blahop\u0159eji. R\u00e1d bych v\u00e1m pod\u011bkoval za va\u0161e nasazen\u00ed, spolehlivost, u\u0161lechtilost jedn\u00e1n\u00ed a \u0161\u00ed\u0159en\u00ed dobr\u00e9 skautsk\u00e9 tradice. P\u0159eji v\u00e1m hodn\u011b \u0161t\u011bst\u00ed a \u00fasp\u011bch\u016f v dal\u0161\u00ed v\u00fdukov\u00e9 pr\u00e1ci. <\/em><\/p>\n<p><em>V Den bratrsk\u00e9 my\u0161lenky p\u0159eji v\u0161em skaut\u016fm, aby i nad\u00e1le skv\u011ble slou\u017eili na\u0161\u00ed vlasti s jasnou mysl\u00ed, v\u0159el\u00fdm srdcem a pom\u00e1haj\u00edc\u00edma rukama. P\u0159eji v\u00e1m kr\u00e1snou oslavu a mnoho nezapomenuteln\u00fdch emoc\u00ed.<\/em><\/p>\n<p><em>Srde\u010dn\u011b v\u00e1s zdrav\u00edm a p\u0159eji v\u0161e nejlep\u0161\u00ed.<\/em><\/p>\n<p><em>\u00a0<\/em><\/p>\n<p><em>\u00a0<\/em><\/p>\n<p><em>\u00a0<\/em><em>\u00a0\u00a0\u00a0\u00a0\u00a0\u00a0\u00a0\u00a0\u00a0\u00a0\u00a0\u00a0\u00a0\u00a0\u00a0\u00a0\u00a0\u00a0\u00a0\u00a0\u00a0\u00a0\u00a0\u00a0\u00a0\u00a0\u00a0\u00a0\u00a0\u00a0\u00a0\u00a0\u00a0\u00a0\u00a0\u00a0\u00a0\u00a0\u00a0\u00a0\u00a0\u00a0\u00a0\u00a0\u00a0\u00a0\u00a0\u00a0\u00a0\u00a0\u00a0\u00a0\u00a0\u00a0\u00a0\u00a0\u00a0\u00a0\u00a0\u00a0\u00a0\u00a0\u00a0\u00a0\u00a0\u00a0\u00a0\u00a0\u00a0\u00a0\u00a0\u00a0\u00a0\u00a0\u00a0\u00a0\u00a0\u00a0\u00a0\u00a0\u00a0\u00a0\u00a0\u00a0\u00a0\u00a0\u00a0\u00a0\u00a0\u00a0\u00a0\u00a0\u00a0 Marek Kuchci\u0144ski \u00a0\u00a0<\/em><\/p>\n<p>&nbsp;<\/p>\n<p><a href=\"https:\/\/marekkuchcinski.pl\/wp-content\/uploads\/2019\/02\/Obraz411.jpg\"><img fetchpriority=\"high\" decoding=\"async\" class=\"alignnone size-full wp-image-13256\" src=\"https:\/\/marekkuchcinski.pl\/wp-content\/uploads\/2019\/02\/Obraz411.jpg\" alt=\"Obraz411\" width=\"2844\" height=\"1775\" srcset=\"https:\/\/marekkuchcinski.pl\/wp-content\/uploads\/2019\/02\/Obraz411.jpg 2048w, https:\/\/marekkuchcinski.pl\/wp-content\/uploads\/2019\/02\/Obraz411-300x187.jpg 300w, https:\/\/marekkuchcinski.pl\/wp-content\/uploads\/2019\/02\/Obraz411-768x479.jpg 768w, https:\/\/marekkuchcinski.pl\/wp-content\/uploads\/2019\/02\/Obraz411-1024x639.jpg 1024w\" sizes=\"(max-width: 2844px) 100vw, 2844px\" \/><\/a><\/p>\n<p><em>1999: skauti a Marek Kuchci\u0144ski, n\u00e1m\u011bstek podkarpatsk\u00e9ho hejtmana (\u0161est\u00fd zleva)<\/em><\/p>","protected":false},"excerpt":{"rendered":"<p>22 lutego skauci na ca\u0142ym \u015bwiecie obchodz\u0105 swoje \u015bwi\u0119to. Dzie\u0144 My\u015bli Braterskiej utworzono na pami\u0105tk\u0119 rocznicy urodzin za\u0142o\u017cycieli skautingu &#8211; Roberta Baden-Powella, Naczelnego Skauta \u015awiata i jego \u017cony Olave Baden-Powell Naczelnej Skautki \u015awiata. Swoje uznanie dla Zwi\u0105zku Harcerstwa Polskiego wyrazi\u0142 marsza\u0142ek Sejmu Marek Kuchci\u0144ski. W li\u015bcie skierowanym do w\u0142adz organizacji napisa\u0142: Ten wyj\u0105tkowy czas sk\u0142ania [&hellip;]<\/p>\n","protected":false},"author":6,"featured_media":13256,"comment_status":"open","ping_status":"open","sticky":false,"template":"","format":"standard","meta":{"ngg_post_thumbnail":0,"footnotes":""},"categories":[77,3],"tags":[],"class_list":["post-13255","post","type-post","status-publish","format-standard","has-post-thumbnail","hentry","category-wazne-daty","category-wydarzenia"],"_links":{"self":[{"href":"https:\/\/marekkuchcinski.pl\/cs\/wp-json\/wp\/v2\/posts\/13255","targetHints":{"allow":["GET"]}}],"collection":[{"href":"https:\/\/marekkuchcinski.pl\/cs\/wp-json\/wp\/v2\/posts"}],"about":[{"href":"https:\/\/marekkuchcinski.pl\/cs\/wp-json\/wp\/v2\/types\/post"}],"author":[{"embeddable":true,"href":"https:\/\/marekkuchcinski.pl\/cs\/wp-json\/wp\/v2\/users\/6"}],"replies":[{"embeddable":true,"href":"https:\/\/marekkuchcinski.pl\/cs\/wp-json\/wp\/v2\/comments?post=13255"}],"version-history":[{"count":1,"href":"https:\/\/marekkuchcinski.pl\/cs\/wp-json\/wp\/v2\/posts\/13255\/revisions"}],"predecessor-version":[{"id":13257,"href":"https:\/\/marekkuchcinski.pl\/cs\/wp-json\/wp\/v2\/posts\/13255\/revisions\/13257"}],"wp:featuredmedia":[{"embeddable":true,"href":"https:\/\/marekkuchcinski.pl\/cs\/wp-json\/wp\/v2\/media\/13256"}],"wp:attachment":[{"href":"https:\/\/marekkuchcinski.pl\/cs\/wp-json\/wp\/v2\/media?parent=13255"}],"wp:term":[{"taxonomy":"category","embeddable":true,"href":"https:\/\/marekkuchcinski.pl\/cs\/wp-json\/wp\/v2\/categories?post=13255"},{"taxonomy":"post_tag","embeddable":true,"href":"https:\/\/marekkuchcinski.pl\/cs\/wp-json\/wp\/v2\/tags?post=13255"}],"curies":[{"name":"wp","href":"https:\/\/api.w.org\/{rel}","templated":true}]}}