{"id":13249,"date":"2019-02-21T15:45:46","date_gmt":"2019-02-21T14:45:46","guid":{"rendered":"https:\/\/marekkuchcinski.pl\/?p=13249"},"modified":"2019-02-22T23:20:08","modified_gmt":"2019-02-22T22:20:08","slug":"marszalek-sejmu-glebokim-smutkiem-przyjalem-wiadomosc-ze-odszedl-nas-ks-pralat-stanislaw-krzywinski-wybitny-niezlomny-kaplan-zasluzony-dla-ojczyzny","status":"publish","type":"post","link":"https:\/\/marekkuchcinski.pl\/cs\/wydarzenia\/marszalek-sejmu-glebokim-smutkiem-przyjalem-wiadomosc-ze-odszedl-nas-ks-pralat-stanislaw-krzywinski-wybitny-niezlomny-kaplan-zasluzony-dla-ojczyzny\/","title":{"rendered":"P\u0159edseda Sejmu: S hlubok\u00fdm z\u00e1rmutkem jsem p\u0159ijal zpr\u00e1vu, \u017ee n\u00e1s opustil P. Stanislaw Krzywinski, vynikaj\u00edc\u00ed a vytrval\u00fd kn\u011bz, zaslou\u017eil\u00fd o vlast."},"content":{"rendered":"<div align=\"center\">Byl jsem hluboce zarmoucen, kdy\u017e jsem se dozv\u011bd\u011bl, \u017ee n\u00e1s opustil.<br \/>\n<b>prel\u00e1t\u00a0<\/b><br \/>\n<b>Stanis\u0142aw Krzywi\u0144ski<\/b><br \/>\nvynikaj\u00edc\u00ed a vytrval\u00fd kn\u011bz, zaslou\u017eil\u00fd o svou vlast.<br \/>\nInici\u00e1tor petice kn\u011b\u017e\u00ed diec\u00e9ze Przemy\u015bl za opu\u0161t\u011bn\u00ed<br \/>\nreprese proti \u00fa\u010dastn\u00edk\u016fm st\u00e1vek v roce 1976.<br \/>\nVelk\u00fd p\u0159\u00edtel Solidarity,<\/div>\n<div align=\"center\">podporovala jeho podzemn\u00ed stavby.<br \/>\nV 80. letech 20. stolet\u00ed byla ur\u010dena<br \/>\nbiskup Ignacy Tokarczuk<br \/>\npro kontakty s opozic\u00ed,<br \/>\npracoval bezpe\u010dnostn\u00ed apar\u00e1t.<br \/>\nZa mimo\u0159\u00e1dn\u00fd p\u0159\u00ednos pro<br \/>\ndemokratick\u00e9 zm\u011bny v Polsku<br \/>\nvyznamen\u00e1n\u00ed zesnul\u00e9ho prezidenta Polsk\u00e9 republiky Lecha Kaczy\u0144sk\u00e9ho<br \/>\nKomand\u00e9rsk\u00fd k\u0159\u00ed\u017e s hv\u011bzdou \u0158\u00e1du Polonia Restituta<br \/>\nOdpo\u010dinut\u00ed v\u011b\u010dn\u00e9 dej mu, Pane...<br \/>\nMarek Kuchci\u0144ski<br \/>\nMar\u0161\u00e1l Sejmu<\/div>\n<div align=\"center\"><\/div>\n<div align=\"center\"><\/div>\n<div style=\"text-align: left;\" align=\"center\"><a href=\"http:\/\/www.encysol.pl\/wiki\/Stanis%C5%82aw_Krzywi%C5%84ski\">O p\u00e1teru Stanis\u0142awu Krzywi\u0144sk\u00e9m<\/a><\/div>\n<div style=\"text-align: left;\" align=\"center\"><\/div>\n<div style=\"text-align: left;\" align=\"center\">Poh\u0159ebn\u00ed ob\u0159ad prel\u00e1ta se konal 22. \u00fanora v Przemy\u015blu.<\/div>\n<div style=\"text-align: left;\" align=\"center\"><\/div>\n<div style=\"text-align: left;\" align=\"center\"><a href=\"https:\/\/marekkuchcinski.pl\/wp-content\/uploads\/2019\/02\/p7.jpg\"><img fetchpriority=\"high\" decoding=\"async\" class=\"alignnone size-full wp-image-13274\" src=\"https:\/\/marekkuchcinski.pl\/wp-content\/uploads\/2019\/02\/p7.jpg\" alt=\"p7\" width=\"4608\" height=\"3072\" srcset=\"https:\/\/marekkuchcinski.pl\/wp-content\/uploads\/2019\/02\/p7.jpg 2048w, https:\/\/marekkuchcinski.pl\/wp-content\/uploads\/2019\/02\/p7-300x200.jpg 300w, https:\/\/marekkuchcinski.pl\/wp-content\/uploads\/2019\/02\/p7-768x512.jpg 768w, https:\/\/marekkuchcinski.pl\/wp-content\/uploads\/2019\/02\/p7-1024x683.jpg 1024w\" sizes=\"(max-width: 4608px) 100vw, 4608px\" \/><\/a> <a href=\"https:\/\/marekkuchcinski.pl\/wp-content\/uploads\/2019\/02\/p6.jpg\"><img decoding=\"async\" class=\"alignnone size-full wp-image-13275\" src=\"https:\/\/marekkuchcinski.pl\/wp-content\/uploads\/2019\/02\/p6.jpg\" alt=\"p6\" width=\"4608\" height=\"3072\" srcset=\"https:\/\/marekkuchcinski.pl\/wp-content\/uploads\/2019\/02\/p6.jpg 2048w, https:\/\/marekkuchcinski.pl\/wp-content\/uploads\/2019\/02\/p6-300x200.jpg 300w, https:\/\/marekkuchcinski.pl\/wp-content\/uploads\/2019\/02\/p6-768x512.jpg 768w, https:\/\/marekkuchcinski.pl\/wp-content\/uploads\/2019\/02\/p6-1024x683.jpg 1024w\" sizes=\"(max-width: 4608px) 100vw, 4608px\" \/><\/a> <a href=\"https:\/\/marekkuchcinski.pl\/wp-content\/uploads\/2019\/02\/p4.jpg\"><img decoding=\"async\" class=\"alignnone size-full wp-image-13276\" src=\"https:\/\/marekkuchcinski.pl\/wp-content\/uploads\/2019\/02\/p4.jpg\" alt=\"p4\" width=\"4608\" height=\"3072\" srcset=\"https:\/\/marekkuchcinski.pl\/wp-content\/uploads\/2019\/02\/p4.jpg 2048w, https:\/\/marekkuchcinski.pl\/wp-content\/uploads\/2019\/02\/p4-300x200.jpg 300w, https:\/\/marekkuchcinski.pl\/wp-content\/uploads\/2019\/02\/p4-768x512.jpg 768w, https:\/\/marekkuchcinski.pl\/wp-content\/uploads\/2019\/02\/p4-1024x683.jpg 1024w\" sizes=\"(max-width: 4608px) 100vw, 4608px\" \/><\/a> <a href=\"https:\/\/marekkuchcinski.pl\/wp-content\/uploads\/2019\/02\/p3.jpg\"><img loading=\"lazy\" decoding=\"async\" class=\"alignnone size-full wp-image-13277\" src=\"https:\/\/marekkuchcinski.pl\/wp-content\/uploads\/2019\/02\/p3.jpg\" alt=\"p3\" width=\"4608\" height=\"3072\" srcset=\"https:\/\/marekkuchcinski.pl\/wp-content\/uploads\/2019\/02\/p3.jpg 2048w, https:\/\/marekkuchcinski.pl\/wp-content\/uploads\/2019\/02\/p3-300x200.jpg 300w, https:\/\/marekkuchcinski.pl\/wp-content\/uploads\/2019\/02\/p3-768x512.jpg 768w, https:\/\/marekkuchcinski.pl\/wp-content\/uploads\/2019\/02\/p3-1024x683.jpg 1024w\" sizes=\"(max-width: 4608px) 100vw, 4608px\" \/><\/a> <a href=\"https:\/\/marekkuchcinski.pl\/wp-content\/uploads\/2019\/02\/p2.jpg\"><img loading=\"lazy\" decoding=\"async\" class=\"alignnone size-full wp-image-13278\" src=\"https:\/\/marekkuchcinski.pl\/wp-content\/uploads\/2019\/02\/p2.jpg\" alt=\"p2\" width=\"4608\" height=\"3072\" srcset=\"https:\/\/marekkuchcinski.pl\/wp-content\/uploads\/2019\/02\/p2.jpg 2048w, https:\/\/marekkuchcinski.pl\/wp-content\/uploads\/2019\/02\/p2-300x200.jpg 300w, https:\/\/marekkuchcinski.pl\/wp-content\/uploads\/2019\/02\/p2-768x512.jpg 768w, https:\/\/marekkuchcinski.pl\/wp-content\/uploads\/2019\/02\/p2-1024x683.jpg 1024w\" sizes=\"(max-width: 4608px) 100vw, 4608px\" \/><\/a> <a href=\"https:\/\/marekkuchcinski.pl\/wp-content\/uploads\/2019\/02\/p1.jpg\"><img loading=\"lazy\" decoding=\"async\" class=\"alignnone size-full wp-image-13279\" src=\"https:\/\/marekkuchcinski.pl\/wp-content\/uploads\/2019\/02\/p1.jpg\" alt=\"p1\" width=\"4608\" height=\"3072\" srcset=\"https:\/\/marekkuchcinski.pl\/wp-content\/uploads\/2019\/02\/p1.jpg 2048w, https:\/\/marekkuchcinski.pl\/wp-content\/uploads\/2019\/02\/p1-300x200.jpg 300w, https:\/\/marekkuchcinski.pl\/wp-content\/uploads\/2019\/02\/p1-768x512.jpg 768w, https:\/\/marekkuchcinski.pl\/wp-content\/uploads\/2019\/02\/p1-1024x683.jpg 1024w\" sizes=\"(max-width: 4608px) 100vw, 4608px\" \/><\/a><\/div>","protected":false},"excerpt":{"rendered":"<p>Z g\u0142\u0119bokim smutkiem przyj\u0105\u0142em wiadomo\u015b\u0107, \u017ce odszed\u0142 od nas ks. pra\u0142at\u00a0 Stanis\u0142aw Krzywi\u0144ski wybitny i niez\u0142omny kap\u0142an, zas\u0142u\u017cony dla Ojczyzny. Inicjator petycji ksi\u0119\u017cy diecezji przemyskiej o zaniechanie represji wobec uczestnik\u00f3w strajk\u00f3w z 1976 r. Wielki przyjaciel Solidarno\u015bci, wspiera\u0142 jej podziemne struktury. W latach osiemdziesi\u0105tych wyznaczony przez bpa Ignacego Tokarczuka do kontakt\u00f3w z opozycj\u0105, rozpracowywany przez [&hellip;]<\/p>\n","protected":false},"author":6,"featured_media":13252,"comment_status":"open","ping_status":"open","sticky":false,"template":"","format":"standard","meta":{"ngg_post_thumbnail":0,"footnotes":""},"categories":[49,3],"tags":[],"class_list":["post-13249","post","type-post","status-publish","format-standard","has-post-thumbnail","hentry","category-podkarpacie","category-wydarzenia"],"_links":{"self":[{"href":"https:\/\/marekkuchcinski.pl\/cs\/wp-json\/wp\/v2\/posts\/13249","targetHints":{"allow":["GET"]}}],"collection":[{"href":"https:\/\/marekkuchcinski.pl\/cs\/wp-json\/wp\/v2\/posts"}],"about":[{"href":"https:\/\/marekkuchcinski.pl\/cs\/wp-json\/wp\/v2\/types\/post"}],"author":[{"embeddable":true,"href":"https:\/\/marekkuchcinski.pl\/cs\/wp-json\/wp\/v2\/users\/6"}],"replies":[{"embeddable":true,"href":"https:\/\/marekkuchcinski.pl\/cs\/wp-json\/wp\/v2\/comments?post=13249"}],"version-history":[{"count":4,"href":"https:\/\/marekkuchcinski.pl\/cs\/wp-json\/wp\/v2\/posts\/13249\/revisions"}],"predecessor-version":[{"id":13273,"href":"https:\/\/marekkuchcinski.pl\/cs\/wp-json\/wp\/v2\/posts\/13249\/revisions\/13273"}],"wp:featuredmedia":[{"embeddable":true,"href":"https:\/\/marekkuchcinski.pl\/cs\/wp-json\/wp\/v2\/media\/13252"}],"wp:attachment":[{"href":"https:\/\/marekkuchcinski.pl\/cs\/wp-json\/wp\/v2\/media?parent=13249"}],"wp:term":[{"taxonomy":"category","embeddable":true,"href":"https:\/\/marekkuchcinski.pl\/cs\/wp-json\/wp\/v2\/categories?post=13249"},{"taxonomy":"post_tag","embeddable":true,"href":"https:\/\/marekkuchcinski.pl\/cs\/wp-json\/wp\/v2\/tags?post=13249"}],"curies":[{"name":"wp","href":"https:\/\/api.w.org\/{rel}","templated":true}]}}