{"id":13172,"date":"2019-02-19T23:38:56","date_gmt":"2019-02-19T22:38:56","guid":{"rendered":"https:\/\/marekkuchcinski.pl\/?p=13172"},"modified":"2019-02-20T00:41:10","modified_gmt":"2019-02-19T23:41:10","slug":"marek-kuchcinski-poslow-laczylo-przekonanie-ze-rzeczpospolita-wartoscia-najwyzsza-przekonanie-ze-warunkiem-istnienia-demokratycznego-panstwa-wolnosc-a-gwarantem-sejm","status":"publish","type":"post","link":"https:\/\/marekkuchcinski.pl\/cs\/wiesci-z-sejmu\/marek-kuchcinski-poslow-laczylo-przekonanie-ze-rzeczpospolita-wartoscia-najwyzsza-przekonanie-ze-warunkiem-istnienia-demokratycznego-panstwa-wolnosc-a-gwarantem-sejm\/","title":{"rendered":"Marek Kuchci\u0144ski: Poslance sjednotilo p\u0159esv\u011bd\u010den\u00ed, \u017ee Polsk\u00e1 republika je nejvy\u0161\u0161\u00ed hodnotou. P\u0159esv\u011bd\u010den\u00ed, \u017ee svoboda je podm\u00ednkou existence demokratick\u00e9ho st\u00e1tu. A jej\u00ed garant - Sejm"},"content":{"rendered":"<p><strong>P\u0159ed sto lety mar\u0161\u00e1l J\u00f3zef Pi\u0142sudski ve sv\u00e9m zahajovac\u00edm projevu v Sejmu \u0159ekl: \"Dnes m\u00e1me velk\u00fd sv\u00e1tek n\u00e1roda, sv\u00e1tek radosti.\" Tato slova dnes p\u0159ipomn\u011bl mar\u0161\u00e1l Sejmu Marek Kuchci\u0144ski b\u011bhem oslav znovuzrozen\u00ed polsk\u00e9ho parlamentarismu. Pi\u0142sudsk\u00e9ho slova byla prvn\u00ed.\u00a0<\/strong><strong>pronesen\u00e9 v polsk\u00e9m parlamentu od z\u00e1\u0159\u00ed 1831<\/strong>,<strong> kdy Sejm Polsk\u00e9ho kr\u00e1lovstv\u00ed uzav\u0159el sv\u00e9 d\u011bjiny.<\/strong><\/p>\n<p>Marek Kuchci\u0144ski \u0159ekl, \u017ee zakladatel\u00e9 na\u0161\u00ed nez\u00e1vislosti st\u00e1li p\u0159ed ot\u00e1zkou, jak\u00e9 m\u00e1 b\u00fdt Polsko, a z\u00e1konod\u00e1rn\u00fd sn\u011bm m\u011bl na tuto ot\u00e1zku odpov\u011bd\u011bt.<\/p>\n<p>- Z\u00e1konod\u00e1rn\u00fd sn\u011bm byl slo\u017een z poslanc\u016f s r\u016fzn\u00fdmi n\u00e1zory a politick\u00fdmi zku\u0161enostmi. Poslance v\u0161ak spojovalo p\u0159esv\u011bd\u010den\u00ed, \u017ee republika je nejvy\u0161\u0161\u00ed hodnotou. P\u0159esv\u011bd\u010den\u00ed, \u017ee svoboda je p\u0159edpokladem demokratick\u00e9ho st\u00e1tu.  A jeho garant - Sejm - \u0159ekl p\u0159edseda Sejmu, podle n\u011bho\u017e jsou \u00fasp\u011bchy z\u00e1konod\u00e1rn\u00e9ho sn\u011bmu impozantn\u00ed: 571 z\u00e1kon\u016f, umo\u017enil administrativn\u00ed sjednocen\u00ed zem\u011b, hospod\u00e1\u0159skou obnovu a rozvoj spole\u010densk\u00e9ho \u017eivota.<\/p>\n<p>P\u0159ijat\u00e1 legislativa se vyzna\u010dovala mimo\u0159\u00e1dn\u011b modern\u00edmi soci\u00e1ln\u00edmi \u0159e\u0161en\u00edmi.  Nejv\u011bt\u0161\u00edm d\u00edlem z\u00e1konod\u00e1rn\u00e9ho sn\u011bmu bylo p\u0159ijet\u00ed \u00dastavy ze 17. b\u0159ezna 1921 - prvn\u00edho modern\u00edho z\u00e1kladn\u00edho z\u00e1kona, kter\u00fd zavedl demokracii a soci\u00e1ln\u00ed spravedlnost a dvoukomorov\u00fd parlament zastupuj\u00edc\u00ed suver\u00e9na, tj. lid.<\/p>\n<p>Prvn\u00ed zased\u00e1n\u00ed z\u00e1konod\u00e1rn\u00e9ho sn\u011bmu se konalo 10. \u00fanora 1919 v budov\u011b b\u00fdval\u00e9ho Alexandrijsko-mari\u00e1nsk\u00e9ho institutu pro vzd\u011bl\u00e1v\u00e1n\u00ed dam ve Wiejsk\u00e9 ulici ve Var\u0161av\u011b. Zased\u00e1n\u00ed zah\u00e1jil projevem J\u00f3zef Pi\u0142sudski, prozat\u00edmn\u00ed hlava st\u00e1tu. Funkci p\u0159edsedy Sejmu vykon\u00e1val Wojciech Tr\u0105mpczy\u0144ski. 17. b\u0159ezna 1921. Sn\u011bmovna schv\u00e1lila \u00dastavu Polsk\u00e9 republiky, zn\u00e1mou jako b\u0159eznov\u00e1 \u00fastava. Poslanci Sejmu se se\u0161li na posledn\u00edm zased\u00e1n\u00ed 27. listopadu 1922.<\/p>\n<p><em>foto mo<\/em><\/p>\n<p><a href=\"https:\/\/marekkuchcinski.pl\/wp-content\/uploads\/2019\/02\/IMG_6156-1.jpg\"><img fetchpriority=\"high\" decoding=\"async\" class=\"alignnone size-full wp-image-13202\" src=\"https:\/\/marekkuchcinski.pl\/wp-content\/uploads\/2019\/02\/IMG_6156-1.jpg\" alt=\"IMG_6156\" width=\"5470\" height=\"3431\" srcset=\"https:\/\/marekkuchcinski.pl\/wp-content\/uploads\/2019\/02\/IMG_6156-1.jpg 2048w, https:\/\/marekkuchcinski.pl\/wp-content\/uploads\/2019\/02\/IMG_6156-1-300x188.jpg 300w, https:\/\/marekkuchcinski.pl\/wp-content\/uploads\/2019\/02\/IMG_6156-1-768x482.jpg 768w, https:\/\/marekkuchcinski.pl\/wp-content\/uploads\/2019\/02\/IMG_6156-1-1024x642.jpg 1024w\" sizes=\"(max-width: 5470px) 100vw, 5470px\" \/><\/a><a href=\"https:\/\/marekkuchcinski.pl\/wp-content\/uploads\/2019\/02\/IMG_5865-1.jpg\"><img decoding=\"async\" class=\"alignnone size-full wp-image-13192\" src=\"https:\/\/marekkuchcinski.pl\/wp-content\/uploads\/2019\/02\/IMG_5865-1.jpg\" alt=\"IMG_5865\" width=\"3471\" height=\"2236\" srcset=\"https:\/\/marekkuchcinski.pl\/wp-content\/uploads\/2019\/02\/IMG_5865-1.jpg 2048w, https:\/\/marekkuchcinski.pl\/wp-content\/uploads\/2019\/02\/IMG_5865-1-300x193.jpg 300w, https:\/\/marekkuchcinski.pl\/wp-content\/uploads\/2019\/02\/IMG_5865-1-768x495.jpg 768w, https:\/\/marekkuchcinski.pl\/wp-content\/uploads\/2019\/02\/IMG_5865-1-1024x660.jpg 1024w\" sizes=\"(max-width: 3471px) 100vw, 3471px\" \/><\/a><a href=\"https:\/\/marekkuchcinski.pl\/wp-content\/uploads\/2019\/02\/IMG_6065.jpg\"><img decoding=\"async\" class=\"alignnone size-full wp-image-13195\" src=\"https:\/\/marekkuchcinski.pl\/wp-content\/uploads\/2019\/02\/IMG_6065.jpg\" alt=\"IMG_6065\" width=\"6040\" height=\"3960\" srcset=\"https:\/\/marekkuchcinski.pl\/wp-content\/uploads\/2019\/02\/IMG_6065.jpg 2048w, https:\/\/marekkuchcinski.pl\/wp-content\/uploads\/2019\/02\/IMG_6065-300x197.jpg 300w, https:\/\/marekkuchcinski.pl\/wp-content\/uploads\/2019\/02\/IMG_6065-768x504.jpg 768w, https:\/\/marekkuchcinski.pl\/wp-content\/uploads\/2019\/02\/IMG_6065-1024x671.jpg 1024w\" sizes=\"(max-width: 6040px) 100vw, 6040px\" \/><\/a><a href=\"https:\/\/marekkuchcinski.pl\/wp-content\/uploads\/2019\/02\/IMG_5814.jpg\"><img loading=\"lazy\" decoding=\"async\" class=\"alignnone size-full wp-image-13185\" src=\"https:\/\/marekkuchcinski.pl\/wp-content\/uploads\/2019\/02\/IMG_5814.jpg\" alt=\"IMG_5814\" width=\"6240\" height=\"4160\" srcset=\"https:\/\/marekkuchcinski.pl\/wp-content\/uploads\/2019\/02\/IMG_5814.jpg 2048w, https:\/\/marekkuchcinski.pl\/wp-content\/uploads\/2019\/02\/IMG_5814-300x200.jpg 300w, https:\/\/marekkuchcinski.pl\/wp-content\/uploads\/2019\/02\/IMG_5814-768x512.jpg 768w, https:\/\/marekkuchcinski.pl\/wp-content\/uploads\/2019\/02\/IMG_5814-1024x683.jpg 1024w\" sizes=\"(max-width: 6240px) 100vw, 6240px\" \/><\/a><a href=\"https:\/\/marekkuchcinski.pl\/wp-content\/uploads\/2019\/02\/IMG_5857-6.jpg\"><img loading=\"lazy\" decoding=\"async\" class=\"alignnone size-full wp-image-13198\" src=\"https:\/\/marekkuchcinski.pl\/wp-content\/uploads\/2019\/02\/IMG_5857-6.jpg\" alt=\"IMG_5857 6\" width=\"1900\" height=\"1218\" srcset=\"https:\/\/marekkuchcinski.pl\/wp-content\/uploads\/2019\/02\/IMG_5857-6.jpg 1900w, https:\/\/marekkuchcinski.pl\/wp-content\/uploads\/2019\/02\/IMG_5857-6-300x192.jpg 300w, https:\/\/marekkuchcinski.pl\/wp-content\/uploads\/2019\/02\/IMG_5857-6-768x492.jpg 768w, https:\/\/marekkuchcinski.pl\/wp-content\/uploads\/2019\/02\/IMG_5857-6-1024x656.jpg 1024w\" sizes=\"(max-width: 1900px) 100vw, 1900px\" \/><\/a><\/p>\n<p>&nbsp;<\/p>","protected":false},"excerpt":{"rendered":"<p>P\u0159ed sto lety mar\u0161\u00e1l J\u00f3zef Pi\u0142sudski ve sv\u00e9m zahajovac\u00edm projevu v Sejmu \u0159ekl: \"Dnes m\u00e1me velk\u00fd sv\u00e1tek n\u00e1roda, sv\u00e1tek radosti.\" Tato slova dnes p\u0159ipomn\u011bl p\u0159edseda Sejmu Marek Kuchci\u0144ski b\u011bhem oslav znovuzrozen\u00ed polsk\u00e9ho parlamentarismu. Pi\u0142sudsk\u00e9ho slova zazn\u011bla v polsk\u00e9m parlamentu poprv\u00e9 od z\u00e1\u0159\u00ed 1831, kdy Sejm Polsk\u00e9ho kr\u00e1lovstv\u00ed ukon\u010dil svou historii. Marek Kuchci\u0144ski \u0159ekl, \u017ee zakladatel\u00e9 [...]<\/p>","protected":false},"author":6,"featured_media":13198,"comment_status":"open","ping_status":"open","sticky":false,"template":"","format":"standard","meta":{"ngg_post_thumbnail":0,"footnotes":""},"categories":[77,81,3],"tags":[],"class_list":["post-13172","post","type-post","status-publish","format-standard","has-post-thumbnail","hentry","category-wazne-daty","category-wiesci-z-sejmu","category-wydarzenia"],"yoast_head":"<!-- This site is optimized with the Yoast SEO plugin v24.7 - https:\/\/yoast.com\/wordpress\/plugins\/seo\/ -->\n<title>Marek Kuchci\u0144ski: Pos\u0142\u00f3w \u0142\u0105czy\u0142o przekonanie, \u017ce Rzeczpospolita jest warto\u015bci\u0105 najwy\u017csz\u0105. Przekonanie, \u017ce warunkiem istnienia demokratycznego pa\u0144stwa jest wolno\u015b\u0107. A jej gwarantem - Sejm &#8211; Marek Kuchci\u0144ski<\/title>\n<meta name=\"robots\" content=\"index, follow, max-snippet:-1, max-image-preview:large, max-video-preview:-1\" \/>\n<link rel=\"canonical\" href=\"https:\/\/marekkuchcinski.pl\/cs\/wiesci-z-sejmu\/marek-kuchcinski-poslow-laczylo-przekonanie-ze-rzeczpospolita-wartoscia-najwyzsza-przekonanie-ze-warunkiem-istnienia-demokratycznego-panstwa-wolnosc-a-gwarantem-sejm\/\" \/>\n<meta property=\"og:locale\" content=\"cs_CZ\" \/>\n<meta property=\"og:type\" content=\"article\" \/>\n<meta property=\"og:title\" content=\"Marek Kuchci\u0144ski: Pos\u0142\u00f3w \u0142\u0105czy\u0142o przekonanie, \u017ce Rzeczpospolita jest warto\u015bci\u0105 najwy\u017csz\u0105. Przekonanie, \u017ce warunkiem istnienia demokratycznego pa\u0144stwa jest wolno\u015b\u0107. A jej gwarantem - Sejm &#8211; Marek Kuchci\u0144ski\" \/>\n<meta property=\"og:description\" content=\"Sto lat temu,\u00a0w wyst\u0105pieniu otwieraj\u0105cym Sejm Ustawodawczy, marsza\u0142ek J\u00f3zef Pi\u0142sudski powiedzia\u0142:\u00a0\u201eDzisiaj mamy wielkie \u015bwi\u0119to narodu, \u015bwi\u0119to rado\u015bci\u201d. S\u0142owa te przypomnia\u0142 dzi\u015b marsza\u0142ek Sejmu Marek Kuchci\u0144ski podczas uroczysto\u015bci zwi\u0105zanych z odrodzeniem polskiego parlamentaryzmu. S\u0142owa Pi\u0142sudskiego by\u0142y pierwszymi\u00a0wypowiedzianymi w polskim parlamencie od wrze\u015bnia 1831 roku, kiedy zako\u0144czy\u0142 swoje dzieje Sejm Kr\u00f3lestwa Polskiego. Marek Kuchci\u0144ski m\u00f3wi\u0142, \u017ce tw\u00f3rcy [&hellip;]\" \/>\n<meta property=\"og:url\" content=\"https:\/\/marekkuchcinski.pl\/cs\/wiesci-z-sejmu\/marek-kuchcinski-poslow-laczylo-przekonanie-ze-rzeczpospolita-wartoscia-najwyzsza-przekonanie-ze-warunkiem-istnienia-demokratycznego-panstwa-wolnosc-a-gwarantem-sejm\/\" \/>\n<meta property=\"og:site_name\" content=\"Marek Kuchci\u0144ski\" \/>\n<meta property=\"article:published_time\" content=\"2019-02-19T22:38:56+00:00\" \/>\n<meta property=\"article:modified_time\" content=\"2019-02-19T23:41:10+00:00\" \/>\n<meta property=\"og:image\" content=\"https:\/\/marekkuchcinski.pl\/wp-content\/uploads\/2019\/02\/IMG_5857-6.jpg\" \/>\n\t<meta property=\"og:image:width\" content=\"1900\" \/>\n\t<meta property=\"og:image:height\" content=\"1218\" \/>\n\t<meta property=\"og:image:type\" content=\"image\/jpeg\" \/>\n<meta name=\"author\" content=\"admin\" \/>\n<meta name=\"twitter:card\" content=\"summary_large_image\" \/>\n<meta name=\"twitter:label1\" content=\"Napsal(a)\" \/>\n\t<meta name=\"twitter:data1\" content=\"admin\" \/>\n\t<meta name=\"twitter:label2\" content=\"Odhadovan\u00e1 doba \u010dten\u00ed\" \/>\n\t<meta name=\"twitter:data2\" content=\"1 minuta\" \/>\n<script type=\"application\/ld+json\" class=\"yoast-schema-graph\">{\"@context\":\"https:\/\/schema.org\",\"@graph\":[{\"@type\":\"Article\",\"@id\":\"https:\/\/marekkuchcinski.pl\/sk\/wiesci-z-sejmu\/marek-kuchcinski-poslow-laczylo-przekonanie-ze-rzeczpospolita-wartoscia-najwyzsza-przekonanie-ze-warunkiem-istnienia-demokratycznego-panstwa-wolnosc-a-gwarantem-sejm\/#article\",\"isPartOf\":{\"@id\":\"https:\/\/marekkuchcinski.pl\/sk\/wiesci-z-sejmu\/marek-kuchcinski-poslow-laczylo-przekonanie-ze-rzeczpospolita-wartoscia-najwyzsza-przekonanie-ze-warunkiem-istnienia-demokratycznego-panstwa-wolnosc-a-gwarantem-sejm\/\"},\"author\":{\"name\":\"admin\",\"@id\":\"https:\/\/marekkuchcinski.pl\/#\/schema\/person\/6f62700996b4d950b6ea2d1183b6c6be\"},\"headline\":\"Marek Kuchci\u0144ski: Pos\u0142\u00f3w \u0142\u0105czy\u0142o przekonanie, \u017ce Rzeczpospolita jest warto\u015bci\u0105 najwy\u017csz\u0105. Przekonanie, \u017ce warunkiem istnienia demokratycznego pa\u0144stwa jest wolno\u015b\u0107. A jej gwarantem &#8211; Sejm\",\"datePublished\":\"2019-02-19T22:38:56+00:00\",\"dateModified\":\"2019-02-19T23:41:10+00:00\",\"mainEntityOfPage\":{\"@id\":\"https:\/\/marekkuchcinski.pl\/sk\/wiesci-z-sejmu\/marek-kuchcinski-poslow-laczylo-przekonanie-ze-rzeczpospolita-wartoscia-najwyzsza-przekonanie-ze-warunkiem-istnienia-demokratycznego-panstwa-wolnosc-a-gwarantem-sejm\/\"},\"wordCount\":311,\"commentCount\":0,\"publisher\":{\"@id\":\"https:\/\/marekkuchcinski.pl\/#organization\"},\"image\":{\"@id\":\"https:\/\/marekkuchcinski.pl\/sk\/wiesci-z-sejmu\/marek-kuchcinski-poslow-laczylo-przekonanie-ze-rzeczpospolita-wartoscia-najwyzsza-przekonanie-ze-warunkiem-istnienia-demokratycznego-panstwa-wolnosc-a-gwarantem-sejm\/#primaryimage\"},\"thumbnailUrl\":\"https:\/\/marekkuchcinski.pl\/wp-content\/uploads\/2019\/02\/IMG_5857-6.jpg\",\"articleSection\":[\"Wa\u017cne daty\",\"Wie\u015bci z Sejmu\",\"Wydarzenia\"],\"inLanguage\":\"cs\",\"potentialAction\":[{\"@type\":\"CommentAction\",\"name\":\"Comment\",\"target\":[\"https:\/\/marekkuchcinski.pl\/sk\/wiesci-z-sejmu\/marek-kuchcinski-poslow-laczylo-przekonanie-ze-rzeczpospolita-wartoscia-najwyzsza-przekonanie-ze-warunkiem-istnienia-demokratycznego-panstwa-wolnosc-a-gwarantem-sejm\/#respond\"]}]},{\"@type\":\"WebPage\",\"@id\":\"https:\/\/marekkuchcinski.pl\/sk\/wiesci-z-sejmu\/marek-kuchcinski-poslow-laczylo-przekonanie-ze-rzeczpospolita-wartoscia-najwyzsza-przekonanie-ze-warunkiem-istnienia-demokratycznego-panstwa-wolnosc-a-gwarantem-sejm\/\",\"url\":\"https:\/\/marekkuchcinski.pl\/sk\/wiesci-z-sejmu\/marek-kuchcinski-poslow-laczylo-przekonanie-ze-rzeczpospolita-wartoscia-najwyzsza-przekonanie-ze-warunkiem-istnienia-demokratycznego-panstwa-wolnosc-a-gwarantem-sejm\/\",\"name\":\"Marek Kuchci\u0144ski: Pos\u0142\u00f3w \u0142\u0105czy\u0142o przekonanie, \u017ce Rzeczpospolita jest warto\u015bci\u0105 najwy\u017csz\u0105. Przekonanie, \u017ce warunkiem istnienia demokratycznego pa\u0144stwa jest wolno\u015b\u0107. A jej gwarantem - Sejm &#8211; Marek Kuchci\u0144ski\",\"isPartOf\":{\"@id\":\"https:\/\/marekkuchcinski.pl\/#website\"},\"primaryImageOfPage\":{\"@id\":\"https:\/\/marekkuchcinski.pl\/sk\/wiesci-z-sejmu\/marek-kuchcinski-poslow-laczylo-przekonanie-ze-rzeczpospolita-wartoscia-najwyzsza-przekonanie-ze-warunkiem-istnienia-demokratycznego-panstwa-wolnosc-a-gwarantem-sejm\/#primaryimage\"},\"image\":{\"@id\":\"https:\/\/marekkuchcinski.pl\/sk\/wiesci-z-sejmu\/marek-kuchcinski-poslow-laczylo-przekonanie-ze-rzeczpospolita-wartoscia-najwyzsza-przekonanie-ze-warunkiem-istnienia-demokratycznego-panstwa-wolnosc-a-gwarantem-sejm\/#primaryimage\"},\"thumbnailUrl\":\"https:\/\/marekkuchcinski.pl\/wp-content\/uploads\/2019\/02\/IMG_5857-6.jpg\",\"datePublished\":\"2019-02-19T22:38:56+00:00\",\"dateModified\":\"2019-02-19T23:41:10+00:00\",\"breadcrumb\":{\"@id\":\"https:\/\/marekkuchcinski.pl\/sk\/wiesci-z-sejmu\/marek-kuchcinski-poslow-laczylo-przekonanie-ze-rzeczpospolita-wartoscia-najwyzsza-przekonanie-ze-warunkiem-istnienia-demokratycznego-panstwa-wolnosc-a-gwarantem-sejm\/#breadcrumb\"},\"inLanguage\":\"cs\",\"potentialAction\":[{\"@type\":\"ReadAction\",\"target\":[\"https:\/\/marekkuchcinski.pl\/sk\/wiesci-z-sejmu\/marek-kuchcinski-poslow-laczylo-przekonanie-ze-rzeczpospolita-wartoscia-najwyzsza-przekonanie-ze-warunkiem-istnienia-demokratycznego-panstwa-wolnosc-a-gwarantem-sejm\/\"]}]},{\"@type\":\"ImageObject\",\"inLanguage\":\"cs\",\"@id\":\"https:\/\/marekkuchcinski.pl\/sk\/wiesci-z-sejmu\/marek-kuchcinski-poslow-laczylo-przekonanie-ze-rzeczpospolita-wartoscia-najwyzsza-przekonanie-ze-warunkiem-istnienia-demokratycznego-panstwa-wolnosc-a-gwarantem-sejm\/#primaryimage\",\"url\":\"https:\/\/marekkuchcinski.pl\/wp-content\/uploads\/2019\/02\/IMG_5857-6.jpg\",\"contentUrl\":\"https:\/\/marekkuchcinski.pl\/wp-content\/uploads\/2019\/02\/IMG_5857-6.jpg\",\"width\":1900,\"height\":1218},{\"@type\":\"BreadcrumbList\",\"@id\":\"https:\/\/marekkuchcinski.pl\/sk\/wiesci-z-sejmu\/marek-kuchcinski-poslow-laczylo-przekonanie-ze-rzeczpospolita-wartoscia-najwyzsza-przekonanie-ze-warunkiem-istnienia-demokratycznego-panstwa-wolnosc-a-gwarantem-sejm\/#breadcrumb\",\"itemListElement\":[{\"@type\":\"ListItem\",\"position\":1,\"name\":\"Strona g\u0142\u00f3wna\",\"item\":\"https:\/\/marekkuchcinski.pl\/\"},{\"@type\":\"ListItem\",\"position\":2,\"name\":\"Marek Kuchci\u0144ski: Pos\u0142\u00f3w \u0142\u0105czy\u0142o przekonanie, \u017ce Rzeczpospolita jest warto\u015bci\u0105 najwy\u017csz\u0105. Przekonanie, \u017ce warunkiem istnienia demokratycznego pa\u0144stwa jest wolno\u015b\u0107. A jej gwarantem &#8211; Sejm\"}]},{\"@type\":\"WebSite\",\"@id\":\"https:\/\/marekkuchcinski.pl\/#website\",\"url\":\"https:\/\/marekkuchcinski.pl\/\",\"name\":\"Marek Kuchci\u0144ski\",\"description\":\"Pose\u0142 na sejm RP &ndash; okr\u0119g nr 22\",\"publisher\":{\"@id\":\"https:\/\/marekkuchcinski.pl\/#organization\"},\"potentialAction\":[{\"@type\":\"SearchAction\",\"target\":{\"@type\":\"EntryPoint\",\"urlTemplate\":\"https:\/\/marekkuchcinski.pl\/?s={search_term_string}\"},\"query-input\":{\"@type\":\"PropertyValueSpecification\",\"valueRequired\":true,\"valueName\":\"search_term_string\"}}],\"inLanguage\":\"cs\"},{\"@type\":\"Organization\",\"@id\":\"https:\/\/marekkuchcinski.pl\/#organization\",\"name\":\"Marek Kuchci\u0144ski\",\"url\":\"https:\/\/marekkuchcinski.pl\/\",\"logo\":{\"@type\":\"ImageObject\",\"inLanguage\":\"cs\",\"@id\":\"https:\/\/marekkuchcinski.pl\/#\/schema\/logo\/image\/\",\"url\":\"https:\/\/marekkuchcinski.pl\/wp-content\/uploads\/2022\/09\/Marek.jpg\",\"contentUrl\":\"https:\/\/marekkuchcinski.pl\/wp-content\/uploads\/2022\/09\/Marek.jpg\",\"width\":1600,\"height\":971,\"caption\":\"Marek Kuchci\u0144ski\"},\"image\":{\"@id\":\"https:\/\/marekkuchcinski.pl\/#\/schema\/logo\/image\/\"}},{\"@type\":\"Person\",\"@id\":\"https:\/\/marekkuchcinski.pl\/#\/schema\/person\/6f62700996b4d950b6ea2d1183b6c6be\",\"name\":\"admin\",\"image\":{\"@type\":\"ImageObject\",\"inLanguage\":\"cs\",\"@id\":\"https:\/\/marekkuchcinski.pl\/#\/schema\/person\/image\/\",\"url\":\"https:\/\/secure.gravatar.com\/avatar\/4bab693b9d55c3d6b52c0296a8765085?s=96&d=mm&r=g\",\"contentUrl\":\"https:\/\/secure.gravatar.com\/avatar\/4bab693b9d55c3d6b52c0296a8765085?s=96&d=mm&r=g\",\"caption\":\"admin\"},\"url\":\"https:\/\/marekkuchcinski.pl\/cs\/author\/marta-olejnik\/\"}]}<\/script>\n<!-- \/ Yoast SEO plugin. -->","yoast_head_json":{"title":"Marek Kuchci\u0144ski: Pos\u0142\u00f3w \u0142\u0105czy\u0142o przekonanie, \u017ce Rzeczpospolita jest warto\u015bci\u0105 najwy\u017csz\u0105. Przekonanie, \u017ce warunkiem istnienia demokratycznego pa\u0144stwa jest wolno\u015b\u0107. A jej gwarantem - Sejm &#8211; Marek Kuchci\u0144ski","robots":{"index":"index","follow":"follow","max-snippet":"max-snippet:-1","max-image-preview":"max-image-preview:large","max-video-preview":"max-video-preview:-1"},"canonical":"https:\/\/marekkuchcinski.pl\/cs\/wiesci-z-sejmu\/marek-kuchcinski-poslow-laczylo-przekonanie-ze-rzeczpospolita-wartoscia-najwyzsza-przekonanie-ze-warunkiem-istnienia-demokratycznego-panstwa-wolnosc-a-gwarantem-sejm\/","og_locale":"cs_CZ","og_type":"article","og_title":"Marek Kuchci\u0144ski: Pos\u0142\u00f3w \u0142\u0105czy\u0142o przekonanie, \u017ce Rzeczpospolita jest warto\u015bci\u0105 najwy\u017csz\u0105. Przekonanie, \u017ce warunkiem istnienia demokratycznego pa\u0144stwa jest wolno\u015b\u0107. A jej gwarantem - Sejm &#8211; Marek Kuchci\u0144ski","og_description":"Sto lat temu,\u00a0w wyst\u0105pieniu otwieraj\u0105cym Sejm Ustawodawczy, marsza\u0142ek J\u00f3zef Pi\u0142sudski powiedzia\u0142:\u00a0\u201eDzisiaj mamy wielkie \u015bwi\u0119to narodu, \u015bwi\u0119to rado\u015bci\u201d. S\u0142owa te przypomnia\u0142 dzi\u015b marsza\u0142ek Sejmu Marek Kuchci\u0144ski podczas uroczysto\u015bci zwi\u0105zanych z odrodzeniem polskiego parlamentaryzmu. S\u0142owa Pi\u0142sudskiego by\u0142y pierwszymi\u00a0wypowiedzianymi w polskim parlamencie od wrze\u015bnia 1831 roku, kiedy zako\u0144czy\u0142 swoje dzieje Sejm Kr\u00f3lestwa Polskiego. Marek Kuchci\u0144ski m\u00f3wi\u0142, \u017ce tw\u00f3rcy [&hellip;]","og_url":"https:\/\/marekkuchcinski.pl\/cs\/wiesci-z-sejmu\/marek-kuchcinski-poslow-laczylo-przekonanie-ze-rzeczpospolita-wartoscia-najwyzsza-przekonanie-ze-warunkiem-istnienia-demokratycznego-panstwa-wolnosc-a-gwarantem-sejm\/","og_site_name":"Marek Kuchci\u0144ski","article_published_time":"2019-02-19T22:38:56+00:00","article_modified_time":"2019-02-19T23:41:10+00:00","og_image":[{"width":1900,"height":1218,"url":"https:\/\/marekkuchcinski.pl\/wp-content\/uploads\/2019\/02\/IMG_5857-6.jpg","type":"image\/jpeg"}],"author":"admin","twitter_card":"summary_large_image","twitter_misc":{"Napsal(a)":"admin","Odhadovan\u00e1 doba \u010dten\u00ed":"1 minuta"},"schema":{"@context":"https:\/\/schema.org","@graph":[{"@type":"Article","@id":"https:\/\/marekkuchcinski.pl\/sk\/wiesci-z-sejmu\/marek-kuchcinski-poslow-laczylo-przekonanie-ze-rzeczpospolita-wartoscia-najwyzsza-przekonanie-ze-warunkiem-istnienia-demokratycznego-panstwa-wolnosc-a-gwarantem-sejm\/#article","isPartOf":{"@id":"https:\/\/marekkuchcinski.pl\/sk\/wiesci-z-sejmu\/marek-kuchcinski-poslow-laczylo-przekonanie-ze-rzeczpospolita-wartoscia-najwyzsza-przekonanie-ze-warunkiem-istnienia-demokratycznego-panstwa-wolnosc-a-gwarantem-sejm\/"},"author":{"name":"admin","@id":"https:\/\/marekkuchcinski.pl\/#\/schema\/person\/6f62700996b4d950b6ea2d1183b6c6be"},"headline":"Marek Kuchci\u0144ski: Pos\u0142\u00f3w \u0142\u0105czy\u0142o przekonanie, \u017ce Rzeczpospolita jest warto\u015bci\u0105 najwy\u017csz\u0105. Przekonanie, \u017ce warunkiem istnienia demokratycznego pa\u0144stwa jest wolno\u015b\u0107. A jej gwarantem &#8211; Sejm","datePublished":"2019-02-19T22:38:56+00:00","dateModified":"2019-02-19T23:41:10+00:00","mainEntityOfPage":{"@id":"https:\/\/marekkuchcinski.pl\/sk\/wiesci-z-sejmu\/marek-kuchcinski-poslow-laczylo-przekonanie-ze-rzeczpospolita-wartoscia-najwyzsza-przekonanie-ze-warunkiem-istnienia-demokratycznego-panstwa-wolnosc-a-gwarantem-sejm\/"},"wordCount":311,"commentCount":0,"publisher":{"@id":"https:\/\/marekkuchcinski.pl\/#organization"},"image":{"@id":"https:\/\/marekkuchcinski.pl\/sk\/wiesci-z-sejmu\/marek-kuchcinski-poslow-laczylo-przekonanie-ze-rzeczpospolita-wartoscia-najwyzsza-przekonanie-ze-warunkiem-istnienia-demokratycznego-panstwa-wolnosc-a-gwarantem-sejm\/#primaryimage"},"thumbnailUrl":"https:\/\/marekkuchcinski.pl\/wp-content\/uploads\/2019\/02\/IMG_5857-6.jpg","articleSection":["Wa\u017cne daty","Wie\u015bci z Sejmu","Wydarzenia"],"inLanguage":"cs","potentialAction":[{"@type":"CommentAction","name":"Comment","target":["https:\/\/marekkuchcinski.pl\/sk\/wiesci-z-sejmu\/marek-kuchcinski-poslow-laczylo-przekonanie-ze-rzeczpospolita-wartoscia-najwyzsza-przekonanie-ze-warunkiem-istnienia-demokratycznego-panstwa-wolnosc-a-gwarantem-sejm\/#respond"]}]},{"@type":"WebPage","@id":"https:\/\/marekkuchcinski.pl\/sk\/wiesci-z-sejmu\/marek-kuchcinski-poslow-laczylo-przekonanie-ze-rzeczpospolita-wartoscia-najwyzsza-przekonanie-ze-warunkiem-istnienia-demokratycznego-panstwa-wolnosc-a-gwarantem-sejm\/","url":"https:\/\/marekkuchcinski.pl\/sk\/wiesci-z-sejmu\/marek-kuchcinski-poslow-laczylo-przekonanie-ze-rzeczpospolita-wartoscia-najwyzsza-przekonanie-ze-warunkiem-istnienia-demokratycznego-panstwa-wolnosc-a-gwarantem-sejm\/","name":"Marek Kuchci\u0144ski: Pos\u0142\u00f3w \u0142\u0105czy\u0142o przekonanie, \u017ce Rzeczpospolita jest warto\u015bci\u0105 najwy\u017csz\u0105. Przekonanie, \u017ce warunkiem istnienia demokratycznego pa\u0144stwa jest wolno\u015b\u0107. A jej gwarantem - Sejm &#8211; Marek Kuchci\u0144ski","isPartOf":{"@id":"https:\/\/marekkuchcinski.pl\/#website"},"primaryImageOfPage":{"@id":"https:\/\/marekkuchcinski.pl\/sk\/wiesci-z-sejmu\/marek-kuchcinski-poslow-laczylo-przekonanie-ze-rzeczpospolita-wartoscia-najwyzsza-przekonanie-ze-warunkiem-istnienia-demokratycznego-panstwa-wolnosc-a-gwarantem-sejm\/#primaryimage"},"image":{"@id":"https:\/\/marekkuchcinski.pl\/sk\/wiesci-z-sejmu\/marek-kuchcinski-poslow-laczylo-przekonanie-ze-rzeczpospolita-wartoscia-najwyzsza-przekonanie-ze-warunkiem-istnienia-demokratycznego-panstwa-wolnosc-a-gwarantem-sejm\/#primaryimage"},"thumbnailUrl":"https:\/\/marekkuchcinski.pl\/wp-content\/uploads\/2019\/02\/IMG_5857-6.jpg","datePublished":"2019-02-19T22:38:56+00:00","dateModified":"2019-02-19T23:41:10+00:00","breadcrumb":{"@id":"https:\/\/marekkuchcinski.pl\/sk\/wiesci-z-sejmu\/marek-kuchcinski-poslow-laczylo-przekonanie-ze-rzeczpospolita-wartoscia-najwyzsza-przekonanie-ze-warunkiem-istnienia-demokratycznego-panstwa-wolnosc-a-gwarantem-sejm\/#breadcrumb"},"inLanguage":"cs","potentialAction":[{"@type":"ReadAction","target":["https:\/\/marekkuchcinski.pl\/sk\/wiesci-z-sejmu\/marek-kuchcinski-poslow-laczylo-przekonanie-ze-rzeczpospolita-wartoscia-najwyzsza-przekonanie-ze-warunkiem-istnienia-demokratycznego-panstwa-wolnosc-a-gwarantem-sejm\/"]}]},{"@type":"ImageObject","inLanguage":"cs","@id":"https:\/\/marekkuchcinski.pl\/sk\/wiesci-z-sejmu\/marek-kuchcinski-poslow-laczylo-przekonanie-ze-rzeczpospolita-wartoscia-najwyzsza-przekonanie-ze-warunkiem-istnienia-demokratycznego-panstwa-wolnosc-a-gwarantem-sejm\/#primaryimage","url":"https:\/\/marekkuchcinski.pl\/wp-content\/uploads\/2019\/02\/IMG_5857-6.jpg","contentUrl":"https:\/\/marekkuchcinski.pl\/wp-content\/uploads\/2019\/02\/IMG_5857-6.jpg","width":1900,"height":1218},{"@type":"BreadcrumbList","@id":"https:\/\/marekkuchcinski.pl\/sk\/wiesci-z-sejmu\/marek-kuchcinski-poslow-laczylo-przekonanie-ze-rzeczpospolita-wartoscia-najwyzsza-przekonanie-ze-warunkiem-istnienia-demokratycznego-panstwa-wolnosc-a-gwarantem-sejm\/#breadcrumb","itemListElement":[{"@type":"ListItem","position":1,"name":"Strona g\u0142\u00f3wna","item":"https:\/\/marekkuchcinski.pl\/"},{"@type":"ListItem","position":2,"name":"Marek Kuchci\u0144ski: Pos\u0142\u00f3w \u0142\u0105czy\u0142o przekonanie, \u017ce Rzeczpospolita jest warto\u015bci\u0105 najwy\u017csz\u0105. Przekonanie, \u017ce warunkiem istnienia demokratycznego pa\u0144stwa jest wolno\u015b\u0107. A jej gwarantem &#8211; Sejm"}]},{"@type":"WebSite","@id":"https:\/\/marekkuchcinski.pl\/#website","url":"https:\/\/marekkuchcinski.pl\/","name":"Marek Kuchci\u0144ski","description":"Pose\u0142 na sejm RP &ndash; okr\u0119g nr 22","publisher":{"@id":"https:\/\/marekkuchcinski.pl\/#organization"},"potentialAction":[{"@type":"SearchAction","target":{"@type":"EntryPoint","urlTemplate":"https:\/\/marekkuchcinski.pl\/?s={search_term_string}"},"query-input":{"@type":"PropertyValueSpecification","valueRequired":true,"valueName":"search_term_string"}}],"inLanguage":"cs"},{"@type":"Organization","@id":"https:\/\/marekkuchcinski.pl\/#organization","name":"Marek Kuchci\u0144ski","url":"https:\/\/marekkuchcinski.pl\/","logo":{"@type":"ImageObject","inLanguage":"cs","@id":"https:\/\/marekkuchcinski.pl\/#\/schema\/logo\/image\/","url":"https:\/\/marekkuchcinski.pl\/wp-content\/uploads\/2022\/09\/Marek.jpg","contentUrl":"https:\/\/marekkuchcinski.pl\/wp-content\/uploads\/2022\/09\/Marek.jpg","width":1600,"height":971,"caption":"Marek Kuchci\u0144ski"},"image":{"@id":"https:\/\/marekkuchcinski.pl\/#\/schema\/logo\/image\/"}},{"@type":"Person","@id":"https:\/\/marekkuchcinski.pl\/#\/schema\/person\/6f62700996b4d950b6ea2d1183b6c6be","name":"admin","image":{"@type":"ImageObject","inLanguage":"cs","@id":"https:\/\/marekkuchcinski.pl\/#\/schema\/person\/image\/","url":"https:\/\/secure.gravatar.com\/avatar\/4bab693b9d55c3d6b52c0296a8765085?s=96&d=mm&r=g","contentUrl":"https:\/\/secure.gravatar.com\/avatar\/4bab693b9d55c3d6b52c0296a8765085?s=96&d=mm&r=g","caption":"admin"},"url":"https:\/\/marekkuchcinski.pl\/cs\/author\/marta-olejnik\/"}]}},"_links":{"self":[{"href":"https:\/\/marekkuchcinski.pl\/cs\/wp-json\/wp\/v2\/posts\/13172","targetHints":{"allow":["GET"]}}],"collection":[{"href":"https:\/\/marekkuchcinski.pl\/cs\/wp-json\/wp\/v2\/posts"}],"about":[{"href":"https:\/\/marekkuchcinski.pl\/cs\/wp-json\/wp\/v2\/types\/post"}],"author":[{"embeddable":true,"href":"https:\/\/marekkuchcinski.pl\/cs\/wp-json\/wp\/v2\/users\/6"}],"replies":[{"embeddable":true,"href":"https:\/\/marekkuchcinski.pl\/cs\/wp-json\/wp\/v2\/comments?post=13172"}],"version-history":[{"count":16,"href":"https:\/\/marekkuchcinski.pl\/cs\/wp-json\/wp\/v2\/posts\/13172\/revisions"}],"predecessor-version":[{"id":13204,"href":"https:\/\/marekkuchcinski.pl\/cs\/wp-json\/wp\/v2\/posts\/13172\/revisions\/13204"}],"wp:featuredmedia":[{"embeddable":true,"href":"https:\/\/marekkuchcinski.pl\/cs\/wp-json\/wp\/v2\/media\/13198"}],"wp:attachment":[{"href":"https:\/\/marekkuchcinski.pl\/cs\/wp-json\/wp\/v2\/media?parent=13172"}],"wp:term":[{"taxonomy":"category","embeddable":true,"href":"https:\/\/marekkuchcinski.pl\/cs\/wp-json\/wp\/v2\/categories?post=13172"},{"taxonomy":"post_tag","embeddable":true,"href":"https:\/\/marekkuchcinski.pl\/cs\/wp-json\/wp\/v2\/tags?post=13172"}],"curies":[{"name":"wp","href":"https:\/\/api.w.org\/{rel}","templated":true}]}}