{"id":13145,"date":"2019-02-17T01:01:05","date_gmt":"2019-02-17T00:01:05","guid":{"rendered":"https:\/\/marekkuchcinski.pl\/?p=13145"},"modified":"2019-04-19T14:06:15","modified_gmt":"2019-04-19T12:06:15","slug":"trzech-latach-rzadow-wynik-pis-wyzszy-niz-wyborach-sejmu-2015-r","status":"publish","type":"post","link":"https:\/\/marekkuchcinski.pl\/cs\/wydarzenia\/trzech-latach-rzadow-wynik-pis-wyzszy-niz-wyborach-sejmu-2015-r\/","title":{"rendered":"Po t\u0159ech letech vl\u00e1dy je v\u00fdsledek PiS vy\u0161\u0161\u00ed ne\u017e ve volb\u00e1ch do Sejmu v roce 2015."},"content":{"rendered":"<p>Z \u00fanorov\u00e9ho pr\u016fzkumu CBOS a Kantar vypl\u00fdv\u00e1, \u017ee po t\u0159ech letech ve vl\u00e1d\u011b je v\u00fdsledek PiS vy\u0161\u0161\u00ed ne\u017e ve volb\u00e1ch v roce 2015. PiS by tak z\u00edskala v\u011bt\u0161inu v Sejmu.<\/p>\n<p>Medi\u00e1ln\u00ed \u00fatoky na vl\u00e1du a vl\u00e1dnouc\u00ed stranu se pro voli\u010de ukazuj\u00ed jako ned\u016fv\u011bryhodn\u00e9 a vyvol\u00e1vaj\u00ed bumerangov\u00fd efekt, kter\u00fd je sociolog\u016fm a psycholog\u016fm dob\u0159e zn\u00e1m - pokles d\u016fv\u011bryhodnosti strany, kter\u00e1 pou\u017e\u00edv\u00e1 negativn\u00ed kampa\u0148.<\/p>\n<p>Podle agentury Kantar Public by PiS volilo 40,7 % respondent\u016f, podle CBOS 46,8 %.<\/p>\n<p>PO 24 a 18 procent.<\/p>\n<p>Jaro 13, 3 a 11.9<\/p>\n<p>Kukiz'15 6,6 a 6,3 procenta.<\/p>\n<p>SLD 5.9 a 2.6<\/p>\n<p>PSL 4.8 a 5.6<\/p>\n<p>.N 2,3 a 2,2<\/p>\n<p><a href=\"https:\/\/marekkuchcinski.pl\/wp-content\/uploads\/2019\/02\/image.png\"><img fetchpriority=\"high\" decoding=\"async\" class=\"alignnone size-full wp-image-13148\" src=\"https:\/\/marekkuchcinski.pl\/wp-content\/uploads\/2019\/02\/image.png\" alt=\"image\" width=\"605\" height=\"134\" srcset=\"https:\/\/marekkuchcinski.pl\/wp-content\/uploads\/2019\/02\/image.png 605w, https:\/\/marekkuchcinski.pl\/wp-content\/uploads\/2019\/02\/image-300x66.png 300w\" sizes=\"(max-width: 605px) 100vw, 605px\" \/><\/a><\/p>\n\n\n<figure class=\"wp-block-image\"><img decoding=\"async\" width=\"891\" height=\"512\" src=\"https:\/\/marekkuchcinski.pl\/wp-content\/uploads\/2019\/04\/1-2.jpg\" alt=\"\" class=\"wp-image-14977\" srcset=\"https:\/\/marekkuchcinski.pl\/wp-content\/uploads\/2019\/04\/1-2.jpg 891w, https:\/\/marekkuchcinski.pl\/wp-content\/uploads\/2019\/04\/1-2-300x172.jpg 300w, https:\/\/marekkuchcinski.pl\/wp-content\/uploads\/2019\/04\/1-2-768x441.jpg 768w\" sizes=\"(max-width: 891px) 100vw, 891px\" \/><\/figure>","protected":false},"excerpt":{"rendered":"<p>Z przeprowadzonych w lutym br. bada\u0144&nbsp;CBOS i Kantar wynika, \u017ce po trzech latach rz\u0105d\u00f3w wynik Prawa i Sprawiedliwo\u015bci jest wy\u017cszy ni\u017c w wyborach z 2015 r.&nbsp;To&nbsp;da\u0142oby PiS wi\u0119kszo\u015b\u0107 w Sejmie. Ataki medialne na rz\u0105d i parti\u0119 rz\u0105dz\u0105c\u0105 okazuj\u0105 si\u0119 niewiarygodne dla wyborc\u00f3w i wywo\u0142uj\u0105 dobrze znany socjologom i psychologom&nbsp; efekt bumerangowy &#8211; spadek wiarygodno\u015bci strony [&hellip;]<\/p>\n","protected":false},"author":6,"featured_media":13146,"comment_status":"open","ping_status":"open","sticky":false,"template":"","format":"standard","meta":{"ngg_post_thumbnail":0,"footnotes":""},"categories":[82,81,3],"tags":[],"class_list":["post-13145","post","type-post","status-publish","format-standard","has-post-thumbnail","hentry","category-prawo-i-sprawiedliwosc","category-wiesci-z-sejmu","category-wydarzenia"],"_links":{"self":[{"href":"https:\/\/marekkuchcinski.pl\/cs\/wp-json\/wp\/v2\/posts\/13145","targetHints":{"allow":["GET"]}}],"collection":[{"href":"https:\/\/marekkuchcinski.pl\/cs\/wp-json\/wp\/v2\/posts"}],"about":[{"href":"https:\/\/marekkuchcinski.pl\/cs\/wp-json\/wp\/v2\/types\/post"}],"author":[{"embeddable":true,"href":"https:\/\/marekkuchcinski.pl\/cs\/wp-json\/wp\/v2\/users\/6"}],"replies":[{"embeddable":true,"href":"https:\/\/marekkuchcinski.pl\/cs\/wp-json\/wp\/v2\/comments?post=13145"}],"version-history":[{"count":6,"href":"https:\/\/marekkuchcinski.pl\/cs\/wp-json\/wp\/v2\/posts\/13145\/revisions"}],"predecessor-version":[{"id":14978,"href":"https:\/\/marekkuchcinski.pl\/cs\/wp-json\/wp\/v2\/posts\/13145\/revisions\/14978"}],"wp:featuredmedia":[{"embeddable":true,"href":"https:\/\/marekkuchcinski.pl\/cs\/wp-json\/wp\/v2\/media\/13146"}],"wp:attachment":[{"href":"https:\/\/marekkuchcinski.pl\/cs\/wp-json\/wp\/v2\/media?parent=13145"}],"wp:term":[{"taxonomy":"category","embeddable":true,"href":"https:\/\/marekkuchcinski.pl\/cs\/wp-json\/wp\/v2\/categories?post=13145"},{"taxonomy":"post_tag","embeddable":true,"href":"https:\/\/marekkuchcinski.pl\/cs\/wp-json\/wp\/v2\/tags?post=13145"}],"curies":[{"name":"wp","href":"https:\/\/api.w.org\/{rel}","templated":true}]}}