{"id":13123,"date":"2019-02-16T23:22:46","date_gmt":"2019-02-16T22:22:46","guid":{"rendered":"https:\/\/marekkuchcinski.pl\/?p=13123"},"modified":"2019-02-16T23:32:27","modified_gmt":"2019-02-16T22:32:27","slug":"ostatnia-droga-sp-premiera-jana-olszewskiego","status":"publish","type":"post","link":"https:\/\/marekkuchcinski.pl\/cs\/wydarzenia\/ostatnia-droga-sp-premiera-jana-olszewskiego\/","title":{"rendered":"Posledn\u00ed cesta zesnul\u00e9ho premi\u00e9ra Jana Olszewsk\u00e9ho"},"content":{"rendered":"<p><strong>Jan Olszewski, voj\u00e1k \u0160ed\u00fdch \u0159ad, premi\u00e9r, poslanec, pr\u00e1vn\u00edk, obh\u00e1jce v politick\u00fdch procesech, publicista. Velk\u00fd mu\u017e.<\/strong><\/p>\n<p>O sv\u00e9 vl\u00e1d\u011b (1991-1992) \u0159ekl:<br \/>\n<em>Domn\u00edv\u00e1m se, \u017ee \u0161lo o prvn\u00ed pokus zvr\u00e1tit b\u011bh polsk\u00fdch d\u011bjin, kter\u00fd byl ur\u010den p\u0159edpoklady lid\u00ed, kte\u0159\u00ed si v 80. letech pln\u011b uv\u011bdomovali, \u017ee komunistick\u00fd syst\u00e9m se nem\u016f\u017ee udr\u017eet v podob\u011b, v jak\u00e9 dosud existoval.....<\/em><br \/>\n<em> Z na\u0161\u00ed strany se jednalo o prvn\u00ed pokus tuto situaci zvr\u00e1tit. Pokus zabr\u00e1nit vybudov\u00e1n\u00ed oligarchick\u00e9ho st\u00e1tu na z\u00e1kladech Polsk\u00e9 lidov\u00e9 republiky. Pokus o budov\u00e1n\u00ed demokratick\u00e9ho ob\u010dansk\u00e9ho st\u00e1tu. Podle m\u00e9ho n\u00e1zoru se jednalo o pokus, kter\u00fd m\u011bl v t\u00e9 dob\u011b ji\u017e nejm\u00e9n\u011b dva roky zpo\u017ed\u011bn\u00ed. Proto m\u011bla minim\u00e1ln\u00ed \u0161anci na realizaci. Ale musel b\u00fdt vyroben. Druh\u00e1 p\u0159\u00edle\u017eitost p\u0159i\u0161la a\u017e o 15 let pozd\u011bji (vl\u00e1da PiS v letech 2005-2007) a t\u0159et\u00ed p\u0159\u00edle\u017eitost m\u00e1me dnes (vl\u00e1da PiS z roku 2015).<\/em><\/p>\n<p>Jana Olszewsk\u00e9ho na jeho posledn\u00ed cest\u011b doprov\u00e1zeli p\u0159\u00edbuzn\u00ed, prezident, p\u0159edsedov\u00e9 Sejmu a Sen\u00e1tu, premi\u00e9r, poslanci, veter\u00e1ni...<\/p>\n<p>Byl ulo\u017een na vojensk\u00e9m h\u0159bitov\u011b Powazki ve Var\u0161av\u011b.<\/p>\n<p><a href=\"https:\/\/marekkuchcinski.pl\/wp-content\/uploads\/2019\/02\/46377380044_9bed857d27_o.view_.jpg\"><img fetchpriority=\"high\" decoding=\"async\" class=\"alignnone size-full wp-image-13125\" src=\"https:\/\/marekkuchcinski.pl\/wp-content\/uploads\/2019\/02\/46377380044_9bed857d27_o.view_.jpg\" alt=\"46377380044_9bed857d27_o.view\" width=\"800\" height=\"533\" srcset=\"https:\/\/marekkuchcinski.pl\/wp-content\/uploads\/2019\/02\/46377380044_9bed857d27_o.view_.jpg 800w, https:\/\/marekkuchcinski.pl\/wp-content\/uploads\/2019\/02\/46377380044_9bed857d27_o.view_-300x200.jpg 300w, https:\/\/marekkuchcinski.pl\/wp-content\/uploads\/2019\/02\/46377380044_9bed857d27_o.view_-768x512.jpg 768w\" sizes=\"(max-width: 800px) 100vw, 800px\" \/><\/a>KPRM: P\u00e1tek - poctu Janu Olszewsk\u00e9mu vzd\u00e1v\u00e1 p\u0159edseda Sejmu Marek Kuchci\u0144ski, <em>Foto: \u0141ukasz B\u0142asikiewicz<\/em><a href=\"https:\/\/marekkuchcinski.pl\/wp-content\/uploads\/2019\/02\/LB1_8611.view_.jpg\"><img decoding=\"async\" class=\"alignnone size-full wp-image-13124\" src=\"https:\/\/marekkuchcinski.pl\/wp-content\/uploads\/2019\/02\/LB1_8611.view_.jpg\" alt=\"LB1_8611.view\" width=\"800\" height=\"533\" srcset=\"https:\/\/marekkuchcinski.pl\/wp-content\/uploads\/2019\/02\/LB1_8611.view_.jpg 800w, https:\/\/marekkuchcinski.pl\/wp-content\/uploads\/2019\/02\/LB1_8611.view_-300x200.jpg 300w, https:\/\/marekkuchcinski.pl\/wp-content\/uploads\/2019\/02\/LB1_8611.view_-768x512.jpg 768w\" sizes=\"(max-width: 800px) 100vw, 800px\" \/><\/a><a href=\"https:\/\/marekkuchcinski.pl\/wp-content\/uploads\/2019\/02\/LB1_9376.view_.jpg\"><img decoding=\"async\" class=\"alignnone size-full wp-image-13131\" src=\"https:\/\/marekkuchcinski.pl\/wp-content\/uploads\/2019\/02\/LB1_9376.view_.jpg\" alt=\"LB1_9376.view\" width=\"800\" height=\"533\" srcset=\"https:\/\/marekkuchcinski.pl\/wp-content\/uploads\/2019\/02\/LB1_9376.view_.jpg 800w, https:\/\/marekkuchcinski.pl\/wp-content\/uploads\/2019\/02\/LB1_9376.view_-300x200.jpg 300w, https:\/\/marekkuchcinski.pl\/wp-content\/uploads\/2019\/02\/LB1_9376.view_-768x512.jpg 768w\" sizes=\"(max-width: 800px) 100vw, 800px\" \/><\/a> V sobotu p\u0159ed polednem byla rakev s t\u011blem Jana Olszewsk\u00e9ho p\u0159enesena do arcikathedr\u00e1ln\u00ed baziliky svat\u00e9ho Jana K\u0159titele, kde byla slou\u017eena poh\u0159ebn\u00ed m\u0161e.<a href=\"https:\/\/marekkuchcinski.pl\/wp-content\/uploads\/2019\/02\/RZ__2195.view_.jpg\"><img loading=\"lazy\" decoding=\"async\" class=\"alignnone size-full wp-image-13126\" src=\"https:\/\/marekkuchcinski.pl\/wp-content\/uploads\/2019\/02\/RZ__2195.view_.jpg\" alt=\"RZ__2195.view\" width=\"800\" height=\"533\" srcset=\"https:\/\/marekkuchcinski.pl\/wp-content\/uploads\/2019\/02\/RZ__2195.view_.jpg 800w, https:\/\/marekkuchcinski.pl\/wp-content\/uploads\/2019\/02\/RZ__2195.view_-300x200.jpg 300w, https:\/\/marekkuchcinski.pl\/wp-content\/uploads\/2019\/02\/RZ__2195.view_-768x512.jpg 768w\" sizes=\"(max-width: 800px) 100vw, 800px\" \/><\/a>U pam\u00e1tn\u00edku Var\u0161avsk\u00e9ho povst\u00e1n\u00ed se s premi\u00e9rem Olszewsk\u00fdm rozlou\u010dili voj\u00e1ci AK, var\u0161av\u0161t\u00ed povstalci a aktivist\u00e9 protikomunistick\u00e9 opozice.<a href=\"https:\/\/marekkuchcinski.pl\/wp-content\/uploads\/2019\/02\/RZ__1998.view_.jpg\"><img loading=\"lazy\" decoding=\"async\" class=\"alignnone size-full wp-image-13128\" src=\"https:\/\/marekkuchcinski.pl\/wp-content\/uploads\/2019\/02\/RZ__1998.view_.jpg\" alt=\"RZ__1998.view\" width=\"800\" height=\"533\" srcset=\"https:\/\/marekkuchcinski.pl\/wp-content\/uploads\/2019\/02\/RZ__1998.view_.jpg 800w, https:\/\/marekkuchcinski.pl\/wp-content\/uploads\/2019\/02\/RZ__1998.view_-300x200.jpg 300w, https:\/\/marekkuchcinski.pl\/wp-content\/uploads\/2019\/02\/RZ__1998.view_-768x512.jpg 768w\" sizes=\"(max-width: 800px) 100vw, 800px\" \/><\/a><em>Foto: Rafa\u0142 Zambrzycki\/ Sejm<\/em><\/p>\n<p><em>Pokus o vybudov\u00e1n\u00ed ob\u010dansk\u00e9ho st\u00e1tu - Rozhovor s Janem Olszewskim, Piotr Woyciechowski<\/em><\/p>","protected":false},"excerpt":{"rendered":"<p>Jan Olszewski, \u017co\u0142nierz Szarych Szereg\u00f3w,\u00a0premier, pose\u0142, adwokat, obro\u0144ca w procesach politycznych, publicysta. Wielki cz\u0142owiek. O swoim rz\u0105dzie (1991\u20131992) m\u00f3wi\u0142: Uwa\u017cam, \u017ce by\u0142a to pierwsza pr\u00f3ba odwr\u00f3cenia biegu historii Polski, kt\u00f3ry zosta\u0142 zdeterminowany za\u0142o\u017ceniami ludzi maj\u0105cych w latach 80. ubieg\u0142ego wieku pe\u0142n\u0105 \u015bwiadomo\u015b\u0107, \u017ce ustroju komunistycznego nie da si\u0119 utrzyma\u0107 w takiej formie, w jakiej dotychczas [&hellip;]<\/p>\n","protected":false},"author":6,"featured_media":13125,"comment_status":"open","ping_status":"open","sticky":false,"template":"","format":"standard","meta":{"ngg_post_thumbnail":0,"footnotes":""},"categories":[3],"tags":[],"class_list":["post-13123","post","type-post","status-publish","format-standard","has-post-thumbnail","hentry","category-wydarzenia"],"_links":{"self":[{"href":"https:\/\/marekkuchcinski.pl\/cs\/wp-json\/wp\/v2\/posts\/13123","targetHints":{"allow":["GET"]}}],"collection":[{"href":"https:\/\/marekkuchcinski.pl\/cs\/wp-json\/wp\/v2\/posts"}],"about":[{"href":"https:\/\/marekkuchcinski.pl\/cs\/wp-json\/wp\/v2\/types\/post"}],"author":[{"embeddable":true,"href":"https:\/\/marekkuchcinski.pl\/cs\/wp-json\/wp\/v2\/users\/6"}],"replies":[{"embeddable":true,"href":"https:\/\/marekkuchcinski.pl\/cs\/wp-json\/wp\/v2\/comments?post=13123"}],"version-history":[{"count":12,"href":"https:\/\/marekkuchcinski.pl\/cs\/wp-json\/wp\/v2\/posts\/13123\/revisions"}],"predecessor-version":[{"id":13144,"href":"https:\/\/marekkuchcinski.pl\/cs\/wp-json\/wp\/v2\/posts\/13123\/revisions\/13144"}],"wp:featuredmedia":[{"embeddable":true,"href":"https:\/\/marekkuchcinski.pl\/cs\/wp-json\/wp\/v2\/media\/13125"}],"wp:attachment":[{"href":"https:\/\/marekkuchcinski.pl\/cs\/wp-json\/wp\/v2\/media?parent=13123"}],"wp:term":[{"taxonomy":"category","embeddable":true,"href":"https:\/\/marekkuchcinski.pl\/cs\/wp-json\/wp\/v2\/categories?post=13123"},{"taxonomy":"post_tag","embeddable":true,"href":"https:\/\/marekkuchcinski.pl\/cs\/wp-json\/wp\/v2\/tags?post=13123"}],"curies":[{"name":"wp","href":"https:\/\/api.w.org\/{rel}","templated":true}]}}