{"id":13117,"date":"2019-02-17T23:06:03","date_gmt":"2019-02-17T22:06:03","guid":{"rendered":"https:\/\/marekkuchcinski.pl\/?p=13117"},"modified":"2019-02-17T23:06:58","modified_gmt":"2019-02-17T22:06:58","slug":"porozumienia-rzeszowsko-ustrzyckie","status":"publish","type":"post","link":"https:\/\/marekkuchcinski.pl\/cs\/wydarzenia\/porozumienia-rzeszowsko-ustrzyckie\/","title":{"rendered":"38. v\u00fdro\u010d\u00ed uzav\u0159en\u00ed Rzeszowsk\u00e9 a Augusti\u010dsk\u00e9 dohody"},"content":{"rendered":"<p><strong>Pod \u010destnou z\u00e1\u0161titou p\u0159edsedy Sejmu Marka Kuchci\u0144sk\u00e9ho se konaly oslavy 38. v\u00fdro\u010d\u00ed uzav\u0159en\u00ed Rzeszowsko-ost\u0159ihomsk\u00e9 dohody.\u00a0<\/strong><\/p>\n<p>Dohody podepsan\u00e9 v noci z 18. na 19. a 20. \u00fanora 1981 ukon\u010dily m\u011bs\u00edc a p\u016fl trvaj\u00edc\u00ed zem\u011bd\u011blsk\u00e9 st\u00e1vky v Rzesz\u00f3w\u011b a Ustrzyk\u00e1ch Doln\u00fdch. Jako prvn\u00ed vzali v \u00favahu po\u017eadavky venkovsk\u00e9ho obyvatelstva a upozornili na jeho probl\u00e9my v takov\u00e9m m\u011b\u0159\u00edtku. V\u00fdsledkem st\u00e1vek byly z\u00e1ruky nedotknutelnosti rolnick\u00e9ho majetku s d\u011bdick\u00fdm pr\u00e1vem, zrovnopr\u00e1vn\u011bn\u00ed individu\u00e1ln\u00edch zem\u011bd\u011blc\u016f se st\u00e1tn\u00edm a dru\u017estevn\u00edm zem\u011bd\u011blstv\u00edm a zru\u0161en\u00ed omezen\u00ed obchodu se zem\u011bd\u011blskou p\u016fdou.<\/p>\n<p>V dopise \u00fa\u010dastn\u00edk\u016fm slavnosti a konference v Rzeszow\u011b Marek Kuchci\u0144ski napsal, \u017ee svoboda je velk\u00e9 dobro - dobro, kter\u00e9 je t\u0159eba opatrovat a st\u0159e\u017eit ze v\u0161ech sil. Dlouh\u00fd pochod ke svobod\u011b zahrnuje zem\u011bd\u011blsk\u00e9 st\u00e1vky v Ustrzyk\u00e1ch Doln\u00fdch a Rzeszow\u011b v letech 1981\/1982, kdy se zem\u011bd\u011blci odv\u00e1\u017en\u011b do\u017eadovali vlastnictv\u00ed p\u016fdy a dodr\u017eov\u00e1n\u00ed pr\u00e1va na svobodu slova a sv\u011bdom\u00ed. Dos\u00e1hli velk\u00e9ho \u00fasp\u011bchu a v\u00fdsledkem jejich odhodl\u00e1n\u00ed byly Rzeszowsko-Ustrzyck\u00e9 dohody. - Toto velk\u00e9 v\u00edt\u011bzstv\u00ed v n\u00e1s - obyvatel\u00edch Podkarpatsk\u00e9 Rusi - probudilo pocit d\u016fstojnosti a v\u00edru ve vlastn\u00ed schopnosti a s\u00edlu. Tato v\u00edra n\u00e1m umo\u017enila pokra\u010dovat v boji proti komunistick\u00e9mu re\u017eimu v t\u011b\u017ek\u00fdch m\u011bs\u00edc\u00edch stann\u00e9ho pr\u00e1va i v n\u00e1sleduj\u00edc\u00edch letech,\" zd\u016fraznil p\u0159edseda Sejmu.<\/p>\n<p><em>Foto: IPN Rzesz\u00f3w<\/em><\/p>","protected":false},"excerpt":{"rendered":"<p>Pod honorowym patronatem marsza\u0142ka Sejmu Marka Kuchci\u0144skiego odby\u0142y si\u0119 uroczysto\u015bci zwi\u0105zane z 38. rocznic\u0105 porozumie\u0144 rzeszowsko-ustrzyckich.\u00a0 Podpisane w nocy z 18 na 19 i 20 lutego 1981 roku porozumienia ko\u0144czy\u0142y trwaj\u0105ce ponad p\u00f3\u0142tora miesi\u0105ca strajki rolnicze w Rzeszowie i Ustrzykach Dolnych. By\u0142y pierwszymi, w kt\u00f3rych uwzgl\u0119dniono postulaty mieszka\u0144c\u00f3w wsi i kt\u00f3re w takiej skali zwr\u00f3ci\u0142y [&hellip;]<\/p>\n","protected":false},"author":6,"featured_media":13155,"comment_status":"open","ping_status":"open","sticky":false,"template":"","format":"standard","meta":{"ngg_post_thumbnail":0,"footnotes":""},"categories":[49,77,3],"tags":[],"class_list":["post-13117","post","type-post","status-publish","format-standard","has-post-thumbnail","hentry","category-podkarpacie","category-wazne-daty","category-wydarzenia"],"_links":{"self":[{"href":"https:\/\/marekkuchcinski.pl\/cs\/wp-json\/wp\/v2\/posts\/13117","targetHints":{"allow":["GET"]}}],"collection":[{"href":"https:\/\/marekkuchcinski.pl\/cs\/wp-json\/wp\/v2\/posts"}],"about":[{"href":"https:\/\/marekkuchcinski.pl\/cs\/wp-json\/wp\/v2\/types\/post"}],"author":[{"embeddable":true,"href":"https:\/\/marekkuchcinski.pl\/cs\/wp-json\/wp\/v2\/users\/6"}],"replies":[{"embeddable":true,"href":"https:\/\/marekkuchcinski.pl\/cs\/wp-json\/wp\/v2\/comments?post=13117"}],"version-history":[{"count":5,"href":"https:\/\/marekkuchcinski.pl\/cs\/wp-json\/wp\/v2\/posts\/13117\/revisions"}],"predecessor-version":[{"id":13157,"href":"https:\/\/marekkuchcinski.pl\/cs\/wp-json\/wp\/v2\/posts\/13117\/revisions\/13157"}],"wp:featuredmedia":[{"embeddable":true,"href":"https:\/\/marekkuchcinski.pl\/cs\/wp-json\/wp\/v2\/media\/13155"}],"wp:attachment":[{"href":"https:\/\/marekkuchcinski.pl\/cs\/wp-json\/wp\/v2\/media?parent=13117"}],"wp:term":[{"taxonomy":"category","embeddable":true,"href":"https:\/\/marekkuchcinski.pl\/cs\/wp-json\/wp\/v2\/categories?post=13117"},{"taxonomy":"post_tag","embeddable":true,"href":"https:\/\/marekkuchcinski.pl\/cs\/wp-json\/wp\/v2\/tags?post=13117"}],"curies":[{"name":"wp","href":"https:\/\/api.w.org\/{rel}","templated":true}]}}