{"id":13098,"date":"2019-02-14T11:22:50","date_gmt":"2019-02-14T10:22:50","guid":{"rendered":"https:\/\/marekkuchcinski.pl\/?p=13098"},"modified":"2019-02-14T15:55:03","modified_gmt":"2019-02-14T14:55:03","slug":"marek-kuchcinski-77-rocznice-powolania-ak-skladam-wyrazy-czci-glebokiego-szacunku-kombatantom-armii-krajowej","status":"publish","type":"post","link":"https:\/\/marekkuchcinski.pl\/cs\/wydarzenia\/marek-kuchcinski-77-rocznice-powolania-ak-skladam-wyrazy-czci-glebokiego-szacunku-kombatantom-armii-krajowej\/","title":{"rendered":"Marek Kuchci\u0144ski k 77. v\u00fdro\u010d\u00ed zalo\u017een\u00ed AK: Vzd\u00e1v\u00e1m \u00factu a hlubokou poklonu veter\u00e1n\u016fm dom\u00e1c\u00ed arm\u00e1dy."},"content":{"rendered":"<p><strong>Dne 14. \u00fanora 1942 byla rozkazem vrchn\u00edho velitele gener\u00e1la W\u0142adys\u0142awa Sikorsk\u00e9ho z\u0159\u00edzena AK. Jeho p\u0159edch\u016fdcem byl Svaz ozbrojen\u00e9ho boje. Domobrana p\u016fsobila po celou dobu druh\u00e9 republiky. Sl\u00e1va hrdin\u016fm - napsal <a href=\"https:\/\/twitter.com\/MarekKuchcinski\/status\/1095943178153349122\">Twitter<\/a> Marek Kuchci\u0144ski.<\/strong><\/p>\n<p>V dopisech adresovan\u00fdch vedouc\u00edmu \u00da\u0159adu pro v\u00e1le\u010dn\u00e9 veter\u00e1ny a ob\u011bti repres\u00ed a \u0159editeli Institutu n\u00e1rodn\u00ed pam\u011bti (IPN Rzesz\u00f3w) p\u0159edseda Sejmu napsal, \u017ee vzd\u00e1v\u00e1 hold a hlubokou \u00factu veter\u00e1n\u016fm AK, hrdinn\u00fdm obr\u00e1nc\u016fm vlasti. P\u0159ipomn\u011bl, \u017ee p\u0159ed 77 lety byl na rozkaz vrchn\u00edho velitele polsk\u00fdch ozbrojen\u00fdch sil gener\u00e1la W\u0142adys\u0142awa Sikorsk\u00e9ho konspira\u010dn\u00ed Svaz ozbrojen\u00e9ho boje p\u0159em\u011bn\u011bn na Arm\u00e1du Krajowou, jej\u00ed\u017e \u010dinnost zauj\u00edm\u00e1 jednu z nejslavn\u011bj\u0161\u00edch str\u00e1nek v d\u011bjin\u00e1ch Polsk\u00e9 republiky. Armija Krajowa byla chloubou podzemn\u00edho Polska a po\u010dtem a organiza\u010dn\u00ed dokonalost\u00ed p\u0159ed\u010dila podzemn\u00ed arm\u00e1dy okupovan\u00e9 Evropy.<\/p>\n<p>Marek Kuchci\u0144ski zd\u016fraznil, \u017ee v d\u011bjin\u00e1ch AK je mnoho kr\u00e1sn\u00fdch p\u0159\u00edklad\u016f p\u0159ipravenosti ob\u011btovat se pro dobro Polska. K nejv\u00fdznamn\u011bj\u0161\u00edm pat\u0159\u00ed operace Bou\u0159e a Var\u0161avsk\u00e9 povst\u00e1n\u00ed, b\u011bhem nich\u017e se voj\u00e1ci AK postavili do boje proti pravideln\u00fdm, p\u0159esilov\u00fdm nep\u0159\u00e1telsk\u00fdm jednotk\u00e1m. Nezanedbatelnou roli p\u0159i budov\u00e1n\u00ed na\u0161\u00ed cesty ke svobod\u011b sehr\u00e1ly diverzn\u00ed a sabot\u00e1\u017en\u00ed akce, kter\u00e9 pl\u00e1novalo Diverzn\u00ed odd\u011blen\u00ed Velitelstv\u00ed dom\u00e1c\u00ed arm\u00e1dy. State\u010dnost a odhodl\u00e1n\u00ed polsk\u00fdch ozbrojen\u00fdch sil v t\u011bchto t\u011b\u017ek\u00fdch dob\u00e1ch uk\u00e1zaly, \u017ee ka\u017ed\u00fd \u010din vzdoru proti zlu m\u00e1 velk\u00fd v\u00fdznam.<\/p>\n<p>P\u0159edseda Sejmu p\u0159ipomn\u011bl, \u017ee hrdinstv\u00ed a odvaha voj\u00e1k\u016f Domobrany, stejn\u011b jako jejich odhodl\u00e1n\u00ed v boji za svobodnou a nez\u00e1vislou vlast, zp\u016fsobily, \u017ee se komunistick\u00e1 moc dlouh\u00e1 l\u00e9ta sna\u017eila vymazat jejich z\u00e1sluhy ze str\u00e1nek historie. \u017divoty mnoha hrdin\u016f dne\u0161n\u00edho ob\u0159adu byly poznamen\u00e1ny brut\u00e1ln\u00edm \u00fatlakem a represemi. - Pr\u00e1v\u011b v takov\u00fdch chv\u00edl\u00edch, kdy vzpom\u00edn\u00e1me na tyto lidi a ud\u00e1losti, chceme ud\u011blat v\u0161e pro to, aby minulost nebyla nikdy zapomenuta a aby se my\u0161lenky vykoupen\u00e9 utrpen\u00edm a \u017eivoty tis\u00edc\u016f lid\u00ed natrvalo vryly do pov\u011bdom\u00ed sou\u010dasn\u00fdch i budouc\u00edch generac\u00ed. Pam\u011b\u0165 je toti\u017e spole\u010dn\u00fdm d\u011bdictv\u00edm a poj\u00edtkem na\u0161\u00ed n\u00e1rodn\u00ed identity,\" napsal mar\u0161\u00e1l Kuchci\u0144ski.<\/p>\n<p><em>\u00a0 \u00a0 \u00a0 \u00a0<\/em><em>\u00a0 \u00a0 \u00a0 \u00a0 \u00a0 \u00a0 \u00a0 \u00a0 \u00a0 \u00a0 \u00a0 \u00a0 \u00a0 \u00a0 \u00a0 \u00a0 \u00a0 \u00a0 \u00a0 \u00a0 \u00a0 \u00a0 \u00a0 \u00a0 \u00a0 \u00a0 \u00a0 \u00a0 \u00a0 \u00a0 \u00a0 \u00a0 \u00a0 \u00a0 \u00a0\u00a0<\/em><\/p>\n<p><a href=\"https:\/\/marekkuchcinski.pl\/wp-content\/uploads\/2019\/02\/DSCF4054.jpg\"><img fetchpriority=\"high\" decoding=\"async\" class=\"alignnone size-full wp-image-13099\" src=\"https:\/\/marekkuchcinski.pl\/wp-content\/uploads\/2019\/02\/DSCF4054.jpg\" alt=\"DSCF4054\" width=\"3894\" height=\"2592\" srcset=\"https:\/\/marekkuchcinski.pl\/wp-content\/uploads\/2019\/02\/DSCF4054.jpg 2048w, https:\/\/marekkuchcinski.pl\/wp-content\/uploads\/2019\/02\/DSCF4054-300x200.jpg 300w, https:\/\/marekkuchcinski.pl\/wp-content\/uploads\/2019\/02\/DSCF4054-768x511.jpg 768w, https:\/\/marekkuchcinski.pl\/wp-content\/uploads\/2019\/02\/DSCF4054-1024x682.jpg 1024w\" sizes=\"(max-width: 3894px) 100vw, 3894px\" \/><\/a><\/p>\n<p><em>Pam\u00e1tn\u00edk AK u Sejmu, foto: mo<\/em><\/p>","protected":false},"excerpt":{"rendered":"<p>14 lutego 1942, rozkazem Naczelnego Wodza gen. W\u0142adys\u0142awa Sikorskiego zosta\u0142a powo\u0142ana Armia Krajowa. Jej poprzednikiem by\u0142 Zwi\u0105zek Walki Zbrojnej. AK dzia\u0142a\u0142a na obszarze ca\u0142ej II RP. Chwa\u0142a Bohaterom\u00a0&#8211; napisa\u0142 na Twitterze Marek Kuchci\u0144ski. W listach skierowanych do szefa Urz\u0119du ds. Kombatant\u00f3w i Os\u00f3b Represjonowanych oraz dyrektora IPN Rzesz\u00f3w marsza\u0142ek Sejmu napisa\u0142, \u017ce\u00a0sk\u0142ada wyrazy\u00a0czci i g\u0142\u0119bokiego [&hellip;]<\/p>","protected":false},"author":6,"featured_media":13099,"comment_status":"open","ping_status":"open","sticky":false,"template":"","format":"standard","meta":{"ngg_post_thumbnail":0,"footnotes":""},"categories":[104,77,3],"tags":[],"class_list":["post-13098","post","type-post","status-publish","format-standard","has-post-thumbnail","hentry","category-lms","category-wazne-daty","category-wydarzenia"],"yoast_head":"<!-- This site is optimized with the Yoast SEO plugin v24.7 - https:\/\/yoast.com\/wordpress\/plugins\/seo\/ -->\n<title>Marek Kuchci\u0144ski w 77. rocznic\u0119 powo\u0142ania AK: Sk\u0142adam wyrazy czci i g\u0142\u0119bokiego szacunku Kombatantom Armii Krajowej &#8211; Marek Kuchci\u0144ski<\/title>\n<meta name=\"robots\" content=\"index, follow, max-snippet:-1, max-image-preview:large, max-video-preview:-1\" \/>\n<link rel=\"canonical\" href=\"https:\/\/marekkuchcinski.pl\/cs\/wydarzenia\/marek-kuchcinski-77-rocznice-powolania-ak-skladam-wyrazy-czci-glebokiego-szacunku-kombatantom-armii-krajowej\/\" \/>\n<meta property=\"og:locale\" content=\"cs_CZ\" \/>\n<meta property=\"og:type\" content=\"article\" \/>\n<meta property=\"og:title\" content=\"Marek Kuchci\u0144ski w 77. rocznic\u0119 powo\u0142ania AK: Sk\u0142adam wyrazy czci i g\u0142\u0119bokiego szacunku Kombatantom Armii Krajowej &#8211; Marek Kuchci\u0144ski\" \/>\n<meta property=\"og:description\" content=\"14 lutego 1942, rozkazem Naczelnego Wodza gen. W\u0142adys\u0142awa Sikorskiego zosta\u0142a powo\u0142ana Armia Krajowa. Jej poprzednikiem by\u0142 Zwi\u0105zek Walki Zbrojnej. AK dzia\u0142a\u0142a na obszarze ca\u0142ej II RP. Chwa\u0142a Bohaterom\u00a0&#8211; napisa\u0142 na Twitterze Marek Kuchci\u0144ski. W listach skierowanych do szefa Urz\u0119du ds. Kombatant\u00f3w i Os\u00f3b Represjonowanych oraz dyrektora IPN Rzesz\u00f3w marsza\u0142ek Sejmu napisa\u0142, \u017ce\u00a0sk\u0142ada wyrazy\u00a0czci i g\u0142\u0119bokiego [&hellip;]\" \/>\n<meta property=\"og:url\" content=\"https:\/\/marekkuchcinski.pl\/cs\/wydarzenia\/marek-kuchcinski-77-rocznice-powolania-ak-skladam-wyrazy-czci-glebokiego-szacunku-kombatantom-armii-krajowej\/\" \/>\n<meta property=\"og:site_name\" content=\"Marek Kuchci\u0144ski\" \/>\n<meta property=\"article:published_time\" content=\"2019-02-14T10:22:50+00:00\" \/>\n<meta property=\"article:modified_time\" content=\"2019-02-14T14:55:03+00:00\" \/>\n<meta property=\"og:image\" content=\"https:\/\/marekkuchcinski.pl\/wp-content\/uploads\/2019\/02\/DSCF4054.jpg\" \/>\n\t<meta property=\"og:image:width\" content=\"2048\" \/>\n\t<meta property=\"og:image:height\" content=\"1363\" \/>\n\t<meta property=\"og:image:type\" content=\"image\/jpeg\" \/>\n<meta name=\"author\" content=\"admin\" \/>\n<meta name=\"twitter:card\" content=\"summary_large_image\" \/>\n<meta name=\"twitter:label1\" content=\"Napsal(a)\" \/>\n\t<meta name=\"twitter:data1\" content=\"admin\" \/>\n\t<meta name=\"twitter:label2\" content=\"Odhadovan\u00e1 doba \u010dten\u00ed\" \/>\n\t<meta name=\"twitter:data2\" content=\"2 minuty\" \/>\n<script type=\"application\/ld+json\" class=\"yoast-schema-graph\">{\"@context\":\"https:\/\/schema.org\",\"@graph\":[{\"@type\":\"Article\",\"@id\":\"https:\/\/marekkuchcinski.pl\/hu\/wydarzenia\/marek-kuchcinski-77-rocznice-powolania-ak-skladam-wyrazy-czci-glebokiego-szacunku-kombatantom-armii-krajowej\/#article\",\"isPartOf\":{\"@id\":\"https:\/\/marekkuchcinski.pl\/hu\/wydarzenia\/marek-kuchcinski-77-rocznice-powolania-ak-skladam-wyrazy-czci-glebokiego-szacunku-kombatantom-armii-krajowej\/\"},\"author\":{\"name\":\"admin\",\"@id\":\"https:\/\/marekkuchcinski.pl\/#\/schema\/person\/6f62700996b4d950b6ea2d1183b6c6be\"},\"headline\":\"Marek Kuchci\u0144ski w 77. rocznic\u0119 powo\u0142ania AK: Sk\u0142adam wyrazy czci i g\u0142\u0119bokiego szacunku Kombatantom Armii Krajowej\",\"datePublished\":\"2019-02-14T10:22:50+00:00\",\"dateModified\":\"2019-02-14T14:55:03+00:00\",\"mainEntityOfPage\":{\"@id\":\"https:\/\/marekkuchcinski.pl\/hu\/wydarzenia\/marek-kuchcinski-77-rocznice-powolania-ak-skladam-wyrazy-czci-glebokiego-szacunku-kombatantom-armii-krajowej\/\"},\"wordCount\":396,\"commentCount\":0,\"publisher\":{\"@id\":\"https:\/\/marekkuchcinski.pl\/#organization\"},\"image\":{\"@id\":\"https:\/\/marekkuchcinski.pl\/hu\/wydarzenia\/marek-kuchcinski-77-rocznice-powolania-ak-skladam-wyrazy-czci-glebokiego-szacunku-kombatantom-armii-krajowej\/#primaryimage\"},\"thumbnailUrl\":\"https:\/\/marekkuchcinski.pl\/wp-content\/uploads\/2019\/02\/DSCF4054.jpg\",\"articleSection\":[\"Listy Marsza\u0142ka Sejmu\",\"Wa\u017cne daty\",\"Wydarzenia\"],\"inLanguage\":\"cs\",\"potentialAction\":[{\"@type\":\"CommentAction\",\"name\":\"Comment\",\"target\":[\"https:\/\/marekkuchcinski.pl\/hu\/wydarzenia\/marek-kuchcinski-77-rocznice-powolania-ak-skladam-wyrazy-czci-glebokiego-szacunku-kombatantom-armii-krajowej\/#respond\"]}]},{\"@type\":\"WebPage\",\"@id\":\"https:\/\/marekkuchcinski.pl\/hu\/wydarzenia\/marek-kuchcinski-77-rocznice-powolania-ak-skladam-wyrazy-czci-glebokiego-szacunku-kombatantom-armii-krajowej\/\",\"url\":\"https:\/\/marekkuchcinski.pl\/hu\/wydarzenia\/marek-kuchcinski-77-rocznice-powolania-ak-skladam-wyrazy-czci-glebokiego-szacunku-kombatantom-armii-krajowej\/\",\"name\":\"Marek Kuchci\u0144ski w 77. rocznic\u0119 powo\u0142ania AK: Sk\u0142adam wyrazy czci i g\u0142\u0119bokiego szacunku Kombatantom Armii Krajowej &#8211; Marek Kuchci\u0144ski\",\"isPartOf\":{\"@id\":\"https:\/\/marekkuchcinski.pl\/#website\"},\"primaryImageOfPage\":{\"@id\":\"https:\/\/marekkuchcinski.pl\/hu\/wydarzenia\/marek-kuchcinski-77-rocznice-powolania-ak-skladam-wyrazy-czci-glebokiego-szacunku-kombatantom-armii-krajowej\/#primaryimage\"},\"image\":{\"@id\":\"https:\/\/marekkuchcinski.pl\/hu\/wydarzenia\/marek-kuchcinski-77-rocznice-powolania-ak-skladam-wyrazy-czci-glebokiego-szacunku-kombatantom-armii-krajowej\/#primaryimage\"},\"thumbnailUrl\":\"https:\/\/marekkuchcinski.pl\/wp-content\/uploads\/2019\/02\/DSCF4054.jpg\",\"datePublished\":\"2019-02-14T10:22:50+00:00\",\"dateModified\":\"2019-02-14T14:55:03+00:00\",\"breadcrumb\":{\"@id\":\"https:\/\/marekkuchcinski.pl\/hu\/wydarzenia\/marek-kuchcinski-77-rocznice-powolania-ak-skladam-wyrazy-czci-glebokiego-szacunku-kombatantom-armii-krajowej\/#breadcrumb\"},\"inLanguage\":\"cs\",\"potentialAction\":[{\"@type\":\"ReadAction\",\"target\":[\"https:\/\/marekkuchcinski.pl\/hu\/wydarzenia\/marek-kuchcinski-77-rocznice-powolania-ak-skladam-wyrazy-czci-glebokiego-szacunku-kombatantom-armii-krajowej\/\"]}]},{\"@type\":\"ImageObject\",\"inLanguage\":\"cs\",\"@id\":\"https:\/\/marekkuchcinski.pl\/hu\/wydarzenia\/marek-kuchcinski-77-rocznice-powolania-ak-skladam-wyrazy-czci-glebokiego-szacunku-kombatantom-armii-krajowej\/#primaryimage\",\"url\":\"https:\/\/marekkuchcinski.pl\/wp-content\/uploads\/2019\/02\/DSCF4054.jpg\",\"contentUrl\":\"https:\/\/marekkuchcinski.pl\/wp-content\/uploads\/2019\/02\/DSCF4054.jpg\",\"width\":2048,\"height\":1363},{\"@type\":\"BreadcrumbList\",\"@id\":\"https:\/\/marekkuchcinski.pl\/hu\/wydarzenia\/marek-kuchcinski-77-rocznice-powolania-ak-skladam-wyrazy-czci-glebokiego-szacunku-kombatantom-armii-krajowej\/#breadcrumb\",\"itemListElement\":[{\"@type\":\"ListItem\",\"position\":1,\"name\":\"Strona g\u0142\u00f3wna\",\"item\":\"https:\/\/marekkuchcinski.pl\/\"},{\"@type\":\"ListItem\",\"position\":2,\"name\":\"Marek Kuchci\u0144ski w 77. rocznic\u0119 powo\u0142ania AK: Sk\u0142adam wyrazy czci i g\u0142\u0119bokiego szacunku Kombatantom Armii Krajowej\"}]},{\"@type\":\"WebSite\",\"@id\":\"https:\/\/marekkuchcinski.pl\/#website\",\"url\":\"https:\/\/marekkuchcinski.pl\/\",\"name\":\"Marek Kuchci\u0144ski\",\"description\":\"Pose\u0142 na sejm RP &ndash; okr\u0119g nr 22\",\"publisher\":{\"@id\":\"https:\/\/marekkuchcinski.pl\/#organization\"},\"potentialAction\":[{\"@type\":\"SearchAction\",\"target\":{\"@type\":\"EntryPoint\",\"urlTemplate\":\"https:\/\/marekkuchcinski.pl\/?s={search_term_string}\"},\"query-input\":{\"@type\":\"PropertyValueSpecification\",\"valueRequired\":true,\"valueName\":\"search_term_string\"}}],\"inLanguage\":\"cs\"},{\"@type\":\"Organization\",\"@id\":\"https:\/\/marekkuchcinski.pl\/#organization\",\"name\":\"Marek Kuchci\u0144ski\",\"url\":\"https:\/\/marekkuchcinski.pl\/\",\"logo\":{\"@type\":\"ImageObject\",\"inLanguage\":\"cs\",\"@id\":\"https:\/\/marekkuchcinski.pl\/#\/schema\/logo\/image\/\",\"url\":\"https:\/\/marekkuchcinski.pl\/wp-content\/uploads\/2022\/09\/Marek.jpg\",\"contentUrl\":\"https:\/\/marekkuchcinski.pl\/wp-content\/uploads\/2022\/09\/Marek.jpg\",\"width\":1600,\"height\":971,\"caption\":\"Marek Kuchci\u0144ski\"},\"image\":{\"@id\":\"https:\/\/marekkuchcinski.pl\/#\/schema\/logo\/image\/\"}},{\"@type\":\"Person\",\"@id\":\"https:\/\/marekkuchcinski.pl\/#\/schema\/person\/6f62700996b4d950b6ea2d1183b6c6be\",\"name\":\"admin\",\"image\":{\"@type\":\"ImageObject\",\"inLanguage\":\"cs\",\"@id\":\"https:\/\/marekkuchcinski.pl\/#\/schema\/person\/image\/\",\"url\":\"https:\/\/secure.gravatar.com\/avatar\/4bab693b9d55c3d6b52c0296a8765085?s=96&d=mm&r=g\",\"contentUrl\":\"https:\/\/secure.gravatar.com\/avatar\/4bab693b9d55c3d6b52c0296a8765085?s=96&d=mm&r=g\",\"caption\":\"admin\"},\"url\":\"https:\/\/marekkuchcinski.pl\/cs\/author\/marta-olejnik\/\"}]}<\/script>\n<!-- \/ Yoast SEO plugin. -->","yoast_head_json":{"title":"Marek Kuchci\u0144ski w 77. rocznic\u0119 powo\u0142ania AK: Sk\u0142adam wyrazy czci i g\u0142\u0119bokiego szacunku Kombatantom Armii Krajowej &#8211; Marek Kuchci\u0144ski","robots":{"index":"index","follow":"follow","max-snippet":"max-snippet:-1","max-image-preview":"max-image-preview:large","max-video-preview":"max-video-preview:-1"},"canonical":"https:\/\/marekkuchcinski.pl\/cs\/wydarzenia\/marek-kuchcinski-77-rocznice-powolania-ak-skladam-wyrazy-czci-glebokiego-szacunku-kombatantom-armii-krajowej\/","og_locale":"cs_CZ","og_type":"article","og_title":"Marek Kuchci\u0144ski w 77. rocznic\u0119 powo\u0142ania AK: Sk\u0142adam wyrazy czci i g\u0142\u0119bokiego szacunku Kombatantom Armii Krajowej &#8211; Marek Kuchci\u0144ski","og_description":"14 lutego 1942, rozkazem Naczelnego Wodza gen. W\u0142adys\u0142awa Sikorskiego zosta\u0142a powo\u0142ana Armia Krajowa. Jej poprzednikiem by\u0142 Zwi\u0105zek Walki Zbrojnej. AK dzia\u0142a\u0142a na obszarze ca\u0142ej II RP. Chwa\u0142a Bohaterom\u00a0&#8211; napisa\u0142 na Twitterze Marek Kuchci\u0144ski. W listach skierowanych do szefa Urz\u0119du ds. Kombatant\u00f3w i Os\u00f3b Represjonowanych oraz dyrektora IPN Rzesz\u00f3w marsza\u0142ek Sejmu napisa\u0142, \u017ce\u00a0sk\u0142ada wyrazy\u00a0czci i g\u0142\u0119bokiego [&hellip;]","og_url":"https:\/\/marekkuchcinski.pl\/cs\/wydarzenia\/marek-kuchcinski-77-rocznice-powolania-ak-skladam-wyrazy-czci-glebokiego-szacunku-kombatantom-armii-krajowej\/","og_site_name":"Marek Kuchci\u0144ski","article_published_time":"2019-02-14T10:22:50+00:00","article_modified_time":"2019-02-14T14:55:03+00:00","og_image":[{"width":2048,"height":1363,"url":"https:\/\/marekkuchcinski.pl\/wp-content\/uploads\/2019\/02\/DSCF4054.jpg","type":"image\/jpeg"}],"author":"admin","twitter_card":"summary_large_image","twitter_misc":{"Napsal(a)":"admin","Odhadovan\u00e1 doba \u010dten\u00ed":"2 minuty"},"schema":{"@context":"https:\/\/schema.org","@graph":[{"@type":"Article","@id":"https:\/\/marekkuchcinski.pl\/hu\/wydarzenia\/marek-kuchcinski-77-rocznice-powolania-ak-skladam-wyrazy-czci-glebokiego-szacunku-kombatantom-armii-krajowej\/#article","isPartOf":{"@id":"https:\/\/marekkuchcinski.pl\/hu\/wydarzenia\/marek-kuchcinski-77-rocznice-powolania-ak-skladam-wyrazy-czci-glebokiego-szacunku-kombatantom-armii-krajowej\/"},"author":{"name":"admin","@id":"https:\/\/marekkuchcinski.pl\/#\/schema\/person\/6f62700996b4d950b6ea2d1183b6c6be"},"headline":"Marek Kuchci\u0144ski w 77. rocznic\u0119 powo\u0142ania AK: Sk\u0142adam wyrazy czci i g\u0142\u0119bokiego szacunku Kombatantom Armii Krajowej","datePublished":"2019-02-14T10:22:50+00:00","dateModified":"2019-02-14T14:55:03+00:00","mainEntityOfPage":{"@id":"https:\/\/marekkuchcinski.pl\/hu\/wydarzenia\/marek-kuchcinski-77-rocznice-powolania-ak-skladam-wyrazy-czci-glebokiego-szacunku-kombatantom-armii-krajowej\/"},"wordCount":396,"commentCount":0,"publisher":{"@id":"https:\/\/marekkuchcinski.pl\/#organization"},"image":{"@id":"https:\/\/marekkuchcinski.pl\/hu\/wydarzenia\/marek-kuchcinski-77-rocznice-powolania-ak-skladam-wyrazy-czci-glebokiego-szacunku-kombatantom-armii-krajowej\/#primaryimage"},"thumbnailUrl":"https:\/\/marekkuchcinski.pl\/wp-content\/uploads\/2019\/02\/DSCF4054.jpg","articleSection":["Listy Marsza\u0142ka Sejmu","Wa\u017cne daty","Wydarzenia"],"inLanguage":"cs","potentialAction":[{"@type":"CommentAction","name":"Comment","target":["https:\/\/marekkuchcinski.pl\/hu\/wydarzenia\/marek-kuchcinski-77-rocznice-powolania-ak-skladam-wyrazy-czci-glebokiego-szacunku-kombatantom-armii-krajowej\/#respond"]}]},{"@type":"WebPage","@id":"https:\/\/marekkuchcinski.pl\/hu\/wydarzenia\/marek-kuchcinski-77-rocznice-powolania-ak-skladam-wyrazy-czci-glebokiego-szacunku-kombatantom-armii-krajowej\/","url":"https:\/\/marekkuchcinski.pl\/hu\/wydarzenia\/marek-kuchcinski-77-rocznice-powolania-ak-skladam-wyrazy-czci-glebokiego-szacunku-kombatantom-armii-krajowej\/","name":"Marek Kuchci\u0144ski w 77. rocznic\u0119 powo\u0142ania AK: Sk\u0142adam wyrazy czci i g\u0142\u0119bokiego szacunku Kombatantom Armii Krajowej &#8211; Marek Kuchci\u0144ski","isPartOf":{"@id":"https:\/\/marekkuchcinski.pl\/#website"},"primaryImageOfPage":{"@id":"https:\/\/marekkuchcinski.pl\/hu\/wydarzenia\/marek-kuchcinski-77-rocznice-powolania-ak-skladam-wyrazy-czci-glebokiego-szacunku-kombatantom-armii-krajowej\/#primaryimage"},"image":{"@id":"https:\/\/marekkuchcinski.pl\/hu\/wydarzenia\/marek-kuchcinski-77-rocznice-powolania-ak-skladam-wyrazy-czci-glebokiego-szacunku-kombatantom-armii-krajowej\/#primaryimage"},"thumbnailUrl":"https:\/\/marekkuchcinski.pl\/wp-content\/uploads\/2019\/02\/DSCF4054.jpg","datePublished":"2019-02-14T10:22:50+00:00","dateModified":"2019-02-14T14:55:03+00:00","breadcrumb":{"@id":"https:\/\/marekkuchcinski.pl\/hu\/wydarzenia\/marek-kuchcinski-77-rocznice-powolania-ak-skladam-wyrazy-czci-glebokiego-szacunku-kombatantom-armii-krajowej\/#breadcrumb"},"inLanguage":"cs","potentialAction":[{"@type":"ReadAction","target":["https:\/\/marekkuchcinski.pl\/hu\/wydarzenia\/marek-kuchcinski-77-rocznice-powolania-ak-skladam-wyrazy-czci-glebokiego-szacunku-kombatantom-armii-krajowej\/"]}]},{"@type":"ImageObject","inLanguage":"cs","@id":"https:\/\/marekkuchcinski.pl\/hu\/wydarzenia\/marek-kuchcinski-77-rocznice-powolania-ak-skladam-wyrazy-czci-glebokiego-szacunku-kombatantom-armii-krajowej\/#primaryimage","url":"https:\/\/marekkuchcinski.pl\/wp-content\/uploads\/2019\/02\/DSCF4054.jpg","contentUrl":"https:\/\/marekkuchcinski.pl\/wp-content\/uploads\/2019\/02\/DSCF4054.jpg","width":2048,"height":1363},{"@type":"BreadcrumbList","@id":"https:\/\/marekkuchcinski.pl\/hu\/wydarzenia\/marek-kuchcinski-77-rocznice-powolania-ak-skladam-wyrazy-czci-glebokiego-szacunku-kombatantom-armii-krajowej\/#breadcrumb","itemListElement":[{"@type":"ListItem","position":1,"name":"Strona g\u0142\u00f3wna","item":"https:\/\/marekkuchcinski.pl\/"},{"@type":"ListItem","position":2,"name":"Marek Kuchci\u0144ski w 77. rocznic\u0119 powo\u0142ania AK: Sk\u0142adam wyrazy czci i g\u0142\u0119bokiego szacunku Kombatantom Armii Krajowej"}]},{"@type":"WebSite","@id":"https:\/\/marekkuchcinski.pl\/#website","url":"https:\/\/marekkuchcinski.pl\/","name":"Marek Kuchci\u0144ski","description":"Pose\u0142 na sejm RP &ndash; okr\u0119g nr 22","publisher":{"@id":"https:\/\/marekkuchcinski.pl\/#organization"},"potentialAction":[{"@type":"SearchAction","target":{"@type":"EntryPoint","urlTemplate":"https:\/\/marekkuchcinski.pl\/?s={search_term_string}"},"query-input":{"@type":"PropertyValueSpecification","valueRequired":true,"valueName":"search_term_string"}}],"inLanguage":"cs"},{"@type":"Organization","@id":"https:\/\/marekkuchcinski.pl\/#organization","name":"Marek Kuchci\u0144ski","url":"https:\/\/marekkuchcinski.pl\/","logo":{"@type":"ImageObject","inLanguage":"cs","@id":"https:\/\/marekkuchcinski.pl\/#\/schema\/logo\/image\/","url":"https:\/\/marekkuchcinski.pl\/wp-content\/uploads\/2022\/09\/Marek.jpg","contentUrl":"https:\/\/marekkuchcinski.pl\/wp-content\/uploads\/2022\/09\/Marek.jpg","width":1600,"height":971,"caption":"Marek Kuchci\u0144ski"},"image":{"@id":"https:\/\/marekkuchcinski.pl\/#\/schema\/logo\/image\/"}},{"@type":"Person","@id":"https:\/\/marekkuchcinski.pl\/#\/schema\/person\/6f62700996b4d950b6ea2d1183b6c6be","name":"admin","image":{"@type":"ImageObject","inLanguage":"cs","@id":"https:\/\/marekkuchcinski.pl\/#\/schema\/person\/image\/","url":"https:\/\/secure.gravatar.com\/avatar\/4bab693b9d55c3d6b52c0296a8765085?s=96&d=mm&r=g","contentUrl":"https:\/\/secure.gravatar.com\/avatar\/4bab693b9d55c3d6b52c0296a8765085?s=96&d=mm&r=g","caption":"admin"},"url":"https:\/\/marekkuchcinski.pl\/cs\/author\/marta-olejnik\/"}]}},"_links":{"self":[{"href":"https:\/\/marekkuchcinski.pl\/cs\/wp-json\/wp\/v2\/posts\/13098","targetHints":{"allow":["GET"]}}],"collection":[{"href":"https:\/\/marekkuchcinski.pl\/cs\/wp-json\/wp\/v2\/posts"}],"about":[{"href":"https:\/\/marekkuchcinski.pl\/cs\/wp-json\/wp\/v2\/types\/post"}],"author":[{"embeddable":true,"href":"https:\/\/marekkuchcinski.pl\/cs\/wp-json\/wp\/v2\/users\/6"}],"replies":[{"embeddable":true,"href":"https:\/\/marekkuchcinski.pl\/cs\/wp-json\/wp\/v2\/comments?post=13098"}],"version-history":[{"count":7,"href":"https:\/\/marekkuchcinski.pl\/cs\/wp-json\/wp\/v2\/posts\/13098\/revisions"}],"predecessor-version":[{"id":13122,"href":"https:\/\/marekkuchcinski.pl\/cs\/wp-json\/wp\/v2\/posts\/13098\/revisions\/13122"}],"wp:featuredmedia":[{"embeddable":true,"href":"https:\/\/marekkuchcinski.pl\/cs\/wp-json\/wp\/v2\/media\/13099"}],"wp:attachment":[{"href":"https:\/\/marekkuchcinski.pl\/cs\/wp-json\/wp\/v2\/media?parent=13098"}],"wp:term":[{"taxonomy":"category","embeddable":true,"href":"https:\/\/marekkuchcinski.pl\/cs\/wp-json\/wp\/v2\/categories?post=13098"},{"taxonomy":"post_tag","embeddable":true,"href":"https:\/\/marekkuchcinski.pl\/cs\/wp-json\/wp\/v2\/tags?post=13098"}],"curies":[{"name":"wp","href":"https:\/\/api.w.org\/{rel}","templated":true}]}}