{"id":13062,"date":"2019-02-11T16:18:21","date_gmt":"2019-02-11T15:18:21","guid":{"rendered":"https:\/\/marekkuchcinski.pl\/?p=13062"},"modified":"2019-02-12T22:57:55","modified_gmt":"2019-02-12T21:57:55","slug":"marszalek-kuchcinski-o-premierze-janie-olszewskim-polska-miala-niewielu-mezow-stanu-o-wielkiej-prawosci-odwadze-madrosci","status":"publish","type":"post","link":"https:\/\/marekkuchcinski.pl\/cs\/wydarzenia\/marszalek-kuchcinski-o-premierze-janie-olszewskim-polska-miala-niewielu-mezow-stanu-o-wielkiej-prawosci-odwadze-madrosci\/","title":{"rendered":"Mar\u0161\u00e1l Kuchci\u0144ski o premi\u00e9rovi Janu Olszewsk\u00e9m: Polsko m\u011blo jen m\u00e1lo tak \u010destn\u00fdch, odv\u00e1\u017en\u00fdch a moudr\u00fdch st\u00e1tn\u00edk\u016f."},"content":{"rendered":"<p>P\u0159edseda Sejmu Marek Kuchcinski se zapsal do kondolen\u010dn\u00ed knihy premi\u00e9ra Jana Olszewsk\u00e9ho:<\/p>\n<p><em>Ode\u0161el od n\u00e1s \u010dlov\u011bk s u\u0161lechtil\u00fdm srdcem, zast\u00e1nce polsk\u00fdch tradic, kter\u00fd z\u016fstal a\u017e do konce v\u011brn\u00fd nejvy\u0161\u0161\u00edm hodnot\u00e1m.\u00a0<\/em><\/p>\n<p><em>Polsko m\u011blo jen m\u00e1lo tak \u010destn\u00fdch, odv\u00e1\u017en\u00fdch a moudr\u00fdch st\u00e1tn\u00edk\u016f. Jeho nezi\u0161tn\u00e1 slu\u017eba vlasti a oddanost my\u0161lence demokratick\u00e9ho st\u00e1tu pro n\u00e1s z\u016fstanou z\u00e1vazkem.<\/em><\/p>\n<p><em>D\u011bkuji v\u00e1m, pane premi\u00e9re, za v\u0161e, co jste pro Polsko a polsk\u00fd lid ud\u011blal.<\/em><\/p>\n<p><em>RIP<\/em><\/p>\n<p><a href=\"https:\/\/marekkuchcinski.pl\/wp-content\/uploads\/2019\/02\/kk7.jpg\"><img fetchpriority=\"high\" decoding=\"async\" class=\"alignnone size-full wp-image-13074\" src=\"https:\/\/marekkuchcinski.pl\/wp-content\/uploads\/2019\/02\/kk7.jpg\" alt=\"kk7\" width=\"4738\" height=\"3669\" srcset=\"https:\/\/marekkuchcinski.pl\/wp-content\/uploads\/2019\/02\/kk7.jpg 2048w, https:\/\/marekkuchcinski.pl\/wp-content\/uploads\/2019\/02\/kk7-300x232.jpg 300w, https:\/\/marekkuchcinski.pl\/wp-content\/uploads\/2019\/02\/kk7-768x595.jpg 768w, https:\/\/marekkuchcinski.pl\/wp-content\/uploads\/2019\/02\/kk7-1024x793.jpg 1024w\" sizes=\"(max-width: 4738px) 100vw, 4738px\" \/><\/a><a href=\"https:\/\/marekkuchcinski.pl\/wp-content\/uploads\/2019\/02\/kk8.jpg\"><img decoding=\"async\" class=\"alignnone size-full wp-image-13075\" src=\"https:\/\/marekkuchcinski.pl\/wp-content\/uploads\/2019\/02\/kk8.jpg\" alt=\"kk8\" width=\"6074\" height=\"3998\" srcset=\"https:\/\/marekkuchcinski.pl\/wp-content\/uploads\/2019\/02\/kk8.jpg 2048w, https:\/\/marekkuchcinski.pl\/wp-content\/uploads\/2019\/02\/kk8-300x197.jpg 300w, https:\/\/marekkuchcinski.pl\/wp-content\/uploads\/2019\/02\/kk8-768x506.jpg 768w, https:\/\/marekkuchcinski.pl\/wp-content\/uploads\/2019\/02\/kk8-1024x674.jpg 1024w\" sizes=\"(max-width: 6074px) 100vw, 6074px\" \/><\/a><a href=\"https:\/\/marekkuchcinski.pl\/wp-content\/uploads\/2019\/02\/kk9.jpg\"><img decoding=\"async\" class=\"alignnone size-full wp-image-13078\" src=\"https:\/\/marekkuchcinski.pl\/wp-content\/uploads\/2019\/02\/kk9.jpg\" alt=\"kk9\" width=\"5893\" height=\"3859\" srcset=\"https:\/\/marekkuchcinski.pl\/wp-content\/uploads\/2019\/02\/kk9.jpg 2048w, https:\/\/marekkuchcinski.pl\/wp-content\/uploads\/2019\/02\/kk9-300x196.jpg 300w, https:\/\/marekkuchcinski.pl\/wp-content\/uploads\/2019\/02\/kk9-768x503.jpg 768w, https:\/\/marekkuchcinski.pl\/wp-content\/uploads\/2019\/02\/kk9-1024x671.jpg 1024w\" sizes=\"(max-width: 5893px) 100vw, 5893px\" \/><\/a><a href=\"https:\/\/marekkuchcinski.pl\/wp-content\/uploads\/2019\/02\/kk10_edited.jpg\"><img loading=\"lazy\" decoding=\"async\" class=\"alignnone size-full wp-image-13081\" src=\"https:\/\/marekkuchcinski.pl\/wp-content\/uploads\/2019\/02\/kk10_edited.jpg\" alt=\"kk10_edited\" width=\"4628\" height=\"3198\" srcset=\"https:\/\/marekkuchcinski.pl\/wp-content\/uploads\/2019\/02\/kk10_edited.jpg 2048w, https:\/\/marekkuchcinski.pl\/wp-content\/uploads\/2019\/02\/kk10_edited-300x207.jpg 300w, https:\/\/marekkuchcinski.pl\/wp-content\/uploads\/2019\/02\/kk10_edited-768x531.jpg 768w, https:\/\/marekkuchcinski.pl\/wp-content\/uploads\/2019\/02\/kk10_edited-1024x708.jpg 1024w\" sizes=\"(max-width: 4628px) 100vw, 4628px\" \/><\/a> <a href=\"https:\/\/marekkuchcinski.pl\/wp-content\/uploads\/2019\/02\/kk6.jpg\"><img loading=\"lazy\" decoding=\"async\" class=\"alignnone size-full wp-image-13068\" src=\"https:\/\/marekkuchcinski.pl\/wp-content\/uploads\/2019\/02\/kk6.jpg\" alt=\"kk6\" width=\"5617\" height=\"3716\" srcset=\"https:\/\/marekkuchcinski.pl\/wp-content\/uploads\/2019\/02\/kk6.jpg 2048w, https:\/\/marekkuchcinski.pl\/wp-content\/uploads\/2019\/02\/kk6-300x198.jpg 300w, https:\/\/marekkuchcinski.pl\/wp-content\/uploads\/2019\/02\/kk6-768x508.jpg 768w, https:\/\/marekkuchcinski.pl\/wp-content\/uploads\/2019\/02\/kk6-1024x677.jpg 1024w\" sizes=\"(max-width: 5617px) 100vw, 5617px\" \/><\/a><\/p>\n<p><em>Foto: M. Olejnik<\/em><\/p>\n<p>&nbsp;<\/p>\n<p>&nbsp;<\/p>","protected":false},"excerpt":{"rendered":"<p>Marsza\u0142ek Sejmu Marek Kuchci\u0144ski wpisa\u0142 si\u0119 do ksi\u0119gi kondolencyjnej premiera Jana Olszewskiego: Odszed\u0142 od nas cz\u0142owiek o szlachetnym sercu, or\u0119downik polskich tradycji, kt\u00f3ry do ko\u0144ca pozosta\u0142 wierny najwy\u017cszym warto\u015bciom.\u00a0 Polska niewielu mia\u0142a m\u0119\u017c\u00f3w stanu o tak wielkiej prawo\u015bci, odwadze i m\u0105dro\u015bci. Bezgraniczna s\u0142u\u017cba Ojczy\u017anie oraz oddanie idei demokratycznego pa\u0144stwa pozostan\u0105 dla nas zobowi\u0105zaniem. Dzi\u0119kuj\u0119 Panie [&hellip;]<\/p>\n","protected":false},"author":6,"featured_media":13069,"comment_status":"open","ping_status":"open","sticky":false,"template":"","format":"standard","meta":{"ngg_post_thumbnail":0,"footnotes":""},"categories":[3],"tags":[],"class_list":["post-13062","post","type-post","status-publish","format-standard","has-post-thumbnail","hentry","category-wydarzenia"],"_links":{"self":[{"href":"https:\/\/marekkuchcinski.pl\/cs\/wp-json\/wp\/v2\/posts\/13062","targetHints":{"allow":["GET"]}}],"collection":[{"href":"https:\/\/marekkuchcinski.pl\/cs\/wp-json\/wp\/v2\/posts"}],"about":[{"href":"https:\/\/marekkuchcinski.pl\/cs\/wp-json\/wp\/v2\/types\/post"}],"author":[{"embeddable":true,"href":"https:\/\/marekkuchcinski.pl\/cs\/wp-json\/wp\/v2\/users\/6"}],"replies":[{"embeddable":true,"href":"https:\/\/marekkuchcinski.pl\/cs\/wp-json\/wp\/v2\/comments?post=13062"}],"version-history":[{"count":8,"href":"https:\/\/marekkuchcinski.pl\/cs\/wp-json\/wp\/v2\/posts\/13062\/revisions"}],"predecessor-version":[{"id":13082,"href":"https:\/\/marekkuchcinski.pl\/cs\/wp-json\/wp\/v2\/posts\/13062\/revisions\/13082"}],"wp:featuredmedia":[{"embeddable":true,"href":"https:\/\/marekkuchcinski.pl\/cs\/wp-json\/wp\/v2\/media\/13069"}],"wp:attachment":[{"href":"https:\/\/marekkuchcinski.pl\/cs\/wp-json\/wp\/v2\/media?parent=13062"}],"wp:term":[{"taxonomy":"category","embeddable":true,"href":"https:\/\/marekkuchcinski.pl\/cs\/wp-json\/wp\/v2\/categories?post=13062"},{"taxonomy":"post_tag","embeddable":true,"href":"https:\/\/marekkuchcinski.pl\/cs\/wp-json\/wp\/v2\/tags?post=13062"}],"curies":[{"name":"wp","href":"https:\/\/api.w.org\/{rel}","templated":true}]}}