{"id":13026,"date":"2019-02-04T14:23:03","date_gmt":"2019-02-04T13:23:03","guid":{"rendered":"https:\/\/marekkuchcinski.pl\/?p=13026"},"modified":"2019-02-04T18:35:01","modified_gmt":"2019-02-04T17:35:01","slug":"memorial-olka-ostrowskiego-zostalo-rodzinie","status":"publish","type":"post","link":"https:\/\/marekkuchcinski.pl\/cs\/wydarzenia\/memorial-olka-ostrowskiego-zostalo-rodzinie\/","title":{"rendered":"Memori\u00e1l Oleka Ostrowsk\u00e9ho. V\u0161e z\u016fstalo v rodin\u011b"},"content":{"rendered":"<p><strong>Skute\u010dnou v\u00e1\u0161n\u00ed Oleka Ostrowsk\u00e9ho byly hory a ly\u017eov\u00e1n\u00ed. Sv\u00e9 \u017eivotn\u00ed touhy realizoval s odvahou,\" \u0159ekl mar\u0161\u00e1l Marek Kuchci\u0144ski p\u0159i p\u0159ed\u00e1v\u00e1n\u00ed cen nejlep\u0161\u00edm \u00fa\u010dastn\u00edk\u016fm ly\u017ea\u0159sk\u00e9ho b\u011bhu v Bieszczadech.<\/strong><\/p>\n<p>Memori\u00e1l Oleka Ostrowsk\u00e9ho, jak se akce jmenovala, se konal ji\u017e pot\u0159et\u00ed. Sout\u011b\u017e je vzpom\u00ednkou na oper\u00e1tora GOPR, skialpinistu, kter\u00fd zahynul v roce 2015 v Karakorumu.<\/p>\n<p>Nen\u00ed divu, \u017ee se na startu objevili z\u00e1chran\u00e1\u0159i t\u00e9m\u011b\u0159 ze v\u0161ech skupin GOPR v zemi i z\u00e1stupci pohrani\u010dn\u00ed str\u00e1\u017ee. Na trasu se vydalo celkem 54 brusla\u0159\u016f, kte\u0159\u00ed museli p\u0159ekonat n\u00e1ro\u010dnou trasu z Wetliny, kde se Olek narodil. Sout\u011b\u017e m\u011bla kon\u010dit v Ustrzyk\u00e1ch G\u00f3rn\u00fdch, ale n\u00e1razov\u00fd v\u00edtr dosahuj\u00edc\u00ed v hor\u00e1ch rychlosti 80 km\/h byl p\u0159\u00edli\u0161 velkou hrozbou. Nakonec se Olek\u016fv bratr Tomasz a Jan Koza dostali p\u0159es Po\u0142oninu Wetli\u0144skou do Brzegi G\u00f3rne. Trasu, kterou turist\u00e9 v l\u00e9t\u011b zdol\u00e1vaj\u00ed zhruba za 5 hodin, zvl\u00e1dli za hodinu a \u010dtvrt.<\/p>\n<p>Aleksander Ostrowski, o n\u011bm\u017e se zm\u00ednil Marek Kuchci\u0144ski, byl v\u00fdjime\u010dn\u00fd \u010dlov\u011bk. L\u00e1sku k hor\u00e1m spojil s v\u00e1\u0161n\u00ed pro sport. V\u017edy mu v\u0161ak z\u00e1le\u017eelo na ostatn\u00edch. To je jeden z d\u016fvod\u016f, pro\u010d se stal z\u00e1chran\u00e1\u0159em skupiny GOPR Bieszczady.<\/p>\n<p>Za sv\u016fj sjezd na ly\u017e\u00edch z osmitis\u00edcovky Cho Oyu (v roce 2014 ho zdolal jako prvn\u00ed Pol\u00e1k) z\u00edskal presti\u017en\u00ed ocen\u011bn\u00ed \"Colossus\". M\u011bs\u00ed\u010dn\u00edk \"National Geographic\" ji ocenil jako \"po\u010din roku\". Bohu\u017eel o rok pozd\u011bji, 25. \u010dervence 2015, se jeho vrcholov\u00fd \u00fatok na Gasherbrum II (8035 m) nezda\u0159il. B\u011bhem sestupu ho pravd\u011bpodobn\u011b strhla lavina. Hory ho nav\u017edy vzaly s sebou.<\/p>\n<p><em>Text: M. Olejnik<\/em><\/p>\n<p><em>Foto \u0141. B\u0142asikiewicz<\/em><\/p>\n<p><a href=\"https:\/\/marekkuchcinski.pl\/wp-content\/uploads\/2019\/02\/LB1_3274.jpg\"><img fetchpriority=\"high\" decoding=\"async\" class=\"alignnone size-full wp-image-13027\" src=\"https:\/\/marekkuchcinski.pl\/wp-content\/uploads\/2019\/02\/LB1_3274.jpg\" alt=\"LB1_3274\" width=\"2088\" height=\"1392\" srcset=\"https:\/\/marekkuchcinski.pl\/wp-content\/uploads\/2019\/02\/LB1_3274.jpg 2048w, https:\/\/marekkuchcinski.pl\/wp-content\/uploads\/2019\/02\/LB1_3274-300x200.jpg 300w, https:\/\/marekkuchcinski.pl\/wp-content\/uploads\/2019\/02\/LB1_3274-768x512.jpg 768w, https:\/\/marekkuchcinski.pl\/wp-content\/uploads\/2019\/02\/LB1_3274-1024x683.jpg 1024w\" sizes=\"(max-width: 2088px) 100vw, 2088px\" \/><\/a><\/p>\n<p>&nbsp;<\/p>\n<p>&nbsp;<\/p>\n<p>&nbsp;<\/p>","protected":false},"excerpt":{"rendered":"<p>G\u00f3ry i narciarstwo by\u0142o prawdziw\u0105 pasj\u0105 Olka Ostrowskiego. Z odwag\u0105 realizowa\u0142 swoje \u017cyciowe pragnienia &#8211; powiedzia\u0142 marsza\u0142ek Marek Kuchci\u0144ski, wr\u0119czaj\u0105c nagrody najlepszym zawodnikom biegu narciarskiego w Bieszczadach. Memoria\u0142 Olka Ostrowskiego, bo tak nazywa\u0142a si\u0119 impreza, zosta\u0142 zorganizowany po raz trzeci. Zawody upami\u0119tniaj\u0105 GOPR-owca, skialpinist\u0119, kt\u00f3ry zgin\u0105\u0142 w 2015 r. w Karakorum. Nic wi\u0119c dziwnego, \u017ce [&hellip;]<\/p>\n","protected":false},"author":6,"featured_media":13041,"comment_status":"open","ping_status":"open","sticky":false,"template":"","format":"standard","meta":{"ngg_post_thumbnail":0,"footnotes":""},"categories":[49,3],"tags":[136,139,88,137,138],"class_list":["post-13026","post","type-post","status-publish","format-standard","has-post-thumbnail","hentry","category-podkarpacie","category-wydarzenia","tag-bieszczady","tag-gopr","tag-marszalek-sejmu","tag-olek-ostrowski","tag-skitury"],"_links":{"self":[{"href":"https:\/\/marekkuchcinski.pl\/cs\/wp-json\/wp\/v2\/posts\/13026","targetHints":{"allow":["GET"]}}],"collection":[{"href":"https:\/\/marekkuchcinski.pl\/cs\/wp-json\/wp\/v2\/posts"}],"about":[{"href":"https:\/\/marekkuchcinski.pl\/cs\/wp-json\/wp\/v2\/types\/post"}],"author":[{"embeddable":true,"href":"https:\/\/marekkuchcinski.pl\/cs\/wp-json\/wp\/v2\/users\/6"}],"replies":[{"embeddable":true,"href":"https:\/\/marekkuchcinski.pl\/cs\/wp-json\/wp\/v2\/comments?post=13026"}],"version-history":[{"count":15,"href":"https:\/\/marekkuchcinski.pl\/cs\/wp-json\/wp\/v2\/posts\/13026\/revisions"}],"predecessor-version":[{"id":13044,"href":"https:\/\/marekkuchcinski.pl\/cs\/wp-json\/wp\/v2\/posts\/13026\/revisions\/13044"}],"wp:featuredmedia":[{"embeddable":true,"href":"https:\/\/marekkuchcinski.pl\/cs\/wp-json\/wp\/v2\/media\/13041"}],"wp:attachment":[{"href":"https:\/\/marekkuchcinski.pl\/cs\/wp-json\/wp\/v2\/media?parent=13026"}],"wp:term":[{"taxonomy":"category","embeddable":true,"href":"https:\/\/marekkuchcinski.pl\/cs\/wp-json\/wp\/v2\/categories?post=13026"},{"taxonomy":"post_tag","embeddable":true,"href":"https:\/\/marekkuchcinski.pl\/cs\/wp-json\/wp\/v2\/tags?post=13026"}],"curies":[{"name":"wp","href":"https:\/\/api.w.org\/{rel}","templated":true}]}}