{"id":12892,"date":"2019-01-28T10:25:36","date_gmt":"2019-01-28T09:25:36","guid":{"rendered":"https:\/\/marekkuchcinski.pl\/?p=12892"},"modified":"2019-02-10T21:24:11","modified_gmt":"2019-02-10T20:24:11","slug":"marek-kuchcinski-kresy-stanowily-o-sile-politycznej-tozsamosci-narodowej-polakow","status":"publish","type":"post","link":"https:\/\/marekkuchcinski.pl\/cs\/wydarzenia\/marek-kuchcinski-kresy-stanowily-o-sile-politycznej-tozsamosci-narodowej-polakow\/","title":{"rendered":"Marek Kuchci\u0144ski: Hranice tvo\u0159\u00ed politickou s\u00edlu a n\u00e1rodn\u00ed identitu Pol\u00e1k\u016f"},"content":{"rendered":"<p><strong>N\u00e1rodn\u00ed muzeum Przemy\u0161lska se ujalo t\u00e9matu Pol\u00e1k\u016f na v\u00fdchod\u011b - jak \u0159ekl p\u0159edseda Sejmu Marek Kuchci\u0144ski - obt\u00ed\u017en\u00e9ho a pro mnoh\u00e9 bolestn\u00e9ho t\u00e9matu, kter\u00e9 spojilo se vzpom\u00ednkami na v\u00e1lku a pov\u00e1le\u010dn\u00e9 obdob\u00ed - deportace, vys\u00eddlen\u00ed, nacionalistick\u00e9 n\u00e1sil\u00ed a ztr\u00e1tu domova. Domov nejen ve smyslu rodiny, ale i v rozm\u011bru stalet\u00e9ho duchovn\u00edho a materi\u00e1ln\u00edho d\u011bdictv\u00ed.<\/strong><\/p>\n<p>Marek Kuchci\u0144ski zd\u016fraznil, \u017ee od po\u010d\u00e1tk\u016f polsk\u00e9 st\u00e1tnosti p\u0159edstavovaly Kresy politickou s\u00edlu a n\u00e1rodn\u00ed identitu Pol\u00e1k\u016f. Byly ned\u00edlnou sou\u010d\u00e1st\u00ed Polsk\u00e9 republiky.<\/p>\n<p>- V\u00edme, jak se na\u0161e d\u011bjiny utv\u00e1\u0159ely v prvn\u00ed polovin\u011b 20. stolet\u00ed, jak byl p\u0159ed 100 lety obt\u00ed\u017en\u00fd a dlouh\u00fd proces utv\u00e1\u0159en\u00ed hranic po letech rozd\u011blen\u00ed. A jak se o dvacet let pozd\u011bji na Jaltsk\u00e9 konferenci zm\u011bnily hranice Polska a miliony na\u0161ich krajan\u016f z\u016fstaly za v\u00fdchodn\u00ed hranic\u00ed,\" p\u0159ipomn\u011bl mar\u0161\u00e1l. - Kresy jsou tak\u00e9 symbolem zaml\u010dovan\u00e9 pravdy, vymaz\u00e1v\u00e1n\u00ed stop polskosti a vyko\u0159en\u011bn\u00ed polsk\u00e9 kultury a evropsk\u00e9 civilizace. V sov\u011btsk\u00fdch dob\u00e1ch byly projevy soun\u00e1le\u017eitosti s d\u011bdictv\u00edm pohrani\u010d\u00ed tvrd\u011b trest\u00e1ny,\" zd\u016fraznil Kuchci\u0144ski.<\/p>\n<p>Mar\u0161\u00e1lek p\u0159ipomn\u011bl, \u017ee teprve koncem 80. let minul\u00e9ho stolet\u00ed vznikla prvn\u00ed organizace, Spole\u010dnost milovn\u00edk\u016f Lvova, jej\u00edm\u017e c\u00edlem bylo pe\u010dovat o d\u011bdictv\u00ed v\u00fdchodn\u00edch zem\u00ed a pom\u00e1hat krajan\u016fm na v\u00fdchod\u011b. Pobo\u010dky spole\u010dnosti byly zalo\u017eeny po cel\u00e9 zemi. Jednou z nich byla prosperuj\u00edc\u00ed pobo\u010dka v Przemyslu.<\/p>\n<p>Podle Marka Kuchci\u0144sk\u00e9ho by m\u011bl polsk\u00fd st\u00e1t je\u0161t\u011b l\u00e9pe a \u00fa\u010dinn\u011bji podporovat d\u011bdictv\u00ed na\u0161ich p\u0159edk\u016f z Kres\u016f a sou\u010dasn\u00fdch generac\u00ed. Na Ukrajin\u011b \u017eije 1,5 a\u017e 2 miliony lid\u00ed, kte\u0159\u00ed jsou s Polskem spojeni rodov\u011b.<\/p>\n<p><em>Foto: Marta Olejnik<\/em><\/p>\n<p><a href=\"https:\/\/marekkuchcinski.pl\/wp-content\/uploads\/2019\/01\/IMG_4942.jpg\"><img fetchpriority=\"high\" decoding=\"async\" class=\"alignnone size-full wp-image-12894\" src=\"https:\/\/marekkuchcinski.pl\/wp-content\/uploads\/2019\/01\/IMG_4942.jpg\" alt=\"IMG_4942\" width=\"5461\" height=\"3754\" srcset=\"https:\/\/marekkuchcinski.pl\/wp-content\/uploads\/2019\/01\/IMG_4942.jpg 2048w, https:\/\/marekkuchcinski.pl\/wp-content\/uploads\/2019\/01\/IMG_4942-300x206.jpg 300w, https:\/\/marekkuchcinski.pl\/wp-content\/uploads\/2019\/01\/IMG_4942-768x528.jpg 768w, https:\/\/marekkuchcinski.pl\/wp-content\/uploads\/2019\/01\/IMG_4942-1024x704.jpg 1024w\" sizes=\"(max-width: 5461px) 100vw, 5461px\" \/><\/a> <a href=\"https:\/\/marekkuchcinski.pl\/wp-content\/uploads\/2019\/01\/IMG_4938-2.jpg\"><img decoding=\"async\" class=\"alignnone size-full wp-image-12895\" src=\"https:\/\/marekkuchcinski.pl\/wp-content\/uploads\/2019\/01\/IMG_4938-2.jpg\" alt=\"IMG_4938 2\" width=\"5147\" height=\"3244\" srcset=\"https:\/\/marekkuchcinski.pl\/wp-content\/uploads\/2019\/01\/IMG_4938-2.jpg 2048w, https:\/\/marekkuchcinski.pl\/wp-content\/uploads\/2019\/01\/IMG_4938-2-300x189.jpg 300w, https:\/\/marekkuchcinski.pl\/wp-content\/uploads\/2019\/01\/IMG_4938-2-768x484.jpg 768w, https:\/\/marekkuchcinski.pl\/wp-content\/uploads\/2019\/01\/IMG_4938-2-1024x645.jpg 1024w\" sizes=\"(max-width: 5147px) 100vw, 5147px\" \/><\/a>M\u0161e svat\u00e1 na \u00famysl <a href=\"https:\/\/marekkuchcinski.pl\/cs\/wydarzenia\/90-temu-urodzil-sie-zbigniew-kuchcinski-patriota-filantrop-prezes-towarzystwa-milosnikow-lwowa-kresow-poludniowo-wschodnich\/\">Zbigniew Kuchci\u0144ski<\/a><a href=\"https:\/\/marekkuchcinski.pl\/wp-content\/uploads\/2019\/01\/IMG_5017-2.jpg\"><img decoding=\"async\" class=\"alignnone size-full wp-image-12893\" src=\"https:\/\/marekkuchcinski.pl\/wp-content\/uploads\/2019\/01\/IMG_5017-2.jpg\" alt=\"IMG_5017 2\" width=\"4867\" height=\"3123\" srcset=\"https:\/\/marekkuchcinski.pl\/wp-content\/uploads\/2019\/01\/IMG_5017-2.jpg 2048w, https:\/\/marekkuchcinski.pl\/wp-content\/uploads\/2019\/01\/IMG_5017-2-300x193.jpg 300w, https:\/\/marekkuchcinski.pl\/wp-content\/uploads\/2019\/01\/IMG_5017-2-768x493.jpg 768w, https:\/\/marekkuchcinski.pl\/wp-content\/uploads\/2019\/01\/IMG_5017-2-1024x657.jpg 1024w\" sizes=\"(max-width: 4867px) 100vw, 4867px\" \/><\/a><a href=\"https:\/\/marekkuchcinski.pl\/wp-content\/uploads\/2019\/01\/IMG_5004.jpg\"><img loading=\"lazy\" decoding=\"async\" class=\"alignnone size-full wp-image-12942\" src=\"https:\/\/marekkuchcinski.pl\/wp-content\/uploads\/2019\/01\/IMG_5004.jpg\" alt=\"IMG_5004\" width=\"5336\" height=\"3830\" srcset=\"https:\/\/marekkuchcinski.pl\/wp-content\/uploads\/2019\/01\/IMG_5004.jpg 2048w, https:\/\/marekkuchcinski.pl\/wp-content\/uploads\/2019\/01\/IMG_5004-300x215.jpg 300w, https:\/\/marekkuchcinski.pl\/wp-content\/uploads\/2019\/01\/IMG_5004-768x551.jpg 768w, https:\/\/marekkuchcinski.pl\/wp-content\/uploads\/2019\/01\/IMG_5004-1024x735.jpg 1024w\" sizes=\"(max-width: 5336px) 100vw, 5336px\" \/><\/a><a href=\"https:\/\/marekkuchcinski.pl\/wp-content\/uploads\/2019\/01\/IMG_5098.jpg\"><img loading=\"lazy\" decoding=\"async\" class=\"alignnone size-full wp-image-12906\" src=\"https:\/\/marekkuchcinski.pl\/wp-content\/uploads\/2019\/01\/IMG_5098.jpg\" alt=\"IMG_5098\" width=\"5608\" height=\"4022\" srcset=\"https:\/\/marekkuchcinski.pl\/wp-content\/uploads\/2019\/01\/IMG_5098.jpg 2048w, https:\/\/marekkuchcinski.pl\/wp-content\/uploads\/2019\/01\/IMG_5098-300x215.jpg 300w, https:\/\/marekkuchcinski.pl\/wp-content\/uploads\/2019\/01\/IMG_5098-768x551.jpg 768w, https:\/\/marekkuchcinski.pl\/wp-content\/uploads\/2019\/01\/IMG_5098-1024x734.jpg 1024w\" sizes=\"(max-width: 5608px) 100vw, 5608px\" \/><\/a><a href=\"http:\/\/www.encysol.pl\/wiki\/Zygmunt_Majgier\">Zygmunt Majgier,<\/a>\u00a0\u0158editel <a href=\"http:\/\/mnzp.pl\/\">N\u00e1rodn\u00ed muzeum P\u0159emy\u0161lska<\/a> Jan Jarosz<a href=\"https:\/\/marekkuchcinski.pl\/wp-content\/uploads\/2019\/01\/IMG_5096.jpg\"><img loading=\"lazy\" decoding=\"async\" class=\"alignnone size-full wp-image-12907\" src=\"https:\/\/marekkuchcinski.pl\/wp-content\/uploads\/2019\/01\/IMG_5096.jpg\" alt=\"IMG_5096\" width=\"5249\" height=\"3330\" srcset=\"https:\/\/marekkuchcinski.pl\/wp-content\/uploads\/2019\/01\/IMG_5096.jpg 2048w, https:\/\/marekkuchcinski.pl\/wp-content\/uploads\/2019\/01\/IMG_5096-300x190.jpg 300w, https:\/\/marekkuchcinski.pl\/wp-content\/uploads\/2019\/01\/IMG_5096-768x487.jpg 768w, https:\/\/marekkuchcinski.pl\/wp-content\/uploads\/2019\/01\/IMG_5096-1024x650.jpg 1024w\" sizes=\"(max-width: 5249px) 100vw, 5249px\" \/><\/a> M\u00edstop\u0159edsedkyn\u011b Sen\u00e1tu Maria Kocov\u00e1<a href=\"https:\/\/marekkuchcinski.pl\/wp-content\/uploads\/2019\/01\/IMG_5089.jpg\"><img loading=\"lazy\" decoding=\"async\" class=\"alignnone size-full wp-image-12910\" src=\"https:\/\/marekkuchcinski.pl\/wp-content\/uploads\/2019\/01\/IMG_5089.jpg\" alt=\"IMG_5089\" width=\"5308\" height=\"3586\" srcset=\"https:\/\/marekkuchcinski.pl\/wp-content\/uploads\/2019\/01\/IMG_5089.jpg 2048w, https:\/\/marekkuchcinski.pl\/wp-content\/uploads\/2019\/01\/IMG_5089-300x203.jpg 300w, https:\/\/marekkuchcinski.pl\/wp-content\/uploads\/2019\/01\/IMG_5089-768x519.jpg 768w, https:\/\/marekkuchcinski.pl\/wp-content\/uploads\/2019\/01\/IMG_5089-1024x692.jpg 1024w\" sizes=\"(max-width: 5308px) 100vw, 5308px\" \/><\/a> <a href=\"https:\/\/marekkuchcinski.pl\/wp-content\/uploads\/2019\/01\/IMG_5064-2.jpg\"><img loading=\"lazy\" decoding=\"async\" class=\"alignnone size-full wp-image-12911\" src=\"https:\/\/marekkuchcinski.pl\/wp-content\/uploads\/2019\/01\/IMG_5064-2.jpg\" alt=\"IMG_5064 2\" width=\"5148\" height=\"3085\" srcset=\"https:\/\/marekkuchcinski.pl\/wp-content\/uploads\/2019\/01\/IMG_5064-2.jpg 2048w, https:\/\/marekkuchcinski.pl\/wp-content\/uploads\/2019\/01\/IMG_5064-2-300x180.jpg 300w, https:\/\/marekkuchcinski.pl\/wp-content\/uploads\/2019\/01\/IMG_5064-2-768x460.jpg 768w, https:\/\/marekkuchcinski.pl\/wp-content\/uploads\/2019\/01\/IMG_5064-2-1024x614.jpg 1024w\" sizes=\"(max-width: 5148px) 100vw, 5148px\" \/><\/a> Prof. Jerzy Pi\u00f3recki, Dr. Jan Musia\u0142, Janusz Czarski<a href=\"https:\/\/marekkuchcinski.pl\/wp-content\/uploads\/2019\/01\/IMG_5032.jpg\"><img loading=\"lazy\" decoding=\"async\" class=\"alignnone size-full wp-image-12914\" src=\"https:\/\/marekkuchcinski.pl\/wp-content\/uploads\/2019\/01\/IMG_5032.jpg\" alt=\"IMG_5032\" width=\"5437\" height=\"3590\" srcset=\"https:\/\/marekkuchcinski.pl\/wp-content\/uploads\/2019\/01\/IMG_5032.jpg 2048w, https:\/\/marekkuchcinski.pl\/wp-content\/uploads\/2019\/01\/IMG_5032-300x198.jpg 300w, https:\/\/marekkuchcinski.pl\/wp-content\/uploads\/2019\/01\/IMG_5032-768x507.jpg 768w, https:\/\/marekkuchcinski.pl\/wp-content\/uploads\/2019\/01\/IMG_5032-1024x676.jpg 1024w\" sizes=\"(max-width: 5437px) 100vw, 5437px\" \/><\/a> <a href=\"https:\/\/marekkuchcinski.pl\/wp-content\/uploads\/2019\/01\/IMG_5124.jpg\"><img loading=\"lazy\" decoding=\"async\" class=\"alignnone size-full wp-image-12946\" src=\"https:\/\/marekkuchcinski.pl\/wp-content\/uploads\/2019\/01\/IMG_5124.jpg\" alt=\"IMG_5124\" width=\"4590\" height=\"3181\" srcset=\"https:\/\/marekkuchcinski.pl\/wp-content\/uploads\/2019\/01\/IMG_5124.jpg 2048w, https:\/\/marekkuchcinski.pl\/wp-content\/uploads\/2019\/01\/IMG_5124-300x208.jpg 300w, https:\/\/marekkuchcinski.pl\/wp-content\/uploads\/2019\/01\/IMG_5124-768x532.jpg 768w, https:\/\/marekkuchcinski.pl\/wp-content\/uploads\/2019\/01\/IMG_5124-1024x710.jpg 1024w\" sizes=\"(max-width: 4590px) 100vw, 4590px\" \/><\/a><a href=\"http:\/\/www.encysol.pl\/wiki\/Waldemar_Wiglusz\">Waldemar Wiglusz<\/a><a href=\"https:\/\/marekkuchcinski.pl\/wp-content\/uploads\/2019\/01\/IMG_5206.jpg\"><img loading=\"lazy\" decoding=\"async\" class=\"alignnone size-full wp-image-12902\" src=\"https:\/\/marekkuchcinski.pl\/wp-content\/uploads\/2019\/01\/IMG_5206.jpg\" alt=\"IMG_5206\" width=\"6240\" height=\"4160\" srcset=\"https:\/\/marekkuchcinski.pl\/wp-content\/uploads\/2019\/01\/IMG_5206.jpg 2048w, https:\/\/marekkuchcinski.pl\/wp-content\/uploads\/2019\/01\/IMG_5206-300x200.jpg 300w, https:\/\/marekkuchcinski.pl\/wp-content\/uploads\/2019\/01\/IMG_5206-768x512.jpg 768w, https:\/\/marekkuchcinski.pl\/wp-content\/uploads\/2019\/01\/IMG_5206-1024x683.jpg 1024w\" sizes=\"(max-width: 6240px) 100vw, 6240px\" \/><\/a><strong>P\u00e1ter Deren:<\/strong> Kresovci v Polsku by se m\u011bli sjednotit, aby se mohli vr\u00e1tit ke sv\u00fdm ko\u0159en\u016fm, aby mohli obnovit sv\u00e9 vazby.\u00a0<a href=\"https:\/\/marekkuchcinski.pl\/wp-content\/uploads\/2019\/01\/IMG_5208.jpg\"><img loading=\"lazy\" decoding=\"async\" class=\"alignnone size-full wp-image-12901\" src=\"https:\/\/marekkuchcinski.pl\/wp-content\/uploads\/2019\/01\/IMG_5208.jpg\" alt=\"IMG_5208\" width=\"4866\" height=\"3674\" srcset=\"https:\/\/marekkuchcinski.pl\/wp-content\/uploads\/2019\/01\/IMG_5208.jpg 2048w, https:\/\/marekkuchcinski.pl\/wp-content\/uploads\/2019\/01\/IMG_5208-300x227.jpg 300w, https:\/\/marekkuchcinski.pl\/wp-content\/uploads\/2019\/01\/IMG_5208-768x580.jpg 768w, https:\/\/marekkuchcinski.pl\/wp-content\/uploads\/2019\/01\/IMG_5208-1024x773.jpg 1024w\" sizes=\"(max-width: 4866px) 100vw, 4866px\" \/><\/a> <a href=\"https:\/\/marekkuchcinski.pl\/wp-content\/uploads\/2019\/01\/IMG_4987.jpg\"><img loading=\"lazy\" decoding=\"async\" class=\"alignnone size-full wp-image-12941\" src=\"https:\/\/marekkuchcinski.pl\/wp-content\/uploads\/2019\/01\/IMG_4987.jpg\" alt=\"IMG_4987\" width=\"5163\" height=\"3188\" srcset=\"https:\/\/marekkuchcinski.pl\/wp-content\/uploads\/2019\/01\/IMG_4987.jpg 2048w, https:\/\/marekkuchcinski.pl\/wp-content\/uploads\/2019\/01\/IMG_4987-300x185.jpg 300w, https:\/\/marekkuchcinski.pl\/wp-content\/uploads\/2019\/01\/IMG_4987-768x474.jpg 768w, https:\/\/marekkuchcinski.pl\/wp-content\/uploads\/2019\/01\/IMG_4987-1024x632.jpg 1024w\" sizes=\"(max-width: 5163px) 100vw, 5163px\" \/><\/a><strong>Zbigniew Chrzanowski:<\/strong> Mus\u00edme rozumn\u011b uva\u017eovat o vzd\u011bl\u00e1v\u00e1n\u00ed mlad\u00fdch lid\u00ed. Pros\u00edm, nepou\u017e\u00edvejte slovo \"Polonia\" ve vztahu k lidem, kte\u0159\u00ed z\u016fstali na sv\u00e9m m\u00edst\u011b, nez\u0159\u00edkaj\u00ed se sv\u00fdch ko\u0159en\u016f, z\u016fst\u00e1vaj\u00ed a staraj\u00ed se o tato m\u00edsta. To nen\u00ed Polonia. <a href=\"https:\/\/marekkuchcinski.pl\/wp-content\/uploads\/2019\/01\/IMG_5117-1.jpg\"><img loading=\"lazy\" decoding=\"async\" class=\"alignnone size-full wp-image-12951\" src=\"https:\/\/marekkuchcinski.pl\/wp-content\/uploads\/2019\/01\/IMG_5117-1.jpg\" alt=\"IMG_5117\" width=\"6240\" height=\"4160\" srcset=\"https:\/\/marekkuchcinski.pl\/wp-content\/uploads\/2019\/01\/IMG_5117-1.jpg 2048w, https:\/\/marekkuchcinski.pl\/wp-content\/uploads\/2019\/01\/IMG_5117-1-300x200.jpg 300w, https:\/\/marekkuchcinski.pl\/wp-content\/uploads\/2019\/01\/IMG_5117-1-768x512.jpg 768w, https:\/\/marekkuchcinski.pl\/wp-content\/uploads\/2019\/01\/IMG_5117-1-1024x683.jpg 1024w\" sizes=\"(max-width: 6240px) 100vw, 6240px\" \/><\/a><strong>Anna Schmidt-Rodziewicz, poslankyn\u011b Evropsk\u00e9ho parlamentu<\/strong> - P\u0159edsedkyn\u011b v\u00fdboru Sejmu pro styk s Pol\u00e1ky v zahrani\u010d\u00ed: Na\u0161i krajan\u00e9 v pohrani\u010d\u00ed zaplatili velmi vysokou cenu za to, \u017ee jsou Pol\u00e1ci, \u017ee uzn\u00e1vaj\u00ed Polsko, \u017ee p\u011bstuj\u00ed a udr\u017euj\u00ed polskou identitu.<a href=\"https:\/\/marekkuchcinski.pl\/wp-content\/uploads\/2019\/01\/IMG_5214.jpg\"> <img loading=\"lazy\" decoding=\"async\" class=\"alignnone size-full wp-image-12899\" src=\"https:\/\/marekkuchcinski.pl\/wp-content\/uploads\/2019\/01\/IMG_5214.jpg\" alt=\"IMG_5214\" width=\"6240\" height=\"4160\" srcset=\"https:\/\/marekkuchcinski.pl\/wp-content\/uploads\/2019\/01\/IMG_5214.jpg 2048w, https:\/\/marekkuchcinski.pl\/wp-content\/uploads\/2019\/01\/IMG_5214-300x200.jpg 300w, https:\/\/marekkuchcinski.pl\/wp-content\/uploads\/2019\/01\/IMG_5214-768x512.jpg 768w, https:\/\/marekkuchcinski.pl\/wp-content\/uploads\/2019\/01\/IMG_5214-1024x683.jpg 1024w\" sizes=\"(max-width: 6240px) 100vw, 6240px\" \/><\/a><strong>Emil Legowicz:<\/strong> Byli jsme zapomenuti, byli jsme tabu. Je t\u011b\u017ek\u00e9 mluvit o letech, kdy bylo v\u0161echno tajn\u00e9: zpov\u011b\u010f, p\u0159ij\u00edm\u00e1n\u00ed, svatby... \u017divot byl pro lidsk\u00fd v\u00fdvoj tragick\u00fd. Ale p\u0159e\u017eili jsme. Dnes m\u016f\u017eeme b\u00fdt hrd\u00ed na to, \u017ee jsme tam z\u016fstali. Neode\u0161li jsme, proto\u017ee jsme s touto zem\u00ed spjati krv\u00ed. <a href=\"https:\/\/marekkuchcinski.pl\/wp-content\/uploads\/2019\/01\/IMG_4988-1.jpg\"><img loading=\"lazy\" decoding=\"async\" class=\"alignnone size-full wp-image-12935\" src=\"https:\/\/marekkuchcinski.pl\/wp-content\/uploads\/2019\/01\/IMG_4988-1.jpg\" alt=\"IMG_4988\" width=\"5293\" height=\"3853\" srcset=\"https:\/\/marekkuchcinski.pl\/wp-content\/uploads\/2019\/01\/IMG_4988-1.jpg 2048w, https:\/\/marekkuchcinski.pl\/wp-content\/uploads\/2019\/01\/IMG_4988-1-300x218.jpg 300w, https:\/\/marekkuchcinski.pl\/wp-content\/uploads\/2019\/01\/IMG_4988-1-768x559.jpg 768w, https:\/\/marekkuchcinski.pl\/wp-content\/uploads\/2019\/01\/IMG_4988-1-1024x745.jpg 1024w\" sizes=\"(max-width: 5293px) 100vw, 5293px\" \/><\/a> <a href=\"http:\/\/www.encysol.pl\/wiki\/Marek_Kami%C5%84ski\">Marek Kami\u0144ski<\/a>, Robert Choma (starosta m\u011bsta Przemy\u015bl v letech 2002-2018)<a href=\"https:\/\/marekkuchcinski.pl\/wp-content\/uploads\/2019\/01\/IMG_5095-1.jpg\"><img loading=\"lazy\" decoding=\"async\" class=\"alignnone size-full wp-image-12936\" src=\"https:\/\/marekkuchcinski.pl\/wp-content\/uploads\/2019\/01\/IMG_5095-1.jpg\" alt=\"IMG_5095\" width=\"5766\" height=\"4027\" srcset=\"https:\/\/marekkuchcinski.pl\/wp-content\/uploads\/2019\/01\/IMG_5095-1.jpg 2048w, https:\/\/marekkuchcinski.pl\/wp-content\/uploads\/2019\/01\/IMG_5095-1-300x210.jpg 300w, https:\/\/marekkuchcinski.pl\/wp-content\/uploads\/2019\/01\/IMG_5095-1-768x536.jpg 768w, https:\/\/marekkuchcinski.pl\/wp-content\/uploads\/2019\/01\/IMG_5095-1-1024x715.jpg 1024w\" sizes=\"(max-width: 5766px) 100vw, 5766px\" \/><\/a> <a href=\"https:\/\/marekkuchcinski.pl\/wp-content\/uploads\/2019\/01\/IMG_5069.jpg\"><img loading=\"lazy\" decoding=\"async\" class=\"alignnone size-full wp-image-12944\" src=\"https:\/\/marekkuchcinski.pl\/wp-content\/uploads\/2019\/01\/IMG_5069.jpg\" alt=\"IMG_5069\" width=\"6240\" height=\"3939\" srcset=\"https:\/\/marekkuchcinski.pl\/wp-content\/uploads\/2019\/01\/IMG_5069.jpg 2048w, https:\/\/marekkuchcinski.pl\/wp-content\/uploads\/2019\/01\/IMG_5069-300x189.jpg 300w, https:\/\/marekkuchcinski.pl\/wp-content\/uploads\/2019\/01\/IMG_5069-768x485.jpg 768w, https:\/\/marekkuchcinski.pl\/wp-content\/uploads\/2019\/01\/IMG_5069-1024x646.jpg 1024w\" sizes=\"(max-width: 6240px) 100vw, 6240px\" \/><\/a><a href=\"https:\/\/marekkuchcinski.pl\/wp-content\/uploads\/2019\/01\/IMG_5101.jpg\"><img loading=\"lazy\" decoding=\"async\" class=\"alignnone size-full wp-image-12905\" src=\"https:\/\/marekkuchcinski.pl\/wp-content\/uploads\/2019\/01\/IMG_5101.jpg\" alt=\"IMG_5101\" width=\"5584\" height=\"3251\" srcset=\"https:\/\/marekkuchcinski.pl\/wp-content\/uploads\/2019\/01\/IMG_5101.jpg 2048w, https:\/\/marekkuchcinski.pl\/wp-content\/uploads\/2019\/01\/IMG_5101-300x175.jpg 300w, https:\/\/marekkuchcinski.pl\/wp-content\/uploads\/2019\/01\/IMG_5101-768x447.jpg 768w, https:\/\/marekkuchcinski.pl\/wp-content\/uploads\/2019\/01\/IMG_5101-1024x596.jpg 1024w\" sizes=\"(max-width: 5584px) 100vw, 5584px\" \/><\/a> <a href=\"https:\/\/marekkuchcinski.pl\/wp-content\/uploads\/2019\/01\/IMG_4962.jpg\"><img loading=\"lazy\" decoding=\"async\" class=\"alignnone size-full wp-image-12929\" src=\"https:\/\/marekkuchcinski.pl\/wp-content\/uploads\/2019\/01\/IMG_4962.jpg\" alt=\"IMG_4962\" width=\"6110\" height=\"3942\" srcset=\"https:\/\/marekkuchcinski.pl\/wp-content\/uploads\/2019\/01\/IMG_4962.jpg 2048w, https:\/\/marekkuchcinski.pl\/wp-content\/uploads\/2019\/01\/IMG_4962-300x194.jpg 300w, https:\/\/marekkuchcinski.pl\/wp-content\/uploads\/2019\/01\/IMG_4962-768x495.jpg 768w, https:\/\/marekkuchcinski.pl\/wp-content\/uploads\/2019\/01\/IMG_4962-1024x661.jpg 1024w\" sizes=\"(max-width: 6110px) 100vw, 6110px\" \/><\/a><span style=\"color: #0000ff;\"><a style=\"color: #0000ff;\" href=\"https:\/\/www.facebook.com\/linia102pl\/\"><strong>S \u0159\u00e1dkem 102<\/strong> <\/a><\/span><a href=\"https:\/\/marekkuchcinski.pl\/wp-content\/uploads\/2019\/01\/IMG_5165.jpg\"><img loading=\"lazy\" decoding=\"async\" class=\"alignnone size-full wp-image-12930\" src=\"https:\/\/marekkuchcinski.pl\/wp-content\/uploads\/2019\/01\/IMG_5165.jpg\" alt=\"IMG_5165\" width=\"5455\" height=\"3149\" srcset=\"https:\/\/marekkuchcinski.pl\/wp-content\/uploads\/2019\/01\/IMG_5165.jpg 2048w, https:\/\/marekkuchcinski.pl\/wp-content\/uploads\/2019\/01\/IMG_5165-300x173.jpg 300w, https:\/\/marekkuchcinski.pl\/wp-content\/uploads\/2019\/01\/IMG_5165-768x443.jpg 768w, https:\/\/marekkuchcinski.pl\/wp-content\/uploads\/2019\/01\/IMG_5165-1024x591.jpg 1024w\" sizes=\"(max-width: 5455px) 100vw, 5455px\" \/><\/a>P\u0159edseda Sejmu p\u0159edal ceny v\u00edt\u011bz\u016fm mezin\u00e1rodn\u00ed sout\u011b\u017ee \"1918 - The New Deal in Central and Eastern Europe\".<\/p>","protected":false},"excerpt":{"rendered":"<p>W Muzeum Narodowym Ziemi Przemyskiej podj\u0119to temat Polak\u00f3w na Wschodzie &#8211; jak m\u00f3wi\u0142 marsza\u0142ek Sejmu Marek Kuchci\u0144ski &#8211; temat trudny i dla wielu bolesny, \u0142\u0105cz\u0105cy ze\u00a0wspomnieniami czas\u00f3w wojny i powojennego okresu \u2013 deportacji, przesiedle\u0144, nacjonalistycznej przemocy i utraconego domu. Domu nie tylko w znaczeniu rodzinnym, lecz w wymiarze wielowiekowego duchowego i\u00a0materialnego dorobku. Marek Kuchci\u0144ski podkre\u015bla\u0142, [&hellip;]<\/p>","protected":false},"author":6,"featured_media":13052,"comment_status":"open","ping_status":"open","sticky":false,"template":"","format":"standard","meta":{"ngg_post_thumbnail":0,"footnotes":""},"categories":[49,50,3],"tags":[],"class_list":["post-12892","post","type-post","status-publish","format-standard","has-post-thumbnail","hentry","category-podkarpacie","category-wspolpraca-miedzynarodowa","category-wydarzenia"],"yoast_head":"<!-- This site is optimized with the Yoast SEO plugin v24.7 - https:\/\/yoast.com\/wordpress\/plugins\/seo\/ -->\n<title>Marek Kuchci\u0144ski: Kresy stanowi\u0142y o sile politycznej i to\u017csamo\u015bci narodowej Polak\u00f3w &#8211; Marek Kuchci\u0144ski<\/title>\n<meta name=\"robots\" content=\"index, follow, max-snippet:-1, max-image-preview:large, max-video-preview:-1\" \/>\n<link rel=\"canonical\" href=\"https:\/\/marekkuchcinski.pl\/cs\/wydarzenia\/marek-kuchcinski-kresy-stanowily-o-sile-politycznej-tozsamosci-narodowej-polakow\/\" \/>\n<meta property=\"og:locale\" content=\"cs_CZ\" \/>\n<meta property=\"og:type\" content=\"article\" \/>\n<meta property=\"og:title\" content=\"Marek Kuchci\u0144ski: Kresy stanowi\u0142y o sile politycznej i to\u017csamo\u015bci narodowej Polak\u00f3w &#8211; Marek Kuchci\u0144ski\" \/>\n<meta property=\"og:description\" content=\"W Muzeum Narodowym Ziemi Przemyskiej podj\u0119to temat Polak\u00f3w na Wschodzie &#8211; jak m\u00f3wi\u0142 marsza\u0142ek Sejmu Marek Kuchci\u0144ski &#8211; temat trudny i dla wielu bolesny, \u0142\u0105cz\u0105cy ze\u00a0wspomnieniami czas\u00f3w wojny i powojennego okresu \u2013 deportacji, przesiedle\u0144, nacjonalistycznej przemocy i utraconego domu. Domu nie tylko w znaczeniu rodzinnym, lecz w wymiarze wielowiekowego duchowego i\u00a0materialnego dorobku. Marek Kuchci\u0144ski podkre\u015bla\u0142, [&hellip;]\" \/>\n<meta property=\"og:url\" content=\"https:\/\/marekkuchcinski.pl\/cs\/wydarzenia\/marek-kuchcinski-kresy-stanowily-o-sile-politycznej-tozsamosci-narodowej-polakow\/\" \/>\n<meta property=\"og:site_name\" content=\"Marek Kuchci\u0144ski\" \/>\n<meta property=\"article:published_time\" content=\"2019-01-28T09:25:36+00:00\" \/>\n<meta property=\"article:modified_time\" content=\"2019-02-10T20:24:11+00:00\" \/>\n<meta property=\"og:image\" content=\"https:\/\/marekkuchcinski.pl\/wp-content\/uploads\/2019\/01\/IMG_5017-3.jpg\" \/>\n\t<meta property=\"og:image:width\" content=\"2048\" \/>\n\t<meta property=\"og:image:height\" content=\"1314\" \/>\n\t<meta property=\"og:image:type\" content=\"image\/jpeg\" \/>\n<meta name=\"author\" content=\"admin\" \/>\n<meta name=\"twitter:card\" content=\"summary_large_image\" \/>\n<meta name=\"twitter:label1\" content=\"Napsal(a)\" \/>\n\t<meta name=\"twitter:data1\" content=\"admin\" \/>\n\t<meta name=\"twitter:label2\" content=\"Odhadovan\u00e1 doba \u010dten\u00ed\" \/>\n\t<meta name=\"twitter:data2\" content=\"3 minuty\" \/>\n<script type=\"application\/ld+json\" class=\"yoast-schema-graph\">{\"@context\":\"https:\/\/schema.org\",\"@graph\":[{\"@type\":\"Article\",\"@id\":\"https:\/\/marekkuchcinski.pl\/hu\/wydarzenia\/marek-kuchcinski-kresy-stanowily-o-sile-politycznej-tozsamosci-narodowej-polakow\/#article\",\"isPartOf\":{\"@id\":\"https:\/\/marekkuchcinski.pl\/hu\/wydarzenia\/marek-kuchcinski-kresy-stanowily-o-sile-politycznej-tozsamosci-narodowej-polakow\/\"},\"author\":{\"name\":\"admin\",\"@id\":\"https:\/\/marekkuchcinski.pl\/#\/schema\/person\/6f62700996b4d950b6ea2d1183b6c6be\"},\"headline\":\"Marek Kuchci\u0144ski: Kresy stanowi\u0142y o sile politycznej i to\u017csamo\u015bci narodowej Polak\u00f3w\",\"datePublished\":\"2019-01-28T09:25:36+00:00\",\"dateModified\":\"2019-02-10T20:24:11+00:00\",\"mainEntityOfPage\":{\"@id\":\"https:\/\/marekkuchcinski.pl\/hu\/wydarzenia\/marek-kuchcinski-kresy-stanowily-o-sile-politycznej-tozsamosci-narodowej-polakow\/\"},\"wordCount\":520,\"commentCount\":0,\"publisher\":{\"@id\":\"https:\/\/marekkuchcinski.pl\/#organization\"},\"image\":{\"@id\":\"https:\/\/marekkuchcinski.pl\/hu\/wydarzenia\/marek-kuchcinski-kresy-stanowily-o-sile-politycznej-tozsamosci-narodowej-polakow\/#primaryimage\"},\"thumbnailUrl\":\"https:\/\/marekkuchcinski.pl\/wp-content\/uploads\/2019\/01\/IMG_5017-3.jpg\",\"articleSection\":[\"Podkarpacie\",\"Wsp\u00f3\u0142praca mi\u0119dzynarodowa\",\"Wydarzenia\"],\"inLanguage\":\"cs\",\"potentialAction\":[{\"@type\":\"CommentAction\",\"name\":\"Comment\",\"target\":[\"https:\/\/marekkuchcinski.pl\/hu\/wydarzenia\/marek-kuchcinski-kresy-stanowily-o-sile-politycznej-tozsamosci-narodowej-polakow\/#respond\"]}]},{\"@type\":\"WebPage\",\"@id\":\"https:\/\/marekkuchcinski.pl\/hu\/wydarzenia\/marek-kuchcinski-kresy-stanowily-o-sile-politycznej-tozsamosci-narodowej-polakow\/\",\"url\":\"https:\/\/marekkuchcinski.pl\/hu\/wydarzenia\/marek-kuchcinski-kresy-stanowily-o-sile-politycznej-tozsamosci-narodowej-polakow\/\",\"name\":\"Marek Kuchci\u0144ski: Kresy stanowi\u0142y o sile politycznej i to\u017csamo\u015bci narodowej Polak\u00f3w &#8211; Marek Kuchci\u0144ski\",\"isPartOf\":{\"@id\":\"https:\/\/marekkuchcinski.pl\/#website\"},\"primaryImageOfPage\":{\"@id\":\"https:\/\/marekkuchcinski.pl\/hu\/wydarzenia\/marek-kuchcinski-kresy-stanowily-o-sile-politycznej-tozsamosci-narodowej-polakow\/#primaryimage\"},\"image\":{\"@id\":\"https:\/\/marekkuchcinski.pl\/hu\/wydarzenia\/marek-kuchcinski-kresy-stanowily-o-sile-politycznej-tozsamosci-narodowej-polakow\/#primaryimage\"},\"thumbnailUrl\":\"https:\/\/marekkuchcinski.pl\/wp-content\/uploads\/2019\/01\/IMG_5017-3.jpg\",\"datePublished\":\"2019-01-28T09:25:36+00:00\",\"dateModified\":\"2019-02-10T20:24:11+00:00\",\"breadcrumb\":{\"@id\":\"https:\/\/marekkuchcinski.pl\/hu\/wydarzenia\/marek-kuchcinski-kresy-stanowily-o-sile-politycznej-tozsamosci-narodowej-polakow\/#breadcrumb\"},\"inLanguage\":\"cs\",\"potentialAction\":[{\"@type\":\"ReadAction\",\"target\":[\"https:\/\/marekkuchcinski.pl\/hu\/wydarzenia\/marek-kuchcinski-kresy-stanowily-o-sile-politycznej-tozsamosci-narodowej-polakow\/\"]}]},{\"@type\":\"ImageObject\",\"inLanguage\":\"cs\",\"@id\":\"https:\/\/marekkuchcinski.pl\/hu\/wydarzenia\/marek-kuchcinski-kresy-stanowily-o-sile-politycznej-tozsamosci-narodowej-polakow\/#primaryimage\",\"url\":\"https:\/\/marekkuchcinski.pl\/wp-content\/uploads\/2019\/01\/IMG_5017-3.jpg\",\"contentUrl\":\"https:\/\/marekkuchcinski.pl\/wp-content\/uploads\/2019\/01\/IMG_5017-3.jpg\",\"width\":2048,\"height\":1314},{\"@type\":\"BreadcrumbList\",\"@id\":\"https:\/\/marekkuchcinski.pl\/hu\/wydarzenia\/marek-kuchcinski-kresy-stanowily-o-sile-politycznej-tozsamosci-narodowej-polakow\/#breadcrumb\",\"itemListElement\":[{\"@type\":\"ListItem\",\"position\":1,\"name\":\"Strona g\u0142\u00f3wna\",\"item\":\"https:\/\/marekkuchcinski.pl\/\"},{\"@type\":\"ListItem\",\"position\":2,\"name\":\"Marek Kuchci\u0144ski: Kresy stanowi\u0142y o sile politycznej i to\u017csamo\u015bci narodowej Polak\u00f3w\"}]},{\"@type\":\"WebSite\",\"@id\":\"https:\/\/marekkuchcinski.pl\/#website\",\"url\":\"https:\/\/marekkuchcinski.pl\/\",\"name\":\"Marek Kuchci\u0144ski\",\"description\":\"Pose\u0142 na sejm RP &ndash; okr\u0119g nr 22\",\"publisher\":{\"@id\":\"https:\/\/marekkuchcinski.pl\/#organization\"},\"potentialAction\":[{\"@type\":\"SearchAction\",\"target\":{\"@type\":\"EntryPoint\",\"urlTemplate\":\"https:\/\/marekkuchcinski.pl\/?s={search_term_string}\"},\"query-input\":{\"@type\":\"PropertyValueSpecification\",\"valueRequired\":true,\"valueName\":\"search_term_string\"}}],\"inLanguage\":\"cs\"},{\"@type\":\"Organization\",\"@id\":\"https:\/\/marekkuchcinski.pl\/#organization\",\"name\":\"Marek Kuchci\u0144ski\",\"url\":\"https:\/\/marekkuchcinski.pl\/\",\"logo\":{\"@type\":\"ImageObject\",\"inLanguage\":\"cs\",\"@id\":\"https:\/\/marekkuchcinski.pl\/#\/schema\/logo\/image\/\",\"url\":\"https:\/\/marekkuchcinski.pl\/wp-content\/uploads\/2022\/09\/Marek.jpg\",\"contentUrl\":\"https:\/\/marekkuchcinski.pl\/wp-content\/uploads\/2022\/09\/Marek.jpg\",\"width\":1600,\"height\":971,\"caption\":\"Marek Kuchci\u0144ski\"},\"image\":{\"@id\":\"https:\/\/marekkuchcinski.pl\/#\/schema\/logo\/image\/\"}},{\"@type\":\"Person\",\"@id\":\"https:\/\/marekkuchcinski.pl\/#\/schema\/person\/6f62700996b4d950b6ea2d1183b6c6be\",\"name\":\"admin\",\"image\":{\"@type\":\"ImageObject\",\"inLanguage\":\"cs\",\"@id\":\"https:\/\/marekkuchcinski.pl\/#\/schema\/person\/image\/\",\"url\":\"https:\/\/secure.gravatar.com\/avatar\/4bab693b9d55c3d6b52c0296a8765085?s=96&d=mm&r=g\",\"contentUrl\":\"https:\/\/secure.gravatar.com\/avatar\/4bab693b9d55c3d6b52c0296a8765085?s=96&d=mm&r=g\",\"caption\":\"admin\"},\"url\":\"https:\/\/marekkuchcinski.pl\/cs\/author\/marta-olejnik\/\"}]}<\/script>\n<!-- \/ Yoast SEO plugin. -->","yoast_head_json":{"title":"Marek Kuchci\u0144ski: Kresy stanowi\u0142y o sile politycznej i to\u017csamo\u015bci narodowej Polak\u00f3w &#8211; Marek Kuchci\u0144ski","robots":{"index":"index","follow":"follow","max-snippet":"max-snippet:-1","max-image-preview":"max-image-preview:large","max-video-preview":"max-video-preview:-1"},"canonical":"https:\/\/marekkuchcinski.pl\/cs\/wydarzenia\/marek-kuchcinski-kresy-stanowily-o-sile-politycznej-tozsamosci-narodowej-polakow\/","og_locale":"cs_CZ","og_type":"article","og_title":"Marek Kuchci\u0144ski: Kresy stanowi\u0142y o sile politycznej i to\u017csamo\u015bci narodowej Polak\u00f3w &#8211; Marek Kuchci\u0144ski","og_description":"W Muzeum Narodowym Ziemi Przemyskiej podj\u0119to temat Polak\u00f3w na Wschodzie &#8211; jak m\u00f3wi\u0142 marsza\u0142ek Sejmu Marek Kuchci\u0144ski &#8211; temat trudny i dla wielu bolesny, \u0142\u0105cz\u0105cy ze\u00a0wspomnieniami czas\u00f3w wojny i powojennego okresu \u2013 deportacji, przesiedle\u0144, nacjonalistycznej przemocy i utraconego domu. Domu nie tylko w znaczeniu rodzinnym, lecz w wymiarze wielowiekowego duchowego i\u00a0materialnego dorobku. Marek Kuchci\u0144ski podkre\u015bla\u0142, [&hellip;]","og_url":"https:\/\/marekkuchcinski.pl\/cs\/wydarzenia\/marek-kuchcinski-kresy-stanowily-o-sile-politycznej-tozsamosci-narodowej-polakow\/","og_site_name":"Marek Kuchci\u0144ski","article_published_time":"2019-01-28T09:25:36+00:00","article_modified_time":"2019-02-10T20:24:11+00:00","og_image":[{"width":2048,"height":1314,"url":"https:\/\/marekkuchcinski.pl\/wp-content\/uploads\/2019\/01\/IMG_5017-3.jpg","type":"image\/jpeg"}],"author":"admin","twitter_card":"summary_large_image","twitter_misc":{"Napsal(a)":"admin","Odhadovan\u00e1 doba \u010dten\u00ed":"3 minuty"},"schema":{"@context":"https:\/\/schema.org","@graph":[{"@type":"Article","@id":"https:\/\/marekkuchcinski.pl\/hu\/wydarzenia\/marek-kuchcinski-kresy-stanowily-o-sile-politycznej-tozsamosci-narodowej-polakow\/#article","isPartOf":{"@id":"https:\/\/marekkuchcinski.pl\/hu\/wydarzenia\/marek-kuchcinski-kresy-stanowily-o-sile-politycznej-tozsamosci-narodowej-polakow\/"},"author":{"name":"admin","@id":"https:\/\/marekkuchcinski.pl\/#\/schema\/person\/6f62700996b4d950b6ea2d1183b6c6be"},"headline":"Marek Kuchci\u0144ski: Kresy stanowi\u0142y o sile politycznej i to\u017csamo\u015bci narodowej Polak\u00f3w","datePublished":"2019-01-28T09:25:36+00:00","dateModified":"2019-02-10T20:24:11+00:00","mainEntityOfPage":{"@id":"https:\/\/marekkuchcinski.pl\/hu\/wydarzenia\/marek-kuchcinski-kresy-stanowily-o-sile-politycznej-tozsamosci-narodowej-polakow\/"},"wordCount":520,"commentCount":0,"publisher":{"@id":"https:\/\/marekkuchcinski.pl\/#organization"},"image":{"@id":"https:\/\/marekkuchcinski.pl\/hu\/wydarzenia\/marek-kuchcinski-kresy-stanowily-o-sile-politycznej-tozsamosci-narodowej-polakow\/#primaryimage"},"thumbnailUrl":"https:\/\/marekkuchcinski.pl\/wp-content\/uploads\/2019\/01\/IMG_5017-3.jpg","articleSection":["Podkarpacie","Wsp\u00f3\u0142praca mi\u0119dzynarodowa","Wydarzenia"],"inLanguage":"cs","potentialAction":[{"@type":"CommentAction","name":"Comment","target":["https:\/\/marekkuchcinski.pl\/hu\/wydarzenia\/marek-kuchcinski-kresy-stanowily-o-sile-politycznej-tozsamosci-narodowej-polakow\/#respond"]}]},{"@type":"WebPage","@id":"https:\/\/marekkuchcinski.pl\/hu\/wydarzenia\/marek-kuchcinski-kresy-stanowily-o-sile-politycznej-tozsamosci-narodowej-polakow\/","url":"https:\/\/marekkuchcinski.pl\/hu\/wydarzenia\/marek-kuchcinski-kresy-stanowily-o-sile-politycznej-tozsamosci-narodowej-polakow\/","name":"Marek Kuchci\u0144ski: Kresy stanowi\u0142y o sile politycznej i to\u017csamo\u015bci narodowej Polak\u00f3w &#8211; Marek Kuchci\u0144ski","isPartOf":{"@id":"https:\/\/marekkuchcinski.pl\/#website"},"primaryImageOfPage":{"@id":"https:\/\/marekkuchcinski.pl\/hu\/wydarzenia\/marek-kuchcinski-kresy-stanowily-o-sile-politycznej-tozsamosci-narodowej-polakow\/#primaryimage"},"image":{"@id":"https:\/\/marekkuchcinski.pl\/hu\/wydarzenia\/marek-kuchcinski-kresy-stanowily-o-sile-politycznej-tozsamosci-narodowej-polakow\/#primaryimage"},"thumbnailUrl":"https:\/\/marekkuchcinski.pl\/wp-content\/uploads\/2019\/01\/IMG_5017-3.jpg","datePublished":"2019-01-28T09:25:36+00:00","dateModified":"2019-02-10T20:24:11+00:00","breadcrumb":{"@id":"https:\/\/marekkuchcinski.pl\/hu\/wydarzenia\/marek-kuchcinski-kresy-stanowily-o-sile-politycznej-tozsamosci-narodowej-polakow\/#breadcrumb"},"inLanguage":"cs","potentialAction":[{"@type":"ReadAction","target":["https:\/\/marekkuchcinski.pl\/hu\/wydarzenia\/marek-kuchcinski-kresy-stanowily-o-sile-politycznej-tozsamosci-narodowej-polakow\/"]}]},{"@type":"ImageObject","inLanguage":"cs","@id":"https:\/\/marekkuchcinski.pl\/hu\/wydarzenia\/marek-kuchcinski-kresy-stanowily-o-sile-politycznej-tozsamosci-narodowej-polakow\/#primaryimage","url":"https:\/\/marekkuchcinski.pl\/wp-content\/uploads\/2019\/01\/IMG_5017-3.jpg","contentUrl":"https:\/\/marekkuchcinski.pl\/wp-content\/uploads\/2019\/01\/IMG_5017-3.jpg","width":2048,"height":1314},{"@type":"BreadcrumbList","@id":"https:\/\/marekkuchcinski.pl\/hu\/wydarzenia\/marek-kuchcinski-kresy-stanowily-o-sile-politycznej-tozsamosci-narodowej-polakow\/#breadcrumb","itemListElement":[{"@type":"ListItem","position":1,"name":"Strona g\u0142\u00f3wna","item":"https:\/\/marekkuchcinski.pl\/"},{"@type":"ListItem","position":2,"name":"Marek Kuchci\u0144ski: Kresy stanowi\u0142y o sile politycznej i to\u017csamo\u015bci narodowej Polak\u00f3w"}]},{"@type":"WebSite","@id":"https:\/\/marekkuchcinski.pl\/#website","url":"https:\/\/marekkuchcinski.pl\/","name":"Marek Kuchci\u0144ski","description":"Pose\u0142 na sejm RP &ndash; okr\u0119g nr 22","publisher":{"@id":"https:\/\/marekkuchcinski.pl\/#organization"},"potentialAction":[{"@type":"SearchAction","target":{"@type":"EntryPoint","urlTemplate":"https:\/\/marekkuchcinski.pl\/?s={search_term_string}"},"query-input":{"@type":"PropertyValueSpecification","valueRequired":true,"valueName":"search_term_string"}}],"inLanguage":"cs"},{"@type":"Organization","@id":"https:\/\/marekkuchcinski.pl\/#organization","name":"Marek Kuchci\u0144ski","url":"https:\/\/marekkuchcinski.pl\/","logo":{"@type":"ImageObject","inLanguage":"cs","@id":"https:\/\/marekkuchcinski.pl\/#\/schema\/logo\/image\/","url":"https:\/\/marekkuchcinski.pl\/wp-content\/uploads\/2022\/09\/Marek.jpg","contentUrl":"https:\/\/marekkuchcinski.pl\/wp-content\/uploads\/2022\/09\/Marek.jpg","width":1600,"height":971,"caption":"Marek Kuchci\u0144ski"},"image":{"@id":"https:\/\/marekkuchcinski.pl\/#\/schema\/logo\/image\/"}},{"@type":"Person","@id":"https:\/\/marekkuchcinski.pl\/#\/schema\/person\/6f62700996b4d950b6ea2d1183b6c6be","name":"admin","image":{"@type":"ImageObject","inLanguage":"cs","@id":"https:\/\/marekkuchcinski.pl\/#\/schema\/person\/image\/","url":"https:\/\/secure.gravatar.com\/avatar\/4bab693b9d55c3d6b52c0296a8765085?s=96&d=mm&r=g","contentUrl":"https:\/\/secure.gravatar.com\/avatar\/4bab693b9d55c3d6b52c0296a8765085?s=96&d=mm&r=g","caption":"admin"},"url":"https:\/\/marekkuchcinski.pl\/cs\/author\/marta-olejnik\/"}]}},"_links":{"self":[{"href":"https:\/\/marekkuchcinski.pl\/cs\/wp-json\/wp\/v2\/posts\/12892","targetHints":{"allow":["GET"]}}],"collection":[{"href":"https:\/\/marekkuchcinski.pl\/cs\/wp-json\/wp\/v2\/posts"}],"about":[{"href":"https:\/\/marekkuchcinski.pl\/cs\/wp-json\/wp\/v2\/types\/post"}],"author":[{"embeddable":true,"href":"https:\/\/marekkuchcinski.pl\/cs\/wp-json\/wp\/v2\/users\/6"}],"replies":[{"embeddable":true,"href":"https:\/\/marekkuchcinski.pl\/cs\/wp-json\/wp\/v2\/comments?post=12892"}],"version-history":[{"count":33,"href":"https:\/\/marekkuchcinski.pl\/cs\/wp-json\/wp\/v2\/posts\/12892\/revisions"}],"predecessor-version":[{"id":13009,"href":"https:\/\/marekkuchcinski.pl\/cs\/wp-json\/wp\/v2\/posts\/12892\/revisions\/13009"}],"wp:featuredmedia":[{"embeddable":true,"href":"https:\/\/marekkuchcinski.pl\/cs\/wp-json\/wp\/v2\/media\/13052"}],"wp:attachment":[{"href":"https:\/\/marekkuchcinski.pl\/cs\/wp-json\/wp\/v2\/media?parent=12892"}],"wp:term":[{"taxonomy":"category","embeddable":true,"href":"https:\/\/marekkuchcinski.pl\/cs\/wp-json\/wp\/v2\/categories?post=12892"},{"taxonomy":"post_tag","embeddable":true,"href":"https:\/\/marekkuchcinski.pl\/cs\/wp-json\/wp\/v2\/tags?post=12892"}],"curies":[{"name":"wp","href":"https:\/\/api.w.org\/{rel}","templated":true}]}}