{"id":12734,"date":"2019-01-22T14:30:57","date_gmt":"2019-01-22T13:30:57","guid":{"rendered":"https:\/\/marekkuchcinski.pl\/?p=12734"},"modified":"2019-01-22T14:35:05","modified_gmt":"2019-01-22T13:35:05","slug":"zapraszamy-przemysla-konferencje-polacy-wschodzie","status":"publish","type":"post","link":"https:\/\/marekkuchcinski.pl\/cs\/wydarzenia\/zapraszamy-przemysla-konferencje-polacy-wschodzie\/","title":{"rendered":"Zveme v\u00e1s do Przemy\u015blu na konferenci \"Pol\u00e1ci na v\u00fdchod\u011b\"."},"content":{"rendered":"<p style=\"text-align: center;\"><strong>N\u00e1rodn\u00ed muzeum v P\u0159emy\u0161lu a Institut n\u00e1rodn\u00ed pam\u011bti, pobo\u010dka Rzesz\u00f3w, si v\u00e1s dovoluj\u00ed pozvat na konferenci s n\u00e1zvem \"Pol\u00e1ci na v\u00fdchod\u011b.<\/strong><\/p>\n<p style=\"text-align: center;\"><span style=\"color: #800000;\"><strong>Nad konferenc\u00ed p\u0159evzal \u010destnou z\u00e1\u0161titu p\u0159edseda polsk\u00e9ho parlamentu Marek Kuchci\u0144ski.\u00a0<\/strong><\/span><\/p>\n<p style=\"text-align: center;\"><span style=\"color: #000000;\"><strong>Program:<\/strong><\/span><\/p>\n<p style=\"text-align: center;\"><strong>10.00 - M\u0161e svat\u00e1 v arcikac\u00ed\u0159sk\u00e9 bazilice v Przemy\u015blu u p\u0159\u00edle\u017eitosti 90. narozenin Zbigniewa Kuchci\u0144sk\u00e9ho.<\/strong><\/p>\n<p style=\"text-align: center;\"><strong>11.30 - Konference:<\/strong><\/p>\n<p style=\"text-align: center;\"><strong>Uv\u00edtac\u00ed projev Jana Jaro\u0161e, \u0159editele MNZP<\/strong><\/p>\n<p style=\"text-align: center;\"><span style=\"color: #800000;\"><strong>Projev p\u0159edsedy Sejmu Marka Kuchci\u0144sk\u00e9ho<\/strong><\/span><\/p>\n<p style=\"text-align: center;\"><strong>Sov\u011btsk\u00e9 deportace z \u0159eky San v roce 1940. - Tomasz Bereza, pobo\u010dka Institutu n\u00e1rodn\u00ed pam\u011bti v Rzeszow\u011b.<\/strong><\/p>\n<p style=\"text-align: center;\"><strong>Kontakty a pomoc po roce 1989. Jan Jarosz, \u0159editel N\u00e1rodn\u00edho muzea P\u0159emy\u0161lska v Przemy\u015blu.<\/strong><\/p>\n<p style=\"text-align: center;\"><strong>Polsk\u00e1 st\u00e1tn\u00ed politika v\u016f\u010di Pol\u00e1k\u016fm v b\u00fdval\u00e9m polsk\u00e9m pohrani\u010d\u00ed - Maria Koc, m\u00edstop\u0159edsedkyn\u011b Sen\u00e1tu Polsk\u00e9 republiky.<\/strong><\/p>\n<p style=\"text-align: center;\"><strong>Akce se uskute\u010dn\u00ed 27. ledna 2019 v hlavn\u00ed budov\u011b N\u00e1rodn\u00edho muzea zem\u011b Przemyslovy, pl. Berka Joselewicza 1.<\/strong><\/p>\n<p style=\"text-align: center;\">\n<p style=\"text-align: center;\"><a href=\"https:\/\/marekkuchcinski.pl\/wp-content\/uploads\/2019\/01\/plakatmaly_1.jpg\"><img fetchpriority=\"high\" decoding=\"async\" class=\"size-full wp-image-12737 aligncenter\" src=\"https:\/\/marekkuchcinski.pl\/wp-content\/uploads\/2019\/01\/plakatmaly_1.jpg\" alt=\"plakatmaly_1\" width=\"800\" height=\"1067\" srcset=\"https:\/\/marekkuchcinski.pl\/wp-content\/uploads\/2019\/01\/plakatmaly_1.jpg 800w, https:\/\/marekkuchcinski.pl\/wp-content\/uploads\/2019\/01\/plakatmaly_1-225x300.jpg 225w, https:\/\/marekkuchcinski.pl\/wp-content\/uploads\/2019\/01\/plakatmaly_1-768x1024.jpg 768w\" sizes=\"(max-width: 800px) 100vw, 800px\" \/><\/a><\/p>","protected":false},"excerpt":{"rendered":"<p>Muzeum Narodowe Ziemi Przemyskiej oraz Instytut Pami\u0119ci Narodowej Oddzia\u0142 w Rzeszowie serdecznie zapraszaj\u0105 na konferencj\u0119 pod tytu\u0142em &#8222;Polacy na wschodzie&#8221;. Konferencja obj\u0119ta zosta\u0142a honorowym patronatem Marsza\u0142ka Rzeczypospolitej Polskiej Marka Kuchci\u0144skiego.\u00a0 Program: 10.00 &#8211; Msza \u015awi\u0119ta w Bazylice Archikatedralnej w Przemy\u015blu w 90. rocznic\u0119 urodzin Zbigniewa Kuchci\u0144skiego 11.30 &#8211; Konferencja: Powitanie go\u015bci przez dyrektora MNZP\u00a0 Jana [&hellip;]<\/p>\n","protected":false},"author":6,"featured_media":12735,"comment_status":"open","ping_status":"open","sticky":false,"template":"","format":"standard","meta":{"ngg_post_thumbnail":0,"footnotes":""},"categories":[49,3],"tags":[],"class_list":["post-12734","post","type-post","status-publish","format-standard","has-post-thumbnail","hentry","category-podkarpacie","category-wydarzenia"],"_links":{"self":[{"href":"https:\/\/marekkuchcinski.pl\/cs\/wp-json\/wp\/v2\/posts\/12734","targetHints":{"allow":["GET"]}}],"collection":[{"href":"https:\/\/marekkuchcinski.pl\/cs\/wp-json\/wp\/v2\/posts"}],"about":[{"href":"https:\/\/marekkuchcinski.pl\/cs\/wp-json\/wp\/v2\/types\/post"}],"author":[{"embeddable":true,"href":"https:\/\/marekkuchcinski.pl\/cs\/wp-json\/wp\/v2\/users\/6"}],"replies":[{"embeddable":true,"href":"https:\/\/marekkuchcinski.pl\/cs\/wp-json\/wp\/v2\/comments?post=12734"}],"version-history":[{"count":2,"href":"https:\/\/marekkuchcinski.pl\/cs\/wp-json\/wp\/v2\/posts\/12734\/revisions"}],"predecessor-version":[{"id":12738,"href":"https:\/\/marekkuchcinski.pl\/cs\/wp-json\/wp\/v2\/posts\/12734\/revisions\/12738"}],"wp:featuredmedia":[{"embeddable":true,"href":"https:\/\/marekkuchcinski.pl\/cs\/wp-json\/wp\/v2\/media\/12735"}],"wp:attachment":[{"href":"https:\/\/marekkuchcinski.pl\/cs\/wp-json\/wp\/v2\/media?parent=12734"}],"wp:term":[{"taxonomy":"category","embeddable":true,"href":"https:\/\/marekkuchcinski.pl\/cs\/wp-json\/wp\/v2\/categories?post=12734"},{"taxonomy":"post_tag","embeddable":true,"href":"https:\/\/marekkuchcinski.pl\/cs\/wp-json\/wp\/v2\/tags?post=12734"}],"curies":[{"name":"wp","href":"https:\/\/api.w.org\/{rel}","templated":true}]}}