{"id":12600,"date":"2019-01-19T22:20:24","date_gmt":"2019-01-19T21:20:24","guid":{"rendered":"https:\/\/marekkuchcinski.pl\/?p=12600"},"modified":"2019-01-22T10:14:16","modified_gmt":"2019-01-22T09:14:16","slug":"bieszczady-przyciagaja-mlodych-ludzi-stoki-juz-niebawem-maja-szanse-stac-sie-centrum-treningowym-swiatowym-poziomie","status":"publish","type":"post","link":"https:\/\/marekkuchcinski.pl\/cs\/wydarzenia\/bieszczady-przyciagaja-mlodych-ludzi-stoki-juz-niebawem-maja-szanse-stac-sie-centrum-treningowym-swiatowym-poziomie\/","title":{"rendered":"Bieszczady p\u0159itahuj\u00ed ke sjezdovk\u00e1m. Brzy budou m\u00edt \u0161anci st\u00e1t se \u0161kolic\u00edm st\u0159ediskem sv\u011btov\u00e9 \u00farovn\u011b."},"content":{"rendered":"<p style=\"font-weight: 400;\">Podkarpatsk\u00e1 liga d\u011bt\u00ed a ml\u00e1de\u017ee v b\u011bhu na ly\u017e\u00edch a 5. ro\u010dn\u00edk Podkarpatsk\u00e9 ligy d\u011bt\u00ed a ml\u00e1de\u017ee v alpsk\u00e9m ly\u017eov\u00e1n\u00ed byly zah\u00e1jeny v Bieszczadech pod \u010destnou z\u00e1\u0161titou p\u0159edsedy Sejmu Marka Kuchci\u0144sk\u00e9ho, kter\u00fd tuto iniciativu ji\u017e n\u011bkolik let podporuje.<\/p>\n<p style=\"font-weight: 400;\">Z\u00e1vodilo se v \u0161esti v\u011bkov\u00fdch kategori\u00edch na trat\u00edch pojmenovan\u00fdch po Stanislavu Nahajowsk\u00e9m v Ustjanov\u00e9 G\u00f3rn\u00e9.<\/p>\n<p><a href=\"https:\/\/marekkuchcinski.pl\/wp-content\/uploads\/2019\/01\/DSCF3336.jpg\"><img fetchpriority=\"high\" decoding=\"async\" class=\"alignnone size-full wp-image-12607\" src=\"https:\/\/marekkuchcinski.pl\/wp-content\/uploads\/2019\/01\/DSCF3336.jpg\" alt=\"DSCF3336\" width=\"3587\" height=\"2142\" srcset=\"https:\/\/marekkuchcinski.pl\/wp-content\/uploads\/2019\/01\/DSCF3336.jpg 2048w, https:\/\/marekkuchcinski.pl\/wp-content\/uploads\/2019\/01\/DSCF3336-300x179.jpg 300w, https:\/\/marekkuchcinski.pl\/wp-content\/uploads\/2019\/01\/DSCF3336-768x459.jpg 768w, https:\/\/marekkuchcinski.pl\/wp-content\/uploads\/2019\/01\/DSCF3336-1024x611.jpg 1024w\" sizes=\"(max-width: 3587px) 100vw, 3587px\" \/><\/a> <a href=\"https:\/\/marekkuchcinski.pl\/wp-content\/uploads\/2019\/01\/DSCF3314-1.jpg\"><img decoding=\"async\" class=\"alignnone size-full wp-image-12604\" src=\"https:\/\/marekkuchcinski.pl\/wp-content\/uploads\/2019\/01\/DSCF3314-1.jpg\" alt=\"DSCF3314 (1)\" width=\"4352\" height=\"2501\" srcset=\"https:\/\/marekkuchcinski.pl\/wp-content\/uploads\/2019\/01\/DSCF3314-1.jpg 2048w, https:\/\/marekkuchcinski.pl\/wp-content\/uploads\/2019\/01\/DSCF3314-1-300x172.jpg 300w, https:\/\/marekkuchcinski.pl\/wp-content\/uploads\/2019\/01\/DSCF3314-1-768x441.jpg 768w, https:\/\/marekkuchcinski.pl\/wp-content\/uploads\/2019\/01\/DSCF3314-1-1024x588.jpg 1024w\" sizes=\"(max-width: 4352px) 100vw, 4352px\" \/><\/a><a href=\"https:\/\/marekkuchcinski.pl\/wp-content\/uploads\/2019\/01\/DSCF3345.jpg\"><img decoding=\"async\" class=\"alignnone size-full wp-image-12720\" src=\"https:\/\/marekkuchcinski.pl\/wp-content\/uploads\/2019\/01\/DSCF3345.jpg\" alt=\"DSCF3345\" width=\"3250\" height=\"2179\" srcset=\"https:\/\/marekkuchcinski.pl\/wp-content\/uploads\/2019\/01\/DSCF3345.jpg 2048w, https:\/\/marekkuchcinski.pl\/wp-content\/uploads\/2019\/01\/DSCF3345-300x201.jpg 300w, https:\/\/marekkuchcinski.pl\/wp-content\/uploads\/2019\/01\/DSCF3345-768x515.jpg 768w, https:\/\/marekkuchcinski.pl\/wp-content\/uploads\/2019\/01\/DSCF3345-1024x687.jpg 1024w\" sizes=\"(max-width: 3250px) 100vw, 3250px\" \/><\/a><\/p>\n<p>Z iniciativy mar\u0161\u00e1lka Marka Kuchci\u0144sk\u00e9ho se na Podkarpatsku p\u0159ipravuje investi\u010dn\u00ed pl\u00e1n v oblasti sportu, jeho\u017e srdcem m\u00e1 b\u00fdt Centr\u00e1ln\u00ed sportovn\u00ed centrum. St\u0159ediska COS jsou m\u00edsta, kde tr\u00e9nuj\u00ed n\u00e1rodn\u00ed t\u00fdmy na r\u016fzn\u00fdch \u00farovn\u00edch. Polsk\u00e9 sportovn\u00ed svazy zde tr\u00e9nuj\u00ed ml\u00e1de\u017e a sportovce sv\u011btov\u00e9 \u00farovn\u011b.<\/p>\n<p>Tato centra jsou v oble\u017een\u00ed hr\u00e1\u010d\u016f z cel\u00e9 zem\u011b. Pokud jsou v\u0161ak dob\u0159e vybaveny a maj\u00ed modern\u00ed infrastrukturu, vzbuzuj\u00ed z\u00e1jem i u zahrani\u010dn\u00edch n\u00e1v\u0161t\u011bvn\u00edk\u016f. T\u00edm v\u0161ak p\u0159\u00edb\u011bh nekon\u010d\u00ed. COS je \u010dasto centrem sportovn\u00edho \u017eivota cel\u00e9ho regionu. Konaj\u00ed se zde specializovan\u00e1 \u0161kolen\u00ed, kou\u010dovac\u00ed konzultace a v\u011bdeck\u00e1 sympozia. Dal\u0161\u00ed stovky sportovc\u016f hledaj\u00ed ubytov\u00e1n\u00ed v bl\u00edzkosti COS. To p\u0159in\u00e1\u0161\u00ed dal\u0161\u00ed p\u0159\u00edle\u017eitosti pro rozvoj hotelov\u00fdch, zdravotnick\u00fdch a rehabilita\u010dn\u00edch za\u0159\u00edzen\u00ed.<\/p>\n<p>Dobr\u00fdm p\u0159\u00edkladem je COS v Zakopan\u00e9m a Cetniewu, kde ti nejlep\u0161\u00ed trvale \u017eij\u00ed v centru a kolem t\u011bchto za\u0159\u00edzen\u00ed se sou\u010dasn\u011b po\u0159\u00e1daj\u00ed des\u00edtky tr\u00e9ninkov\u00fdch kemp\u016f. Nejinak tomu m\u016f\u017ee b\u00fdt i v p\u0159\u00edpad\u011b obce Ustrzyki Dolne. V okol\u00ed jsou skokansk\u00e9 m\u016fstky, sjezdov\u00e9 a b\u011b\u017eeck\u00e9 trat\u011b a m\u00edsta pro vodn\u00ed sporty. Bieszczady spl\u0148uj\u00ed krit\u00e9ria pro alpsk\u00e9 ly\u017eov\u00e1n\u00ed. Sjezdovky maj\u00ed homologaci FIS a m\u00edstn\u00ed liga se specializuje na technick\u00e9 sout\u011b\u017ee: slalom, ob\u0159\u00ed slalom (Laworta). - Bieszczadsk\u00fd COS je ji\u017e ozna\u010dov\u00e1n jako \"osm\u00fd prvek\". V Polsku m\u00e1me sedm Centr\u00e1ln\u00edch sportovn\u00edch center: Cetniewo, Spala, Szczyrk, Zakopane, Var\u0161ava, W\u0142adys\u0142awowo, Gi\u017cycko a Wa\u0142cz. Ten bude dal\u0161\u00edm do sportovn\u00ed skl\u00e1da\u010dky, kter\u00e1 m\u00e1 region povzbudit i ekonomicky. Jednou ze z\u00e1kladn\u00edch podm\u00ednek je spolupr\u00e1ce m\u00edstn\u00edch org\u00e1n\u016f - \u0159ekl mar\u0161\u00e1l Kuchci\u0144ski, kter\u00fd se dnes se\u0161el s p\u0159edstaviteli samospr\u00e1vy v Ustrzyk\u00e1ch Doln\u00edch, aby projednali koncepci COS a stanovili c\u00edle.<\/p>\n<p><a href=\"https:\/\/marekkuchcinski.pl\/wp-content\/uploads\/2019\/01\/DSCF3587-2-2.jpg\"><img loading=\"lazy\" decoding=\"async\" class=\"alignnone size-full wp-image-12613\" src=\"https:\/\/marekkuchcinski.pl\/wp-content\/uploads\/2019\/01\/DSCF3587-2-2.jpg\" alt=\"DSCF3587 2 2\" width=\"4896\" height=\"3264\" srcset=\"https:\/\/marekkuchcinski.pl\/wp-content\/uploads\/2019\/01\/DSCF3587-2-2.jpg 2048w, https:\/\/marekkuchcinski.pl\/wp-content\/uploads\/2019\/01\/DSCF3587-2-2-300x200.jpg 300w, https:\/\/marekkuchcinski.pl\/wp-content\/uploads\/2019\/01\/DSCF3587-2-2-768x512.jpg 768w, https:\/\/marekkuchcinski.pl\/wp-content\/uploads\/2019\/01\/DSCF3587-2-2-1024x683.jpg 1024w\" sizes=\"(max-width: 4896px) 100vw, 4896px\" \/><\/a><a href=\"https:\/\/marekkuchcinski.pl\/wp-content\/uploads\/2019\/01\/DSCF3354.jpg\"><img loading=\"lazy\" decoding=\"async\" class=\"alignnone size-full wp-image-12721\" src=\"https:\/\/marekkuchcinski.pl\/wp-content\/uploads\/2019\/01\/DSCF3354.jpg\" alt=\"DSCF3354\" width=\"3706\" height=\"2592\" srcset=\"https:\/\/marekkuchcinski.pl\/wp-content\/uploads\/2019\/01\/DSCF3354.jpg 2048w, https:\/\/marekkuchcinski.pl\/wp-content\/uploads\/2019\/01\/DSCF3354-300x210.jpg 300w, https:\/\/marekkuchcinski.pl\/wp-content\/uploads\/2019\/01\/DSCF3354-768x537.jpg 768w, https:\/\/marekkuchcinski.pl\/wp-content\/uploads\/2019\/01\/DSCF3354-1024x716.jpg 1024w\" sizes=\"(max-width: 3706px) 100vw, 3706px\" \/><\/a><a href=\"https:\/\/marekkuchcinski.pl\/wp-content\/uploads\/2019\/01\/DSCF3642.jpg\"><img loading=\"lazy\" decoding=\"async\" class=\"alignnone size-full wp-image-12716\" src=\"https:\/\/marekkuchcinski.pl\/wp-content\/uploads\/2019\/01\/DSCF3642.jpg\" alt=\"DSCF3642\" width=\"4896\" height=\"3264\" srcset=\"https:\/\/marekkuchcinski.pl\/wp-content\/uploads\/2019\/01\/DSCF3642.jpg 2048w, https:\/\/marekkuchcinski.pl\/wp-content\/uploads\/2019\/01\/DSCF3642-300x200.jpg 300w, https:\/\/marekkuchcinski.pl\/wp-content\/uploads\/2019\/01\/DSCF3642-768x512.jpg 768w, https:\/\/marekkuchcinski.pl\/wp-content\/uploads\/2019\/01\/DSCF3642-1024x683.jpg 1024w\" sizes=\"(max-width: 4896px) 100vw, 4896px\" \/><\/a> <a href=\"https:\/\/marekkuchcinski.pl\/wp-content\/uploads\/2019\/01\/DSCF3641.jpg\"><img loading=\"lazy\" decoding=\"async\" class=\"alignnone size-full wp-image-12717\" src=\"https:\/\/marekkuchcinski.pl\/wp-content\/uploads\/2019\/01\/DSCF3641.jpg\" alt=\"DSCF3641\" width=\"4896\" height=\"3264\" srcset=\"https:\/\/marekkuchcinski.pl\/wp-content\/uploads\/2019\/01\/DSCF3641.jpg 2048w, https:\/\/marekkuchcinski.pl\/wp-content\/uploads\/2019\/01\/DSCF3641-300x200.jpg 300w, https:\/\/marekkuchcinski.pl\/wp-content\/uploads\/2019\/01\/DSCF3641-768x512.jpg 768w, https:\/\/marekkuchcinski.pl\/wp-content\/uploads\/2019\/01\/DSCF3641-1024x683.jpg 1024w\" sizes=\"(max-width: 4896px) 100vw, 4896px\" \/><\/a> <a href=\"https:\/\/marekkuchcinski.pl\/wp-content\/uploads\/2019\/01\/DSCF3381.jpg\"><img loading=\"lazy\" decoding=\"async\" class=\"alignnone size-full wp-image-12718\" src=\"https:\/\/marekkuchcinski.pl\/wp-content\/uploads\/2019\/01\/DSCF3381.jpg\" alt=\"DSCF3381\" width=\"4896\" height=\"3264\" srcset=\"https:\/\/marekkuchcinski.pl\/wp-content\/uploads\/2019\/01\/DSCF3381.jpg 2048w, https:\/\/marekkuchcinski.pl\/wp-content\/uploads\/2019\/01\/DSCF3381-300x200.jpg 300w, https:\/\/marekkuchcinski.pl\/wp-content\/uploads\/2019\/01\/DSCF3381-768x512.jpg 768w, https:\/\/marekkuchcinski.pl\/wp-content\/uploads\/2019\/01\/DSCF3381-1024x683.jpg 1024w\" sizes=\"(max-width: 4896px) 100vw, 4896px\" \/><\/a> <a href=\"https:\/\/marekkuchcinski.pl\/wp-content\/uploads\/2019\/01\/DSCF3364.jpg\"><img loading=\"lazy\" decoding=\"async\" class=\"alignnone size-full wp-image-12719\" src=\"https:\/\/marekkuchcinski.pl\/wp-content\/uploads\/2019\/01\/DSCF3364.jpg\" alt=\"DSCF3364\" width=\"4340\" height=\"2832\" srcset=\"https:\/\/marekkuchcinski.pl\/wp-content\/uploads\/2019\/01\/DSCF3364.jpg 2048w, https:\/\/marekkuchcinski.pl\/wp-content\/uploads\/2019\/01\/DSCF3364-300x196.jpg 300w, https:\/\/marekkuchcinski.pl\/wp-content\/uploads\/2019\/01\/DSCF3364-768x501.jpg 768w, https:\/\/marekkuchcinski.pl\/wp-content\/uploads\/2019\/01\/DSCF3364-1024x668.jpg 1024w\" sizes=\"(max-width: 4340px) 100vw, 4340px\" \/><\/a><\/p>\n<p><em>foto\/text mo<\/em><\/p>\n<p>&nbsp;<\/p>\n<p>&nbsp;<\/p>","protected":false},"excerpt":{"rendered":"<p>W Bieszczadach ruszy\u0142a Podkarpacka Liga Dzieci i M\u0142odzie\u017cy w Biegach Narciarskich i V Podkarpacka Liga Dzieci i M\u0142odzie\u017cy w Narciarstwie Alpejskim pod honorowym patronatem marsza\u0142ka Sejmu Marka Kuchci\u0144skiego, kt\u00f3ry wspiera inicjatyw\u0119 od lat. Rywalizacja toczy\u0142a si\u0119 w sze\u015bciu kategoriach wiekowych na trasach im. Stanis\u0142awa Nahajowskiego w Ustjanowej G\u00f3rnej. Z inicjatywy marsza\u0142ka Marka Kuchci\u0144skiego\u00a0przygotowywany jest plan [&hellip;]<\/p>\n","protected":false},"author":6,"featured_media":12607,"comment_status":"open","ping_status":"open","sticky":false,"template":"","format":"standard","meta":{"ngg_post_thumbnail":0,"footnotes":""},"categories":[49,3],"tags":[],"class_list":["post-12600","post","type-post","status-publish","format-standard","has-post-thumbnail","hentry","category-podkarpacie","category-wydarzenia"],"_links":{"self":[{"href":"https:\/\/marekkuchcinski.pl\/cs\/wp-json\/wp\/v2\/posts\/12600","targetHints":{"allow":["GET"]}}],"collection":[{"href":"https:\/\/marekkuchcinski.pl\/cs\/wp-json\/wp\/v2\/posts"}],"about":[{"href":"https:\/\/marekkuchcinski.pl\/cs\/wp-json\/wp\/v2\/types\/post"}],"author":[{"embeddable":true,"href":"https:\/\/marekkuchcinski.pl\/cs\/wp-json\/wp\/v2\/users\/6"}],"replies":[{"embeddable":true,"href":"https:\/\/marekkuchcinski.pl\/cs\/wp-json\/wp\/v2\/comments?post=12600"}],"version-history":[{"count":16,"href":"https:\/\/marekkuchcinski.pl\/cs\/wp-json\/wp\/v2\/posts\/12600\/revisions"}],"predecessor-version":[{"id":12722,"href":"https:\/\/marekkuchcinski.pl\/cs\/wp-json\/wp\/v2\/posts\/12600\/revisions\/12722"}],"wp:featuredmedia":[{"embeddable":true,"href":"https:\/\/marekkuchcinski.pl\/cs\/wp-json\/wp\/v2\/media\/12607"}],"wp:attachment":[{"href":"https:\/\/marekkuchcinski.pl\/cs\/wp-json\/wp\/v2\/media?parent=12600"}],"wp:term":[{"taxonomy":"category","embeddable":true,"href":"https:\/\/marekkuchcinski.pl\/cs\/wp-json\/wp\/v2\/categories?post=12600"},{"taxonomy":"post_tag","embeddable":true,"href":"https:\/\/marekkuchcinski.pl\/cs\/wp-json\/wp\/v2\/tags?post=12600"}],"curies":[{"name":"wp","href":"https:\/\/api.w.org\/{rel}","templated":true}]}}