{"id":12557,"date":"2019-01-18T10:51:41","date_gmt":"2019-01-18T09:51:41","guid":{"rendered":"https:\/\/marekkuchcinski.pl\/?p=12557"},"modified":"2019-01-19T16:52:51","modified_gmt":"2019-01-19T15:52:51","slug":"nowe-miejsca-pracy-rozwoj-miasta-przemyslu-zostal-przywrocony-rejon-energetyczny","status":"publish","type":"post","link":"https:\/\/marekkuchcinski.pl\/cs\/wydarzenia\/nowe-miejsca-pracy-rozwoj-miasta-przemyslu-zostal-przywrocony-rejon-energetyczny\/","title":{"rendered":"Nov\u00e1 pracovn\u00ed m\u00edsta a rozvoj m\u011bsta - v Przemy\u015blu byla obnovena elektr\u00e1rensk\u00e1 \u010dtvr\u0165"},"content":{"rendered":"<p style=\"text-align: justify;\"><strong>Od 15. ledna slou\u017e\u00ed obyvatel\u016fm Przemy\u015blu a okol\u00ed Energetick\u00fd okrsek Przemy\u015bl. Bylo tak\u00e9 z\u0159\u00edzeno distribu\u010dn\u00ed z\u00e1kaznick\u00e9 centrum. O\u010dek\u00e1v\u00e1 se, \u017ee projekt zajist\u00ed rozvoj regionu, nov\u00e1 pracovn\u00ed m\u00edsta a lep\u0161\u00ed dostupnost slu\u017eeb garantovan\u00fdch spole\u010dnost\u00ed PGE.<\/strong><!--more--><\/p>\n<p><strong>\u00a0<\/strong><strong>V r\u00e1mci reorganizace v letech 2012-2013 do\u0161lo ve spole\u010dnosti Przemy\u015bl ke zm\u011bn\u00e1m, kter\u00e9 negativn\u011b ovlivnily kapacitu organizace PGE. Potenci\u00e1l m\u011bsta byl sn\u00ed\u017een, co\u017e nep\u0159\u00edmo ovlivnilo sn\u00ed\u017een\u00ed atraktivity nejv\u011bt\u0161\u00edho polsk\u00e9ho m\u011bsta le\u017e\u00edc\u00edho v t\u011bsn\u00e9 bl\u00edzkosti v\u00fdchodn\u00ed hranice st\u00e1tu a z\u00e1rove\u0148 vnit\u0159n\u00ed hranice Evropsk\u00e9 unie. <\/strong><\/p>\n<p><strong>Rada m\u011bsta Przemy\u0161l proto v roce 2016 p\u0159ijala usnesen\u00ed ve prosp\u011bch zachov\u00e1n\u00ed st\u00e1tn\u00ed energetiky v Przemy\u015blu.<\/strong><\/p>\n<p><strong>\u00a0<\/strong>- D\u00edky podpo\u0159e, kterou poskytl pan Marek Kuchci\u0144ski, p\u0159edseda Sejmu - usnesen\u00edm spr\u00e1vn\u00ed rady spole\u010dnosti Polish Energy Group Dystrybucja S.A. ze dne 15.1.2019. - energetick\u00e9ho okrsku Przemy\u015bl a oblastn\u00edho dispe\u010dinku v Przemy\u015blu, \u0159\u00edk\u00e1 Grzegorz Pietrusza (PGE). Spole\u010dnost RE Przemy\u015bl byla odd\u011blena od spole\u010dnosti RE Jaros\u0142aw a zahrnuje po\u0161tu Energy Post v Birczi a po\u0161tu Energy Post v Dynov\u011b. Obnoven\u00ed Energetick\u00e9ho okrsku v Przemy\u015blu, kter\u00fd byl zlikvidov\u00e1n za vl\u00e1dy koalice PO-PSL, je diktov\u00e1no nejen obchodn\u00edmi \u00favahami souvisej\u00edc\u00edmi s dynamicky se rozv\u00edjej\u00edc\u00edm m\u00edstn\u00edm energetick\u00fdm trhem v Przemy\u015blu a jeho okol\u00ed, ale tak\u00e9 snahou zlep\u0161it dostupnost cel\u00e9 \u0161k\u00e1ly slu\u017eeb poskytovan\u00fdch Spole\u010dnost\u00ed v jej\u00ed nab\u00eddce t\u00fdkaj\u00edc\u00ed se distribu\u010dn\u00edho z\u00e1kazn\u00edka pro m\u00edstn\u00ed komunitu v Przemy\u015blu, a to v r\u00e1mci realizace zlep\u0161en\u00ed dostupnosti slu\u017eeb pro obyvatelstvo zn\u00e1m\u00e9 jako obnova \"m\u00edstn\u00edho Polska\", co\u017e je jedn\u00edm z hlavn\u00edch c\u00edl\u016f vl\u00e1d \"Dobr\u00e9 zm\u011bny\" pro Polsko, dod\u00e1v\u00e1.<\/p>\n<p>Podle Grzegorze Pietruszy se krom\u011b zlep\u0161en\u00ed dostupnosti slu\u017eeb poskytovan\u00fdch spole\u010dnost\u00ed PGE Dystrybucja S.A, obnoven\u00ed RE Przemy\u015bl se prom\u00edtne tak\u00e9 do vzniku nov\u00fdch pracovn\u00edch m\u00edst v energetice v Przemy\u015blu v souvislosti s pot\u0159ebou obsluhovat nov\u00e9 oblasti, kter\u00e9 jsou sou\u010d\u00e1st\u00ed Energetick\u00e9ho okrsku, a tak\u00e9 s p\u0159id\u011blen\u00edm na realizaci nov\u00fdch \u010dinnost\u00ed v r\u00e1mci vy\u0161\u0161\u00ed organiza\u010dn\u00ed \u00farovn\u011b Spole\u010dnosti, kterou je pov\u00fd\u0161en\u00ed z \u00farovn\u011b Elektr\u00e1rny Przemy\u015bl na \u00farove\u0148 Energetick\u00e9ho okrsku, a tak\u00e9 s pl\u00e1novan\u00fdm budouc\u00edm dopln\u011bn\u00edm organiza\u010dn\u00ed struktury Spole\u010dnosti PGE Dystrybucja S.A. o specializovan\u00e9 \u00faseky v r\u00e1mci jednotliv\u00fdch energetick\u00fdch okrsk\u016f. Z\u00e1rove\u0148 je t\u0159eba p\u0159ipomenout, \u017ee jedno pracovn\u00ed m\u00edsto v energetice vytv\u00e1\u0159\u00ed nejm\u00e9n\u011b t\u0159i pracovn\u00ed m\u00edsta v okoln\u00ed ekonomice, co\u017e je pro rozvoj m\u00edstn\u00edho trhu pr\u00e1ce v Przemy\u015blu obzvl\u00e1\u0161t\u011b p\u0159\u00ednosn\u00e9.<\/p>\n<p><a href=\"https:\/\/marekkuchcinski.pl\/wp-content\/uploads\/2019\/01\/IMG_20190107_194151_498.jpg\"><img fetchpriority=\"high\" decoding=\"async\" class=\"alignnone size-full wp-image-12558\" src=\"https:\/\/marekkuchcinski.pl\/wp-content\/uploads\/2019\/01\/IMG_20190107_194151_498.jpg\" alt=\"IMG_20190107_194151_498\" width=\"4873\" height=\"2760\" srcset=\"https:\/\/marekkuchcinski.pl\/wp-content\/uploads\/2019\/01\/IMG_20190107_194151_498.jpg 2048w, https:\/\/marekkuchcinski.pl\/wp-content\/uploads\/2019\/01\/IMG_20190107_194151_498-300x170.jpg 300w, https:\/\/marekkuchcinski.pl\/wp-content\/uploads\/2019\/01\/IMG_20190107_194151_498-768x435.jpg 768w, https:\/\/marekkuchcinski.pl\/wp-content\/uploads\/2019\/01\/IMG_20190107_194151_498-1024x580.jpg 1024w\" sizes=\"(max-width: 4873px) 100vw, 4873px\" \/><\/a><em>Przemy\u015bl, foto: M. Olejnik<\/em><\/p>","protected":false},"excerpt":{"rendered":"<p>Od 15. ledna slou\u017e\u00ed obyvatel\u016fm Przemy\u015blu a okol\u00ed Energetick\u00fd okrsek Przemy\u015bl. Bylo tak\u00e9 z\u0159\u00edzeno distribu\u010dn\u00ed z\u00e1kaznick\u00e9 centrum. O\u010dek\u00e1v\u00e1 se, \u017ee projekt zajist\u00ed rozvoj regionu, nov\u00e1 pracovn\u00ed m\u00edsta a lep\u0161\u00ed dostupnost slu\u017eeb garantovan\u00fdch spole\u010dnost\u00ed PGE.<\/p>","protected":false},"author":6,"featured_media":12558,"comment_status":"open","ping_status":"open","sticky":false,"template":"","format":"standard","meta":{"ngg_post_thumbnail":0,"footnotes":""},"categories":[49,3],"tags":[],"class_list":["post-12557","post","type-post","status-publish","format-standard","has-post-thumbnail","hentry","category-podkarpacie","category-wydarzenia"],"_links":{"self":[{"href":"https:\/\/marekkuchcinski.pl\/cs\/wp-json\/wp\/v2\/posts\/12557","targetHints":{"allow":["GET"]}}],"collection":[{"href":"https:\/\/marekkuchcinski.pl\/cs\/wp-json\/wp\/v2\/posts"}],"about":[{"href":"https:\/\/marekkuchcinski.pl\/cs\/wp-json\/wp\/v2\/types\/post"}],"author":[{"embeddable":true,"href":"https:\/\/marekkuchcinski.pl\/cs\/wp-json\/wp\/v2\/users\/6"}],"replies":[{"embeddable":true,"href":"https:\/\/marekkuchcinski.pl\/cs\/wp-json\/wp\/v2\/comments?post=12557"}],"version-history":[{"count":17,"href":"https:\/\/marekkuchcinski.pl\/cs\/wp-json\/wp\/v2\/posts\/12557\/revisions"}],"predecessor-version":[{"id":12599,"href":"https:\/\/marekkuchcinski.pl\/cs\/wp-json\/wp\/v2\/posts\/12557\/revisions\/12599"}],"wp:featuredmedia":[{"embeddable":true,"href":"https:\/\/marekkuchcinski.pl\/cs\/wp-json\/wp\/v2\/media\/12558"}],"wp:attachment":[{"href":"https:\/\/marekkuchcinski.pl\/cs\/wp-json\/wp\/v2\/media?parent=12557"}],"wp:term":[{"taxonomy":"category","embeddable":true,"href":"https:\/\/marekkuchcinski.pl\/cs\/wp-json\/wp\/v2\/categories?post=12557"},{"taxonomy":"post_tag","embeddable":true,"href":"https:\/\/marekkuchcinski.pl\/cs\/wp-json\/wp\/v2\/tags?post=12557"}],"curies":[{"name":"wp","href":"https:\/\/api.w.org\/{rel}","templated":true}]}}