{"id":12552,"date":"2019-01-18T10:00:06","date_gmt":"2019-01-18T09:00:06","guid":{"rendered":"https:\/\/marekkuchcinski.pl\/?p=12552"},"modified":"2019-01-18T13:01:31","modified_gmt":"2019-01-18T12:01:31","slug":"podsumowanie-76-posiedzenia-sejmu-rp","status":"publish","type":"post","link":"https:\/\/marekkuchcinski.pl\/cs\/wydarzenia\/podsumowanie-76-posiedzenia-sejmu-rp\/","title":{"rendered":"Shrnut\u00ed 76. zased\u00e1n\u00ed polsk\u00e9ho Sejmu"},"content":{"rendered":"<p dir=\"ltr\"><strong>B\u011bhem prvn\u00edho dne zased\u00e1n\u00ed schv\u00e1lil Sejm st\u00e1tn\u00ed rozpo\u010det na rok 2019 s maxim\u00e1ln\u00edm schodkem 28,5 miliardy PLN. Zased\u00e1n\u00ed bylo zah\u00e1jeno minutou ticha na pam\u00e1tku zesnul\u00e9ho starosty Gda\u0148sku Paw\u0142a Adamowicze.<\/strong><\/p>\n<p dir=\"ltr\">Nov\u00fd rozpo\u010det m\u00e1 zachovat udr\u017eitelnost ve\u0159ejn\u00fdch financ\u00ed<strong>\u00a0<\/strong>s podporou hospod\u00e1\u0159sk\u00e9ho r\u016fstu a solid\u00e1rn\u00ed soci\u00e1ln\u00ed politiky.<\/p>\n<p dir=\"ltr\">Na stran\u011b p\u0159\u00edjm\u016f je zohledn\u011bno zaveden\u00ed nov\u00e9ho,<strong><span style=\"color: #800000;\"> 9procentn\u00ed sazba CIT pro mal\u00e9 a st\u0159edn\u00ed podniky.<\/span><\/strong> Na stran\u011b v\u00fddaj\u016f n\u00e1vrh poskytuje prost\u0159edky na prioritn\u00ed \u00fakoly vl\u00e1dy, v\u010detn\u011b pokra\u010dov\u00e1n\u00ed program\u016f. <strong><span style=\"color: #800000;\">\"Rodina 500 plus\"<\/span>, <span style=\"color: #800000;\">\"Dobr\u00fd za\u010d\u00e1tek\"<\/span>,<\/strong> <strong><span style=\"color: #800000;\">zv\u00fd\u0161en\u00ed plat\u016f st\u00e1tn\u00edch zam\u011bstnanc\u016f, zv\u00fd\u0161en\u00ed soci\u00e1ln\u00edch d\u016fchod\u016f, valorizaci d\u016fchod\u016f, bezplatn\u00e9 l\u00e9ky pro seniory a dal\u0161\u00ed zv\u00fd\u0161en\u00ed v\u00fddaj\u016f na obranu.<\/span><\/strong>. Bylo pl\u00e1nov\u00e1no, \u017ee v roce 2019 budou p\u0159\u00edjmy st\u00e1tn\u00edho rozpo\u010dtu \u010dinit 388 miliard 294 milion\u016f 520 tis\u00edc PLN, zat\u00edmco v\u00fddaje 416 miliard 794 milion\u016f 520 tis\u00edc PLN. Rovn\u011b\u017e se p\u0159edpokl\u00e1d\u00e1 r\u016fst HDP o 3,8 % a inflace by nem\u011bla p\u0159ekro\u010dit 2,3 %. Schodek sektoru ve\u0159ejn\u00fdch financ\u00ed se p\u0159edpokl\u00e1d\u00e1 ve v\u00fd\u0161i 1,7 %.<\/p>\n<p dir=\"ltr\">B\u011bhem druh\u00e9ho dne zased\u00e1n\u00ed byla p\u0159ijata rezoluce k uct\u011bn\u00ed pam\u00e1tky ob\u011bt\u00ed. <span style=\"color: #800000;\"><strong>100. v\u00fdro\u010d\u00ed zah\u00e1jen\u00ed \u010dinnosti \u00dastavod\u00e1rn\u00e9ho shrom\u00e1\u017ed\u011bn\u00ed\u00a0<\/strong><span style=\"color: #000000;\">\"Svol\u00e1n\u00ed parlamentu pova\u017eujeme za vrcholn\u00fd symbol znovuz\u00edsk\u00e1n\u00ed nez\u00e1vislosti a vzk\u0159\u00ed\u0161en\u00ed republik\u00e1nsk\u00fdch tradic po 123 letech rozd\u011blen\u00ed. Vyvrcholen\u00edm pr\u00e1ce z\u00e1konod\u00e1rn\u00e9ho Sejmu bylo p\u0159ijet\u00ed z\u00e1kona ze 17. b\u0159ezna 1921 - \u00dastavy Polsk\u00e9 republiky - prvn\u00ed modern\u00ed polsk\u00e9 \u00fastavy, kter\u00e1 p\u0159iznala nejvy\u0161\u0161\u00ed moc n\u00e1rodu a zavedla rovnost\u00e1\u0159sk\u00fd syst\u00e9m demokratick\u00e9 republiky.\" - uv\u00e1d\u00ed text usnesen\u00ed p\u0159ijat\u00e9ho aklamac\u00ed.<\/span><strong>\u00a0\u010clenov\u00e9 si p\u0159ipomn\u011bli pam\u00e1tku americk\u00e9ho prezidenta Thomase Woodrowa Wilsona. <\/strong><span style=\"color: #000000;\">Rezoluce zd\u016fraznila, \u017ee prezident Wilson m\u00e1 zvl\u00e1\u0161tn\u00ed z\u00e1sluhy o polskou nez\u00e1vislost. \"Ve sv\u00e9m projevu v Kongresu USA p\u0159edstavil m\u00edrov\u00fd program, v jeho\u017e 13. bod\u011b navrhl vytvo\u0159en\u00ed nez\u00e1visl\u00e9ho polsk\u00e9ho st\u00e1tu. Upevnil p\u0159\u00e1telstv\u00ed mezi polsk\u00fdm a americk\u00fdm n\u00e1rodem odkazem na hodnoty, kter\u00e9 n\u00e1s spojuj\u00ed: nezpochybniteln\u00e9 pr\u00e1vo n\u00e1rod\u016f na sebeur\u010den\u00ed, svobodu a rovnost,\" p\u00ed\u0161e se v dokumentu.\u00a0<\/span><\/span><\/p>\n<p dir=\"ltr\">Bylo tak\u00e9 p\u0159ijato usnesen\u00ed ke 100. v\u00fdro\u010d\u00ed vzniku m\u011bsta.<span style=\"color: #800000;\"><strong> Sdru\u017een\u00ed polsk\u00fdch zem\u011bm\u011b\u0159i\u010d\u016f, <\/strong><span style=\"color: #000000;\">prob\u011bhlo prvn\u00ed \u010dten\u00ed n\u00e1vrhu<\/span><strong> Pr\u00e1vo na v\u00fdzkumnou s\u00ed\u0165 \u0141ukasiewicz <\/strong><span style=\"color: #000000;\">a d<\/span><\/span><span style=\"color: #800000;\"><span style=\"color: #000000;\">okonano<\/span><strong>\u00a0volba nov\u00e9ho \u010dlena St\u00e1tn\u00edho tribun\u00e1lu <\/strong><span style=\"color: #000000;\">- Maciej Prostko<\/span><\/span><span style=\"color: #000000;\">.<\/span><\/p>\n<p dir=\"ltr\">Krom\u011b toho poslanci Evropsk\u00e9ho parlamentu zm\u011bnili <span style=\"color: #800000;\"><strong>z\u00e1kon o cizinc\u00edch<\/strong><\/span>, kter\u00fd stanov\u00ed, \u017ee st\u00e1tn\u00ed p\u0159\u00edslu\u0161n\u00edci zem\u00ed mimo EU budou moci z\u00edskat povolen\u00ed k do\u010dasn\u00e9mu pobytu v Polsku v r\u00e1mci vnitropodnikov\u00e9ho p\u0159esunu z jin\u00e9 zem\u011b mimo EU.<\/p>\n<p dir=\"ltr\">P\u0159ijat\u00fd pozm\u011b\u0148ovac\u00ed n\u00e1vrh <span style=\"color: #800000;\"><strong>Pr\u00e1vo pr\u016fmyslov\u00e9ho vlastnictv\u00ed<\/strong><\/span> vypl\u00fdvaj\u00edc\u00ed z pot\u0159eby prov\u00e9st sm\u011brnici Evropsk\u00e9ho parlamentu a Rady (EU) 2015\/2436 ze dne 16. prosince 2015, jej\u00edm\u017e c\u00edlem je vytvo\u0159it trvalou a vz\u00e1jemn\u011b se dopl\u0148uj\u00edc\u00ed koexistenci mezi syst\u00e9my ochrany ochrann\u00fdch zn\u00e1mek Spole\u010denstv\u00ed a n\u00e1rodn\u00edmi syst\u00e9my ochrany ochrann\u00fdch zn\u00e1mek.<\/p>\n<p dir=\"ltr\">V pozm\u011b\u0148ovac\u00edm n\u00e1vrhu <span style=\"color: #800000;\"><strong>Z\u00e1kon o platb\u00e1ch<\/strong><\/span> v r\u00e1mci re\u017eim\u016f p\u0159\u00edm\u00e9 podpory<span style=\"text-decoration: underline;\"><strong>\u00a0<\/strong><\/span>\u0159e\u0161en\u00ed uplatn\u011bn\u00e9 v roce 2018, kter\u00e9 umo\u017e\u0148uje zem\u011bd\u011blc\u016fm \u017e\u00e1daj\u00edc\u00edm o p\u0159\u00edm\u00e9 platby nebo platby na plochu v r\u00e1mci Programu rozvoje venkova (PRV) p\u0159edlo\u017eit m\u00edsto \u017e\u00e1dosti o tyto platby prohl\u00e1\u0161en\u00ed potvrzuj\u00edc\u00ed, \u017ee nedo\u0161lo ke zm\u011bn\u00e1m oproti \u017e\u00e1dosti z p\u0159edchoz\u00edho roku, bylo prodlou\u017eeno na rok 2019.<\/p>\n<p dir=\"ltr\">Sejm p\u0159i schvalov\u00e1n\u00ed novely <span style=\"color: #800000;\"><strong>Z\u00e1kon o bankovn\u00edm z\u00e1ru\u010dn\u00edm fondu, syst\u00e9mu poji\u0161t\u011bn\u00ed vklad\u016f a nucen\u00e9 restrukturalizaci,<\/strong><\/span> p\u0159ijal zm\u011bny, kter\u00e9 maj\u00ed zefektivnit proces povinn\u00e9 restrukturalizace, zejm\u00e9na pokud jde o prov\u00e1d\u011bn\u00ed z\u00e1chrany formou bail-inu v r\u00e1mci tohoto procesu.<\/p>\n<p dir=\"ltr\">Poslanci rovn\u011b\u017e pozm\u011bnili <strong><span style=\"color: #800000;\">o hazardn\u00edch hr\u00e1ch roz\u0161\u00ed\u0159en\u00edm<\/span><\/strong> katalog \u00fa\u010del\u016f, na kter\u00e9 lze pou\u017e\u00edt prost\u0159edky Fondu rozvoje t\u011blesn\u00e9 kultury, aby zahrnoval v\u00fddaje na podporu rozvoje soci\u00e1ln\u00edho cestovn\u00edho ruchu.<\/p>\n<p dir=\"ltr\">Sejm p\u0159ijal pozm\u011b\u0148ovac\u00ed n\u00e1vrhy Sen\u00e1tu, kter\u00e9 se t\u00fdkaj\u00ed <span style=\"color: #800000;\"><strong>Z\u00e1kon o nadaci Future Industry Platform<\/strong><\/span>. N\u00e1vrh z\u00e1kona bude nyn\u00ed p\u0159edlo\u017een prezidentovi.<\/p>\n<p dir=\"ltr\"><a href=\"https:\/\/marekkuchcinski.pl\/wp-content\/uploads\/2019\/01\/LB1_8296.jpg\"><img fetchpriority=\"high\" decoding=\"async\" class=\"alignnone size-full wp-image-12553\" src=\"https:\/\/marekkuchcinski.pl\/wp-content\/uploads\/2019\/01\/LB1_8296.jpg\" alt=\"LB1_8296\" width=\"2790\" height=\"1827\" srcset=\"https:\/\/marekkuchcinski.pl\/wp-content\/uploads\/2019\/01\/LB1_8296.jpg 2048w, https:\/\/marekkuchcinski.pl\/wp-content\/uploads\/2019\/01\/LB1_8296-300x196.jpg 300w, https:\/\/marekkuchcinski.pl\/wp-content\/uploads\/2019\/01\/LB1_8296-768x503.jpg 768w, https:\/\/marekkuchcinski.pl\/wp-content\/uploads\/2019\/01\/LB1_8296-1024x671.jpg 1024w\" sizes=\"(max-width: 2790px) 100vw, 2790px\" \/><\/a><a href=\"https:\/\/marekkuchcinski.pl\/wp-content\/uploads\/2019\/01\/LB1_8281.jpg\"><img decoding=\"async\" class=\"alignnone size-full wp-image-12554\" src=\"https:\/\/marekkuchcinski.pl\/wp-content\/uploads\/2019\/01\/LB1_8281.jpg\" alt=\"LB1_8281\" width=\"4176\" height=\"2784\" srcset=\"https:\/\/marekkuchcinski.pl\/wp-content\/uploads\/2019\/01\/LB1_8281.jpg 2048w, https:\/\/marekkuchcinski.pl\/wp-content\/uploads\/2019\/01\/LB1_8281-300x200.jpg 300w, https:\/\/marekkuchcinski.pl\/wp-content\/uploads\/2019\/01\/LB1_8281-768x512.jpg 768w, https:\/\/marekkuchcinski.pl\/wp-content\/uploads\/2019\/01\/LB1_8281-1024x683.jpg 1024w\" sizes=\"(max-width: 4176px) 100vw, 4176px\" \/><\/a><\/p>","protected":false},"excerpt":{"rendered":"<p>Podczas pierwszego dnia posiedzenia Sejm uchwali\u0142 bud\u017cet pa\u0144stwa na 2019 r. z maksymalnym deficytem 28,5 mld z\u0142. Obrady rozpocz\u0119to minut\u0105 ciszy ku czci\u00a0zmar\u0142ego prezydenta Gda\u0144ska, Paw\u0142a Adamowicza. Nowy bud\u017cet ma utrzyma\u0107\u00a0stabilno\u015b\u0107 finans\u00f3w publicznych\u00a0przy wspieraniu wzrostu gospodarczego i solidarno\u015bciowej polityki spo\u0142ecznej. Strona dochodowa uwzgl\u0119dnia wprowadzenie\u00a0nowej, 9 proc. stawki w podatku CIT dla ma\u0142ych i \u015brednich przedsi\u0119biorstw. [&hellip;]<\/p>\n","protected":false},"author":6,"featured_media":12553,"comment_status":"open","ping_status":"open","sticky":false,"template":"","format":"standard","meta":{"ngg_post_thumbnail":0,"footnotes":""},"categories":[81,3],"tags":[],"class_list":["post-12552","post","type-post","status-publish","format-standard","has-post-thumbnail","hentry","category-wiesci-z-sejmu","category-wydarzenia"],"_links":{"self":[{"href":"https:\/\/marekkuchcinski.pl\/cs\/wp-json\/wp\/v2\/posts\/12552","targetHints":{"allow":["GET"]}}],"collection":[{"href":"https:\/\/marekkuchcinski.pl\/cs\/wp-json\/wp\/v2\/posts"}],"about":[{"href":"https:\/\/marekkuchcinski.pl\/cs\/wp-json\/wp\/v2\/types\/post"}],"author":[{"embeddable":true,"href":"https:\/\/marekkuchcinski.pl\/cs\/wp-json\/wp\/v2\/users\/6"}],"replies":[{"embeddable":true,"href":"https:\/\/marekkuchcinski.pl\/cs\/wp-json\/wp\/v2\/comments?post=12552"}],"version-history":[{"count":19,"href":"https:\/\/marekkuchcinski.pl\/cs\/wp-json\/wp\/v2\/posts\/12552\/revisions"}],"predecessor-version":[{"id":12589,"href":"https:\/\/marekkuchcinski.pl\/cs\/wp-json\/wp\/v2\/posts\/12552\/revisions\/12589"}],"wp:featuredmedia":[{"embeddable":true,"href":"https:\/\/marekkuchcinski.pl\/cs\/wp-json\/wp\/v2\/media\/12553"}],"wp:attachment":[{"href":"https:\/\/marekkuchcinski.pl\/cs\/wp-json\/wp\/v2\/media?parent=12552"}],"wp:term":[{"taxonomy":"category","embeddable":true,"href":"https:\/\/marekkuchcinski.pl\/cs\/wp-json\/wp\/v2\/categories?post=12552"},{"taxonomy":"post_tag","embeddable":true,"href":"https:\/\/marekkuchcinski.pl\/cs\/wp-json\/wp\/v2\/tags?post=12552"}],"curies":[{"name":"wp","href":"https:\/\/api.w.org\/{rel}","templated":true}]}}