{"id":12471,"date":"2019-01-15T17:01:33","date_gmt":"2019-01-15T16:01:33","guid":{"rendered":"https:\/\/marekkuchcinski.pl\/?p=12471"},"modified":"2019-01-15T17:01:33","modified_gmt":"2019-01-15T16:01:33","slug":"marek-kuchcinski-wreczyl-krzyz-wolnosci-solidarnosci-ks-pralatowi-eugeniuszowi-dryniakowi","status":"publish","type":"post","link":"https:\/\/marekkuchcinski.pl\/cs\/wydarzenia\/marek-kuchcinski-wreczyl-krzyz-wolnosci-solidarnosci-ks-pralatowi-eugeniuszowi-dryniakowi\/","title":{"rendered":"Marek Kuchci\u0144ski p\u0159edal Mons. Eugeniuszovi Dryniakovi K\u0159\u00ed\u017e svobody a solidarity."},"content":{"rendered":"<p dir=\"ltr\">- V osmdes\u00e1t\u00fdch letech p\u016fsobil otec Eugeniusz jako kaplan Solidarity v Rzeszow\u011b, pozd\u011bji v Przemy\u015blu. K\u00e1zal odv\u00e1\u017en\u00e1 vlasteneck\u00e1 k\u00e1z\u00e1n\u00ed, spoluorganizoval setk\u00e1n\u00ed podzemn\u00edch aktivist\u016f ve sv\u00e9m byt\u011b,\" vyjmenoval kn\u011bzovy z\u00e1sluhy p\u0159edseda Sejmu Marek Kuchci\u0144ski, kter\u00fd 11. ledna p\u0159edal jm\u00e9nem prezidenta vyznamen\u00e1n\u00ed b\u00fdval\u00e9mu far\u00e1\u0159i v Nov\u00e9m Zagor\u00ed na Podkarpatsku.<\/p>\n<p dir=\"ltr\">Katolick\u00e1 c\u00edrkev sehr\u00e1la v obdob\u00ed komunismu, a zejm\u00e9na v dob\u011b stann\u00e9ho pr\u00e1va, velkou roli; jednak t\u00edm, \u017ee pom\u00e1hala spole\u010dnosti organizovat se proti vizi socialistick\u00e9 spole\u010dnosti, kterou j\u00ed vnucovaly \u00fa\u0159ady, a jednak t\u00edm, \u017ee soci\u00e1ln\u00ed u\u010den\u00ed c\u00edrkve bylo alternativou ke komunistick\u00e9 vizi. V podm\u00ednk\u00e1ch \u017eivota v Polsk\u00e9 lidov\u00e9 republice nelze tuto pomoc p\u0159ece\u0148ovat.<\/p>\n<p dir=\"ltr\">V obdob\u00ed stann\u00e9ho pr\u00e1va se mnoho kn\u011b\u017e\u00ed pod\u00edlelo na konkr\u00e9tn\u00ed pomoci spole\u010dnosti, kter\u00e1 se br\u00e1nila totalitn\u00edm \u00fa\u0159ad\u016fm. Mezi nimi byl i P. Dryniak, vysv\u011bcen\u00fd v roce 1980, kter\u00fd byl jako vik\u00e1\u0159 rzeszowsk\u00e9 farnosti Nejsv\u011bt\u011bj\u0161\u00ed sv\u00e1tosti v Drabiniance jmenov\u00e1n biskupem (Ignacy Tokarczuk) kaplanem DLP (Duszpasterstwo Ludzi Pracy). Ustavuj\u00edc\u00ed sch\u016fze DLP, kter\u00e1 se konala v \u010dervenci 1984, se podle odhad\u016f SB z\u00fa\u010dastnilo asi osm set lid\u00ed. P\u00e1ter Eugeniusz podporoval opozi\u010dn\u00ed kruhy a neofici\u00e1ln\u011b tak\u00e9 spolupracoval s RKW (Region\u00e1ln\u00ed v\u00fdkonn\u00e1 komise \"Solidarity\").<\/p>\n<p dir=\"ltr\">Spoluorganizoval vyd\u00e1v\u00e1n\u00ed a distribuci undergroundov\u00e9ho m\u00edstn\u00edho i celost\u00e1tn\u00edho tisku, mimo jin\u00e9 \"Tygodnik Mazowsze\", \"Wola\", \"Przegl\u0105d Wiadomo\u015bci Agencyjnych\", \"Hutnik\", a tak\u00e9 report\u00e1\u017ee z Konvertibiln\u00edho \u010dasopisu \"Zku\u0161enosti a budoucnost\". Jeho byt slou\u017eil jako sklad pap\u00edru a matric a jako distribu\u010dn\u00ed m\u00edsto pro undergroundov\u00fd tisk a publikace. Byl spoluorganiz\u00e1torem a duchovn\u00edm pr\u016fvodcem Rzesz\u00f3wsk\u00e9 a Przemy\u0161lsk\u00e9 pouti \"Solidarity\" na Jasnou Horu - celost\u00e1tn\u00ed Pouti pracuj\u00edc\u00edho lidu. Spolupo\u0159\u00e1dal tak\u00e9 cesty do Var\u0161avy p\u0159i p\u0159\u00edle\u017eitosti n\u00e1v\u0161t\u011bv Jana Pavla II. v Polsku a na poh\u0159eb blahoslaven\u00e9ho otce Jerzyho Popie\u0142uszka a v pozd\u011bj\u0161\u00edch letech i k jeho hrobu. Aktivn\u011b ho vy\u0161et\u0159ovalo IV. odd\u011blen\u00ed WUSW v Rzesz\u00f3w\u011b.<\/p>\n<p dir=\"ltr\">K\u0159\u00ed\u017e svobody a solidarity je unik\u00e1tn\u00ed st\u00e1tn\u00ed vyznamen\u00e1n\u00ed, kter\u00e9 ud\u011bluje prezident Polsk\u00e9 republiky zaslou\u017eil\u00fdm opozi\u010dn\u00edm aktivist\u016fm v letech 1956-1989 na \u017e\u00e1dost Institutu n\u00e1rodn\u00ed pam\u011bti. Mons. Dryniak byl za svou podzemn\u00ed \u010dinnost ji\u017e d\u0159\u00edve vyznamen\u00e1n Ryt\u00ed\u0159sk\u00fdm k\u0159\u00ed\u017eem \u0158\u00e1du Polonia Restituta a tak\u00e9 so\u0161kou Pam\u00e1tn\u00edku padl\u00fdm lod\u011bnick\u00fdm d\u011bln\u00edk\u016fm (Gda\u0148sk\u00e9 k\u0159\u00ed\u017ee).<\/p>\n<p dir=\"ltr\"><a href=\"https:\/\/marekkuchcinski.pl\/wp-content\/uploads\/2019\/01\/k1.jpg\"><img fetchpriority=\"high\" decoding=\"async\" class=\"alignnone size-full wp-image-12475\" src=\"https:\/\/marekkuchcinski.pl\/wp-content\/uploads\/2019\/01\/k1.jpg\" alt=\"k1\" width=\"1252\" height=\"896\" srcset=\"https:\/\/marekkuchcinski.pl\/wp-content\/uploads\/2019\/01\/k1.jpg 1252w, https:\/\/marekkuchcinski.pl\/wp-content\/uploads\/2019\/01\/k1-300x215.jpg 300w, https:\/\/marekkuchcinski.pl\/wp-content\/uploads\/2019\/01\/k1-768x550.jpg 768w, https:\/\/marekkuchcinski.pl\/wp-content\/uploads\/2019\/01\/k1-1024x733.jpg 1024w\" sizes=\"(max-width: 1252px) 100vw, 1252px\" \/><\/a> <a href=\"https:\/\/marekkuchcinski.pl\/wp-content\/uploads\/2019\/01\/k2-1.jpg\"><img decoding=\"async\" class=\"alignnone size-full wp-image-12476\" src=\"https:\/\/marekkuchcinski.pl\/wp-content\/uploads\/2019\/01\/k2-1.jpg\" alt=\"k2\" width=\"836\" height=\"526\" srcset=\"https:\/\/marekkuchcinski.pl\/wp-content\/uploads\/2019\/01\/k2-1.jpg 836w, https:\/\/marekkuchcinski.pl\/wp-content\/uploads\/2019\/01\/k2-1-300x189.jpg 300w, https:\/\/marekkuchcinski.pl\/wp-content\/uploads\/2019\/01\/k2-1-768x483.jpg 768w\" sizes=\"(max-width: 836px) 100vw, 836px\" \/><\/a><\/p>","protected":false},"excerpt":{"rendered":"<p>&#8211; W latach 80. ks. Eugeniusz by\u0142 kapelanem Solidarno\u015bci w Rzeszowie,\u00a0 p\u00f3\u017aniej w Przemy\u015blu. G\u0142osi\u0142 odwa\u017cne kazania patriotyczne, wsp\u00f3\u0142organizowa\u0142 we w\u0142asnym mieszkaniu spotkania dzia\u0142aczy podziemia &#8211; wymieni\u0142 zas\u0142ugi kap\u0142ana marsza\u0142ek Sejmu Marek Kuchci\u0144ski, kt\u00f3ry wr\u0119czy\u0142 odznaczenie w imieniu Prezydenta by\u0142emu proboszczowi parafii w Nowym Zag\u00f3rzu na Podkarpaciu 11 stycznia. Ko\u015bci\u00f3\u0142 katolicki, w okresie komunizmu, a [&hellip;]<\/p>\n","protected":false},"author":6,"featured_media":12474,"comment_status":"open","ping_status":"open","sticky":false,"template":"","format":"standard","meta":{"ngg_post_thumbnail":0,"footnotes":""},"categories":[49,3],"tags":[],"class_list":["post-12471","post","type-post","status-publish","format-standard","has-post-thumbnail","hentry","category-podkarpacie","category-wydarzenia"],"_links":{"self":[{"href":"https:\/\/marekkuchcinski.pl\/cs\/wp-json\/wp\/v2\/posts\/12471","targetHints":{"allow":["GET"]}}],"collection":[{"href":"https:\/\/marekkuchcinski.pl\/cs\/wp-json\/wp\/v2\/posts"}],"about":[{"href":"https:\/\/marekkuchcinski.pl\/cs\/wp-json\/wp\/v2\/types\/post"}],"author":[{"embeddable":true,"href":"https:\/\/marekkuchcinski.pl\/cs\/wp-json\/wp\/v2\/users\/6"}],"replies":[{"embeddable":true,"href":"https:\/\/marekkuchcinski.pl\/cs\/wp-json\/wp\/v2\/comments?post=12471"}],"version-history":[{"count":2,"href":"https:\/\/marekkuchcinski.pl\/cs\/wp-json\/wp\/v2\/posts\/12471\/revisions"}],"predecessor-version":[{"id":12477,"href":"https:\/\/marekkuchcinski.pl\/cs\/wp-json\/wp\/v2\/posts\/12471\/revisions\/12477"}],"wp:featuredmedia":[{"embeddable":true,"href":"https:\/\/marekkuchcinski.pl\/cs\/wp-json\/wp\/v2\/media\/12474"}],"wp:attachment":[{"href":"https:\/\/marekkuchcinski.pl\/cs\/wp-json\/wp\/v2\/media?parent=12471"}],"wp:term":[{"taxonomy":"category","embeddable":true,"href":"https:\/\/marekkuchcinski.pl\/cs\/wp-json\/wp\/v2\/categories?post=12471"},{"taxonomy":"post_tag","embeddable":true,"href":"https:\/\/marekkuchcinski.pl\/cs\/wp-json\/wp\/v2\/tags?post=12471"}],"curies":[{"name":"wp","href":"https:\/\/api.w.org\/{rel}","templated":true}]}}