{"id":12405,"date":"2019-01-09T16:00:04","date_gmt":"2019-01-09T15:00:04","guid":{"rendered":"https:\/\/marekkuchcinski.pl\/?p=12405"},"modified":"2019-01-09T16:00:04","modified_gmt":"2019-01-09T15:00:04","slug":"450-temu-rozpoczely-sie-obrady-sejmu-poprzedzajace-zawarcie-unii-polsko-litewskiej","status":"publish","type":"post","link":"https:\/\/marekkuchcinski.pl\/cs\/wydarzenia\/450-temu-rozpoczely-sie-obrady-sejmu-poprzedzajace-zawarcie-unii-polsko-litewskiej\/","title":{"rendered":"P\u0159ed 450 lety za\u010dalo zased\u00e1n\u00ed Sejmu, kter\u00e9 p\u0159edch\u00e1zelo uzav\u0159en\u00ed polsko-litevsk\u00e9 unie."},"content":{"rendered":"<p><strong>10. ledna 1569 zah\u00e1jil na z\u00e1mku v Lublinu sejm zased\u00e1n\u00ed, kter\u00e9 p\u0159edch\u00e1zelo uzav\u0159en\u00ed polsko-litevsk\u00e9 unie, je\u017e vytvo\u0159ila geopolitickou velmoc.<\/strong><\/p>\n<p>C\u00edlem v\u00fd\u0161e zm\u00edn\u011bn\u00e9ho Sejmu bylo trvale sjednotit Korunu a Litevsk\u00e9 velkokn\u00ed\u017eectv\u00ed. Vznikl nov\u00fd st\u00e1t, kter\u00fd trval a\u017e do 18. stolet\u00ed. - Rzeczpospolita Polsko-litevsk\u00e1.<\/p>\n<p>- Minulost n\u00e1s u\u010d\u00ed, \u017ee kdy\u017e jsme byli spolu, byli jsme skv\u011bl\u00ed a siln\u00ed,\" \u0159ekl mar\u0161\u00e1lek Seimasu Marek Kuchcinski na lo\u0148sk\u00e9m zased\u00e1n\u00ed litevsk\u00e9ho Seimasu. - \"Chceme obnovit \u010dinnost parlamentn\u00edho shrom\u00e1\u017ed\u011bn\u00ed Polska a Litvy; dne\u0161ek je signum temporis pro parlamentn\u00ed diplomacii, zejm\u00e9na v na\u0161\u00ed \u010d\u00e1sti Evropy,\" \u0159ekl p\u0159edseda parlamentu.<\/p>\n<p><a href=\"https:\/\/marekkuchcinski.pl\/wp-content\/uploads\/2019\/01\/J._Matejko_unia_lubelska.png\"><img fetchpriority=\"high\" decoding=\"async\" class=\"alignnone size-full wp-image-12406\" src=\"https:\/\/marekkuchcinski.pl\/wp-content\/uploads\/2019\/01\/J._Matejko_unia_lubelska.png\" alt=\"J._Matejko_unia_lubelska\" width=\"1280\" height=\"743\" srcset=\"https:\/\/marekkuchcinski.pl\/wp-content\/uploads\/2019\/01\/J._Matejko_unia_lubelska.png 1280w, https:\/\/marekkuchcinski.pl\/wp-content\/uploads\/2019\/01\/J._Matejko_unia_lubelska-300x174.png 300w, https:\/\/marekkuchcinski.pl\/wp-content\/uploads\/2019\/01\/J._Matejko_unia_lubelska-768x446.png 768w, https:\/\/marekkuchcinski.pl\/wp-content\/uploads\/2019\/01\/J._Matejko_unia_lubelska-1024x594.png 1024w\" sizes=\"(max-width: 1280px) 100vw, 1280px\" \/><\/a><em>malba: Jan Matejko \"Unie Lubesy\"<\/em><a href=\"https:\/\/marekkuchcinski.pl\/wp-content\/uploads\/2019\/01\/550-wyb-6.jpg\"><img decoding=\"async\" class=\"alignnone size-full wp-image-12407\" src=\"https:\/\/marekkuchcinski.pl\/wp-content\/uploads\/2019\/01\/550-wyb-6.jpg\" alt=\"550 wyb 6\" width=\"2895\" height=\"2008\" srcset=\"https:\/\/marekkuchcinski.pl\/wp-content\/uploads\/2019\/01\/550-wyb-6.jpg 2048w, https:\/\/marekkuchcinski.pl\/wp-content\/uploads\/2019\/01\/550-wyb-6-300x208.jpg 300w, https:\/\/marekkuchcinski.pl\/wp-content\/uploads\/2019\/01\/550-wyb-6-768x533.jpg 768w, https:\/\/marekkuchcinski.pl\/wp-content\/uploads\/2019\/01\/550-wyb-6-1024x710.jpg 1024w\" sizes=\"(max-width: 2895px) 100vw, 2895px\" \/><\/a>P\u0159edseda Sejmu Marek Kuchci\u0144ski s p\u0159edsedou Sejmu Viktorasem Pranckietisem ve Var\u0161av\u011b b\u011bhem oslav 550. v\u00fdro\u010d\u00ed polsk\u00e9ho parlamentarismu.<\/p>","protected":false},"excerpt":{"rendered":"<p>10 I 1569 roku na zamku w Lublinie rozpocz\u0119\u0142y si\u0119 obrady Sejmu poprzedzaj\u0105ce zawarcie unii polsko-litewskiej, kt\u00f3ra stworzy\u0142a geopolityczne mocarstwo. Celem wspomnianego Sejmu mia\u0142o by\u0107 trwa\u0142e po\u0142\u0105czenie Korony i Wielkiego Ksi\u0119stwa Litewskiego. Powsta\u0142o nowe pa\u0144stwo, kt\u00f3re przetrwa\u0142o do XVIII w. &#8211; Rzeczpospolita Obojga Narod\u00f3w. &#8211; Przesz\u0142o\u015b\u0107 uczy nas, \u017ce wtedy, gdy byli\u015bmy razem, byli\u015bmy wielcy [&hellip;]<\/p>\n","protected":false},"author":6,"featured_media":12406,"comment_status":"open","ping_status":"open","sticky":false,"template":"","format":"standard","meta":{"ngg_post_thumbnail":0,"footnotes":""},"categories":[77,81,3],"tags":[],"class_list":["post-12405","post","type-post","status-publish","format-standard","has-post-thumbnail","hentry","category-wazne-daty","category-wiesci-z-sejmu","category-wydarzenia"],"_links":{"self":[{"href":"https:\/\/marekkuchcinski.pl\/cs\/wp-json\/wp\/v2\/posts\/12405","targetHints":{"allow":["GET"]}}],"collection":[{"href":"https:\/\/marekkuchcinski.pl\/cs\/wp-json\/wp\/v2\/posts"}],"about":[{"href":"https:\/\/marekkuchcinski.pl\/cs\/wp-json\/wp\/v2\/types\/post"}],"author":[{"embeddable":true,"href":"https:\/\/marekkuchcinski.pl\/cs\/wp-json\/wp\/v2\/users\/6"}],"replies":[{"embeddable":true,"href":"https:\/\/marekkuchcinski.pl\/cs\/wp-json\/wp\/v2\/comments?post=12405"}],"version-history":[{"count":1,"href":"https:\/\/marekkuchcinski.pl\/cs\/wp-json\/wp\/v2\/posts\/12405\/revisions"}],"predecessor-version":[{"id":12408,"href":"https:\/\/marekkuchcinski.pl\/cs\/wp-json\/wp\/v2\/posts\/12405\/revisions\/12408"}],"wp:featuredmedia":[{"embeddable":true,"href":"https:\/\/marekkuchcinski.pl\/cs\/wp-json\/wp\/v2\/media\/12406"}],"wp:attachment":[{"href":"https:\/\/marekkuchcinski.pl\/cs\/wp-json\/wp\/v2\/media?parent=12405"}],"wp:term":[{"taxonomy":"category","embeddable":true,"href":"https:\/\/marekkuchcinski.pl\/cs\/wp-json\/wp\/v2\/categories?post=12405"},{"taxonomy":"post_tag","embeddable":true,"href":"https:\/\/marekkuchcinski.pl\/cs\/wp-json\/wp\/v2\/tags?post=12405"}],"curies":[{"name":"wp","href":"https:\/\/api.w.org\/{rel}","templated":true}]}}