{"id":12303,"date":"2019-01-01T20:07:18","date_gmt":"2019-01-01T19:07:18","guid":{"rendered":"https:\/\/marekkuchcinski.pl\/?p=12303"},"modified":"2019-04-19T13:07:02","modified_gmt":"2019-04-19T11:07:02","slug":"polska-wiara-ostoja-europy","status":"publish","type":"post","link":"https:\/\/marekkuchcinski.pl\/cs\/wydarzenia\/polska-wiara-ostoja-europy\/","title":{"rendered":"Polsk\u00e1 v\u00edra jako \u00fato\u010di\u0161t\u011b Evropy"},"content":{"rendered":"<div class=\"gs\">\n<div class=\"\">\n<div id=\":1fu\" class=\"ii gt adO\">\n<div id=\":1fw\" class=\"a3s aXjCH\">\n<div dir=\"ltr\">\n<div dir=\"ltr\">\n<div><strong>V\u00e1noce jsou sv\u00e1tky hlubok\u00e9ho zamy\u0161len\u00ed. Nikdo v Evrop\u011b se o V\u00e1noc\u00edch a ka\u017ed\u00fd den ned\u00edv\u00e1 do vlastn\u00edho srdce tak \u010dasto jako Pol\u00e1ci.<\/strong><\/div>\n<div>&nbsp;<\/div>\n<div>Mnoh\u00e1 slova moudr\u00fdch lid\u00ed se st\u00e1vaj\u00ed nad\u010dasov\u00fdmi. To je mimo jin\u00e9 p\u0159\u00edpad n\u00e1zor\u016f Svat\u00e9ho otce Jana Pavla II. V roce 1988 p\u0159i projevu v Evropsk\u00e9m parlamentu ve \u0160trasburku pronesl pam\u00e1tnou v\u011btu: \"Star\u00e1 Evropa pot\u0159ebuje novou evangelizaci\". Je to aktu\u00e1ln\u00ed i dnes, jak dokl\u00e1d\u00e1 nejnov\u011bj\u0161\u00ed studie americk\u00e9ho institutu Pew Research Center o katolick\u00e9 c\u00edrkvi na na\u0161em kontinentu.  Ze studie proveden\u00e9 ve 34 zem\u00edch vypl\u00fdv\u00e1, \u017ee 87 % obyvatel Polska se hl\u00e1s\u00ed ke katolick\u00e9 v\u00ed\u0159e. To je nejvy\u0161\u0161\u00ed procento na cel\u00e9m kontinentu.<\/div>\n<div>&nbsp;<\/div>\n<div>V roce 2018 b\u011bhem konference p\u0159edsed\u016f parlament\u016f \u010dlensk\u00fdch st\u00e1t\u016f EU v Tallinnu p\u0159i\u0161el p\u0159edseda Sejmu Marek Kuchci\u0144ski s n\u00e1vrhem, aby se do z\u00e1v\u011br\u016f konference zahrnulo k\u0159es\u0165anstv\u00ed - z\u00e1klad evropsk\u00fdch hodnot, jako je tolerance, rovnost a demokracie. Podpo\u0159ili ho p\u0159edsedov\u00e9 ma\u010farsk\u00e9ho a litevsk\u00e9ho parlamentu.<\/div>\n<div>&nbsp;<\/div>\n<div>Pokud mluv\u00edme o ur\u010dit\u00e9 krizi evropsk\u00e9 identity, m\u016f\u017ee m\u00edt ko\u0159eny v krizi v\u00edry. Odborn\u00edci z Pew Research Center p\u0159ipom\u00ednaj\u00ed, \u017ee na po\u010d\u00e1tku 20. stolet\u00ed \u017eila v\u011bt\u0161ina katol\u00edk\u016f v Evrop\u011b. P\u0159ed v\u00edce ne\u017e sto lety, v roce 1910, \u010dinil tento pom\u011br 65 procent v\u0161ech v\u011b\u0159\u00edc\u00edch. Dnes klesl na 24 procent.<\/div>\n<div>&nbsp;<\/div>\n<div>Katolick\u00e1 tiskov\u00e1 agentura, kter\u00e1 analyzuje obsah americk\u00e9 zpr\u00e1vy, poukazuje na to, \u017ee katol\u00edci p\u0159eva\u017euj\u00ed v ji\u017en\u00ed a st\u0159edn\u00ed Evrop\u011b, p\u0159i\u010dem\u017e nejlidnat\u011bj\u0161\u00ed zem\u00ed v t\u00e9to \u010d\u00e1sti sv\u011bta je Polsko, kter\u00e9 m\u00e1 nejvy\u0161\u0161\u00ed pod\u00edl v\u011b\u0159\u00edc\u00edch v pom\u011bru k celkov\u00e9mu po\u010dtu obyvatel: 87 procent, n\u00e1sleduje: It\u00e1lie se 78 procenty a Portugalsko se 77 procenty, n\u00e1sleduje \u0160pan\u011blsko s 60 procenty a Ma\u010farsko s 56 procenty obyvatel. Vysokou m\u00edru nezam\u011bstnanosti v\u0161ak vykazuj\u00ed i zem\u011b mimo tento region: Litva - 75 % a Irsko - 72. Mnohem ni\u017e\u0161\u00ed, i kdy\u017e tak\u00e9 v\u00fdznamn\u00e9, jsou pod\u00edly katol\u00edk\u016f ve Velk\u00e9 Brit\u00e1nii a Nizozemsku - po 19 % a na Ukrajin\u011b - 10 %, kde v posledn\u011b jmenovan\u00e9 zemi tvo\u0159\u00ed v\u011bt\u0161inu m\u00edstn\u00edch katol\u00edk\u016f \u0159eckokatol\u00edci.<\/div>\n<div>&nbsp;<\/div>\n<div>V\u011b\u0159\u00edc\u00ed ve st\u0159edn\u00ed a v\u00fdchodn\u00ed Evrop\u011b jsou v\u00edce v\u011b\u0159\u00edc\u00ed ne\u017e jejich souv\u011brci na Z\u00e1pad\u011b. V pr\u016fm\u011bru 44 % v\u011b\u0159\u00edc\u00edch ve st\u0159edn\u00ed a v\u00fdchodn\u00ed Evrop\u011b chod\u00ed do kostela alespo\u0148 jednou m\u011bs\u00ed\u010dn\u011b, zat\u00edmco v z\u00e1padn\u00ed Evrop\u011b je to 33 %. Rozd\u00edly v procentech denn\u011b se modl\u00edc\u00edch jsou resp: 36 ku 13 procent\u016fm a pova\u017euj\u00ed n\u00e1bo\u017eenstv\u00ed ve sv\u00e9m \u017eivot\u011b za velmi d\u016fle\u017eit\u00e9: 31 % ku 13 %, a v\u011b\u0159\u00edc\u00edch v Boha - 91 % ku 80 % 56 %. Ve Francii je pod\u00edl t\u011bch, kte\u0159\u00ed se denn\u011b modl\u00ed, 9 %.<\/div>\n<div>&nbsp;<\/div>\n<div>V diskus\u00edch o evropsk\u00fdch norm\u00e1ch se \u010dasto zapom\u00edn\u00e1 na vnit\u0159n\u00ed p\u0159esv\u011bd\u010den\u00ed obyvatel jednotliv\u00fdch zem\u00ed, kter\u00e9 do zna\u010dn\u00e9 m\u00edry souvis\u00ed s jejich v\u00edrou. Pew Research uv\u00e1d\u00ed, \u017ee<\/div>\n<div>St\u0159edoevrop\u0161t\u00ed a v\u00fdchodoevrop\u0161t\u00ed katol\u00edci jsou tak\u00e9 konzervativn\u011bj\u0161\u00ed ne\u017e jejich brat\u0159i ve v\u00ed\u0159e ze Z\u00e1padu. V z\u00e1padn\u00edch zem\u00edch v\u011bt\u0161ina v\u011b\u0159\u00edc\u00edch podporuje legalizaci svazk\u016f osob stejn\u00e9ho pohlav\u00ed. Pokud se v\u0161ak na v\u00fdzkum pod\u00edv\u00e1me bl\u00ed\u017ee, zjist\u00edme, \u017ee katol\u00edci ve st\u0159edn\u00ed a v\u00fdchodn\u00ed Evrop\u011b s takov\u00fdm \u0159e\u0161en\u00edm nesouhlas\u00ed (na Ukrajin\u011b a v Bosn\u011b a Hercegovin\u011b m\u00e9n\u011b ne\u017e 10 %). M\u00edra podpory leg\u00e1ln\u00edch potrat\u016f je ve st\u0159edn\u00ed a v\u00fdchodn\u00ed Evrop\u011b mnohem ni\u017e\u0161\u00ed ne\u017e na Z\u00e1pad\u011b, i kdy\u017e je tak\u00e9 pom\u011brn\u011b vysok\u00e1: 47 % oproti 71 %.<\/div>\n<\/div>\n<div>&nbsp;<\/div>\n<\/div>\n<\/div>\n<\/div>\n<div id=\":1fu\" class=\"ii gt adO\">\n<div id=\":1fw\" class=\"a3s aXjCH\">\n<div dir=\"ltr\">\n<div dir=\"ltr\">\n<div><em>text\/foto Marta Olejnik <\/em><\/div>\n<div><em>Na z\u00e1klad\u011b KAI a&nbsp; <a href=\"http:\/\/www.pewresearch.org\/fact-tank\/2018\/12\/19\/5-facts-about-catholics-in-europe\/\" target=\"_blank\" rel=\"noopener noreferrer\" data-saferedirecturl=\"https:\/\/www.google.com\/url?q=http:\/\/www.pewresearch.org\/fact-tank\/2018\/12\/19\/5-facts-about-catholics-in-europe\/&amp;source=gmail&amp;ust=1546339313658000&amp;usg=AFQjCNEIBffs2sIse-vtDIv79nMIdGU8zg\">http:\/\/www.pewresearch.org\/fact-tank\/2018\/12\/19\/5-facts-about-catholics-in-europe\/<\/a><\/em><\/div>\n<\/div>\n<div><a href=\"https:\/\/marekkuchcinski.pl\/wp-content\/uploads\/2019\/01\/image.png\"><img fetchpriority=\"high\" decoding=\"async\" class=\"alignnone size-full wp-image-12304\" src=\"https:\/\/marekkuchcinski.pl\/wp-content\/uploads\/2019\/01\/image.png\" alt=\"image\" width=\"1281\" height=\"1139\" srcset=\"https:\/\/marekkuchcinski.pl\/wp-content\/uploads\/2019\/01\/image.png 1281w, https:\/\/marekkuchcinski.pl\/wp-content\/uploads\/2019\/01\/image-300x267.png 300w, https:\/\/marekkuchcinski.pl\/wp-content\/uploads\/2019\/01\/image-768x683.png 768w, https:\/\/marekkuchcinski.pl\/wp-content\/uploads\/2019\/01\/image-1024x910.png 1024w\" sizes=\"(max-width: 1281px) 100vw, 1281px\" \/><\/a><\/div>\n<\/div>\n<div><img decoding=\"async\" class=\"CToWUd\" src=\"https:\/\/ci4.googleusercontent.com\/proxy\/ntOC2_mavWZ95awjaNsavIrz-P3kATKcnTB-qCxWv0cZE0QSC-38JmKvpV3S5oiW9zgK3fkV6kSb_YspsoaQkODoemnPilFYlDhN2QH585ugGhnzhneoj9j38kpws4WNA2dBmFH6O7kdwRA45PBn5q8nx3ihRbWJ52XXI6WXTEMWHKXEHZWRsexcGi9Wi8udCeWegA=s0-d-e1-ft#https:\/\/mailfoogae.appspot.com\/t?sender=ab2JlcmV6b3dza2lAZ21haWwuY29t&amp;type=zerocontent&amp;guid=4658e8a0-d4fb-4ed6-86e0-271502b2a5bf\" alt=\"\"><span style=\"color: #ffffff; font-size: xx-small;\">\u1427<\/span><\/div>\n<div class=\"yj6qo ajU\">\n<div id=\":1fi\" class=\"ajR\" tabindex=\"0\" data-tooltip=\"Poka\u017c skr\u00f3con\u0105 tre\u015b\u0107\"><img decoding=\"async\" class=\"ajT\" src=\"https:\/\/ssl.gstatic.com\/ui\/v1\/icons\/mail\/images\/cleardot.gif\"><\/div>\n<\/div>\n<\/div>\n<\/div>\n<div class=\"hi\">&nbsp;<\/div>\n<\/div>\n<\/div>\n\n\n<figure class=\"wp-block-image\"><img decoding=\"async\" width=\"1024\" height=\"856\" src=\"https:\/\/marekkuchcinski.pl\/wp-content\/uploads\/2019\/04\/kk-1024x856.jpg\" alt=\"\" class=\"wp-image-14974\" srcset=\"https:\/\/marekkuchcinski.pl\/wp-content\/uploads\/2019\/04\/kk-1024x856.jpg 1024w, https:\/\/marekkuchcinski.pl\/wp-content\/uploads\/2019\/04\/kk-300x251.jpg 300w, https:\/\/marekkuchcinski.pl\/wp-content\/uploads\/2019\/04\/kk-768x642.jpg 768w, https:\/\/marekkuchcinski.pl\/wp-content\/uploads\/2019\/04\/kk.jpg 2048w\" sizes=\"(max-width: 1024px) 100vw, 1024px\" \/><\/figure>","protected":false},"excerpt":{"rendered":"<p>Bo\u017ce Narodzenie to \u015bwi\u0119to g\u0142\u0119bokiej refleksji. Nikt w Europie tak cz\u0119sto nie zagl\u0105da do w\u0142asnych serc w \u015bwi\u0119ta i na co dzie\u0144 jak Polacy. &nbsp; Wiele s\u0142\u00f3w m\u0105drych ludzi staje si\u0119 ponadczasowych. Tak jest mi\u0119dzy innymi z opiniami Ojca \u015awi\u0119tego Jana Paw\u0142a II. W 1988 roku podczas przem\u00f3wienia w Parlamencie Europejskim w Strasburgu &nbsp; wypowiedzia\u0142 [&hellip;]<\/p>\n","protected":false},"author":6,"featured_media":12305,"comment_status":"open","ping_status":"open","sticky":false,"template":"","format":"standard","meta":{"ngg_post_thumbnail":0,"footnotes":""},"categories":[50,3],"tags":[],"class_list":["post-12303","post","type-post","status-publish","format-standard","has-post-thumbnail","hentry","category-wspolpraca-miedzynarodowa","category-wydarzenia"],"_links":{"self":[{"href":"https:\/\/marekkuchcinski.pl\/cs\/wp-json\/wp\/v2\/posts\/12303","targetHints":{"allow":["GET"]}}],"collection":[{"href":"https:\/\/marekkuchcinski.pl\/cs\/wp-json\/wp\/v2\/posts"}],"about":[{"href":"https:\/\/marekkuchcinski.pl\/cs\/wp-json\/wp\/v2\/types\/post"}],"author":[{"embeddable":true,"href":"https:\/\/marekkuchcinski.pl\/cs\/wp-json\/wp\/v2\/users\/6"}],"replies":[{"embeddable":true,"href":"https:\/\/marekkuchcinski.pl\/cs\/wp-json\/wp\/v2\/comments?post=12303"}],"version-history":[{"count":7,"href":"https:\/\/marekkuchcinski.pl\/cs\/wp-json\/wp\/v2\/posts\/12303\/revisions"}],"predecessor-version":[{"id":14975,"href":"https:\/\/marekkuchcinski.pl\/cs\/wp-json\/wp\/v2\/posts\/12303\/revisions\/14975"}],"wp:featuredmedia":[{"embeddable":true,"href":"https:\/\/marekkuchcinski.pl\/cs\/wp-json\/wp\/v2\/media\/12305"}],"wp:attachment":[{"href":"https:\/\/marekkuchcinski.pl\/cs\/wp-json\/wp\/v2\/media?parent=12303"}],"wp:term":[{"taxonomy":"category","embeddable":true,"href":"https:\/\/marekkuchcinski.pl\/cs\/wp-json\/wp\/v2\/categories?post=12303"},{"taxonomy":"post_tag","embeddable":true,"href":"https:\/\/marekkuchcinski.pl\/cs\/wp-json\/wp\/v2\/tags?post=12303"}],"curies":[{"name":"wp","href":"https:\/\/api.w.org\/{rel}","templated":true}]}}