{"id":12297,"date":"2018-12-31T10:25:27","date_gmt":"2018-12-31T09:25:27","guid":{"rendered":"https:\/\/marekkuchcinski.pl\/?p=12297"},"modified":"2019-01-01T20:47:46","modified_gmt":"2019-01-01T19:47:46","slug":"podsumowanie-najwazniejszych-ustaw-przyjetych-2018-roku","status":"publish","type":"post","link":"https:\/\/marekkuchcinski.pl\/cs\/wydarzenia\/podsumowanie-najwazniejszych-ustaw-przyjetych-2018-roku\/","title":{"rendered":"Nejd\u016fle\u017eit\u011bj\u0161\u00ed z\u00e1kony p\u0159ijat\u00e9 Sejmem v roce 2018"},"content":{"rendered":"<blockquote>\n<div dir=\"ltr\">\n<p><strong><span style=\"font-family: sans-serif; font-size: small;\">Uplynul\u00fdch 12 m\u011bs\u00edc\u016f bylo na venkov\u011b intenzivn\u00edm obdob\u00edm. V roce 2018. Sejm p\u0159ijal \u0159adu z\u00e1kon\u016f d\u016fle\u017eit\u00fdch pro Pol\u00e1ky. N\u00ed\u017ee uv\u00e1d\u00edme m\u011bs\u00ed\u010dn\u00ed p\u0159ehled zm\u011bn d\u016fle\u017eit\u00fdch z\u00e1kon\u016f.<\/span><\/strong><\/p>\n<p><span style=\"font-family: sans-serif; font-size: small;\"><b>Leden<\/b><\/span><\/p>\n<p><span style=\"font-family: sans-serif; font-size: small;\">Sn\u011bmovna zah\u00e1jila rok 2018 p\u0159ijet\u00edm z\u00e1kona d\u016fle\u017eit\u00e9ho pro m\u00edstn\u00ed komunity. Sejm rozhodl o prodlou\u017een\u00ed funk\u010dn\u00edho obdob\u00ed m\u00edstn\u00edch org\u00e1n\u016f ze \u010dty\u0159 na p\u011bt let a rozhodl, \u017ee starosta nebo prim\u00e1tor m\u011bsta nebude moci vykon\u00e1vat funkci d\u00e9le ne\u017e dv\u011b funk\u010dn\u00ed obdob\u00ed. Poslanci rovn\u011b\u017e pos\u00edlili roli m\u00edstn\u00edch ob\u010dansk\u00fdch rozpo\u010dt\u016f a zv\u00fd\u0161ili spole\u010denskou kontrolu nad \u010dinnost\u00ed m\u00edstn\u00edch org\u00e1n\u016f.<\/span><\/p>\n<p><span style=\"font-family: sans-serif; font-size: small;\">Zam\u011bstnanci maloobchodn\u00edch prodejen budou ned\u011ble m\u00edsto v pr\u00e1ci tr\u00e1vit se sv\u00fdmi bl\u00edzk\u00fdmi - v lednu Sejm schv\u00e1lil ob\u010dansk\u00fd z\u00e1kon, kter\u00fd omezuje obchodov\u00e1n\u00ed o st\u00e1tn\u00edch sv\u00e1tc\u00edch.<\/span><\/p>\n<p><span style=\"font-family: sans-serif; font-size: small;\">D\u00edky ustanoven\u00edm z\u00e1kona o elektromobilit\u011b a alternativn\u00edch palivech budeme d\u00fdchat \u010dist\u0161\u00ed vzduch. Z\u00e1kon komplexn\u011b definuje z\u00e1sady zav\u00e1d\u011bn\u00ed vhodn\u00e9 infrastruktury. \u0158idi\u010di elektromobil\u016f z\u00edskali od Sejmu \u0159adu pr\u00e1v a v\u00fdhod, zat\u00edmco obce z\u00edskaly pr\u00e1vo vytv\u00e1\u0159et na sv\u00e9m \u00fazem\u00ed z\u00f3ny \u010dist\u00e9 dopravy.<\/span><\/p>\n<p><span style=\"font-family: sans-serif; font-size: small;\"><b>\u00danor<\/b><\/span><\/p>\n<p><span style=\"font-family: sans-serif; font-size: small;\">Poslanci se mimo jin\u00e9 rozhodli regulovat a sn\u00ed\u017eit n\u00e1klady na vym\u00e1h\u00e1n\u00ed pohled\u00e1vek soudn\u00edmi exekutory.<\/span><\/p>\n<p><span style=\"font-family: sans-serif; font-size: small;\">Sejm tak\u00e9 p\u0159ijal d\u016fle\u017eit\u00e9 rozhodnut\u00ed pro pos\u00edlen\u00ed p\u0159\u00e1telsk\u00fdch vztah\u016f s Ma\u010farskem - schv\u00e1lil z\u00e1kon o z\u0159\u00edzen\u00ed Institutu Wac\u0142awa Felczaka pro polsko-ma\u010farskou spolupr\u00e1ci.<\/span><\/p>\n<p><span style=\"font-family: sans-serif; font-size: small;\"><b>B\u0159ezen<\/b><\/span><\/p>\n<p><span style=\"font-family: sans-serif; font-size: small;\">Pro podnikatele - mal\u00e9, st\u0159edn\u00ed i ty nejv\u011bt\u0161\u00ed - to byl rozhodn\u011b dobr\u00fd m\u011bs\u00edc. Sejm schv\u00e1lil bal\u00ed\u010dek z\u00e1kon\u016f, kter\u00e9 vytv\u00e1\u0159ej\u00ed tzv. obchodn\u00ed \u00fastavu. Sn\u011bmovna p\u0159ijala mimo jin\u00e9 z\u00e1kon o podnikatel\u00edch, d\u00edky n\u011bmu\u017e podnikatel\u00e9 v\u00fdrazn\u011bji poc\u00edt\u00ed \u00fastavn\u00ed princip svobody hospod\u00e1\u0159sk\u00e9 \u010dinnosti. D\u00edky parlamentn\u00edmu z\u00e1konu maj\u00ed mikropodnikatel\u00e9 a mal\u00ed a st\u0159edn\u00ed podnikatel\u00e9 sv\u00e9ho ombudsmana. Bude st\u0159e\u017eit jejich pr\u00e1va.<\/span><\/p>\n<p><span style=\"font-family: sans-serif; font-size: small;\"><b>duben<\/b><\/span><\/p>\n<p><span style=\"font-family: sans-serif; font-size: small;\">\u0158idi\u010d, kter\u00fd ve stavu nouze (nap\u0159. p\u0159i z\u00e1chran\u011b \u017eivota) p\u0159ekro\u010d\u00ed v zastav\u011bn\u00e9 oblasti povolenou rychlost o v\u00edce ne\u017e 50 km\/h, se nemus\u00ed automaticky na t\u0159i m\u011bs\u00edce rozlou\u010dit s \u0159idi\u010dsk\u00fdm pr\u016fkazem.<\/span><\/p>\n<p><span style=\"font-family: sans-serif; font-size: small;\"><b>Kv\u011bten<\/b><\/span><\/p>\n<p><span style=\"font-family: sans-serif; font-size: small;\">Na osoby se zdravotn\u00edm posti\u017een\u00edm a jejich pe\u010dovatele se zam\u011b\u0159uj\u00ed dva z\u00e1kony p\u0159ijat\u00e9 v kv\u011btnu. Sejm rozhodl o zv\u00fd\u0161en\u00ed soci\u00e1ln\u00edho d\u016fchodu, na kter\u00fd maj\u00ed n\u00e1rok, a p\u0159iznal osob\u00e1m s t\u011b\u017ek\u00fdm zdravotn\u00edm posti\u017een\u00edm zvl\u00e1\u0161tn\u00ed pr\u00e1va v p\u0159\u00edstupu ke zdravotn\u00edm slu\u017eb\u00e1m, l\u00e9k\u016fm a zdravotnick\u00fdm prost\u0159edk\u016fm.<\/span><\/p>\n<p><span style=\"font-family: sans-serif; font-size: small;\">Tento m\u011bs\u00edc sn\u011bmovna tak\u00e9 vytvo\u0159ila pr\u00e1vn\u00ed z\u00e1klad pro hladkou a rychlou v\u00fdstavbu centr\u00e1ln\u00edho dopravn\u00edho p\u0159\u00edstavu.<\/span><\/p>\n<p><span style=\"font-family: sans-serif; font-size: small;\">D\u00edky kv\u011btnov\u00e9mu rozhodnut\u00ed Sejmu ji\u017e \u0159idi\u010di nebudou muset m\u00edt u sebe doklad o registraci vozidla a doklad o uzav\u0159en\u00ed poji\u0161t\u011bn\u00ed odpov\u011bdnosti za \u0161kodu. Policista prov\u00e1d\u011bj\u00edc\u00ed silni\u010dn\u00ed kontrolu bude m\u00edt k dispozici v\u0161echny \u00fadaje.<\/span><\/p>\n<p><span style=\"font-family: sans-serif; font-size: small;\"><b>\u010derven<\/b><\/span><\/p>\n<p><span style=\"font-family: sans-serif; font-size: small;\">V polovin\u011b roku p\u0159ijal Seym dal\u0161\u00ed \u0159e\u0161en\u00ed, kter\u00e1 maj\u00ed pomoci v boji za \u010dist\u00e9 ovzdu\u0161\u00ed. Poslanci se rozhodli z\u0159\u00eddit Fond pro n\u00edzkoemisn\u00ed dopravu. Bude dal\u0161\u00edm n\u00e1strojem podpory politiky elektromobility v Polsku - mimo jin\u00e9 finan\u010dn\u011b podpo\u0159\u00ed rozvoj infrastruktury pro tankov\u00e1n\u00ed zemn\u00edho plynu, kapaln\u00fdch biopaliv a dal\u0161\u00edch alternativn\u00edch paliv, jako\u017e i pro nab\u00edjen\u00ed elektromobil\u016f.<\/span><\/p>\n<p><span style=\"font-family: sans-serif; font-size: small;\"><b>\u010dervenec - srpen<\/b><\/span><\/p>\n<p><span style=\"font-family: sans-serif; font-size: small;\">Sejm schv\u00e1lil a prezident podepsal \u0159adu zvl\u00e1\u0161t\u011b d\u016fle\u017eit\u00fdch z\u00e1kon\u016f.<\/span><\/p>\n<p><span style=\"font-family: sans-serif; font-size: small;\">Akademick\u00e1 obec obdr\u017eela takzvanou \u00dastavu pro v\u011bdu. Nov\u00fd z\u00e1kon o vysok\u00e9m \u0161kolstv\u00ed a v\u011bd\u011b, kter\u00fd komplexn\u011b upravuje tuto oblast \u017eivota.<\/span><\/p>\n<p><span style=\"font-family: sans-serif; font-size: small;\">V \u010dervenci Sejm rovn\u011b\u017e schv\u00e1lil z\u00e1kony d\u016fle\u017eit\u00e9 pro realizaci programu Mieszkanie Plus. Poslanci sn\u00ed\u017eili pr\u00e1vn\u00ed p\u0159ek\u00e1\u017eky, kter\u00fdm \u010del\u00ed investo\u0159i stav\u011bj\u00edc\u00ed byty, a tak\u00e9 rozhodli, \u017ee st\u00e1t finan\u010dn\u011b podpo\u0159\u00ed lidi s n\u00edzk\u00fdmi p\u0159\u00edjmy, kte\u0159\u00ed si pronajmou sv\u016fj prvn\u00ed samostatn\u00fd byt.<\/span><\/p>\n<p><span style=\"font-family: sans-serif; font-size: small;\">Sn\u011bmovna rovn\u011b\u017e rozhodla, \u017ee miliony Pol\u00e1k\u016f, kte\u0159\u00ed vlastn\u00ed nemovitosti, z\u00edskaj\u00ed vlastnick\u00e9 pr\u00e1vo k pozemk\u016fm, na nich\u017e stoj\u00ed jejich byty nebo domy, kter\u00e9 dosud m\u011bli pouze v trval\u00e9m u\u017e\u00edv\u00e1n\u00ed.<\/span><\/p>\n<p><span style=\"font-family: sans-serif; font-size: small;\">Sejm v z\u00e1jmu bezpe\u010dnosti a zdrav\u00ed Pol\u00e1k\u016f usnadnil p\u0159\u00edslu\u0161n\u00fdm slu\u017eb\u00e1m boj proti tzv. \"leg\u00e1ln\u00edm drog\u00e1m\" t\u00edm, \u017ee je pr\u00e1vn\u011b zrovnopr\u00e1vnil s drogami.<\/span><\/p>\n<p><span style=\"font-family: sans-serif; font-size: small;\"><b>z\u00e1\u0159\u00ed<\/b><\/span><\/p>\n<p><span style=\"font-family: sans-serif; font-size: small;\">V z\u00e1\u0159\u00ed europoslanci hlasovali o osudu veter\u00e1n\u016f operac\u00ed za hranicemi Polska. V z\u00e1\u0159\u00ed poslanci Evropsk\u00e9ho parlamentu hlasovali o problematice veter\u00e1n\u016f z operac\u00ed mimo hranice EU, co\u017e voj\u00e1k\u016fm a d\u016fstojn\u00edk\u016fm, kte\u0159\u00ed slou\u017eili v zahrani\u010d\u00ed, usnadn\u00ed z\u00edsk\u00e1n\u00ed statusu veter\u00e1na a pr\u00e1v, na kter\u00e1 maj\u00ed n\u00e1rok.<\/span><\/p>\n<p><span style=\"font-family: sans-serif; font-size: small;\"><b>\u0158\u00edjen<\/b><\/span><\/p>\n<p><span style=\"font-family: sans-serif; font-size: small;\">Na podzim Sejm zavedl pr\u016flomov\u00e9 zm\u011bny v d\u016fchodov\u00e9m syst\u00e9mu. D\u00edky zam\u011bstnaneck\u00fdm kapit\u00e1lov\u00fdm pl\u00e1n\u016fm si bude moci ka\u017ed\u00fd zam\u011bstnanec s podporou zam\u011bstnavatele a st\u00e1tu odkl\u00e1dat dodate\u010dn\u00e9 prost\u0159edky, aby se v d\u016fchodov\u00e9m v\u011bku zajistil na budoucnost.<\/span><\/p>\n<p><span style=\"font-family: sans-serif; font-size: small;\">Poslanci Evropsk\u00e9ho parlamentu se tak\u00e9 op\u011bt postarali o osoby se zdravotn\u00edm posti\u017een\u00edm. Budou dost\u00e1vat soci\u00e1ln\u00ed, pracovn\u00ed a zdravotn\u00ed podporu z Fondu solidarity pro osoby se zdravotn\u00edm posti\u017een\u00edm, kter\u00fd byl z\u0159\u00edzen z\u00e1konem.<\/span><\/p>\n<p><span style=\"font-family: sans-serif; font-size: small;\">Zm\u011bny v z\u00e1kon\u011b o t\u00e9to dani budou p\u0159\u00ednosem pro v\u0161echny da\u0148ov\u00e9 poplatn\u00edky, kte\u0159\u00ed plat\u00ed PIT. Da\u0148ov\u00e9 p\u0159izn\u00e1n\u00ed za n\u011b vypln\u00ed \u00fa\u0159ad. Povinnost pod\u00e1vat ro\u010dn\u00ed p\u0159izn\u00e1n\u00ed k dani PIT zanikne. Poplatn\u00edk, kter\u00fd nevyu\u017eije pr\u00e1va vyplnit formul\u00e1\u0159 ru\u010dn\u011b a nep\u0159edlo\u017e\u00ed jej \u00fa\u0159adu, nebude potrest\u00e1n. \u00da\u0159ad bude pova\u017eovat p\u0159izn\u00e1n\u00ed podan\u00e9 samostatn\u011b za platn\u00e9 a podan\u00e9.<\/span><\/p>\n<p><span style=\"font-family: sans-serif; font-size: small;\">Mal\u00e9 spole\u010dnosti budou platit m\u00e9n\u011b dan\u011b z p\u0159\u00edjm\u016f pr\u00e1vnick\u00fdch osob. V \u0159\u00edjnu Sejm rozhodl o sn\u00ed\u017een\u00ed jejich sazby na 9 %.<\/span><\/p>\n<p><span style=\"font-family: sans-serif; font-size: small;\">Poslanci Evropsk\u00e9ho parlamentu tak\u00e9 rozhodli o vytvo\u0159en\u00ed Fondu m\u00edstn\u00edch komunikac\u00ed. D\u00edky tomuto z\u00e1konu budou moci m\u00edstn\u00ed org\u00e1ny z\u00edskat finan\u010dn\u00ed prost\u0159edky na obnovu a roz\u0161\u00ed\u0159en\u00ed silni\u010dn\u00ed infrastruktury.<\/span><\/p>\n<p><span style=\"font-family: sans-serif; font-size: small;\"><b>Listopad<\/b><\/span><\/p>\n<p><span style=\"font-family: sans-serif; font-size: small;\">V listopadu sn\u011bmovna p\u0159ijala dal\u0161\u00ed \u0159e\u0161en\u00ed zam\u011b\u0159en\u00e1 na sn\u00ed\u017een\u00ed zne\u010di\u0161t\u011bn\u00ed ovzdu\u0161\u00ed. K tomu p\u0159isp\u011bje mimo jin\u00e9 p\u0159\u00edsp\u011bvek na termomodernizaci, tedy podpora pro ty, kte\u0159\u00ed se vzdaj\u00ed nej\u0161kodliv\u011bj\u0161\u00edch zp\u016fsob\u016f vyt\u00e1p\u011bn\u00ed sv\u00fdch domov\u016f.<\/span><\/p>\n<p><span style=\"font-family: sans-serif; font-size: small;\"><b>Prosinec<\/b><\/span><\/p>\n<p><span style=\"font-family: sans-serif; font-size: small;\">D\u00edky novele z\u00e1kona o ob\u010dansk\u00fdch pr\u016fkazech bude m\u00edt ka\u017ed\u00fd doklad tohoto typu tzv. elektronickou vrstvu. Elektronick\u00e1 karta umo\u017en\u00ed elektronickou identifikaci dr\u017eitele, potvrzen\u00ed jeho p\u0159\u00edtomnosti a p\u0159ipojen\u00ed elektronick\u00e9ho podpisu.<\/span><\/p>\n<p><span style=\"font-family: sans-serif; font-size: small;\">D\u00edky rozhodnut\u00ed Sn\u011bmovny na jej\u00ed posledn\u00ed sch\u016fzi v roce 2018 se Pol\u00e1ci nemus\u00ed ob\u00e1vat zdra\u017eov\u00e1n\u00ed elekt\u0159iny. Sejm mimo jin\u00e9 rozhodl o sn\u00ed\u017een\u00ed spot\u0159ebn\u00ed dan\u011b z elekt\u0159iny a o kompenzac\u00edch pro spole\u010dnosti, kter\u00e9 prod\u00e1vaj\u00ed elekt\u0159inu podnik\u016fm a samospr\u00e1v\u00e1m.<\/span><\/p>\n<\/div>\n<\/blockquote>\n<div dir=\"ltr\"><em>Text CIS\/Sejm<\/em><\/div>","protected":false},"excerpt":{"rendered":"<p>Minione 12 miesi\u0119cy to intensywny czas na Wiejskiej. W 2018 r. Sejm uchwali\u0142 szereg ustaw wa\u017cnych dla Polak\u00f3w. Poni\u017cej miesi\u0119czne zestawienie zmian istotnych zmian w prawie Stycze\u0144 Izba rok 2018 rozpocz\u0119\u0142a od uchwalenia ustawy wa\u017cnej dla lokalnych spo\u0142eczno\u015bci. Sejm zdecydowa\u0142 o wyd\u0142u\u017ceniu kadencji samorz\u0105d\u00f3w z czterech do pi\u0119ciu lat oraz postanowi\u0142, \u017ce w\u00f3jt burmistrz czy [&hellip;]<\/p>","protected":false},"author":6,"featured_media":12318,"comment_status":"open","ping_status":"open","sticky":false,"template":"","format":"standard","meta":{"ngg_post_thumbnail":0,"footnotes":""},"categories":[82,81,3],"tags":[],"class_list":["post-12297","post","type-post","status-publish","format-standard","has-post-thumbnail","hentry","category-prawo-i-sprawiedliwosc","category-wiesci-z-sejmu","category-wydarzenia"],"yoast_head":"<!-- This site is optimized with the Yoast SEO plugin v24.7 - https:\/\/yoast.com\/wordpress\/plugins\/seo\/ -->\n<title>Najwa\u017cniejsze ustawy przyj\u0119te przez Sejm w 2018 roku &#8211; Marek Kuchci\u0144ski<\/title>\n<meta name=\"robots\" content=\"index, follow, max-snippet:-1, max-image-preview:large, max-video-preview:-1\" \/>\n<link rel=\"canonical\" href=\"https:\/\/marekkuchcinski.pl\/cs\/wydarzenia\/podsumowanie-najwazniejszych-ustaw-przyjetych-2018-roku\/\" \/>\n<meta property=\"og:locale\" content=\"cs_CZ\" \/>\n<meta property=\"og:type\" content=\"article\" \/>\n<meta property=\"og:title\" content=\"Najwa\u017cniejsze ustawy przyj\u0119te przez Sejm w 2018 roku &#8211; Marek Kuchci\u0144ski\" \/>\n<meta property=\"og:description\" content=\"Minione 12 miesi\u0119cy to intensywny czas na Wiejskiej. W 2018 r. Sejm uchwali\u0142 szereg ustaw wa\u017cnych dla Polak\u00f3w. Poni\u017cej miesi\u0119czne zestawienie zmian istotnych zmian w prawie Stycze\u0144 Izba rok 2018 rozpocz\u0119\u0142a od uchwalenia ustawy wa\u017cnej dla lokalnych spo\u0142eczno\u015bci. Sejm zdecydowa\u0142 o wyd\u0142u\u017ceniu kadencji samorz\u0105d\u00f3w z czterech do pi\u0119ciu lat oraz postanowi\u0142, \u017ce w\u00f3jt burmistrz czy [&hellip;]\" \/>\n<meta property=\"og:url\" content=\"https:\/\/marekkuchcinski.pl\/cs\/wydarzenia\/podsumowanie-najwazniejszych-ustaw-przyjetych-2018-roku\/\" \/>\n<meta property=\"og:site_name\" content=\"Marek Kuchci\u0144ski\" \/>\n<meta property=\"article:published_time\" content=\"2018-12-31T09:25:27+00:00\" \/>\n<meta property=\"article:modified_time\" content=\"2019-01-01T19:47:46+00:00\" \/>\n<meta property=\"og:image\" content=\"https:\/\/marekkuchcinski.pl\/wp-content\/uploads\/2018\/12\/KB__0027-2.jpg\" \/>\n\t<meta property=\"og:image:width\" content=\"2048\" \/>\n\t<meta property=\"og:image:height\" content=\"1365\" \/>\n\t<meta property=\"og:image:type\" content=\"image\/jpeg\" \/>\n<meta name=\"author\" content=\"admin\" \/>\n<meta name=\"twitter:card\" content=\"summary_large_image\" \/>\n<meta name=\"twitter:label1\" content=\"Napsal(a)\" \/>\n\t<meta name=\"twitter:data1\" content=\"admin\" \/>\n\t<meta name=\"twitter:label2\" content=\"Odhadovan\u00e1 doba \u010dten\u00ed\" \/>\n\t<meta name=\"twitter:data2\" content=\"5 minut\" \/>\n<script type=\"application\/ld+json\" class=\"yoast-schema-graph\">{\"@context\":\"https:\/\/schema.org\",\"@graph\":[{\"@type\":\"Article\",\"@id\":\"https:\/\/marekkuchcinski.pl\/ro\/wydarzenia\/podsumowanie-najwazniejszych-ustaw-przyjetych-2018-roku\/#article\",\"isPartOf\":{\"@id\":\"https:\/\/marekkuchcinski.pl\/ro\/wydarzenia\/podsumowanie-najwazniejszych-ustaw-przyjetych-2018-roku\/\"},\"author\":{\"name\":\"admin\",\"@id\":\"https:\/\/marekkuchcinski.pl\/#\/schema\/person\/6f62700996b4d950b6ea2d1183b6c6be\"},\"headline\":\"Najwa\u017cniejsze ustawy przyj\u0119te przez Sejm w 2018 roku\",\"datePublished\":\"2018-12-31T09:25:27+00:00\",\"dateModified\":\"2019-01-01T19:47:46+00:00\",\"mainEntityOfPage\":{\"@id\":\"https:\/\/marekkuchcinski.pl\/ro\/wydarzenia\/podsumowanie-najwazniejszych-ustaw-przyjetych-2018-roku\/\"},\"wordCount\":1070,\"commentCount\":0,\"publisher\":{\"@id\":\"https:\/\/marekkuchcinski.pl\/#organization\"},\"image\":{\"@id\":\"https:\/\/marekkuchcinski.pl\/ro\/wydarzenia\/podsumowanie-najwazniejszych-ustaw-przyjetych-2018-roku\/#primaryimage\"},\"thumbnailUrl\":\"https:\/\/marekkuchcinski.pl\/wp-content\/uploads\/2018\/12\/KB__0027-2.jpg\",\"articleSection\":[\"Prawo i Sprawiedliwo\u015b\u0107\",\"Wie\u015bci z Sejmu\",\"Wydarzenia\"],\"inLanguage\":\"cs\",\"potentialAction\":[{\"@type\":\"CommentAction\",\"name\":\"Comment\",\"target\":[\"https:\/\/marekkuchcinski.pl\/ro\/wydarzenia\/podsumowanie-najwazniejszych-ustaw-przyjetych-2018-roku\/#respond\"]}]},{\"@type\":\"WebPage\",\"@id\":\"https:\/\/marekkuchcinski.pl\/ro\/wydarzenia\/podsumowanie-najwazniejszych-ustaw-przyjetych-2018-roku\/\",\"url\":\"https:\/\/marekkuchcinski.pl\/ro\/wydarzenia\/podsumowanie-najwazniejszych-ustaw-przyjetych-2018-roku\/\",\"name\":\"Najwa\u017cniejsze ustawy przyj\u0119te przez Sejm w 2018 roku &#8211; Marek Kuchci\u0144ski\",\"isPartOf\":{\"@id\":\"https:\/\/marekkuchcinski.pl\/#website\"},\"primaryImageOfPage\":{\"@id\":\"https:\/\/marekkuchcinski.pl\/ro\/wydarzenia\/podsumowanie-najwazniejszych-ustaw-przyjetych-2018-roku\/#primaryimage\"},\"image\":{\"@id\":\"https:\/\/marekkuchcinski.pl\/ro\/wydarzenia\/podsumowanie-najwazniejszych-ustaw-przyjetych-2018-roku\/#primaryimage\"},\"thumbnailUrl\":\"https:\/\/marekkuchcinski.pl\/wp-content\/uploads\/2018\/12\/KB__0027-2.jpg\",\"datePublished\":\"2018-12-31T09:25:27+00:00\",\"dateModified\":\"2019-01-01T19:47:46+00:00\",\"breadcrumb\":{\"@id\":\"https:\/\/marekkuchcinski.pl\/ro\/wydarzenia\/podsumowanie-najwazniejszych-ustaw-przyjetych-2018-roku\/#breadcrumb\"},\"inLanguage\":\"cs\",\"potentialAction\":[{\"@type\":\"ReadAction\",\"target\":[\"https:\/\/marekkuchcinski.pl\/ro\/wydarzenia\/podsumowanie-najwazniejszych-ustaw-przyjetych-2018-roku\/\"]}]},{\"@type\":\"ImageObject\",\"inLanguage\":\"cs\",\"@id\":\"https:\/\/marekkuchcinski.pl\/ro\/wydarzenia\/podsumowanie-najwazniejszych-ustaw-przyjetych-2018-roku\/#primaryimage\",\"url\":\"https:\/\/marekkuchcinski.pl\/wp-content\/uploads\/2018\/12\/KB__0027-2.jpg\",\"contentUrl\":\"https:\/\/marekkuchcinski.pl\/wp-content\/uploads\/2018\/12\/KB__0027-2.jpg\",\"width\":2048,\"height\":1365},{\"@type\":\"BreadcrumbList\",\"@id\":\"https:\/\/marekkuchcinski.pl\/ro\/wydarzenia\/podsumowanie-najwazniejszych-ustaw-przyjetych-2018-roku\/#breadcrumb\",\"itemListElement\":[{\"@type\":\"ListItem\",\"position\":1,\"name\":\"Strona g\u0142\u00f3wna\",\"item\":\"https:\/\/marekkuchcinski.pl\/\"},{\"@type\":\"ListItem\",\"position\":2,\"name\":\"Najwa\u017cniejsze ustawy przyj\u0119te przez Sejm w 2018 roku\"}]},{\"@type\":\"WebSite\",\"@id\":\"https:\/\/marekkuchcinski.pl\/#website\",\"url\":\"https:\/\/marekkuchcinski.pl\/\",\"name\":\"Marek Kuchci\u0144ski\",\"description\":\"Pose\u0142 na sejm RP &ndash; okr\u0119g nr 22\",\"publisher\":{\"@id\":\"https:\/\/marekkuchcinski.pl\/#organization\"},\"potentialAction\":[{\"@type\":\"SearchAction\",\"target\":{\"@type\":\"EntryPoint\",\"urlTemplate\":\"https:\/\/marekkuchcinski.pl\/?s={search_term_string}\"},\"query-input\":{\"@type\":\"PropertyValueSpecification\",\"valueRequired\":true,\"valueName\":\"search_term_string\"}}],\"inLanguage\":\"cs\"},{\"@type\":\"Organization\",\"@id\":\"https:\/\/marekkuchcinski.pl\/#organization\",\"name\":\"Marek Kuchci\u0144ski\",\"url\":\"https:\/\/marekkuchcinski.pl\/\",\"logo\":{\"@type\":\"ImageObject\",\"inLanguage\":\"cs\",\"@id\":\"https:\/\/marekkuchcinski.pl\/#\/schema\/logo\/image\/\",\"url\":\"https:\/\/marekkuchcinski.pl\/wp-content\/uploads\/2022\/09\/Marek.jpg\",\"contentUrl\":\"https:\/\/marekkuchcinski.pl\/wp-content\/uploads\/2022\/09\/Marek.jpg\",\"width\":1600,\"height\":971,\"caption\":\"Marek Kuchci\u0144ski\"},\"image\":{\"@id\":\"https:\/\/marekkuchcinski.pl\/#\/schema\/logo\/image\/\"}},{\"@type\":\"Person\",\"@id\":\"https:\/\/marekkuchcinski.pl\/#\/schema\/person\/6f62700996b4d950b6ea2d1183b6c6be\",\"name\":\"admin\",\"image\":{\"@type\":\"ImageObject\",\"inLanguage\":\"cs\",\"@id\":\"https:\/\/marekkuchcinski.pl\/#\/schema\/person\/image\/\",\"url\":\"https:\/\/secure.gravatar.com\/avatar\/4bab693b9d55c3d6b52c0296a8765085?s=96&d=mm&r=g\",\"contentUrl\":\"https:\/\/secure.gravatar.com\/avatar\/4bab693b9d55c3d6b52c0296a8765085?s=96&d=mm&r=g\",\"caption\":\"admin\"},\"url\":\"https:\/\/marekkuchcinski.pl\/cs\/author\/marta-olejnik\/\"}]}<\/script>\n<!-- \/ Yoast SEO plugin. -->","yoast_head_json":{"title":"Najwa\u017cniejsze ustawy przyj\u0119te przez Sejm w 2018 roku &#8211; Marek Kuchci\u0144ski","robots":{"index":"index","follow":"follow","max-snippet":"max-snippet:-1","max-image-preview":"max-image-preview:large","max-video-preview":"max-video-preview:-1"},"canonical":"https:\/\/marekkuchcinski.pl\/cs\/wydarzenia\/podsumowanie-najwazniejszych-ustaw-przyjetych-2018-roku\/","og_locale":"cs_CZ","og_type":"article","og_title":"Najwa\u017cniejsze ustawy przyj\u0119te przez Sejm w 2018 roku &#8211; Marek Kuchci\u0144ski","og_description":"Minione 12 miesi\u0119cy to intensywny czas na Wiejskiej. W 2018 r. Sejm uchwali\u0142 szereg ustaw wa\u017cnych dla Polak\u00f3w. Poni\u017cej miesi\u0119czne zestawienie zmian istotnych zmian w prawie Stycze\u0144 Izba rok 2018 rozpocz\u0119\u0142a od uchwalenia ustawy wa\u017cnej dla lokalnych spo\u0142eczno\u015bci. Sejm zdecydowa\u0142 o wyd\u0142u\u017ceniu kadencji samorz\u0105d\u00f3w z czterech do pi\u0119ciu lat oraz postanowi\u0142, \u017ce w\u00f3jt burmistrz czy [&hellip;]","og_url":"https:\/\/marekkuchcinski.pl\/cs\/wydarzenia\/podsumowanie-najwazniejszych-ustaw-przyjetych-2018-roku\/","og_site_name":"Marek Kuchci\u0144ski","article_published_time":"2018-12-31T09:25:27+00:00","article_modified_time":"2019-01-01T19:47:46+00:00","og_image":[{"width":2048,"height":1365,"url":"https:\/\/marekkuchcinski.pl\/wp-content\/uploads\/2018\/12\/KB__0027-2.jpg","type":"image\/jpeg"}],"author":"admin","twitter_card":"summary_large_image","twitter_misc":{"Napsal(a)":"admin","Odhadovan\u00e1 doba \u010dten\u00ed":"5 minut"},"schema":{"@context":"https:\/\/schema.org","@graph":[{"@type":"Article","@id":"https:\/\/marekkuchcinski.pl\/ro\/wydarzenia\/podsumowanie-najwazniejszych-ustaw-przyjetych-2018-roku\/#article","isPartOf":{"@id":"https:\/\/marekkuchcinski.pl\/ro\/wydarzenia\/podsumowanie-najwazniejszych-ustaw-przyjetych-2018-roku\/"},"author":{"name":"admin","@id":"https:\/\/marekkuchcinski.pl\/#\/schema\/person\/6f62700996b4d950b6ea2d1183b6c6be"},"headline":"Najwa\u017cniejsze ustawy przyj\u0119te przez Sejm w 2018 roku","datePublished":"2018-12-31T09:25:27+00:00","dateModified":"2019-01-01T19:47:46+00:00","mainEntityOfPage":{"@id":"https:\/\/marekkuchcinski.pl\/ro\/wydarzenia\/podsumowanie-najwazniejszych-ustaw-przyjetych-2018-roku\/"},"wordCount":1070,"commentCount":0,"publisher":{"@id":"https:\/\/marekkuchcinski.pl\/#organization"},"image":{"@id":"https:\/\/marekkuchcinski.pl\/ro\/wydarzenia\/podsumowanie-najwazniejszych-ustaw-przyjetych-2018-roku\/#primaryimage"},"thumbnailUrl":"https:\/\/marekkuchcinski.pl\/wp-content\/uploads\/2018\/12\/KB__0027-2.jpg","articleSection":["Prawo i Sprawiedliwo\u015b\u0107","Wie\u015bci z Sejmu","Wydarzenia"],"inLanguage":"cs","potentialAction":[{"@type":"CommentAction","name":"Comment","target":["https:\/\/marekkuchcinski.pl\/ro\/wydarzenia\/podsumowanie-najwazniejszych-ustaw-przyjetych-2018-roku\/#respond"]}]},{"@type":"WebPage","@id":"https:\/\/marekkuchcinski.pl\/ro\/wydarzenia\/podsumowanie-najwazniejszych-ustaw-przyjetych-2018-roku\/","url":"https:\/\/marekkuchcinski.pl\/ro\/wydarzenia\/podsumowanie-najwazniejszych-ustaw-przyjetych-2018-roku\/","name":"Najwa\u017cniejsze ustawy przyj\u0119te przez Sejm w 2018 roku &#8211; Marek Kuchci\u0144ski","isPartOf":{"@id":"https:\/\/marekkuchcinski.pl\/#website"},"primaryImageOfPage":{"@id":"https:\/\/marekkuchcinski.pl\/ro\/wydarzenia\/podsumowanie-najwazniejszych-ustaw-przyjetych-2018-roku\/#primaryimage"},"image":{"@id":"https:\/\/marekkuchcinski.pl\/ro\/wydarzenia\/podsumowanie-najwazniejszych-ustaw-przyjetych-2018-roku\/#primaryimage"},"thumbnailUrl":"https:\/\/marekkuchcinski.pl\/wp-content\/uploads\/2018\/12\/KB__0027-2.jpg","datePublished":"2018-12-31T09:25:27+00:00","dateModified":"2019-01-01T19:47:46+00:00","breadcrumb":{"@id":"https:\/\/marekkuchcinski.pl\/ro\/wydarzenia\/podsumowanie-najwazniejszych-ustaw-przyjetych-2018-roku\/#breadcrumb"},"inLanguage":"cs","potentialAction":[{"@type":"ReadAction","target":["https:\/\/marekkuchcinski.pl\/ro\/wydarzenia\/podsumowanie-najwazniejszych-ustaw-przyjetych-2018-roku\/"]}]},{"@type":"ImageObject","inLanguage":"cs","@id":"https:\/\/marekkuchcinski.pl\/ro\/wydarzenia\/podsumowanie-najwazniejszych-ustaw-przyjetych-2018-roku\/#primaryimage","url":"https:\/\/marekkuchcinski.pl\/wp-content\/uploads\/2018\/12\/KB__0027-2.jpg","contentUrl":"https:\/\/marekkuchcinski.pl\/wp-content\/uploads\/2018\/12\/KB__0027-2.jpg","width":2048,"height":1365},{"@type":"BreadcrumbList","@id":"https:\/\/marekkuchcinski.pl\/ro\/wydarzenia\/podsumowanie-najwazniejszych-ustaw-przyjetych-2018-roku\/#breadcrumb","itemListElement":[{"@type":"ListItem","position":1,"name":"Strona g\u0142\u00f3wna","item":"https:\/\/marekkuchcinski.pl\/"},{"@type":"ListItem","position":2,"name":"Najwa\u017cniejsze ustawy przyj\u0119te przez Sejm w 2018 roku"}]},{"@type":"WebSite","@id":"https:\/\/marekkuchcinski.pl\/#website","url":"https:\/\/marekkuchcinski.pl\/","name":"Marek Kuchci\u0144ski","description":"Pose\u0142 na sejm RP &ndash; okr\u0119g nr 22","publisher":{"@id":"https:\/\/marekkuchcinski.pl\/#organization"},"potentialAction":[{"@type":"SearchAction","target":{"@type":"EntryPoint","urlTemplate":"https:\/\/marekkuchcinski.pl\/?s={search_term_string}"},"query-input":{"@type":"PropertyValueSpecification","valueRequired":true,"valueName":"search_term_string"}}],"inLanguage":"cs"},{"@type":"Organization","@id":"https:\/\/marekkuchcinski.pl\/#organization","name":"Marek Kuchci\u0144ski","url":"https:\/\/marekkuchcinski.pl\/","logo":{"@type":"ImageObject","inLanguage":"cs","@id":"https:\/\/marekkuchcinski.pl\/#\/schema\/logo\/image\/","url":"https:\/\/marekkuchcinski.pl\/wp-content\/uploads\/2022\/09\/Marek.jpg","contentUrl":"https:\/\/marekkuchcinski.pl\/wp-content\/uploads\/2022\/09\/Marek.jpg","width":1600,"height":971,"caption":"Marek Kuchci\u0144ski"},"image":{"@id":"https:\/\/marekkuchcinski.pl\/#\/schema\/logo\/image\/"}},{"@type":"Person","@id":"https:\/\/marekkuchcinski.pl\/#\/schema\/person\/6f62700996b4d950b6ea2d1183b6c6be","name":"admin","image":{"@type":"ImageObject","inLanguage":"cs","@id":"https:\/\/marekkuchcinski.pl\/#\/schema\/person\/image\/","url":"https:\/\/secure.gravatar.com\/avatar\/4bab693b9d55c3d6b52c0296a8765085?s=96&d=mm&r=g","contentUrl":"https:\/\/secure.gravatar.com\/avatar\/4bab693b9d55c3d6b52c0296a8765085?s=96&d=mm&r=g","caption":"admin"},"url":"https:\/\/marekkuchcinski.pl\/cs\/author\/marta-olejnik\/"}]}},"_links":{"self":[{"href":"https:\/\/marekkuchcinski.pl\/cs\/wp-json\/wp\/v2\/posts\/12297","targetHints":{"allow":["GET"]}}],"collection":[{"href":"https:\/\/marekkuchcinski.pl\/cs\/wp-json\/wp\/v2\/posts"}],"about":[{"href":"https:\/\/marekkuchcinski.pl\/cs\/wp-json\/wp\/v2\/types\/post"}],"author":[{"embeddable":true,"href":"https:\/\/marekkuchcinski.pl\/cs\/wp-json\/wp\/v2\/users\/6"}],"replies":[{"embeddable":true,"href":"https:\/\/marekkuchcinski.pl\/cs\/wp-json\/wp\/v2\/comments?post=12297"}],"version-history":[{"count":4,"href":"https:\/\/marekkuchcinski.pl\/cs\/wp-json\/wp\/v2\/posts\/12297\/revisions"}],"predecessor-version":[{"id":12314,"href":"https:\/\/marekkuchcinski.pl\/cs\/wp-json\/wp\/v2\/posts\/12297\/revisions\/12314"}],"wp:featuredmedia":[{"embeddable":true,"href":"https:\/\/marekkuchcinski.pl\/cs\/wp-json\/wp\/v2\/media\/12318"}],"wp:attachment":[{"href":"https:\/\/marekkuchcinski.pl\/cs\/wp-json\/wp\/v2\/media?parent=12297"}],"wp:term":[{"taxonomy":"category","embeddable":true,"href":"https:\/\/marekkuchcinski.pl\/cs\/wp-json\/wp\/v2\/categories?post=12297"},{"taxonomy":"post_tag","embeddable":true,"href":"https:\/\/marekkuchcinski.pl\/cs\/wp-json\/wp\/v2\/tags?post=12297"}],"curies":[{"name":"wp","href":"https:\/\/api.w.org\/{rel}","templated":true}]}}