{"id":12294,"date":"2018-12-31T09:28:05","date_gmt":"2018-12-31T08:28:05","guid":{"rendered":"https:\/\/marekkuchcinski.pl\/?p=12294"},"modified":"2018-12-31T09:28:05","modified_gmt":"2018-12-31T08:28:05","slug":"dyplomacja-parlamentarna-2018-r-najwazniejsze-wydarzenia","status":"publish","type":"post","link":"https:\/\/marekkuchcinski.pl\/cs\/wspolpraca-miedzynarodowa\/dyplomacja-parlamentarna-2018-r-najwazniejsze-wydarzenia\/","title":{"rendered":"Parlamentn\u00ed diplomacie v roce 2018. Nejd\u016fle\u017eit\u011bj\u0161\u00ed informace"},"content":{"rendered":"<p dir=\"ltr\">Posledn\u00edch 12 m\u011bs\u00edc\u016f bylo pro parlamentn\u00ed diplomacii v\u00fdjime\u010dn\u00fdch. U p\u0159\u00edle\u017eitosti 550. v\u00fdro\u010d\u00ed parlamentarismu republiky m\u011bli zahrani\u010dn\u00ed partne\u0159i Sejmu mo\u017enost sezn\u00e1mit se s touto v\u00edce ne\u017e p\u016flstolet\u00ed starou tradic\u00ed prost\u0159ednictv\u00edm \u0159ady mezin\u00e1rodn\u00edch akc\u00ed v\u011bnovan\u00fdch tomuto jubileu. Krom\u011b toho se ve Wiejsk\u00e9 ulici konalo zased\u00e1n\u00ed Parlamentn\u00edho shrom\u00e1\u017ed\u011bn\u00ed NATO a summit p\u0159edsed\u016f parlament\u016f zem\u00ed st\u0159edn\u00ed a v\u00fdchodn\u00ed Evropy EUROWAW2018. P\u0159edseda Sejmu a \u010dlenov\u00e9 p\u0159edsednictva uskute\u010dnili \u0159adu zahrani\u010dn\u00edch n\u00e1v\u0161t\u011bv a p\u0159ijali v\u00fdznamn\u00e9 hosty.<\/p>\n<p dir=\"ltr\">\n<u><strong>Leden<\/strong><\/u><\/p>\n<p dir=\"ltr\">Rok za\u010dal setk\u00e1n\u00edm p\u0159edsedy Sejmu Marka Kuchci\u0144sk\u00e9ho a m\u00edstop\u0159edsedy Sejmu Ryszarda Terleck\u00e9ho.\u00a0<strong><u>s delegac\u00ed Parlamentn\u00ed skupiny p\u0159\u00e1telstv\u00ed s Polskem N\u00e1rodn\u00ed rady Slovensk\u00e9 republiky<\/u><\/strong>\u00a0(25. ledna).<\/p>\n<p dir=\"ltr\">Na konci m\u011bs\u00edce (28.-29. ledna) se v Tallinnu se\u0161li gener\u00e1ln\u00ed tajemn\u00edci parlament\u016f Evropsk\u00e9 unie. Sejm zastupovala Agnieszka Kaczmarska - vedouc\u00ed Kancel\u00e1\u0159e Sejmu.<\/p>\n<p dir=\"ltr\">\n<strong><u>\u00danor<\/u><\/strong><\/p>\n<p dir=\"ltr\">Jednou z hlavn\u00edch ud\u00e1lost\u00ed \u00fanora byla\u00a0<strong><u>N\u00e1v\u0161t\u011bva Marka Kuchci\u0144sk\u00e9ho v Berl\u00edn\u011b<\/u><\/strong>\u00a0(1. \u00fanora). P\u0159edseda Sn\u011bmovny se setkal se sv\u00fdm n\u011bmeck\u00fdm prot\u011bj\u0161kem Wolfgangem Sch\u00e4ublem. Politici diskutovali mimo jin\u00e9 o polsko-n\u011bmeck\u00e9 parlamentn\u00ed spolupr\u00e1ci, roli V\u00fdmarsk\u00e9ho troj\u00faheln\u00edku a budoucnosti Evropsk\u00e9 unie.<\/p>\n<p dir=\"ltr\">V \u00fanoru se tak\u00e9 uskute\u010dnila ofici\u00e1ln\u00ed n\u00e1v\u0161t\u011bva p\u0159edsedy Sejmu v Bratislav\u011b (19.-20. \u00fanora). B\u011bhem setk\u00e1n\u00ed s nejv\u00fdznamn\u011bj\u0161\u00edmi politiky na\u0161eho ji\u017en\u00edho souseda (p\u0159edsedou N\u00e1rodn\u00ed rady Andrejem Dankem, premi\u00e9rem Robertem Ficem a prezidentem Andrejem Kiskou) hovo\u0159il p\u0159edseda Sejmu mimo jin\u00e9 o politick\u00e9, vojensk\u00e9 a hospod\u00e1\u0159sk\u00e9 spolupr\u00e1ci mezi ob\u011bma zem\u011bmi.<\/p>\n<p dir=\"ltr\">Mar\u0161\u00e1l Kuchci\u0144ski se spolu se z\u00e1stupcem mar\u0161\u00e1la Terleck\u00fdm z\u00fa\u010dastnil tak\u00e9 jubilejn\u00edho 20. ro\u010dn\u00edku konference Evropa Karpat v Przemy\u015blu (17. \u00fanora).<\/p>\n<p dir=\"ltr\">\nVedouc\u00ed Kancel\u00e1\u0159e Sejmu Agnieszka Kaczmarsk\u00e1 se z\u00fa\u010dastnila konference p\u0159edsed\u016f parlament\u016f v izraelsk\u00e9m Knesetu.<\/p>\n<p dir=\"ltr\">\n<strong><u>B\u0159ezen<\/u><\/strong><\/p>\n<p dir=\"ltr\">1. b\u0159ezna\u00a0<strong><u>p\u0159edseda litevsk\u00e9ho Seimasu Viktoras Pranckietis vystoupil v polsk\u00e9m Seimasu.<\/u><\/strong>. N\u00e1v\u0161t\u011bva byla spojena s oslavami 100. v\u00fdro\u010d\u00ed znovuzrozen\u00ed Litevsk\u00e9 republiky. Prezident Pranckietis se setkal s p\u0159edsedy Sejmu a Sen\u00e1tu a s m\u00edstop\u0159edsedy Sen\u00e1tu Beatou Mazurek, Ryszardem Terleckim a Ma\u0142gorzatou Kidawou-B\u0142o\u0144skou.<\/p>\n<p dir=\"ltr\">V b\u0159eznu se p\u0159edseda Sejmu spolu s p\u0159edsedou Sen\u00e1tu z\u00fa\u010dastnil tak\u00e9 zased\u00e1n\u00ed\u00a0<strong><u>Setk\u00e1n\u00ed p\u0159edsed\u016f visegr\u00e1dsk\u00fdch parlament\u016f v Budape\u0161ti<\/u><\/strong>\u00a0(1.-2. b\u0159ezna). \"St\u0159edn\u00ed Evropa se st\u00e1v\u00e1 nejdynami\u010dt\u011bj\u0161\u00ed \u010d\u00e1st\u00ed cel\u00e9 Evropsk\u00e9 unie.\" -zd\u016fraznil Marek Kuchcinski b\u011bhem setk\u00e1n\u00ed. Hlavn\u00edm t\u00e9matem summitu bylo pos\u00edlen\u00ed parlamentn\u00ed spolupr\u00e1ce v EU. Mar\u0161\u00e1lov\u00e9 Kuchcinski a Karczewski byli b\u011bhem sv\u00e9ho pobytu v Budape\u0161ti vyznamen\u00e1ni Velk\u00fdm k\u0159\u00ed\u017eem \u0158\u00e1du za z\u00e1sluhy o Ma\u010farsko.<\/p>\n<p dir=\"ltr\">Ve dnech 10. a 11. b\u0159ezna Litva oslavila znovuzrozen\u00ed sv\u00e9 nez\u00e1vislosti. Jedn\u00edm z host\u016f oslav byl i p\u0159edseda polsk\u00e9ho Sejmu. \"N\u00e1vrat Litvy mezi suver\u00e9nn\u00ed st\u00e1ty m\u00e1 pro n\u00e1s velk\u00fd v\u00fdznam,\" \u0159ekl p\u0159edseda litevsk\u00e9ho parlamentu Marek Kuchcinski.<\/p>\n<p dir=\"ltr\">P\u0159edseda Sejmu se rovn\u011b\u017e z\u00fa\u010dastnil 11. f\u00f3ra Evropa-Ukrajina v Jasionce u Rzeszowa (14. b\u0159ezna). Akce se z\u00fa\u010dastnila tak\u00e9 m\u00edstop\u0159edsedkyn\u011b parlamentu Beata Mazurek.<\/p>\n<p dir=\"ltr\">Dne 22. b\u0159ezna p\u0159ijal Sejm\u00a0<strong><u>usnesen\u00ed o z\u0159\u00edzen\u00ed Parlamentn\u00edho shrom\u00e1\u017ed\u011bn\u00ed Polska a Gruzie<\/u><\/strong>.<\/p>\n<p dir=\"ltr\">\n<strong><u>duben<\/u><\/strong><\/p>\n<p dir=\"ltr\">Nejv\u00fdznamn\u011bj\u0161\u00ed dubnovou ud\u00e1lost\u00ed byla\u00a0<strong><u>Konference p\u0159edsed\u016f parlament\u016f EU v Tallinnu<\/u><\/strong>\u00a0(23.-24. dubna). Polsko zastupovali p\u0159edsedov\u00e9 Sejmu a Sen\u00e1tu a vedouc\u00ed Kancel\u00e1\u0159e Sejmu A. Kaczmarska. Mar\u0161\u00e1lek Sejmu vystoupil v rozprav\u011b o budoucnosti EU. Jak \u0159ekl Marke Kuchci\u0144ski, \"Polsko vid\u00ed nedokonalosti a pot\u0159ebu reforem EU\". P\u0159edseda dodal, \u017ee Polsku z\u00e1le\u017e\u00ed na \u00fasp\u011bchu Unie, proto\u017ee, jak zd\u016fraznil, \"pro n\u00e1s je bilance \u010dlenstv\u00ed p\u0159\u00edzniv\u00e1\".<\/p>\n<p dir=\"ltr\">V r\u00e1mci oslav 550. v\u00fdro\u010d\u00ed parlamentarismu republiky se na Kr\u00e1lovsk\u00e9m z\u00e1mku ve Var\u0161av\u011b konala mezin\u00e1rodn\u00ed v\u011bdeck\u00e1 konference za \u00fa\u010dasti p\u0159edsedy Sejmu, m\u00edstop\u0159edsed\u016f Mazurka a Terleck\u00e9ho a veden\u00ed Kancel\u00e1\u0159e Sejmu.<\/p>\n<p dir=\"ltr\">\n<strong><u>Kv\u011bten<\/u><\/strong><\/p>\n<p dir=\"ltr\">V kv\u011btnu se konalo jarn\u00ed zased\u00e1n\u00ed Parlamentu\u00a0<strong><u>Zased\u00e1n\u00ed Parlamentn\u00edho shrom\u00e1\u017ed\u011bn\u00ed NATO<\/u><\/strong>. (25.-28. kv\u011btna). T\u00e9to v\u00fdznamn\u00e9 ud\u00e1losti se z\u00fa\u010dastnili mimo jin\u00e9 prezident Andrzej Duda a gener\u00e1ln\u00ed tajemn\u00edk Aliance Jens Stoltenberg. \u00da\u010dastn\u00edci potvrdili jednotu Aliance a zd\u016fraznili, \u017ee \u00fatok na jednoho spojence je \u00fatokem na celou organizaci.<\/p>\n<p dir=\"ltr\">P\u0159edseda Sejmu uskute\u010dnil v kv\u011btnu dv\u011b ofici\u00e1ln\u00ed n\u00e1v\u0161t\u011bvy: v \u010cesk\u00e9 republice (23.-24. kv\u011btna) a ve \u0160v\u00e9dsku (28. kv\u011btna). V Praze se setkal mimo jin\u00e9 s p\u0159edsedou Poslaneck\u00e9 sn\u011bmovny Radkem Vondr\u00e1\u010dkem a premi\u00e9rem Andrejem Babi\u0161em. P\u0159edseda Sn\u011bmovny vyzval sv\u00e9 \u010desk\u00e9 partnery, aby se postavili proti p\u0159esunu prost\u0159edk\u016f EU z v\u00fdchodn\u00ed Evropy do ji\u017en\u00ed Evropy. Ve Stockholmu p\u0159ijal Marka Kuchcinsk\u00e9ho kr\u00e1l Carl XVI Gustav. P\u0159edseda Sejmu jednal tak\u00e9 se sv\u00fdm prot\u011bj\u0161kem Urbanem Ahlinem.<\/p>\n<p dir=\"ltr\">Litevsk\u00fd parlament p\u0159ijal prohl\u00e1\u0161en\u00ed k \u00dastav\u011b 3. kv\u011btna (8. kv\u011btna).<\/p>\n<p dir=\"ltr\">\n<strong><u>\u010derven<\/u><\/strong><\/p>\n<p dir=\"ltr\">\u0160est\u00e9 polsko-\u0161pan\u011blsk\u00e9 parlamentn\u00ed f\u00f3rum (24.-25. \u010dervna) se konalo ve \u0161pan\u011blsk\u00e9m Santiagu de Compostela. Sejm zastupovali m\u00edstop\u0159edsedov\u00e9 sn\u011bmovny Beata Mazurek a Ryszard Terlecki a vedouc\u00ed Kancel\u00e1\u0159e Sejmu.<\/p>\n<p dir=\"ltr\">Potvrzen\u00edm dobr\u00fdch parlamentn\u00edch vztah\u016f mezi Polskem a N\u011bmeckem bylo druh\u00e9 leto\u0161n\u00ed setk\u00e1n\u00ed p\u0159edsed\u016f parlamentn\u00edch komor obou zem\u00ed.\u00a0<strong><u>Marek Kuchci\u0144ski a Wolfgang Sch\u00e4uble tentokr\u00e1t jednali ve Var\u0161av\u011b<\/u><\/strong>. Mimo jin\u00e9 o prohlubov\u00e1n\u00ed parlamentn\u00ed spolupr\u00e1ce a sou\u010dasn\u00fdch v\u00fdzv\u00e1ch pro Evropskou unii<\/p>\n<p dir=\"ltr\">P\u0159edseda Sejmu byl hostem p\u0159edsedy Poslaneck\u00e9 sn\u011bmovny Radka Vondr\u00e1\u010dka (9. \u010dervna). Politici se shodli, \u017ee je t\u0159eba d\u00e1le rozv\u00edjet spolupr\u00e1ci mezi ob\u011bma parlamenty.<\/p>\n<p dir=\"ltr\">V \u010dervnu se se\u0161li \u010dlenov\u00e9 Parlamentn\u00edho shrom\u00e1\u017ed\u011bn\u00ed Polska a Ukrajiny na sv\u00e9m 10. zased\u00e1n\u00ed (12. \u010dervna). Zased\u00e1n\u00ed se z\u00fa\u010dastnil m\u00edstop\u0159edseda parlamentu Terleck\u00fd, kter\u00fd zd\u016fraznil d\u016fslednost Ukrajiny v jej\u00edm \u00fasil\u00ed o zapojen\u00ed do evropsk\u00fdch struktur. Jedn\u00e1n\u00ed se z\u00fa\u010dastnil tak\u00e9 m\u00edstop\u0159edseda Mazurek.<\/p>\n<p dir=\"ltr\">\n<strong><u>\u010cervenec<\/u><\/strong><\/p>\n<p dir=\"ltr\">V \u010dervenci se ve Wiejsk\u00e9 ulici uskute\u010dnily dv\u011b v\u00fdznamn\u00e9 akce v r\u00e1mci celoro\u010dn\u00edch oslav 550. v\u00fdro\u010d\u00ed polsk\u00e9ho parlamentarismu. Delegace z v\u00edce ne\u017e 20 zem\u00ed se z\u00fa\u010dastnily konference.<strong><u>\u00a0Summit prezident\u016f zem\u00ed st\u0159edn\u00ed, v\u00fdchodn\u00ed a ji\u017en\u00ed Evropy EUROWAW2018<\/u><\/strong>\u00a0(12. \u010dervence). \"Spojuj\u00ed n\u00e1s z\u00e1sadn\u00ed ot\u00e1zky t\u00fdkaj\u00edc\u00ed se bezpe\u010dnosti, rozvoje infrastruktury a komunikac\u00ed, demografick\u00e9 politiky nebo soci\u00e1ln\u00edch program\u016f. Jsme tak\u00e9 Evropou svobodn\u00fdch n\u00e1rod\u016f,\" \u0159ekl \u00fa\u010dastn\u00edk\u016fm setk\u00e1n\u00ed mar\u0161\u00e1l Kuchci\u0144ski.<\/p>\n<p dir=\"ltr\">Zahrani\u010dn\u00ed host\u00e9 se tak\u00e9 \u00fa\u010dastnili\u00a0<strong><u>slavnostn\u00ed N\u00e1rodn\u00ed shrom\u00e1\u017ed\u011bn\u00ed<\/u><\/strong>\u00a0na kr\u00e1lovsk\u00e9m hrad\u011b v hlavn\u00edm m\u011bst\u011b (13. \u010dervence). Poslanci, sen\u00e1to\u0159i a pozvan\u00ed z\u00e1stupci zahrani\u010dn\u00edch parlament\u016f si vyslechli projev prezidenta Andrzeje Dudy.<\/p>\n<p dir=\"ltr\">\u010cervencov\u00e9 oslavy byly tak\u00e9 p\u0159\u00edle\u017eitost\u00ed k \u0159ad\u011b bilater\u00e1ln\u00edch jedn\u00e1n\u00ed mezi p\u0159edsedou Sejmu a m\u00edstop\u0159edsedy Sn\u011bmovny.<\/p>\n<p dir=\"ltr\">P\u00e1t\u00e9 zased\u00e1n\u00ed Parlamentn\u00edho shrom\u00e1\u017ed\u011bn\u00ed Polska a Moldavska se konalo v Ki\u0161in\u011bv\u011b (23.-24. \u010dervence). Polskou delegaci vedl m\u00edstop\u0159edseda Terlecki.<\/p>\n<p dir=\"ltr\">\n<strong><u>Srpen<\/u><\/strong><\/p>\n<p dir=\"ltr\">Na konci letn\u00edch pr\u00e1zdnin se v Jurat\u011b konalo spole\u010dn\u00e9 setk\u00e1n\u00ed z\u00e1stupc\u016f.\u00a0<strong><u>p\u0159edsednictv\u00ed Sejmu a Poslaneck\u00e9 sn\u011bmovny \u010cesk\u00e9 republiky<\/u><\/strong>\u00a0(29. srpna). Diskutovalo se o parlamentn\u00ed spolupr\u00e1ci, infrastruktu\u0159e a komunikaci a o budoucnosti Evropsk\u00e9 unie. Sejm zastupovali p\u0159edseda Sejmu Marek Kuchci\u0144ski a m\u00edstop\u0159edsedov\u00e9 Barbara Dolniak, Ma\u0142gorzata Kidawa-B\u0142o\u0144ska, Beata Mazurek, Ryszard Terlecki a Stanis\u0142aw Tyszka.<\/p>\n<p dir=\"ltr\">Ryszard Terlecki se v Sejmu setkal se z\u00e1stupci Sn\u011bmovny reprezentant\u016f USA. M\u00edstop\u0159edseda vl\u00e1dy zd\u016fraznil, \u017ee Spojen\u00e9 st\u00e1ty jsou nejd\u016fle\u017eit\u011bj\u0161\u00edm spojencem Polska.<\/p>\n<p dir=\"ltr\">\n<strong><u>z\u00e1\u0159\u00ed<\/u><\/strong><\/p>\n<p dir=\"ltr\">Jako obvykle se na za\u010d\u00e1tku z\u00e1\u0159\u00ed konalo v Krynici Hospod\u00e1\u0159sk\u00e9 f\u00f3rum, kter\u00e9 sv\u00fdm rozsahem dalece p\u0159es\u00e1hlo hranice Polska. Jej\u00ed ned\u00edlnou sou\u010d\u00e1st\u00ed je konference Evropa Karpat,<strong><u>\u00a0p\u0159ed lety inicioval Marek Kuchci\u0144ski<\/u><\/strong>\u00a0(5.-6. z\u00e1\u0159\u00ed).<\/p>\n<p dir=\"ltr\">P\u0159edseda Sejmu op\u011bt nav\u0161t\u00edvil \u010deskou metropoli Prahu, kde se z\u00fa\u010dastnil oslav spojen\u00fdch s projektem \"sPOLeCZne. Polsko-\u010desk\u00e1 v\u00fdro\u010d\u00ed 1918-2018\". (10. z\u00e1\u0159\u00ed) P\u0159edseda Sejmu zd\u016fraznil, \u017ee oba n\u00e1rody tvo\u0159\u00ed spole\u010denstv\u00ed c\u00edl\u016f a z\u00e1jm\u016f.<\/p>\n<p dir=\"ltr\">V Budape\u0161ti se zase Marek Kuchci\u0144ski z\u00fa\u010dastnil slavnostn\u00edho odhalen\u00ed busty J\u00f3zefa Pi\u0142sudsk\u00e9ho (26. z\u00e1\u0159\u00ed). N\u00e1v\u0161t\u011bva byla dal\u0161\u00ed p\u0159\u00edle\u017eitost\u00ed k potvrzen\u00ed p\u0159\u00e1telsk\u00fdch vazeb mezi ob\u011bma n\u00e1rody.<\/p>\n<p dir=\"ltr\">V budov\u00e1ch Sejmu a Sen\u00e1tu prob\u011bhlo tak\u00e9 jedn\u00e1n\u00ed.\u00a0<strong><u>5. sv\u011btov\u00fd kongres polsk\u00fdch obc\u00ed a Pol\u00e1k\u016f v zahrani\u010d\u00ed<\/u><\/strong>\u00a0(20.-22. z\u00e1\u0159\u00ed). Hosty shrom\u00e1\u017ed\u011bn\u00e9 v plen\u00e1rn\u00edm s\u00e1le p\u0159iv\u00edtal p\u0159edseda Sejmu.<\/p>\n<p dir=\"ltr\">\n<strong><u>\u0158\u00edjen<\/u><\/strong><\/p>\n<p dir=\"ltr\">Neform\u00e1ln\u00ed setk\u00e1n\u00ed p\u0159edsed\u016f parlament\u016f Visegr\u00e1dsk\u00e9 skupiny v Ko\u0161ic\u00edch (13. \u0159\u00edjna) bylo jednou z nejv\u00fdznamn\u011bj\u0161\u00edch \u0159\u00edjnov\u00fdch ud\u00e1lost\u00ed. \"Budoucnost Evropsk\u00e9 unie vid\u00edme jako Unii solid\u00e1rn\u00edch st\u00e1t\u016f, Evropu vlast\u00ed, jak \u0159ekl Svat\u00fd otec Jan Pavel II., a tedy Evropu, kter\u00e1 se vz\u00e1jemn\u011b podporuje v procesu rozvojov\u00e9 politiky,\" uvedl. - Mar\u0161\u00e1l Kuchci\u0144ski po jedn\u00e1n\u00ed \u0159ekl.<\/p>\n<p dir=\"ltr\">V r\u00e1mci oslav 550. v\u00fdro\u010d\u00ed polsk\u00e9ho parlamentarismu se kon\u00e1 v polsk\u00e9m m\u011bst\u011b\u00a0<strong><u>v\u00fdstava v Evropsk\u00e9m parlamentu ve \u0160trasburku<\/u><\/strong>. Zah\u00e1jen\u00ed se z\u00fa\u010dastnil p\u0159edseda Sejmu (3. \u0159\u00edjna).<\/p>\n<p dir=\"ltr\">Marek Kuchci\u0144ski zah\u00e1jil v Rzeszow\u011b Mezin\u00e1rodn\u00ed f\u00f3rum karpatsk\u00e9 spolupr\u00e1ce (11. \u0159\u00edjna).<\/p>\n<p dir=\"ltr\">\n<strong><u>Listopad<\/u><\/strong><\/p>\n<p dir=\"ltr\">Nejv\u00fdznamn\u011bj\u0161\u00ed listopadovou ud\u00e1lost\u00ed z hlediska parlamentn\u00ed diplomacie byla n\u00e1v\u0161t\u011bva p\u0159edsedy Sejmu v Gruzii (5.-6. listopadu). Jeho hlavn\u00edm bodem bylo\u00a0<strong><u>Podpis statutu Parlamentn\u00edho shrom\u00e1\u017ed\u011bn\u00ed Polska a Gruzie<\/u><\/strong>\u00a0spole\u010dn\u011b s Iraklim Kobachidzem. V delegaci byli tak\u00e9 poslanci - \u010dlenov\u00e9 sn\u011bmovny - a vedouc\u00ed Kancel\u00e1\u0159e Sejmu Agnieszka Kaczmarsk\u00e1. Slavnostn\u00edho otev\u0159en\u00ed Polsk\u00e9 knihovny se z\u00fa\u010dastnili tak\u00e9 p\u0159edsedov\u00e9 obou komor.<\/p>\n<p dir=\"ltr\">Marek Kuchci\u0144ski se rovn\u011b\u017e z\u00fa\u010dastnil setk\u00e1n\u00ed p\u0159edsed\u016f parlament\u016f zem\u00ed Visegr\u00e1dsk\u00e9 skupiny v Bratislav\u011b (15. listopadu).<\/p>\n<p dir=\"ltr\">Setk\u00e1n\u00ed p\u0159edsedy Sejmu s jeho ma\u010farsk\u00fdm prot\u011bj\u0161kem L\u00e1szl\u00f3 K\u00f6v\u00e9rem v Krasiczynu (24. listopadu) bylo dal\u0161\u00ed p\u0159\u00edle\u017eitost\u00ed k diskusi o spolupr\u00e1ci obou parlament\u016f a spole\u010dn\u00fdch aktivit\u00e1ch V4 v r\u00e1mci EU.<\/p>\n<p dir=\"ltr\">\n<strong><u>Prosinec<\/u><\/strong><\/p>\n<p dir=\"ltr\"><strong><u>Vernis\u00e1\u017e v\u00fdstavy u p\u0159\u00edle\u017eitosti 550. v\u00fdro\u010d\u00ed parlamentarismu Polsk\u00e9 republiky<\/u><\/strong>\u00a0byl hlavn\u00edm bodem prosincov\u00e9 n\u00e1v\u0161t\u011bvy mar\u0161\u00e1lka Sejmu ve Vilniusu (19. prosince). Marek Kuchci\u0144ski p\u0159ipomn\u011bl, \u017ee v roce 2019 oslav\u00edme 450. v\u00fdro\u010d\u00ed Lublinsk\u00e9 unie, kter\u00e1 p\u0159ed stalet\u00edmi vytvo\u0159ila z\u00e1klad polsko-litevsk\u00fdch bratrsk\u00fdch vztah\u016f.<\/p>\n<p dir=\"ltr\">V prosinci byl mar\u0161\u00e1l M. Kuchci\u0144ski tak\u00e9 hostem slavnostn\u00ed konference v ma\u010farsk\u00e9m parlamentu v\u011bnovan\u00e9 100. v\u00fdro\u010d\u00ed znovuz\u00edsk\u00e1n\u00ed nez\u00e1vislosti Polska (8. prosince). Byla p\u0159ipravena z iniciativy prezidenta L. K\u00f6v\u00e9ra.<\/p>\n<p dir=\"ltr\"><em>sejm.gov.pl<\/em><\/p>\n<p dir=\"ltr\">\n<p><strong><u>Seznam zahrani\u010dn\u00edch n\u00e1v\u0161t\u011bv p\u0159edsedy Sejmu Marka Kuchci\u0144sk\u00e9ho v Sejmu <\/u><\/strong><\/p>\n<p><strong><u>v roce 2018<\/u><\/strong><\/p>\n<p>&nbsp;<\/p>\n<p><strong><u>Prezidenti\/premi\u00e9\u0159i:<\/u><\/strong><\/p>\n<ol>\n<li>Prezident \u010cesk\u00e9 republiky, Jeho Excelence Milo\u0161 ZEMAN<\/li>\n<li>P\u0159edseda vl\u00e1dy Ma\u010farska Viktor ORB\u00c1N<\/li>\n<\/ol>\n<p><strong><u>Velvyslanci akreditovan\u00ed v Polsk\u00e9 republice:<\/u><\/strong><\/p>\n<ol>\n<li>Velvyslanec \u0160pan\u011blsk\u00e9ho kr\u00e1lovstv\u00ed v Polsku - Jeho Excelence pan Francisco Javier SANABRIA<\/li>\n<li>Velvyslanec \u010c\u00ednsk\u00e9 lidov\u00e9 republiky J.E. pan Xu JIAN (ukon\u010den\u00ed mise)<\/li>\n<li>Velvyslanec Rakousk\u00e9 republiky - J.E. pan Werner ALMHOFER<\/li>\n<li>Velvyslanec \u0160v\u00e9dsk\u00e9ho kr\u00e1lovstv\u00ed J. E. pan Stefan GULLGREN<\/li>\n<li>Velvyslanec \u010c\u00ednsk\u00e9 lidov\u00e9 republiky J. E. pan Liu GUANGYUAN<\/li>\n<li>Velvyslankyn\u011b Spojen\u00fdch st\u00e1t\u016f americk\u00fdch v Polsk\u00e9 republice - J.E. pan\u00ed Georgette MOSBACHEROV\u00c1<\/li>\n<li>Apo\u0161tolsk\u00fd nuncius v Polsk\u00e9 republice, Jeho Eminence arcibiskup Salvatore PENNACCHIO<\/li>\n<\/ol>\n<p><strong><u>Velvyslanci Polsk\u00e9 republiky akreditovan\u00ed v zahrani\u010d\u00ed:<\/u><\/strong><\/p>\n<ol>\n<li>Velvyslanec - st\u00e1l\u00fd p\u0159edstavitel Polsk\u00e9 republiky v Bruselu - pan Andrzej SADO\u015a<\/li>\n<\/ol>\n<p><strong><u>N\u00e1v\u0161t\u011bvy na parlamentn\u00ed \u00farovni:<\/u><\/strong><\/p>\n<ol>\n<li>P\u0159edseda Poslaneck\u00e9 sn\u011bmovny Parlamentu \u010cesk\u00e9 republiky Radek VONDR\u00c1\u010cEK<\/li>\n<li>P\u0159edseda Sn\u011bmovny reprezentant\u016f Marock\u00e9ho kr\u00e1lovstv\u00ed,<br \/>\nHabib EL MALKI<\/li>\n<li>P\u0159edseda St\u00e1tn\u00ed rady Slovinsk\u00e9 republiky Alojz KOV\u0160CA<\/li>\n<li>P\u0159edseda Seimasu Litevsk\u00e9 republiky VICTORAS PRANCKIETIS<\/li>\n<li style=\"text-align: left;\">P\u0159edseda Sen\u00e1tu \u0160pan\u011blsk\u00e9ho kr\u00e1lovstv\u00ed P\u00edo Garc\u00eda-Escudero<br \/>\nM\u00c1RQUEZ<\/li>\n<li>P\u0159edseda Sen\u00e1tu Francouzsk\u00e9 republiky G\u00e9rard LARCHER<\/li>\n<li>P\u0159edseda rumunsk\u00e9ho Sen\u00e1tu C\u0103lin POPESCU - T\u00c3RICEANU<\/li>\n<li>P\u0159edseda ma\u010farsk\u00e9ho N\u00e1rodn\u00edho shrom\u00e1\u017ed\u011bn\u00ed, pan L\u00c1SZL\u00d3 K\u00d6V\u00c9R<\/li>\n<\/ol>\n<p><strong><u>N\u00e1v\u0161t\u011bvy ministr\u016f:<\/u><\/strong><\/p>\n<ol>\n<li>Ministr obrany \u0158eck\u00e9 republiky Panagiotis KAMMENOS<\/li>\n<li>Ministr zahrani\u010dn\u00edch v\u011bc\u00ed Gruzie David ZALKALIANI<\/li>\n<\/ol>\n<p><strong><u>Dal\u0161\u00ed n\u00e1v\u0161t\u011bvy:<\/u><\/strong><\/p>\n<ol>\n<li>Martin FEDOR, p\u0159edseda Skupiny p\u0159\u00e1telstv\u00ed s Polskem N\u00e1rodn\u00ed rady Slovensk\u00e9 republiky<\/li>\n<\/ol>\n<p>&nbsp;<\/p>","protected":false},"excerpt":{"rendered":"<p>Ostatnie 12 miesi\u0119cy by\u0142o dla dyplomacji parlamentarnej rokiem szczeg\u00f3lnym. Z okazji jubileuszu 550-lecia Parlamentaryzmu Rzeczypospolitej zagraniczni partnerzy Sejmu mieli okazj\u0119 pozna\u0107 t\u0119 licz\u0105c\u0105 ponad p\u00f3\u0142 wieku tradycj\u0119 dzi\u0119ki licznym wydarzeniom mi\u0119dzynarodowym po\u015bwi\u0119conym jubileuszowi. Na Wiejskiej odby\u0142y si\u0119 ponadto sesja Zgromadzenia Parlamentarnego NATO oraz szczyt przewodnicz\u0105cych parlament\u00f3w Europy \u015arodkowej i Wschodniej EUROWAW2018. Marsza\u0142ek Sejmu oraz cz\u0142onkowie [&hellip;]<\/p>","protected":false},"author":6,"featured_media":12295,"comment_status":"open","ping_status":"open","sticky":false,"template":"","format":"standard","meta":{"ngg_post_thumbnail":0,"footnotes":""},"categories":[50],"tags":[],"class_list":["post-12294","post","type-post","status-publish","format-standard","has-post-thumbnail","hentry","category-wspolpraca-miedzynarodowa"],"yoast_head":"<!-- This site is optimized with the Yoast SEO plugin v24.7 - https:\/\/yoast.com\/wordpress\/plugins\/seo\/ -->\n<title>Dyplomacja parlamentarna w 2018 r. Najwa\u017cniejsze wydarzenia &#8211; Marek Kuchci\u0144ski<\/title>\n<meta name=\"robots\" content=\"index, follow, max-snippet:-1, max-image-preview:large, max-video-preview:-1\" \/>\n<link rel=\"canonical\" href=\"https:\/\/marekkuchcinski.pl\/cs\/wspolpraca-miedzynarodowa\/dyplomacja-parlamentarna-2018-r-najwazniejsze-wydarzenia\/\" \/>\n<meta property=\"og:locale\" content=\"cs_CZ\" \/>\n<meta property=\"og:type\" content=\"article\" \/>\n<meta property=\"og:title\" content=\"Dyplomacja parlamentarna w 2018 r. Najwa\u017cniejsze wydarzenia &#8211; Marek Kuchci\u0144ski\" \/>\n<meta property=\"og:description\" content=\"Ostatnie 12 miesi\u0119cy by\u0142o dla dyplomacji parlamentarnej rokiem szczeg\u00f3lnym. Z okazji jubileuszu 550-lecia Parlamentaryzmu Rzeczypospolitej zagraniczni partnerzy Sejmu mieli okazj\u0119 pozna\u0107 t\u0119 licz\u0105c\u0105 ponad p\u00f3\u0142 wieku tradycj\u0119 dzi\u0119ki licznym wydarzeniom mi\u0119dzynarodowym po\u015bwi\u0119conym jubileuszowi. Na Wiejskiej odby\u0142y si\u0119 ponadto sesja Zgromadzenia Parlamentarnego NATO oraz szczyt przewodnicz\u0105cych parlament\u00f3w Europy \u015arodkowej i Wschodniej EUROWAW2018. Marsza\u0142ek Sejmu oraz cz\u0142onkowie [&hellip;]\" \/>\n<meta property=\"og:url\" content=\"https:\/\/marekkuchcinski.pl\/cs\/wspolpraca-miedzynarodowa\/dyplomacja-parlamentarna-2018-r-najwazniejsze-wydarzenia\/\" \/>\n<meta property=\"og:site_name\" content=\"Marek Kuchci\u0144ski\" \/>\n<meta property=\"article:published_time\" content=\"2018-12-31T08:28:05+00:00\" \/>\n<meta property=\"og:image\" content=\"https:\/\/marekkuchcinski.pl\/wp-content\/uploads\/2018\/12\/KU313542.jpg\" \/>\n\t<meta property=\"og:image:width\" content=\"1885\" \/>\n\t<meta property=\"og:image:height\" content=\"1232\" \/>\n\t<meta property=\"og:image:type\" content=\"image\/jpeg\" \/>\n<meta name=\"author\" content=\"admin\" \/>\n<meta name=\"twitter:card\" content=\"summary_large_image\" \/>\n<meta name=\"twitter:label1\" content=\"Napsal(a)\" \/>\n\t<meta name=\"twitter:data1\" content=\"admin\" \/>\n\t<meta name=\"twitter:label2\" content=\"Odhadovan\u00e1 doba \u010dten\u00ed\" \/>\n\t<meta name=\"twitter:data2\" content=\"9 minut\" \/>\n<script type=\"application\/ld+json\" class=\"yoast-schema-graph\">{\"@context\":\"https:\/\/schema.org\",\"@graph\":[{\"@type\":\"Article\",\"@id\":\"https:\/\/marekkuchcinski.pl\/hu\/wspolpraca-miedzynarodowa\/dyplomacja-parlamentarna-2018-r-najwazniejsze-wydarzenia\/#article\",\"isPartOf\":{\"@id\":\"https:\/\/marekkuchcinski.pl\/hu\/wspolpraca-miedzynarodowa\/dyplomacja-parlamentarna-2018-r-najwazniejsze-wydarzenia\/\"},\"author\":{\"name\":\"admin\",\"@id\":\"https:\/\/marekkuchcinski.pl\/#\/schema\/person\/6f62700996b4d950b6ea2d1183b6c6be\"},\"headline\":\"Dyplomacja parlamentarna w 2018 r. Najwa\u017cniejsze wydarzenia\",\"datePublished\":\"2018-12-31T08:28:05+00:00\",\"mainEntityOfPage\":{\"@id\":\"https:\/\/marekkuchcinski.pl\/hu\/wspolpraca-miedzynarodowa\/dyplomacja-parlamentarna-2018-r-najwazniejsze-wydarzenia\/\"},\"wordCount\":1862,\"commentCount\":0,\"publisher\":{\"@id\":\"https:\/\/marekkuchcinski.pl\/#organization\"},\"image\":{\"@id\":\"https:\/\/marekkuchcinski.pl\/hu\/wspolpraca-miedzynarodowa\/dyplomacja-parlamentarna-2018-r-najwazniejsze-wydarzenia\/#primaryimage\"},\"thumbnailUrl\":\"https:\/\/marekkuchcinski.pl\/wp-content\/uploads\/2018\/12\/KU313542.jpg\",\"articleSection\":[\"Wsp\u00f3\u0142praca mi\u0119dzynarodowa\"],\"inLanguage\":\"cs\",\"potentialAction\":[{\"@type\":\"CommentAction\",\"name\":\"Comment\",\"target\":[\"https:\/\/marekkuchcinski.pl\/hu\/wspolpraca-miedzynarodowa\/dyplomacja-parlamentarna-2018-r-najwazniejsze-wydarzenia\/#respond\"]}]},{\"@type\":\"WebPage\",\"@id\":\"https:\/\/marekkuchcinski.pl\/hu\/wspolpraca-miedzynarodowa\/dyplomacja-parlamentarna-2018-r-najwazniejsze-wydarzenia\/\",\"url\":\"https:\/\/marekkuchcinski.pl\/hu\/wspolpraca-miedzynarodowa\/dyplomacja-parlamentarna-2018-r-najwazniejsze-wydarzenia\/\",\"name\":\"Dyplomacja parlamentarna w 2018 r. Najwa\u017cniejsze wydarzenia &#8211; Marek Kuchci\u0144ski\",\"isPartOf\":{\"@id\":\"https:\/\/marekkuchcinski.pl\/#website\"},\"primaryImageOfPage\":{\"@id\":\"https:\/\/marekkuchcinski.pl\/hu\/wspolpraca-miedzynarodowa\/dyplomacja-parlamentarna-2018-r-najwazniejsze-wydarzenia\/#primaryimage\"},\"image\":{\"@id\":\"https:\/\/marekkuchcinski.pl\/hu\/wspolpraca-miedzynarodowa\/dyplomacja-parlamentarna-2018-r-najwazniejsze-wydarzenia\/#primaryimage\"},\"thumbnailUrl\":\"https:\/\/marekkuchcinski.pl\/wp-content\/uploads\/2018\/12\/KU313542.jpg\",\"datePublished\":\"2018-12-31T08:28:05+00:00\",\"breadcrumb\":{\"@id\":\"https:\/\/marekkuchcinski.pl\/hu\/wspolpraca-miedzynarodowa\/dyplomacja-parlamentarna-2018-r-najwazniejsze-wydarzenia\/#breadcrumb\"},\"inLanguage\":\"cs\",\"potentialAction\":[{\"@type\":\"ReadAction\",\"target\":[\"https:\/\/marekkuchcinski.pl\/hu\/wspolpraca-miedzynarodowa\/dyplomacja-parlamentarna-2018-r-najwazniejsze-wydarzenia\/\"]}]},{\"@type\":\"ImageObject\",\"inLanguage\":\"cs\",\"@id\":\"https:\/\/marekkuchcinski.pl\/hu\/wspolpraca-miedzynarodowa\/dyplomacja-parlamentarna-2018-r-najwazniejsze-wydarzenia\/#primaryimage\",\"url\":\"https:\/\/marekkuchcinski.pl\/wp-content\/uploads\/2018\/12\/KU313542.jpg\",\"contentUrl\":\"https:\/\/marekkuchcinski.pl\/wp-content\/uploads\/2018\/12\/KU313542.jpg\",\"width\":1885,\"height\":1232},{\"@type\":\"BreadcrumbList\",\"@id\":\"https:\/\/marekkuchcinski.pl\/hu\/wspolpraca-miedzynarodowa\/dyplomacja-parlamentarna-2018-r-najwazniejsze-wydarzenia\/#breadcrumb\",\"itemListElement\":[{\"@type\":\"ListItem\",\"position\":1,\"name\":\"Strona g\u0142\u00f3wna\",\"item\":\"https:\/\/marekkuchcinski.pl\/\"},{\"@type\":\"ListItem\",\"position\":2,\"name\":\"Dyplomacja parlamentarna w 2018 r. Najwa\u017cniejsze wydarzenia\"}]},{\"@type\":\"WebSite\",\"@id\":\"https:\/\/marekkuchcinski.pl\/#website\",\"url\":\"https:\/\/marekkuchcinski.pl\/\",\"name\":\"Marek Kuchci\u0144ski\",\"description\":\"Pose\u0142 na sejm RP &ndash; okr\u0119g nr 22\",\"publisher\":{\"@id\":\"https:\/\/marekkuchcinski.pl\/#organization\"},\"potentialAction\":[{\"@type\":\"SearchAction\",\"target\":{\"@type\":\"EntryPoint\",\"urlTemplate\":\"https:\/\/marekkuchcinski.pl\/?s={search_term_string}\"},\"query-input\":{\"@type\":\"PropertyValueSpecification\",\"valueRequired\":true,\"valueName\":\"search_term_string\"}}],\"inLanguage\":\"cs\"},{\"@type\":\"Organization\",\"@id\":\"https:\/\/marekkuchcinski.pl\/#organization\",\"name\":\"Marek Kuchci\u0144ski\",\"url\":\"https:\/\/marekkuchcinski.pl\/\",\"logo\":{\"@type\":\"ImageObject\",\"inLanguage\":\"cs\",\"@id\":\"https:\/\/marekkuchcinski.pl\/#\/schema\/logo\/image\/\",\"url\":\"https:\/\/marekkuchcinski.pl\/wp-content\/uploads\/2022\/09\/Marek.jpg\",\"contentUrl\":\"https:\/\/marekkuchcinski.pl\/wp-content\/uploads\/2022\/09\/Marek.jpg\",\"width\":1600,\"height\":971,\"caption\":\"Marek Kuchci\u0144ski\"},\"image\":{\"@id\":\"https:\/\/marekkuchcinski.pl\/#\/schema\/logo\/image\/\"}},{\"@type\":\"Person\",\"@id\":\"https:\/\/marekkuchcinski.pl\/#\/schema\/person\/6f62700996b4d950b6ea2d1183b6c6be\",\"name\":\"admin\",\"image\":{\"@type\":\"ImageObject\",\"inLanguage\":\"cs\",\"@id\":\"https:\/\/marekkuchcinski.pl\/#\/schema\/person\/image\/\",\"url\":\"https:\/\/secure.gravatar.com\/avatar\/4bab693b9d55c3d6b52c0296a8765085?s=96&d=mm&r=g\",\"contentUrl\":\"https:\/\/secure.gravatar.com\/avatar\/4bab693b9d55c3d6b52c0296a8765085?s=96&d=mm&r=g\",\"caption\":\"admin\"},\"url\":\"https:\/\/marekkuchcinski.pl\/cs\/author\/marta-olejnik\/\"}]}<\/script>\n<!-- \/ Yoast SEO plugin. -->","yoast_head_json":{"title":"Dyplomacja parlamentarna w 2018 r. Najwa\u017cniejsze wydarzenia &#8211; Marek Kuchci\u0144ski","robots":{"index":"index","follow":"follow","max-snippet":"max-snippet:-1","max-image-preview":"max-image-preview:large","max-video-preview":"max-video-preview:-1"},"canonical":"https:\/\/marekkuchcinski.pl\/cs\/wspolpraca-miedzynarodowa\/dyplomacja-parlamentarna-2018-r-najwazniejsze-wydarzenia\/","og_locale":"cs_CZ","og_type":"article","og_title":"Dyplomacja parlamentarna w 2018 r. Najwa\u017cniejsze wydarzenia &#8211; Marek Kuchci\u0144ski","og_description":"Ostatnie 12 miesi\u0119cy by\u0142o dla dyplomacji parlamentarnej rokiem szczeg\u00f3lnym. Z okazji jubileuszu 550-lecia Parlamentaryzmu Rzeczypospolitej zagraniczni partnerzy Sejmu mieli okazj\u0119 pozna\u0107 t\u0119 licz\u0105c\u0105 ponad p\u00f3\u0142 wieku tradycj\u0119 dzi\u0119ki licznym wydarzeniom mi\u0119dzynarodowym po\u015bwi\u0119conym jubileuszowi. Na Wiejskiej odby\u0142y si\u0119 ponadto sesja Zgromadzenia Parlamentarnego NATO oraz szczyt przewodnicz\u0105cych parlament\u00f3w Europy \u015arodkowej i Wschodniej EUROWAW2018. Marsza\u0142ek Sejmu oraz cz\u0142onkowie [&hellip;]","og_url":"https:\/\/marekkuchcinski.pl\/cs\/wspolpraca-miedzynarodowa\/dyplomacja-parlamentarna-2018-r-najwazniejsze-wydarzenia\/","og_site_name":"Marek Kuchci\u0144ski","article_published_time":"2018-12-31T08:28:05+00:00","og_image":[{"width":1885,"height":1232,"url":"https:\/\/marekkuchcinski.pl\/wp-content\/uploads\/2018\/12\/KU313542.jpg","type":"image\/jpeg"}],"author":"admin","twitter_card":"summary_large_image","twitter_misc":{"Napsal(a)":"admin","Odhadovan\u00e1 doba \u010dten\u00ed":"9 minut"},"schema":{"@context":"https:\/\/schema.org","@graph":[{"@type":"Article","@id":"https:\/\/marekkuchcinski.pl\/hu\/wspolpraca-miedzynarodowa\/dyplomacja-parlamentarna-2018-r-najwazniejsze-wydarzenia\/#article","isPartOf":{"@id":"https:\/\/marekkuchcinski.pl\/hu\/wspolpraca-miedzynarodowa\/dyplomacja-parlamentarna-2018-r-najwazniejsze-wydarzenia\/"},"author":{"name":"admin","@id":"https:\/\/marekkuchcinski.pl\/#\/schema\/person\/6f62700996b4d950b6ea2d1183b6c6be"},"headline":"Dyplomacja parlamentarna w 2018 r. Najwa\u017cniejsze wydarzenia","datePublished":"2018-12-31T08:28:05+00:00","mainEntityOfPage":{"@id":"https:\/\/marekkuchcinski.pl\/hu\/wspolpraca-miedzynarodowa\/dyplomacja-parlamentarna-2018-r-najwazniejsze-wydarzenia\/"},"wordCount":1862,"commentCount":0,"publisher":{"@id":"https:\/\/marekkuchcinski.pl\/#organization"},"image":{"@id":"https:\/\/marekkuchcinski.pl\/hu\/wspolpraca-miedzynarodowa\/dyplomacja-parlamentarna-2018-r-najwazniejsze-wydarzenia\/#primaryimage"},"thumbnailUrl":"https:\/\/marekkuchcinski.pl\/wp-content\/uploads\/2018\/12\/KU313542.jpg","articleSection":["Wsp\u00f3\u0142praca mi\u0119dzynarodowa"],"inLanguage":"cs","potentialAction":[{"@type":"CommentAction","name":"Comment","target":["https:\/\/marekkuchcinski.pl\/hu\/wspolpraca-miedzynarodowa\/dyplomacja-parlamentarna-2018-r-najwazniejsze-wydarzenia\/#respond"]}]},{"@type":"WebPage","@id":"https:\/\/marekkuchcinski.pl\/hu\/wspolpraca-miedzynarodowa\/dyplomacja-parlamentarna-2018-r-najwazniejsze-wydarzenia\/","url":"https:\/\/marekkuchcinski.pl\/hu\/wspolpraca-miedzynarodowa\/dyplomacja-parlamentarna-2018-r-najwazniejsze-wydarzenia\/","name":"Dyplomacja parlamentarna w 2018 r. Najwa\u017cniejsze wydarzenia &#8211; Marek Kuchci\u0144ski","isPartOf":{"@id":"https:\/\/marekkuchcinski.pl\/#website"},"primaryImageOfPage":{"@id":"https:\/\/marekkuchcinski.pl\/hu\/wspolpraca-miedzynarodowa\/dyplomacja-parlamentarna-2018-r-najwazniejsze-wydarzenia\/#primaryimage"},"image":{"@id":"https:\/\/marekkuchcinski.pl\/hu\/wspolpraca-miedzynarodowa\/dyplomacja-parlamentarna-2018-r-najwazniejsze-wydarzenia\/#primaryimage"},"thumbnailUrl":"https:\/\/marekkuchcinski.pl\/wp-content\/uploads\/2018\/12\/KU313542.jpg","datePublished":"2018-12-31T08:28:05+00:00","breadcrumb":{"@id":"https:\/\/marekkuchcinski.pl\/hu\/wspolpraca-miedzynarodowa\/dyplomacja-parlamentarna-2018-r-najwazniejsze-wydarzenia\/#breadcrumb"},"inLanguage":"cs","potentialAction":[{"@type":"ReadAction","target":["https:\/\/marekkuchcinski.pl\/hu\/wspolpraca-miedzynarodowa\/dyplomacja-parlamentarna-2018-r-najwazniejsze-wydarzenia\/"]}]},{"@type":"ImageObject","inLanguage":"cs","@id":"https:\/\/marekkuchcinski.pl\/hu\/wspolpraca-miedzynarodowa\/dyplomacja-parlamentarna-2018-r-najwazniejsze-wydarzenia\/#primaryimage","url":"https:\/\/marekkuchcinski.pl\/wp-content\/uploads\/2018\/12\/KU313542.jpg","contentUrl":"https:\/\/marekkuchcinski.pl\/wp-content\/uploads\/2018\/12\/KU313542.jpg","width":1885,"height":1232},{"@type":"BreadcrumbList","@id":"https:\/\/marekkuchcinski.pl\/hu\/wspolpraca-miedzynarodowa\/dyplomacja-parlamentarna-2018-r-najwazniejsze-wydarzenia\/#breadcrumb","itemListElement":[{"@type":"ListItem","position":1,"name":"Strona g\u0142\u00f3wna","item":"https:\/\/marekkuchcinski.pl\/"},{"@type":"ListItem","position":2,"name":"Dyplomacja parlamentarna w 2018 r. Najwa\u017cniejsze wydarzenia"}]},{"@type":"WebSite","@id":"https:\/\/marekkuchcinski.pl\/#website","url":"https:\/\/marekkuchcinski.pl\/","name":"Marek Kuchci\u0144ski","description":"Pose\u0142 na sejm RP &ndash; okr\u0119g nr 22","publisher":{"@id":"https:\/\/marekkuchcinski.pl\/#organization"},"potentialAction":[{"@type":"SearchAction","target":{"@type":"EntryPoint","urlTemplate":"https:\/\/marekkuchcinski.pl\/?s={search_term_string}"},"query-input":{"@type":"PropertyValueSpecification","valueRequired":true,"valueName":"search_term_string"}}],"inLanguage":"cs"},{"@type":"Organization","@id":"https:\/\/marekkuchcinski.pl\/#organization","name":"Marek Kuchci\u0144ski","url":"https:\/\/marekkuchcinski.pl\/","logo":{"@type":"ImageObject","inLanguage":"cs","@id":"https:\/\/marekkuchcinski.pl\/#\/schema\/logo\/image\/","url":"https:\/\/marekkuchcinski.pl\/wp-content\/uploads\/2022\/09\/Marek.jpg","contentUrl":"https:\/\/marekkuchcinski.pl\/wp-content\/uploads\/2022\/09\/Marek.jpg","width":1600,"height":971,"caption":"Marek Kuchci\u0144ski"},"image":{"@id":"https:\/\/marekkuchcinski.pl\/#\/schema\/logo\/image\/"}},{"@type":"Person","@id":"https:\/\/marekkuchcinski.pl\/#\/schema\/person\/6f62700996b4d950b6ea2d1183b6c6be","name":"admin","image":{"@type":"ImageObject","inLanguage":"cs","@id":"https:\/\/marekkuchcinski.pl\/#\/schema\/person\/image\/","url":"https:\/\/secure.gravatar.com\/avatar\/4bab693b9d55c3d6b52c0296a8765085?s=96&d=mm&r=g","contentUrl":"https:\/\/secure.gravatar.com\/avatar\/4bab693b9d55c3d6b52c0296a8765085?s=96&d=mm&r=g","caption":"admin"},"url":"https:\/\/marekkuchcinski.pl\/cs\/author\/marta-olejnik\/"}]}},"_links":{"self":[{"href":"https:\/\/marekkuchcinski.pl\/cs\/wp-json\/wp\/v2\/posts\/12294","targetHints":{"allow":["GET"]}}],"collection":[{"href":"https:\/\/marekkuchcinski.pl\/cs\/wp-json\/wp\/v2\/posts"}],"about":[{"href":"https:\/\/marekkuchcinski.pl\/cs\/wp-json\/wp\/v2\/types\/post"}],"author":[{"embeddable":true,"href":"https:\/\/marekkuchcinski.pl\/cs\/wp-json\/wp\/v2\/users\/6"}],"replies":[{"embeddable":true,"href":"https:\/\/marekkuchcinski.pl\/cs\/wp-json\/wp\/v2\/comments?post=12294"}],"version-history":[{"count":1,"href":"https:\/\/marekkuchcinski.pl\/cs\/wp-json\/wp\/v2\/posts\/12294\/revisions"}],"predecessor-version":[{"id":12296,"href":"https:\/\/marekkuchcinski.pl\/cs\/wp-json\/wp\/v2\/posts\/12294\/revisions\/12296"}],"wp:featuredmedia":[{"embeddable":true,"href":"https:\/\/marekkuchcinski.pl\/cs\/wp-json\/wp\/v2\/media\/12295"}],"wp:attachment":[{"href":"https:\/\/marekkuchcinski.pl\/cs\/wp-json\/wp\/v2\/media?parent=12294"}],"wp:term":[{"taxonomy":"category","embeddable":true,"href":"https:\/\/marekkuchcinski.pl\/cs\/wp-json\/wp\/v2\/categories?post=12294"},{"taxonomy":"post_tag","embeddable":true,"href":"https:\/\/marekkuchcinski.pl\/cs\/wp-json\/wp\/v2\/tags?post=12294"}],"curies":[{"name":"wp","href":"https:\/\/api.w.org\/{rel}","templated":true}]}}