{"id":12285,"date":"2018-12-29T13:14:58","date_gmt":"2018-12-29T12:14:58","guid":{"rendered":"https:\/\/marekkuchcinski.pl\/?p=12285"},"modified":"2018-12-29T13:16:43","modified_gmt":"2018-12-29T12:16:43","slug":"sejm-zdecydowal-by-podwyzszac-cen-pradu","status":"publish","type":"post","link":"https:\/\/marekkuchcinski.pl\/cs\/bez-kategorii\/sejm-zdecydowal-by-podwyzszac-cen-pradu\/","title":{"rendered":"Sejm rozhodl nezvy\u0161ovat cenu elekt\u0159iny"},"content":{"rendered":"<p><strong>Na sv\u00e9m 75. mimo\u0159\u00e1dn\u00e9m zased\u00e1n\u00ed p\u0159ijal Sejm z\u00e1kon, kter\u00fd mimo jin\u00e9 stanov\u00ed \u010dty\u0159n\u00e1sobn\u00e9 sn\u00ed\u017een\u00ed spot\u0159ebn\u00ed dan\u011b z energi\u00ed a sn\u00ed\u017een\u00ed p\u0159echodn\u00e9ho poplatku o 95 %.<\/strong><\/p>\n<p>D\u00edky zm\u011bn\u00e1m se \u00fa\u010dty jednotliv\u00fdch spot\u0159ebitel\u016f i podnik\u016f a m\u00edstn\u00edch samospr\u00e1v sn\u00ed\u017e\u00ed o v\u00edce ne\u017e 3,5 miliardy PLN a ceny energi\u00ed z\u016fstanou na \u00farovni prvn\u00ed poloviny roku 2018.<\/p>\n<p>V\u00fdsledkem tohoto \u0159e\u0161en\u00ed bude v roce 2019. Pol\u00e1ci, podnikatel\u00e9 a m\u00edstn\u00ed samospr\u00e1vy zaplat\u00ed o t\u00e9m\u011b\u0159 8 miliard zlot\u00fdch m\u00e9n\u011b.<\/p>\n<p>Se souhlasem EK bude moci vl\u00e1da prod\u00e1vat v roce 2019.<br \/>\nnevyu\u017eit\u00fdch povolenek na emise CO2, co\u017e by m\u011blo vyn\u00e9st 5 miliard PLN.<\/p>\n<p>Podle z\u00e1kona budou prodejc\u016fm, kte\u0159\u00ed v roce 2019 nakoup\u00ed energii na trhu za vy\u0161\u0161\u00ed cenu, ne\u017e je stanoven\u00e1 prodejn\u00ed cena, u\u0161l\u00e9 tr\u017eby p\u0159\u00edmo uhrazeny z Fondu pro \u00fahradu rozd\u00edlu v cen\u011b, kter\u00fd byl z\u00e1konem z\u0159\u00edzen.<\/p>\n<p>Premi\u00e9r Mateusz Morawiecki p\u0159ipomn\u011bl, \u017ee ceny elekt\u0159iny v Polsku jsou v sou\u010dasnosti pro dom\u00e1cnosti jedny z nejni\u017e\u0161\u00edch v cel\u00e9 Evrop\u011b.<\/p>\n<p>Z u\u0161et\u0159en\u00fdch prost\u0159edk\u016f bude jedna miliarda zlot\u00fdch ur\u010dena na.<br \/>\nzelen\u00e9 investice.<\/p>\n<p><a href=\"https:\/\/marekkuchcinski.pl\/wp-content\/uploads\/2018\/12\/75-ps.jpg\"><img fetchpriority=\"high\" decoding=\"async\" class=\"alignnone size-full wp-image-12287\" src=\"https:\/\/marekkuchcinski.pl\/wp-content\/uploads\/2018\/12\/75-ps.jpg\" alt=\"75 ps\" width=\"1620\" height=\"1080\" srcset=\"https:\/\/marekkuchcinski.pl\/wp-content\/uploads\/2018\/12\/75-ps.jpg 1620w, https:\/\/marekkuchcinski.pl\/wp-content\/uploads\/2018\/12\/75-ps-300x200.jpg 300w, https:\/\/marekkuchcinski.pl\/wp-content\/uploads\/2018\/12\/75-ps-768x512.jpg 768w, https:\/\/marekkuchcinski.pl\/wp-content\/uploads\/2018\/12\/75-ps-1024x683.jpg 1024w\" sizes=\"(max-width: 1620px) 100vw, 1620px\" \/><\/a><\/p>","protected":false},"excerpt":{"rendered":"<p>Na 75., nadzwyczajnym posiedzeniu\u00a0Sejm\u00a0przyj\u0105\u0142 ustaw\u0119 zak\u0142adaj\u0105c\u0105 m.in. czterokrotne obni\u017cenie stawki akcyzy na energi\u0119 oraz zredukowanie o 95 proc. op\u0142aty przej\u015bciowej. Dzi\u0119ki zmianom nast\u0105pi obni\u017cenie rachunk\u00f3w odbiorc\u00f3w indywidualnych oraz przedsi\u0119biorstw i samorz\u0105d\u00f3w o ponad 3,5 miliarda z\u0142otych, a ceny energii utrzymaj\u0105 si\u0119 na poziomie z pierwszej po\u0142owy 2018 roku. Rozwi\u0105zanie to sprawi, \u017ce w\u00a02019 r. Polacy, [&hellip;]<\/p>\n","protected":false},"author":6,"featured_media":12287,"comment_status":"open","ping_status":"open","sticky":false,"template":"","format":"standard","meta":{"ngg_post_thumbnail":0,"footnotes":""},"categories":[1,81,3],"tags":[],"class_list":["post-12285","post","type-post","status-publish","format-standard","has-post-thumbnail","hentry","category-bez-kategorii","category-wiesci-z-sejmu","category-wydarzenia"],"_links":{"self":[{"href":"https:\/\/marekkuchcinski.pl\/cs\/wp-json\/wp\/v2\/posts\/12285","targetHints":{"allow":["GET"]}}],"collection":[{"href":"https:\/\/marekkuchcinski.pl\/cs\/wp-json\/wp\/v2\/posts"}],"about":[{"href":"https:\/\/marekkuchcinski.pl\/cs\/wp-json\/wp\/v2\/types\/post"}],"author":[{"embeddable":true,"href":"https:\/\/marekkuchcinski.pl\/cs\/wp-json\/wp\/v2\/users\/6"}],"replies":[{"embeddable":true,"href":"https:\/\/marekkuchcinski.pl\/cs\/wp-json\/wp\/v2\/comments?post=12285"}],"version-history":[{"count":2,"href":"https:\/\/marekkuchcinski.pl\/cs\/wp-json\/wp\/v2\/posts\/12285\/revisions"}],"predecessor-version":[{"id":12288,"href":"https:\/\/marekkuchcinski.pl\/cs\/wp-json\/wp\/v2\/posts\/12285\/revisions\/12288"}],"wp:featuredmedia":[{"embeddable":true,"href":"https:\/\/marekkuchcinski.pl\/cs\/wp-json\/wp\/v2\/media\/12287"}],"wp:attachment":[{"href":"https:\/\/marekkuchcinski.pl\/cs\/wp-json\/wp\/v2\/media?parent=12285"}],"wp:term":[{"taxonomy":"category","embeddable":true,"href":"https:\/\/marekkuchcinski.pl\/cs\/wp-json\/wp\/v2\/categories?post=12285"},{"taxonomy":"post_tag","embeddable":true,"href":"https:\/\/marekkuchcinski.pl\/cs\/wp-json\/wp\/v2\/tags?post=12285"}],"curies":[{"name":"wp","href":"https:\/\/api.w.org\/{rel}","templated":true}]}}