{"id":12132,"date":"2018-12-20T12:04:42","date_gmt":"2018-12-20T11:04:42","guid":{"rendered":"https:\/\/marekkuchcinski.pl\/?p=12132"},"modified":"2018-12-20T12:05:46","modified_gmt":"2018-12-20T11:05:46","slug":"zyczenia-swiateczne-marka-kuchcinskiego-skierowane-czlonkow-nszz-solidarnosc-ziemi-podkarpackiej","status":"publish","type":"post","link":"https:\/\/marekkuchcinski.pl\/cs\/podkarpacie\/zyczenia-swiateczne-marka-kuchcinskiego-skierowane-czlonkow-nszz-solidarnosc-ziemi-podkarpackiej\/","title":{"rendered":"V\u00e1no\u010dn\u00ed pozdravy Marka Kuchci\u0144sk\u00e9ho \u010dlen\u016fm NSZZ \"Solidarita\" zem\u011b Przemysl"},"content":{"rendered":"<p><span style=\"color: #000000;\"><strong><a style=\"color: #000000;\" href=\"https:\/\/marekkuchcinski.pl\/wp-content\/uploads\/2018\/12\/NSZZ-Przemy\u015bl.pdf\">SEZNAM<\/a><\/strong><\/span><\/p>","protected":false},"excerpt":{"rendered":"<p>SEZNAM<\/p>","protected":false},"author":6,"featured_media":0,"comment_status":"open","ping_status":"open","sticky":false,"template":"","format":"standard","meta":{"ngg_post_thumbnail":0,"footnotes":""},"categories":[104,49],"tags":[],"class_list":["post-12132","post","type-post","status-publish","format-standard","hentry","category-lms","category-podkarpacie"],"_links":{"self":[{"href":"https:\/\/marekkuchcinski.pl\/cs\/wp-json\/wp\/v2\/posts\/12132","targetHints":{"allow":["GET"]}}],"collection":[{"href":"https:\/\/marekkuchcinski.pl\/cs\/wp-json\/wp\/v2\/posts"}],"about":[{"href":"https:\/\/marekkuchcinski.pl\/cs\/wp-json\/wp\/v2\/types\/post"}],"author":[{"embeddable":true,"href":"https:\/\/marekkuchcinski.pl\/cs\/wp-json\/wp\/v2\/users\/6"}],"replies":[{"embeddable":true,"href":"https:\/\/marekkuchcinski.pl\/cs\/wp-json\/wp\/v2\/comments?post=12132"}],"version-history":[{"count":2,"href":"https:\/\/marekkuchcinski.pl\/cs\/wp-json\/wp\/v2\/posts\/12132\/revisions"}],"predecessor-version":[{"id":12136,"href":"https:\/\/marekkuchcinski.pl\/cs\/wp-json\/wp\/v2\/posts\/12132\/revisions\/12136"}],"wp:attachment":[{"href":"https:\/\/marekkuchcinski.pl\/cs\/wp-json\/wp\/v2\/media?parent=12132"}],"wp:term":[{"taxonomy":"category","embeddable":true,"href":"https:\/\/marekkuchcinski.pl\/cs\/wp-json\/wp\/v2\/categories?post=12132"},{"taxonomy":"post_tag","embeddable":true,"href":"https:\/\/marekkuchcinski.pl\/cs\/wp-json\/wp\/v2\/tags?post=12132"}],"curies":[{"name":"wp","href":"https:\/\/api.w.org\/{rel}","templated":true}]}}