{"id":12122,"date":"2018-12-20T11:51:15","date_gmt":"2018-12-20T10:51:15","guid":{"rendered":"https:\/\/marekkuchcinski.pl\/?p=12122"},"modified":"2018-12-22T12:28:05","modified_gmt":"2018-12-22T11:28:05","slug":"marek-kuchcinski-zycze-panstwu-oraz-panstwa-najblizszym-spokoju-wytchnienia-trosk-codziennego-kazdy-dzien-nowego-roku-bedzie-pelen-pomyslnosci-zyciu-zawodowym-osobistym-a","status":"publish","type":"post","link":"https:\/\/marekkuchcinski.pl\/cs\/wydarzenia\/marek-kuchcinski-zycze-panstwu-oraz-panstwa-najblizszym-spokoju-wytchnienia-trosk-codziennego-kazdy-dzien-nowego-roku-bedzie-pelen-pomyslnosci-zyciu-zawodowym-osobistym-a\/","title":{"rendered":"Marek Kuchci\u0144ski: P\u0159eji v\u00e1m i va\u0161im bl\u00edzk\u00fdm hodn\u011b klidu a odpo\u010dinku od starost\u00ed v\u0161edn\u00edho dne. A\u0165 je ka\u017ed\u00fd den nov\u00e9ho roku pln\u00fd prosperity v pracovn\u00edm i osobn\u00edm \u017eivot\u011b a a\u0165 \u017eijete v dobr\u00e9m zdrav\u00ed."},"content":{"rendered":"<p><strong>P\u0159edseda Sejmu Marek Kuchci\u0144ski pop\u0159\u00e1l v\u00e1no\u010dn\u00ed sv\u00e1tky starostovi Przemy\u015blu, starostovi a obyvatel\u016fm sv\u00e9ho rodn\u00e9ho m\u011bsta.<\/strong><\/p>\n<p><em>V\u00e1noce jsou v\u00fdjime\u010dn\u00fdm obdob\u00edm.  \u010cas pln\u00fd radosti, v\u0159elosti a vz\u00e1jemn\u00e9ho porozum\u011bn\u00ed. Setk\u00e1n\u00ed s oplatky se stala tradic\u00ed, p\u0159i n\u00ed\u017e ve spole\u010dnosti p\u0159\u00e1tel a zn\u00e1m\u00fdch pro\u017e\u00edv\u00e1me radost z bl\u00ed\u017e\u00edc\u00edch se V\u00e1noc. Zastav\u00edme se k rozj\u00edm\u00e1n\u00ed, l\u00e1meme symbolick\u00fd chl\u00e9b a p\u0159ejeme si navz\u00e1jem v\u0161e dobr\u00e9, plni nad\u011bje do budoucna.<\/em><\/p>\n<p><em>Vyu\u017e\u00edv\u00e1m t\u00e9to mimo\u0159\u00e1dn\u00e9 p\u0159\u00edle\u017eitosti, abych v\u00e1m a va\u0161im bl\u00edzk\u00fdm pop\u0159\u00e1l hodn\u011b klidu a odpo\u010dinku od starost\u00ed v\u0161edn\u00edho dne. A\u0165 je ka\u017ed\u00fd den nov\u00e9ho roku pln\u00fd prosperity v pracovn\u00edm i osobn\u00edm \u017eivot\u011b a a\u0165 se t\u011b\u0161\u00edte dobr\u00e9mu zdrav\u00ed.<\/em><\/p>\n<p><em>Je\u0161t\u011b jednou v\u00e1s up\u0159\u00edmn\u011b zdrav\u00edm a pos\u00edl\u00e1m pozdravy.<\/em><\/p>\n<p><em>Marek Kuchci\u0144ski<\/em><\/p>\n<p><span style=\"color: #000000;\"><strong><a style=\"color: #000000;\" href=\"https:\/\/marekkuchcinski.pl\/wp-content\/uploads\/2018\/12\/Przemy\u015bl.pdf\">SEZNAM<\/a><\/strong><\/span><\/p>\n<p><a href=\"https:\/\/marekkuchcinski.pl\/wp-content\/uploads\/2018\/12\/m-cho.jpg\"><img fetchpriority=\"high\" decoding=\"async\" class=\"alignnone size-full wp-image-12126\" src=\"https:\/\/marekkuchcinski.pl\/wp-content\/uploads\/2018\/12\/m-cho.jpg\" alt=\"m cho\" width=\"4896\" height=\"3264\" srcset=\"https:\/\/marekkuchcinski.pl\/wp-content\/uploads\/2018\/12\/m-cho.jpg 2048w, https:\/\/marekkuchcinski.pl\/wp-content\/uploads\/2018\/12\/m-cho-300x200.jpg 300w, https:\/\/marekkuchcinski.pl\/wp-content\/uploads\/2018\/12\/m-cho-768x512.jpg 768w, https:\/\/marekkuchcinski.pl\/wp-content\/uploads\/2018\/12\/m-cho-1024x683.jpg 1024w\" sizes=\"(max-width: 4896px) 100vw, 4896px\" \/><\/a><\/p>","protected":false},"excerpt":{"rendered":"<p>Marsza\u0142ek Sejmu Marek Kuchci\u0144ski przekaza\u0142 \u015bwi\u0105teczne \u017cyczenia Prezydentowi Przemy\u015bla, Staro\u015bcie oraz mieszka\u0144com swojego rodzinnego miasta. \u015awi\u0119ta\u00a0 Bo\u017cego\u00a0 Narodzenia\u00a0 to czas\u00a0 wyj\u0105tkowy.\u00a0 Czas\u00a0 pe\u0142en\u00a0 rado\u015bci,\u00a0 ciep\u0142a i wzajemnego zrozumienia. Dobr\u0105 tradycj\u0105 sta\u0142y si\u0119 spotkania op\u0142atkowe, podczas kt\u00f3rych w gronie przyjaci\u00f3\u0142 i znajomych prze\u017cywamy rado\u015b\u0107 z okazji zbli\u017caj\u0105cych si\u0119 \u015awi\u0105t. Zatrzymujemy si\u0119 na chwil\u0119 refleksji, prze\u0142amujemy symboliczny [&hellip;]<\/p>\n","protected":false},"author":6,"featured_media":12143,"comment_status":"open","ping_status":"open","sticky":false,"template":"","format":"standard","meta":{"ngg_post_thumbnail":0,"footnotes":""},"categories":[104,49,3],"tags":[],"class_list":["post-12122","post","type-post","status-publish","format-standard","has-post-thumbnail","hentry","category-lms","category-podkarpacie","category-wydarzenia"],"_links":{"self":[{"href":"https:\/\/marekkuchcinski.pl\/cs\/wp-json\/wp\/v2\/posts\/12122","targetHints":{"allow":["GET"]}}],"collection":[{"href":"https:\/\/marekkuchcinski.pl\/cs\/wp-json\/wp\/v2\/posts"}],"about":[{"href":"https:\/\/marekkuchcinski.pl\/cs\/wp-json\/wp\/v2\/types\/post"}],"author":[{"embeddable":true,"href":"https:\/\/marekkuchcinski.pl\/cs\/wp-json\/wp\/v2\/users\/6"}],"replies":[{"embeddable":true,"href":"https:\/\/marekkuchcinski.pl\/cs\/wp-json\/wp\/v2\/comments?post=12122"}],"version-history":[{"count":5,"href":"https:\/\/marekkuchcinski.pl\/cs\/wp-json\/wp\/v2\/posts\/12122\/revisions"}],"predecessor-version":[{"id":12131,"href":"https:\/\/marekkuchcinski.pl\/cs\/wp-json\/wp\/v2\/posts\/12122\/revisions\/12131"}],"wp:featuredmedia":[{"embeddable":true,"href":"https:\/\/marekkuchcinski.pl\/cs\/wp-json\/wp\/v2\/media\/12143"}],"wp:attachment":[{"href":"https:\/\/marekkuchcinski.pl\/cs\/wp-json\/wp\/v2\/media?parent=12122"}],"wp:term":[{"taxonomy":"category","embeddable":true,"href":"https:\/\/marekkuchcinski.pl\/cs\/wp-json\/wp\/v2\/categories?post=12122"},{"taxonomy":"post_tag","embeddable":true,"href":"https:\/\/marekkuchcinski.pl\/cs\/wp-json\/wp\/v2\/tags?post=12122"}],"curies":[{"name":"wp","href":"https:\/\/api.w.org\/{rel}","templated":true}]}}