{"id":12099,"date":"2018-12-19T16:11:09","date_gmt":"2018-12-19T15:11:09","guid":{"rendered":"https:\/\/marekkuchcinski.pl\/?p=12099"},"modified":"2018-12-19T16:13:09","modified_gmt":"2018-12-19T15:13:09","slug":"spotkanie-oplatkowe-kancelarii-sejmu-nami-waznych-wydarzen","status":"publish","type":"post","link":"https:\/\/marekkuchcinski.pl\/cs\/wiesci-z-sejmu\/spotkanie-oplatkowe-kancelarii-sejmu-nami-waznych-wydarzen\/","title":{"rendered":"Zased\u00e1n\u00ed Kancel\u00e1\u0159e Sejmu. \"Rok d\u016fle\u017eit\u00fdch ud\u00e1lost\u00ed je za n\u00e1mi.\""},"content":{"rendered":"<p dir=\"ltr\">P\u0159edseda Sejmu Marek Kuchci\u0144ski v \u00fater\u00fd uspo\u0159\u00e1dal v\u00e1no\u010dn\u00ed oplatkov\u00e9 setk\u00e1n\u00ed se zam\u011bstnanci Kancel\u00e1\u0159e. P\u0159edseda Sejmu pod\u011bkoval za pr\u00e1ci a \u00fasil\u00ed v\u0161ech zam\u011bstnanc\u016f v uplynul\u00e9m roce. - Je to pr\u00e1ce v nejd\u016fle\u017eit\u011bj\u0161\u00ed instituci polsk\u00e9ho st\u00e1tu, kter\u00e1 slou\u017e\u00ed poslanc\u016fm zastupuj\u00edc\u00edm cel\u00fd n\u00e1rod - \u0159ekl Marek Kuchci\u0144ski a z\u00e1rove\u0148 pop\u0159\u00e1l v\u0161em shrom\u00e1\u017ed\u011bn\u00fdm v\u0161e nejlep\u0161\u00ed k V\u00e1noc\u016fm a \u00fasp\u011bch v nov\u00e9m roce. Jedn\u00e1n\u00ed se z\u00fa\u010dastnil tak\u00e9 m\u00edstop\u0159edseda Sejmu Ryszard Terlecki a vedouc\u00ed Kancel\u00e1\u0159e Sejmu Agnieszka Kaczmarska se sv\u00fdmi z\u00e1stupci.<\/p>\n<p dir=\"ltr\">Ministryn\u011b Kaczmarska zd\u016fraznila, \u017ee tradi\u010dn\u00ed setk\u00e1n\u00ed s oplatky v kancl\u00e9\u0159stv\u00ed je d\u016fle\u017eit\u00fdm momentem pro chv\u00edle oddechu, zamy\u0161len\u00ed a rozhovor. - Rok 2018 byl pln\u00fd v\u00fdznamn\u00fdch ud\u00e1lost\u00ed: oslavy 550. v\u00fdro\u010d\u00ed parlamentarismu republiky a N\u00e1rodn\u00edho shrom\u00e1\u017ed\u011bn\u00ed na kr\u00e1lovsk\u00e9m hrad\u011b, zased\u00e1n\u00ed parlamentu NATO a oslavy 100. v\u00fdro\u010d\u00ed znovuz\u00edsk\u00e1n\u00ed nez\u00e1vislosti. To v\u0161e si vy\u017e\u00e1dalo dal\u0161\u00ed nasazen\u00ed zam\u011bstnanc\u016f kancel\u00e1\u0159e. D\u011bkuji v\u00e1m a p\u0159eji si, aby nadch\u00e1zej\u00edc\u00ed rok byl pro n\u00e1s v\u0161echny \u0161\u0165astn\u00fd a aby V\u00e1noce prob\u011bhly v radostn\u00e9, klidn\u00e9 a rodinn\u00e9 atmosf\u00e9\u0159e,\" \u0159ekla Agnieszka Kaczmarska.<\/p>\n<p dir=\"ltr\">Kn\u011bz Piotr Burgo\u0144ski, kn\u011bz polsk\u00e9ho parlamentu, p\u0159e\u010detl \u00faryvek z Bible o Narozen\u00ed Krista a po\u017eehnal oplatky, kter\u00e9 si pak \u00fa\u010dastn\u00edci rozd\u011blili. Kaplan pop\u0159\u00e1l \u00fa\u010dastn\u00edk\u016fm, aby p\u0159i oslav\u011b Narozen\u00ed Krista nezapom\u00ednali, \u017ee B\u016fh n\u00e1s miluje a chce, abychom byli \u0161\u0165astn\u00ed. - B\u016fh je l\u00e1ska, L\u00e1ska se rod\u00ed - \u0159ekl otec Piotr Burgo\u0144ski.<\/p>\n<p dir=\"ltr\"><em>Text CIS\/ sejm.gov.pl<\/em><\/p>\n<p><a href=\"https:\/\/marekkuchcinski.pl\/wp-content\/uploads\/2018\/12\/M.Marchlewska_0715.jpg\"><img fetchpriority=\"high\" decoding=\"async\" class=\"alignnone size-full wp-image-12104\" src=\"https:\/\/marekkuchcinski.pl\/wp-content\/uploads\/2018\/12\/M.Marchlewska_0715.jpg\" alt=\"M.Marchlewska_0715\" width=\"4808\" height=\"3205\" srcset=\"https:\/\/marekkuchcinski.pl\/wp-content\/uploads\/2018\/12\/M.Marchlewska_0715.jpg 2048w, https:\/\/marekkuchcinski.pl\/wp-content\/uploads\/2018\/12\/M.Marchlewska_0715-300x200.jpg 300w, https:\/\/marekkuchcinski.pl\/wp-content\/uploads\/2018\/12\/M.Marchlewska_0715-768x512.jpg 768w, https:\/\/marekkuchcinski.pl\/wp-content\/uploads\/2018\/12\/M.Marchlewska_0715-1024x683.jpg 1024w\" sizes=\"(max-width: 4808px) 100vw, 4808px\" \/><\/a><\/p>\n<p dir=\"ltr\">\n<p dir=\"ltr\">","protected":false},"excerpt":{"rendered":"<p>We wtorek w Sejmie odby\u0142o si\u0119 spotkanie op\u0142atkowe marsza\u0142ka Sejmu Marka Kuchci\u0144skiego z pracownikami Kancelarii. Marsza\u0142ek Sejmu wyrazi\u0142 wdzi\u0119czno\u015b\u0107 za prac\u0119 i wysi\u0142ek wszystkich pracownik\u00f3w w mijaj\u0105cym roku. &#8211; To praca w najwa\u017cniejszej z instytucji pa\u0144stwa polskiego, kt\u00f3ra obs\u0142uguje pos\u0142\u00f3w reprezentuj\u0105cych ca\u0142y nar\u00f3d &#8211; powiedzia\u0142 Marek Kuchci\u0144ski, \u017cycz\u0105c jednocze\u015bnie wszystkim zebranym wszystkiego najlepszego na \u015awi\u0119ta [&hellip;]<\/p>\n","protected":false},"author":6,"featured_media":12101,"comment_status":"open","ping_status":"open","sticky":false,"template":"","format":"standard","meta":{"ngg_post_thumbnail":0,"footnotes":""},"categories":[81],"tags":[87,88],"class_list":["post-12099","post","type-post","status-publish","format-standard","has-post-thumbnail","hentry","category-wiesci-z-sejmu","tag-marek-kuchcinski","tag-marszalek-sejmu"],"_links":{"self":[{"href":"https:\/\/marekkuchcinski.pl\/cs\/wp-json\/wp\/v2\/posts\/12099","targetHints":{"allow":["GET"]}}],"collection":[{"href":"https:\/\/marekkuchcinski.pl\/cs\/wp-json\/wp\/v2\/posts"}],"about":[{"href":"https:\/\/marekkuchcinski.pl\/cs\/wp-json\/wp\/v2\/types\/post"}],"author":[{"embeddable":true,"href":"https:\/\/marekkuchcinski.pl\/cs\/wp-json\/wp\/v2\/users\/6"}],"replies":[{"embeddable":true,"href":"https:\/\/marekkuchcinski.pl\/cs\/wp-json\/wp\/v2\/comments?post=12099"}],"version-history":[{"count":4,"href":"https:\/\/marekkuchcinski.pl\/cs\/wp-json\/wp\/v2\/posts\/12099\/revisions"}],"predecessor-version":[{"id":12105,"href":"https:\/\/marekkuchcinski.pl\/cs\/wp-json\/wp\/v2\/posts\/12099\/revisions\/12105"}],"wp:featuredmedia":[{"embeddable":true,"href":"https:\/\/marekkuchcinski.pl\/cs\/wp-json\/wp\/v2\/media\/12101"}],"wp:attachment":[{"href":"https:\/\/marekkuchcinski.pl\/cs\/wp-json\/wp\/v2\/media?parent=12099"}],"wp:term":[{"taxonomy":"category","embeddable":true,"href":"https:\/\/marekkuchcinski.pl\/cs\/wp-json\/wp\/v2\/categories?post=12099"},{"taxonomy":"post_tag","embeddable":true,"href":"https:\/\/marekkuchcinski.pl\/cs\/wp-json\/wp\/v2\/tags?post=12099"}],"curies":[{"name":"wp","href":"https:\/\/api.w.org\/{rel}","templated":true}]}}