{"id":12094,"date":"2018-12-19T16:06:40","date_gmt":"2018-12-19T15:06:40","guid":{"rendered":"https:\/\/marekkuchcinski.pl\/?p=12094"},"modified":"2018-12-19T16:06:40","modified_gmt":"2018-12-19T15:06:40","slug":"przekaznik-uniwersalnych-wartosci-zgody-braterstwa-betlejemskie-swiatlo-pokoju-parlamencie-spotkanie-marszalka-sejmu-harcerzami","status":"publish","type":"post","link":"https:\/\/marekkuchcinski.pl\/cs\/wiesci-z-sejmu\/przekaznik-uniwersalnych-wartosci-zgody-braterstwa-betlejemskie-swiatlo-pokoju-parlamencie-spotkanie-marszalka-sejmu-harcerzami\/","title":{"rendered":"\"Nositel univerz\u00e1ln\u00edch hodnot harmonie a bratrstv\u00ed\". Betl\u00e9msk\u00e9 sv\u011btlo m\u00edru v parlamentu - setk\u00e1n\u00ed p\u0159edsedy Sejmu se skauty"},"content":{"rendered":"<p dir=\"ltr\">Sv\u011btlo, kter\u00e9 spojuje\" - To je motto leto\u0161n\u00ed \u0161tafety Betl\u00e9msk\u00e9ho sv\u011btla m\u00edru. Plamen z Betl\u00e9msk\u00e9 jeskyn\u011b Narozen\u00ed P\u00e1n\u011b dorazil do Polska ji\u017e po osmadvac\u00e1t\u00e9. Podle dlouholet\u00e9 tradice ji ve st\u0159edu p\u0159edali p\u0159edsedovi Sejmu skauti ze Svazu polsk\u00fdch skaut\u016f a pr\u016fvodc\u016f. Setk\u00e1n\u00ed se z\u00fa\u010dastnila tak\u00e9 Agnieszka Kaczmarsk\u00e1, vedouc\u00ed Kancel\u00e1\u0159e Sejmu.<\/p>\n<p dir=\"ltr\">Marek Kuchci\u0144ski pod\u011bkoval skaut\u016fm za n\u00e1v\u0161t\u011bvu Sejmu, pop\u0159\u00e1l jim v\u0161e dobr\u00e9 a podepsal jim v\u00e1no\u010dn\u00ed d\u00e1rek. Host\u00e9 tak\u00e9 obdr\u017eeli drobn\u00e9 d\u00e1rky na pam\u00e1tku. Pot\u00e9 p\u0159edseda Sejmu p\u0159edal plamen mar\u0161\u00e1lsk\u00e9 gard\u011b, kter\u00e1 jej p\u0159enesla do hlavn\u00edho s\u00e1lu a polo\u017eila na podstavec naproti hlavn\u00edmu vchodu do budovy.<\/p>\n<p dir=\"ltr\">\"Dnes jsem v Sejmu obdr\u017eel od skaut\u016f Betl\u00e9msk\u00e9 sv\u011btlo m\u00edru, kter\u00e9 je nositelem univerz\u00e1ln\u00edch hodnot harmonie a bratrstv\u00ed,\" napsal Marek Kuchci\u0144ski.<\/p>\n<p dir=\"ltr\">My\u0161lenka Betl\u00e9msk\u00e9ho sv\u011btla m\u00edru se zrodila v Rakousku, kde v roce 1986 nesli plam\u00ednek z Betl\u00e9msk\u00e9 jeskyn\u011b, m\u00edsta Kristova narozen\u00ed, nevidom\u00fdm d\u011btem. O dva roky pozd\u011bji se rakou\u0161t\u00ed skauti sami vydali do Betl\u00e9ma pro Sv\u011btlo. Od t\u00e9 doby se tento symbol m\u00edru a jednoty ka\u017edoro\u010dn\u011b dost\u00e1v\u00e1 do V\u00eddn\u011b a skauti z r\u016fzn\u00fdch zem\u00ed \u0161\u00ed\u0159\u00ed Sv\u011btlo po cel\u00e9 Evrop\u011b jako symbol m\u00edru, porozum\u011bn\u00ed a sm\u00ed\u0159en\u00ed mezi n\u00e1rody.<\/p>\n<p dir=\"ltr\"><em>Text CIS<\/em><\/p>\n<p dir=\"ltr\"><em>Foto: Marta Marchlewska<\/em><\/p>\n<p dir=\"ltr\"><a href=\"https:\/\/marekkuchcinski.pl\/wp-content\/uploads\/2018\/12\/MMA_0990.view_.jpg\"><img fetchpriority=\"high\" decoding=\"async\" class=\"alignnone size-full wp-image-12095\" src=\"https:\/\/marekkuchcinski.pl\/wp-content\/uploads\/2018\/12\/MMA_0990.view_.jpg\" alt=\"MMA_0990.view\" width=\"800\" height=\"534\" srcset=\"https:\/\/marekkuchcinski.pl\/wp-content\/uploads\/2018\/12\/MMA_0990.view_.jpg 800w, https:\/\/marekkuchcinski.pl\/wp-content\/uploads\/2018\/12\/MMA_0990.view_-300x200.jpg 300w, https:\/\/marekkuchcinski.pl\/wp-content\/uploads\/2018\/12\/MMA_0990.view_-768x513.jpg 768w\" sizes=\"(max-width: 800px) 100vw, 800px\" \/><\/a> <a href=\"https:\/\/marekkuchcinski.pl\/wp-content\/uploads\/2018\/12\/MMA_1020.view_.jpg\"><img decoding=\"async\" class=\"alignnone size-full wp-image-12096\" src=\"https:\/\/marekkuchcinski.pl\/wp-content\/uploads\/2018\/12\/MMA_1020.view_.jpg\" alt=\"MMA_1020.view\" width=\"800\" height=\"534\" srcset=\"https:\/\/marekkuchcinski.pl\/wp-content\/uploads\/2018\/12\/MMA_1020.view_.jpg 800w, https:\/\/marekkuchcinski.pl\/wp-content\/uploads\/2018\/12\/MMA_1020.view_-300x200.jpg 300w, https:\/\/marekkuchcinski.pl\/wp-content\/uploads\/2018\/12\/MMA_1020.view_-768x513.jpg 768w\" sizes=\"(max-width: 800px) 100vw, 800px\" \/><\/a> <a href=\"https:\/\/marekkuchcinski.pl\/wp-content\/uploads\/2018\/12\/MMA_1032.jpg\"><img decoding=\"async\" class=\"alignnone size-full wp-image-12097\" src=\"https:\/\/marekkuchcinski.pl\/wp-content\/uploads\/2018\/12\/MMA_1032.jpg\" alt=\"MMA_1032\" width=\"6016\" height=\"4016\" srcset=\"https:\/\/marekkuchcinski.pl\/wp-content\/uploads\/2018\/12\/MMA_1032.jpg 2048w, https:\/\/marekkuchcinski.pl\/wp-content\/uploads\/2018\/12\/MMA_1032-300x200.jpg 300w, https:\/\/marekkuchcinski.pl\/wp-content\/uploads\/2018\/12\/MMA_1032-768x513.jpg 768w, https:\/\/marekkuchcinski.pl\/wp-content\/uploads\/2018\/12\/MMA_1032-1024x684.jpg 1024w\" sizes=\"(max-width: 6016px) 100vw, 6016px\" \/><\/a><\/p>","protected":false},"excerpt":{"rendered":"<p>\u015awiat\u0142o, kt\u00f3re \u0142\u0105czy\u201d &#8211; to has\u0142o tegorocznej sztafety Betlejemskiego \u015awiat\u0142a Pokoju. P\u0142omie\u0144 z Betlejemskiej Groty Narodzenia Chrystusa ju\u017c po raz 28. dotar\u0142 do Polski. Zgodnie z wieloletni\u0105 tradycj\u0105 harcerze Zwi\u0105zku Harcerstwa Polskiego przekazali go w \u015brod\u0119 Marsza\u0142kowi Sejmu. W spotkaniu uczestniczy\u0142a tak\u017ce szef Kancelarii Sejmu Agnieszka Kaczmarska. Marek Kuchci\u0144ski podzi\u0119kowa\u0142 harcerzom za przybycie do Sejmu, [&hellip;]<\/p>","protected":false},"author":6,"featured_media":12097,"comment_status":"open","ping_status":"open","sticky":false,"template":"","format":"standard","meta":{"ngg_post_thumbnail":0,"footnotes":""},"categories":[81],"tags":[],"class_list":["post-12094","post","type-post","status-publish","format-standard","has-post-thumbnail","hentry","category-wiesci-z-sejmu"],"yoast_head":"<!-- This site is optimized with the Yoast SEO plugin v24.7 - https:\/\/yoast.com\/wordpress\/plugins\/seo\/ -->\n<title>\u201ePrzeka\u017anik uniwersalnych warto\u015bci zgody i braterstwa\u201d. Betlejemskie \u015awiat\u0142o Pokoju w Parlamencie - spotkanie Marsza\u0142ka Sejmu z harcerzami &#8211; Marek Kuchci\u0144ski<\/title>\n<meta name=\"robots\" content=\"index, follow, max-snippet:-1, max-image-preview:large, max-video-preview:-1\" \/>\n<link rel=\"canonical\" href=\"https:\/\/marekkuchcinski.pl\/cs\/wiesci-z-sejmu\/przekaznik-uniwersalnych-wartosci-zgody-braterstwa-betlejemskie-swiatlo-pokoju-parlamencie-spotkanie-marszalka-sejmu-harcerzami\/\" \/>\n<meta property=\"og:locale\" content=\"cs_CZ\" \/>\n<meta property=\"og:type\" content=\"article\" \/>\n<meta property=\"og:title\" content=\"\u201ePrzeka\u017anik uniwersalnych warto\u015bci zgody i braterstwa\u201d. Betlejemskie \u015awiat\u0142o Pokoju w Parlamencie - spotkanie Marsza\u0142ka Sejmu z harcerzami &#8211; Marek Kuchci\u0144ski\" \/>\n<meta property=\"og:description\" content=\"\u015awiat\u0142o, kt\u00f3re \u0142\u0105czy\u201d &#8211; to has\u0142o tegorocznej sztafety Betlejemskiego \u015awiat\u0142a Pokoju. P\u0142omie\u0144 z Betlejemskiej Groty Narodzenia Chrystusa ju\u017c po raz 28. dotar\u0142 do Polski. Zgodnie z wieloletni\u0105 tradycj\u0105 harcerze Zwi\u0105zku Harcerstwa Polskiego przekazali go w \u015brod\u0119 Marsza\u0142kowi Sejmu. W spotkaniu uczestniczy\u0142a tak\u017ce szef Kancelarii Sejmu Agnieszka Kaczmarska. Marek Kuchci\u0144ski podzi\u0119kowa\u0142 harcerzom za przybycie do Sejmu, [&hellip;]\" \/>\n<meta property=\"og:url\" content=\"https:\/\/marekkuchcinski.pl\/cs\/wiesci-z-sejmu\/przekaznik-uniwersalnych-wartosci-zgody-braterstwa-betlejemskie-swiatlo-pokoju-parlamencie-spotkanie-marszalka-sejmu-harcerzami\/\" \/>\n<meta property=\"og:site_name\" content=\"Marek Kuchci\u0144ski\" \/>\n<meta property=\"article:published_time\" content=\"2018-12-19T15:06:40+00:00\" \/>\n<meta property=\"og:image\" content=\"https:\/\/marekkuchcinski.pl\/wp-content\/uploads\/2018\/12\/MMA_1032.jpg\" \/>\n\t<meta property=\"og:image:width\" content=\"2048\" \/>\n\t<meta property=\"og:image:height\" content=\"1367\" \/>\n\t<meta property=\"og:image:type\" content=\"image\/jpeg\" \/>\n<meta name=\"author\" content=\"admin\" \/>\n<meta name=\"twitter:card\" content=\"summary_large_image\" \/>\n<meta name=\"twitter:label1\" content=\"Napsal(a)\" \/>\n\t<meta name=\"twitter:data1\" content=\"admin\" \/>\n\t<meta name=\"twitter:label2\" content=\"Odhadovan\u00e1 doba \u010dten\u00ed\" \/>\n\t<meta name=\"twitter:data2\" content=\"1 minuta\" \/>\n<script type=\"application\/ld+json\" class=\"yoast-schema-graph\">{\"@context\":\"https:\/\/schema.org\",\"@graph\":[{\"@type\":\"Article\",\"@id\":\"https:\/\/marekkuchcinski.pl\/en\/wiesci-z-sejmu\/przekaznik-uniwersalnych-wartosci-zgody-braterstwa-betlejemskie-swiatlo-pokoju-parlamencie-spotkanie-marszalka-sejmu-harcerzami\/#article\",\"isPartOf\":{\"@id\":\"https:\/\/marekkuchcinski.pl\/en\/wiesci-z-sejmu\/przekaznik-uniwersalnych-wartosci-zgody-braterstwa-betlejemskie-swiatlo-pokoju-parlamencie-spotkanie-marszalka-sejmu-harcerzami\/\"},\"author\":{\"name\":\"admin\",\"@id\":\"https:\/\/marekkuchcinski.pl\/#\/schema\/person\/6f62700996b4d950b6ea2d1183b6c6be\"},\"headline\":\"\u201ePrzeka\u017anik uniwersalnych warto\u015bci zgody i braterstwa\u201d. Betlejemskie \u015awiat\u0142o Pokoju w Parlamencie &#8211; spotkanie Marsza\u0142ka Sejmu z harcerzami\",\"datePublished\":\"2018-12-19T15:06:40+00:00\",\"mainEntityOfPage\":{\"@id\":\"https:\/\/marekkuchcinski.pl\/en\/wiesci-z-sejmu\/przekaznik-uniwersalnych-wartosci-zgody-braterstwa-betlejemskie-swiatlo-pokoju-parlamencie-spotkanie-marszalka-sejmu-harcerzami\/\"},\"wordCount\":247,\"commentCount\":0,\"publisher\":{\"@id\":\"https:\/\/marekkuchcinski.pl\/#organization\"},\"image\":{\"@id\":\"https:\/\/marekkuchcinski.pl\/en\/wiesci-z-sejmu\/przekaznik-uniwersalnych-wartosci-zgody-braterstwa-betlejemskie-swiatlo-pokoju-parlamencie-spotkanie-marszalka-sejmu-harcerzami\/#primaryimage\"},\"thumbnailUrl\":\"https:\/\/marekkuchcinski.pl\/wp-content\/uploads\/2018\/12\/MMA_1032.jpg\",\"articleSection\":[\"Wie\u015bci z Sejmu\"],\"inLanguage\":\"cs\",\"potentialAction\":[{\"@type\":\"CommentAction\",\"name\":\"Comment\",\"target\":[\"https:\/\/marekkuchcinski.pl\/en\/wiesci-z-sejmu\/przekaznik-uniwersalnych-wartosci-zgody-braterstwa-betlejemskie-swiatlo-pokoju-parlamencie-spotkanie-marszalka-sejmu-harcerzami\/#respond\"]}]},{\"@type\":\"WebPage\",\"@id\":\"https:\/\/marekkuchcinski.pl\/en\/wiesci-z-sejmu\/przekaznik-uniwersalnych-wartosci-zgody-braterstwa-betlejemskie-swiatlo-pokoju-parlamencie-spotkanie-marszalka-sejmu-harcerzami\/\",\"url\":\"https:\/\/marekkuchcinski.pl\/en\/wiesci-z-sejmu\/przekaznik-uniwersalnych-wartosci-zgody-braterstwa-betlejemskie-swiatlo-pokoju-parlamencie-spotkanie-marszalka-sejmu-harcerzami\/\",\"name\":\"\u201ePrzeka\u017anik uniwersalnych warto\u015bci zgody i braterstwa\u201d. Betlejemskie \u015awiat\u0142o Pokoju w Parlamencie - spotkanie Marsza\u0142ka Sejmu z harcerzami &#8211; Marek Kuchci\u0144ski\",\"isPartOf\":{\"@id\":\"https:\/\/marekkuchcinski.pl\/#website\"},\"primaryImageOfPage\":{\"@id\":\"https:\/\/marekkuchcinski.pl\/en\/wiesci-z-sejmu\/przekaznik-uniwersalnych-wartosci-zgody-braterstwa-betlejemskie-swiatlo-pokoju-parlamencie-spotkanie-marszalka-sejmu-harcerzami\/#primaryimage\"},\"image\":{\"@id\":\"https:\/\/marekkuchcinski.pl\/en\/wiesci-z-sejmu\/przekaznik-uniwersalnych-wartosci-zgody-braterstwa-betlejemskie-swiatlo-pokoju-parlamencie-spotkanie-marszalka-sejmu-harcerzami\/#primaryimage\"},\"thumbnailUrl\":\"https:\/\/marekkuchcinski.pl\/wp-content\/uploads\/2018\/12\/MMA_1032.jpg\",\"datePublished\":\"2018-12-19T15:06:40+00:00\",\"breadcrumb\":{\"@id\":\"https:\/\/marekkuchcinski.pl\/en\/wiesci-z-sejmu\/przekaznik-uniwersalnych-wartosci-zgody-braterstwa-betlejemskie-swiatlo-pokoju-parlamencie-spotkanie-marszalka-sejmu-harcerzami\/#breadcrumb\"},\"inLanguage\":\"cs\",\"potentialAction\":[{\"@type\":\"ReadAction\",\"target\":[\"https:\/\/marekkuchcinski.pl\/en\/wiesci-z-sejmu\/przekaznik-uniwersalnych-wartosci-zgody-braterstwa-betlejemskie-swiatlo-pokoju-parlamencie-spotkanie-marszalka-sejmu-harcerzami\/\"]}]},{\"@type\":\"ImageObject\",\"inLanguage\":\"cs\",\"@id\":\"https:\/\/marekkuchcinski.pl\/en\/wiesci-z-sejmu\/przekaznik-uniwersalnych-wartosci-zgody-braterstwa-betlejemskie-swiatlo-pokoju-parlamencie-spotkanie-marszalka-sejmu-harcerzami\/#primaryimage\",\"url\":\"https:\/\/marekkuchcinski.pl\/wp-content\/uploads\/2018\/12\/MMA_1032.jpg\",\"contentUrl\":\"https:\/\/marekkuchcinski.pl\/wp-content\/uploads\/2018\/12\/MMA_1032.jpg\",\"width\":2048,\"height\":1367},{\"@type\":\"BreadcrumbList\",\"@id\":\"https:\/\/marekkuchcinski.pl\/en\/wiesci-z-sejmu\/przekaznik-uniwersalnych-wartosci-zgody-braterstwa-betlejemskie-swiatlo-pokoju-parlamencie-spotkanie-marszalka-sejmu-harcerzami\/#breadcrumb\",\"itemListElement\":[{\"@type\":\"ListItem\",\"position\":1,\"name\":\"Strona g\u0142\u00f3wna\",\"item\":\"https:\/\/marekkuchcinski.pl\/\"},{\"@type\":\"ListItem\",\"position\":2,\"name\":\"\u201ePrzeka\u017anik uniwersalnych warto\u015bci zgody i braterstwa\u201d. Betlejemskie \u015awiat\u0142o Pokoju w Parlamencie &#8211; spotkanie Marsza\u0142ka Sejmu z harcerzami\"}]},{\"@type\":\"WebSite\",\"@id\":\"https:\/\/marekkuchcinski.pl\/#website\",\"url\":\"https:\/\/marekkuchcinski.pl\/\",\"name\":\"Marek Kuchci\u0144ski\",\"description\":\"Pose\u0142 na sejm RP &ndash; okr\u0119g nr 22\",\"publisher\":{\"@id\":\"https:\/\/marekkuchcinski.pl\/#organization\"},\"potentialAction\":[{\"@type\":\"SearchAction\",\"target\":{\"@type\":\"EntryPoint\",\"urlTemplate\":\"https:\/\/marekkuchcinski.pl\/?s={search_term_string}\"},\"query-input\":{\"@type\":\"PropertyValueSpecification\",\"valueRequired\":true,\"valueName\":\"search_term_string\"}}],\"inLanguage\":\"cs\"},{\"@type\":\"Organization\",\"@id\":\"https:\/\/marekkuchcinski.pl\/#organization\",\"name\":\"Marek Kuchci\u0144ski\",\"url\":\"https:\/\/marekkuchcinski.pl\/\",\"logo\":{\"@type\":\"ImageObject\",\"inLanguage\":\"cs\",\"@id\":\"https:\/\/marekkuchcinski.pl\/#\/schema\/logo\/image\/\",\"url\":\"https:\/\/marekkuchcinski.pl\/wp-content\/uploads\/2022\/09\/Marek.jpg\",\"contentUrl\":\"https:\/\/marekkuchcinski.pl\/wp-content\/uploads\/2022\/09\/Marek.jpg\",\"width\":1600,\"height\":971,\"caption\":\"Marek Kuchci\u0144ski\"},\"image\":{\"@id\":\"https:\/\/marekkuchcinski.pl\/#\/schema\/logo\/image\/\"}},{\"@type\":\"Person\",\"@id\":\"https:\/\/marekkuchcinski.pl\/#\/schema\/person\/6f62700996b4d950b6ea2d1183b6c6be\",\"name\":\"admin\",\"image\":{\"@type\":\"ImageObject\",\"inLanguage\":\"cs\",\"@id\":\"https:\/\/marekkuchcinski.pl\/#\/schema\/person\/image\/\",\"url\":\"https:\/\/secure.gravatar.com\/avatar\/4bab693b9d55c3d6b52c0296a8765085?s=96&d=mm&r=g\",\"contentUrl\":\"https:\/\/secure.gravatar.com\/avatar\/4bab693b9d55c3d6b52c0296a8765085?s=96&d=mm&r=g\",\"caption\":\"admin\"},\"url\":\"https:\/\/marekkuchcinski.pl\/cs\/author\/marta-olejnik\/\"}]}<\/script>\n<!-- \/ Yoast SEO plugin. -->","yoast_head_json":{"title":"\u201ePrzeka\u017anik uniwersalnych warto\u015bci zgody i braterstwa\u201d. Betlejemskie \u015awiat\u0142o Pokoju w Parlamencie - spotkanie Marsza\u0142ka Sejmu z harcerzami &#8211; Marek Kuchci\u0144ski","robots":{"index":"index","follow":"follow","max-snippet":"max-snippet:-1","max-image-preview":"max-image-preview:large","max-video-preview":"max-video-preview:-1"},"canonical":"https:\/\/marekkuchcinski.pl\/cs\/wiesci-z-sejmu\/przekaznik-uniwersalnych-wartosci-zgody-braterstwa-betlejemskie-swiatlo-pokoju-parlamencie-spotkanie-marszalka-sejmu-harcerzami\/","og_locale":"cs_CZ","og_type":"article","og_title":"\u201ePrzeka\u017anik uniwersalnych warto\u015bci zgody i braterstwa\u201d. Betlejemskie \u015awiat\u0142o Pokoju w Parlamencie - spotkanie Marsza\u0142ka Sejmu z harcerzami &#8211; Marek Kuchci\u0144ski","og_description":"\u015awiat\u0142o, kt\u00f3re \u0142\u0105czy\u201d &#8211; to has\u0142o tegorocznej sztafety Betlejemskiego \u015awiat\u0142a Pokoju. P\u0142omie\u0144 z Betlejemskiej Groty Narodzenia Chrystusa ju\u017c po raz 28. dotar\u0142 do Polski. Zgodnie z wieloletni\u0105 tradycj\u0105 harcerze Zwi\u0105zku Harcerstwa Polskiego przekazali go w \u015brod\u0119 Marsza\u0142kowi Sejmu. W spotkaniu uczestniczy\u0142a tak\u017ce szef Kancelarii Sejmu Agnieszka Kaczmarska. Marek Kuchci\u0144ski podzi\u0119kowa\u0142 harcerzom za przybycie do Sejmu, [&hellip;]","og_url":"https:\/\/marekkuchcinski.pl\/cs\/wiesci-z-sejmu\/przekaznik-uniwersalnych-wartosci-zgody-braterstwa-betlejemskie-swiatlo-pokoju-parlamencie-spotkanie-marszalka-sejmu-harcerzami\/","og_site_name":"Marek Kuchci\u0144ski","article_published_time":"2018-12-19T15:06:40+00:00","og_image":[{"width":2048,"height":1367,"url":"https:\/\/marekkuchcinski.pl\/wp-content\/uploads\/2018\/12\/MMA_1032.jpg","type":"image\/jpeg"}],"author":"admin","twitter_card":"summary_large_image","twitter_misc":{"Napsal(a)":"admin","Odhadovan\u00e1 doba \u010dten\u00ed":"1 minuta"},"schema":{"@context":"https:\/\/schema.org","@graph":[{"@type":"Article","@id":"https:\/\/marekkuchcinski.pl\/en\/wiesci-z-sejmu\/przekaznik-uniwersalnych-wartosci-zgody-braterstwa-betlejemskie-swiatlo-pokoju-parlamencie-spotkanie-marszalka-sejmu-harcerzami\/#article","isPartOf":{"@id":"https:\/\/marekkuchcinski.pl\/en\/wiesci-z-sejmu\/przekaznik-uniwersalnych-wartosci-zgody-braterstwa-betlejemskie-swiatlo-pokoju-parlamencie-spotkanie-marszalka-sejmu-harcerzami\/"},"author":{"name":"admin","@id":"https:\/\/marekkuchcinski.pl\/#\/schema\/person\/6f62700996b4d950b6ea2d1183b6c6be"},"headline":"\u201ePrzeka\u017anik uniwersalnych warto\u015bci zgody i braterstwa\u201d. Betlejemskie \u015awiat\u0142o Pokoju w Parlamencie &#8211; spotkanie Marsza\u0142ka Sejmu z harcerzami","datePublished":"2018-12-19T15:06:40+00:00","mainEntityOfPage":{"@id":"https:\/\/marekkuchcinski.pl\/en\/wiesci-z-sejmu\/przekaznik-uniwersalnych-wartosci-zgody-braterstwa-betlejemskie-swiatlo-pokoju-parlamencie-spotkanie-marszalka-sejmu-harcerzami\/"},"wordCount":247,"commentCount":0,"publisher":{"@id":"https:\/\/marekkuchcinski.pl\/#organization"},"image":{"@id":"https:\/\/marekkuchcinski.pl\/en\/wiesci-z-sejmu\/przekaznik-uniwersalnych-wartosci-zgody-braterstwa-betlejemskie-swiatlo-pokoju-parlamencie-spotkanie-marszalka-sejmu-harcerzami\/#primaryimage"},"thumbnailUrl":"https:\/\/marekkuchcinski.pl\/wp-content\/uploads\/2018\/12\/MMA_1032.jpg","articleSection":["Wie\u015bci z Sejmu"],"inLanguage":"cs","potentialAction":[{"@type":"CommentAction","name":"Comment","target":["https:\/\/marekkuchcinski.pl\/en\/wiesci-z-sejmu\/przekaznik-uniwersalnych-wartosci-zgody-braterstwa-betlejemskie-swiatlo-pokoju-parlamencie-spotkanie-marszalka-sejmu-harcerzami\/#respond"]}]},{"@type":"WebPage","@id":"https:\/\/marekkuchcinski.pl\/en\/wiesci-z-sejmu\/przekaznik-uniwersalnych-wartosci-zgody-braterstwa-betlejemskie-swiatlo-pokoju-parlamencie-spotkanie-marszalka-sejmu-harcerzami\/","url":"https:\/\/marekkuchcinski.pl\/en\/wiesci-z-sejmu\/przekaznik-uniwersalnych-wartosci-zgody-braterstwa-betlejemskie-swiatlo-pokoju-parlamencie-spotkanie-marszalka-sejmu-harcerzami\/","name":"\u201ePrzeka\u017anik uniwersalnych warto\u015bci zgody i braterstwa\u201d. Betlejemskie \u015awiat\u0142o Pokoju w Parlamencie - spotkanie Marsza\u0142ka Sejmu z harcerzami &#8211; Marek Kuchci\u0144ski","isPartOf":{"@id":"https:\/\/marekkuchcinski.pl\/#website"},"primaryImageOfPage":{"@id":"https:\/\/marekkuchcinski.pl\/en\/wiesci-z-sejmu\/przekaznik-uniwersalnych-wartosci-zgody-braterstwa-betlejemskie-swiatlo-pokoju-parlamencie-spotkanie-marszalka-sejmu-harcerzami\/#primaryimage"},"image":{"@id":"https:\/\/marekkuchcinski.pl\/en\/wiesci-z-sejmu\/przekaznik-uniwersalnych-wartosci-zgody-braterstwa-betlejemskie-swiatlo-pokoju-parlamencie-spotkanie-marszalka-sejmu-harcerzami\/#primaryimage"},"thumbnailUrl":"https:\/\/marekkuchcinski.pl\/wp-content\/uploads\/2018\/12\/MMA_1032.jpg","datePublished":"2018-12-19T15:06:40+00:00","breadcrumb":{"@id":"https:\/\/marekkuchcinski.pl\/en\/wiesci-z-sejmu\/przekaznik-uniwersalnych-wartosci-zgody-braterstwa-betlejemskie-swiatlo-pokoju-parlamencie-spotkanie-marszalka-sejmu-harcerzami\/#breadcrumb"},"inLanguage":"cs","potentialAction":[{"@type":"ReadAction","target":["https:\/\/marekkuchcinski.pl\/en\/wiesci-z-sejmu\/przekaznik-uniwersalnych-wartosci-zgody-braterstwa-betlejemskie-swiatlo-pokoju-parlamencie-spotkanie-marszalka-sejmu-harcerzami\/"]}]},{"@type":"ImageObject","inLanguage":"cs","@id":"https:\/\/marekkuchcinski.pl\/en\/wiesci-z-sejmu\/przekaznik-uniwersalnych-wartosci-zgody-braterstwa-betlejemskie-swiatlo-pokoju-parlamencie-spotkanie-marszalka-sejmu-harcerzami\/#primaryimage","url":"https:\/\/marekkuchcinski.pl\/wp-content\/uploads\/2018\/12\/MMA_1032.jpg","contentUrl":"https:\/\/marekkuchcinski.pl\/wp-content\/uploads\/2018\/12\/MMA_1032.jpg","width":2048,"height":1367},{"@type":"BreadcrumbList","@id":"https:\/\/marekkuchcinski.pl\/en\/wiesci-z-sejmu\/przekaznik-uniwersalnych-wartosci-zgody-braterstwa-betlejemskie-swiatlo-pokoju-parlamencie-spotkanie-marszalka-sejmu-harcerzami\/#breadcrumb","itemListElement":[{"@type":"ListItem","position":1,"name":"Strona g\u0142\u00f3wna","item":"https:\/\/marekkuchcinski.pl\/"},{"@type":"ListItem","position":2,"name":"\u201ePrzeka\u017anik uniwersalnych warto\u015bci zgody i braterstwa\u201d. Betlejemskie \u015awiat\u0142o Pokoju w Parlamencie &#8211; spotkanie Marsza\u0142ka Sejmu z harcerzami"}]},{"@type":"WebSite","@id":"https:\/\/marekkuchcinski.pl\/#website","url":"https:\/\/marekkuchcinski.pl\/","name":"Marek Kuchci\u0144ski","description":"Pose\u0142 na sejm RP &ndash; okr\u0119g nr 22","publisher":{"@id":"https:\/\/marekkuchcinski.pl\/#organization"},"potentialAction":[{"@type":"SearchAction","target":{"@type":"EntryPoint","urlTemplate":"https:\/\/marekkuchcinski.pl\/?s={search_term_string}"},"query-input":{"@type":"PropertyValueSpecification","valueRequired":true,"valueName":"search_term_string"}}],"inLanguage":"cs"},{"@type":"Organization","@id":"https:\/\/marekkuchcinski.pl\/#organization","name":"Marek Kuchci\u0144ski","url":"https:\/\/marekkuchcinski.pl\/","logo":{"@type":"ImageObject","inLanguage":"cs","@id":"https:\/\/marekkuchcinski.pl\/#\/schema\/logo\/image\/","url":"https:\/\/marekkuchcinski.pl\/wp-content\/uploads\/2022\/09\/Marek.jpg","contentUrl":"https:\/\/marekkuchcinski.pl\/wp-content\/uploads\/2022\/09\/Marek.jpg","width":1600,"height":971,"caption":"Marek Kuchci\u0144ski"},"image":{"@id":"https:\/\/marekkuchcinski.pl\/#\/schema\/logo\/image\/"}},{"@type":"Person","@id":"https:\/\/marekkuchcinski.pl\/#\/schema\/person\/6f62700996b4d950b6ea2d1183b6c6be","name":"admin","image":{"@type":"ImageObject","inLanguage":"cs","@id":"https:\/\/marekkuchcinski.pl\/#\/schema\/person\/image\/","url":"https:\/\/secure.gravatar.com\/avatar\/4bab693b9d55c3d6b52c0296a8765085?s=96&d=mm&r=g","contentUrl":"https:\/\/secure.gravatar.com\/avatar\/4bab693b9d55c3d6b52c0296a8765085?s=96&d=mm&r=g","caption":"admin"},"url":"https:\/\/marekkuchcinski.pl\/cs\/author\/marta-olejnik\/"}]}},"_links":{"self":[{"href":"https:\/\/marekkuchcinski.pl\/cs\/wp-json\/wp\/v2\/posts\/12094","targetHints":{"allow":["GET"]}}],"collection":[{"href":"https:\/\/marekkuchcinski.pl\/cs\/wp-json\/wp\/v2\/posts"}],"about":[{"href":"https:\/\/marekkuchcinski.pl\/cs\/wp-json\/wp\/v2\/types\/post"}],"author":[{"embeddable":true,"href":"https:\/\/marekkuchcinski.pl\/cs\/wp-json\/wp\/v2\/users\/6"}],"replies":[{"embeddable":true,"href":"https:\/\/marekkuchcinski.pl\/cs\/wp-json\/wp\/v2\/comments?post=12094"}],"version-history":[{"count":1,"href":"https:\/\/marekkuchcinski.pl\/cs\/wp-json\/wp\/v2\/posts\/12094\/revisions"}],"predecessor-version":[{"id":12098,"href":"https:\/\/marekkuchcinski.pl\/cs\/wp-json\/wp\/v2\/posts\/12094\/revisions\/12098"}],"wp:featuredmedia":[{"embeddable":true,"href":"https:\/\/marekkuchcinski.pl\/cs\/wp-json\/wp\/v2\/media\/12097"}],"wp:attachment":[{"href":"https:\/\/marekkuchcinski.pl\/cs\/wp-json\/wp\/v2\/media?parent=12094"}],"wp:term":[{"taxonomy":"category","embeddable":true,"href":"https:\/\/marekkuchcinski.pl\/cs\/wp-json\/wp\/v2\/categories?post=12094"},{"taxonomy":"post_tag","embeddable":true,"href":"https:\/\/marekkuchcinski.pl\/cs\/wp-json\/wp\/v2\/tags?post=12094"}],"curies":[{"name":"wp","href":"https:\/\/api.w.org\/{rel}","templated":true}]}}