{"id":12080,"date":"2018-12-20T10:43:39","date_gmt":"2018-12-20T09:43:39","guid":{"rendered":"https:\/\/marekkuchcinski.pl\/?p=12080"},"modified":"2018-12-20T10:43:39","modified_gmt":"2018-12-20T09:43:39","slug":"wilno-otwarcie-wystawy-okazji-550-lecia-parlamentaryzmu-rzeczypospolitej-laczy-nas-sojusz-strategiczny-poczuciu-wspolnych-wyzwan","status":"publish","type":"post","link":"https:\/\/marekkuchcinski.pl\/cs\/wspolpraca-miedzynarodowa\/wilno-otwarcie-wystawy-okazji-550-lecia-parlamentaryzmu-rzeczypospolitej-laczy-nas-sojusz-strategiczny-poczuciu-wspolnych-wyzwan\/","title":{"rendered":"Vilnius. Vernis\u00e1\u017e v\u00fdstavy u p\u0159\u00edle\u017eitosti 550. v\u00fdro\u010d\u00ed parlamentarismu republiky. \"Spojuje n\u00e1s strategick\u00e9 spojenectv\u00ed s v\u011bdom\u00edm spole\u010dn\u00fdch v\u00fdzev.\""},"content":{"rendered":"<p dir=\"ltr\">P\u011bt a p\u016fl stolet\u00ed od prvn\u00edho dvoukomorov\u00e9ho Sejmu v Piotrkow\u011b - rok 2018 je jedn\u00edm z nejv\u00fdznamn\u011bj\u0161\u00edch v\u00fdro\u010d\u00ed polsk\u00e9ho spole\u010densk\u00e9ho a politick\u00e9ho \u017eivota. 550. v\u00fdro\u010d\u00ed je z\u00e1rove\u0148 spojeno s na\u0161\u00edm stalet\u00fdm spojencem, s n\u00edm\u017e jsme n\u011bkolik set let tvo\u0159ili jeden st\u00e1t. St\u0159ede\u010dn\u00ed n\u00e1v\u0161t\u011bva mar\u0161\u00e1lka Sejmu Marka Kuchcinsk\u00e9ho ve Vilniusu se nesla ve znamen\u00ed spole\u010dn\u00e9 historie, tradic a vazeb, kter\u00e9 oba n\u00e1rody spojuj\u00ed, a v\u00fdstava \"Polsko. Tradice parlamentarismu do roku 1791\", kter\u00e1 byla otev\u0159ena v Sejmu, je toho nejlep\u0161\u00edm d\u016fkazem.<\/p>\n<p dir=\"ltr\">- R\u00e1d bych p\u0159ipomn\u011bl datum 1. \u010dervence 1569, kdy byla uzav\u0159ena Lublinsk\u00e1 unie. Vytvo\u0159ila mezin\u00e1rodn\u00ed a vnit\u0159n\u00ed \u0159\u00e1d, kter\u00fd nem\u011bl obdoby a kter\u00fd o stalet\u00ed p\u0159edb\u011bhl modern\u00ed model integrace. Zlomov\u00fd okam\u017eik ve v\u00fdvoji evropsk\u00e9 demokracie. Tehdej\u0161\u00ed sjednocen\u00e9 st\u00e1tn\u00ed organismy daly vzniknout nov\u00e9mu parlamentn\u00edmu syst\u00e9mu v Evrop\u011b. Akt Lublinsk\u00e9 unie byl v roce 2018 zaps\u00e1n do programu UNESCO Pam\u011b\u0165 sv\u011bta. Byl to v\u00fdsledek na\u0161eho spole\u010dn\u00e9ho \u00fasil\u00ed, nebo\u0165 Polsko, Litva, ale i Loty\u0161sko, B\u011blorusko a Ukrajina spole\u010dn\u011b usilovaly o to, aby byl dokument zaps\u00e1n,\" \u0159ekl mar\u0161\u00e1l Kuchci\u0144ski b\u011bhem slavnostn\u00edho zah\u00e1jen\u00ed v\u00fdstavy.<\/p>\n<p dir=\"ltr\">V\u00fdstava p\u0159ibli\u017euje kl\u00ed\u010dov\u00e9 ud\u00e1losti ve v\u00fdvoji parlamentarismu od 14. do 18. stolet\u00ed. P\u016fvodn\u00ed koncept v\u00fdstavy vypracovala poslankyn\u011b Ewa Tomaszewska.<\/p>\n<p dir=\"ltr\">V roce 2019 oslav\u00edme 450. v\u00fdro\u010d\u00ed Lublinsk\u00e9 unie. P\u0159ed stalet\u00edmi tvo\u0159il z\u00e1klad polsko-litevsk\u00fdch bratrsk\u00fdch vztah\u016f. Tato s\u00edla a moc dnes p\u0159in\u00e1\u0161\u00ed ovoce v podob\u011b vz\u00e1jemn\u00e9 podpory, kterou si prokazujeme spoluprac\u00ed v regionu, v Evropsk\u00e9 unii a v Severoatlantick\u00e9 alianci. Pro dobro na\u0161ich n\u00e1rod\u016f n\u00e1s spojuje strategick\u00e9 spojenectv\u00ed s v\u011bdom\u00edm spole\u010dn\u00fdch v\u00fdzev a hrozeb, kter\u00e9 se op\u011bt vzn\u00e1\u0161ej\u00ed nad evropsk\u00fdm kontinentem,\" zhodnotil Marek Kuchci\u0144ski.<\/p>\n<p dir=\"ltr\">P\u0159edseda litevsk\u00e9ho Seimasu profesor Viktoras Pranckietis zase zd\u016fraznil, \u017ee Var\u0161ava a Vilnius maj\u00ed mnoho spole\u010dn\u00e9ho, dokonce i stejn\u00fd n\u00e1zev n\u00e1rodn\u00ed reprezentace. - V pr\u00e1v\u011b kon\u010d\u00edc\u00edm roce jsme oslavili st\u00e9 v\u00fdro\u010d\u00ed znovuzrozen\u00ed na\u0161ich zem\u00ed a oslavili jsme je spole\u010dn\u011b. Polsko je na\u0161\u00edm strategick\u00fdm partnerem v regionu, se kter\u00fdm m\u00e1me mimo\u0159\u00e1dn\u011b \u00fazk\u00e9 vztahy.<\/p>\n<p dir=\"ltr\">B\u011bhem tiskov\u00e9 konference obou politik\u016f byl p\u0159edseda Sejmu dot\u00e1z\u00e1n na ohl\u00e1\u0161en\u00e9 Parlamentn\u00ed shrom\u00e1\u017ed\u011bn\u00ed Polska a Litvy. - Je obt\u00ed\u017en\u00e9 obnovit vztahy mezi lidmi - v\u010detn\u011b meziparlamentn\u00edch vztah\u016f - kdy\u017e byly po n\u011bkolik generac\u00ed naru\u0161ov\u00e1ny a bo\u0159eny. P\u0159esto d\u011bl\u00e1me velmi rychl\u00e9 pokroky. Rychle se m\u011bn\u00edc\u00ed politick\u00e1 a spole\u010densk\u00e1 situace ve sv\u011bt\u011b i v Evrop\u011b n\u00e1s nut\u00ed tyto vztahy urychlit. Jsme p\u0159ipraveni zah\u00e1jit \u010dinnost Parlamentn\u00edho shrom\u00e1\u017ed\u011bn\u00ed,\" poznamenal Marek Kuchci\u0144ski.<\/p>\n<p dir=\"ltr\">N\u00e1v\u0161t\u011bva Vilniusu za\u010dala polo\u017een\u00edm v\u011bnce u mauzolea Srdce matky a syna na Rosse. Je zde poh\u0159bena Maria Pi\u0142sudska a vedle n\u00ed je v k\u0159i\u0161\u0165\u00e1lov\u00e9 urn\u011b ulo\u017eeno srdce jej\u00edho syna J\u00f3zefa.<br \/>\nDelegace tak\u00e9 nav\u0161t\u00edvila v\u00fdstavu v N\u00e1rodn\u00edm muzeu - Pal\u00e1ci litevsk\u00fdch velkov\u00e9vod\u016f v\u011bnovanou Adamu Mickiewiczovi.<\/p>\n<p dir=\"ltr\">Polskou stranu b\u011bhem n\u00e1v\u0161t\u011bvy krom\u011b mar\u0161\u00e1lka Sejmu zastupovali vedouc\u00ed Kancel\u00e1\u0159e Agnieszka Kaczmarska a poslanci Ewa Tomaszewska, Grzegorz Janik, Tadeusz Aziewicz a Bartosz J\u00f3zwiak.<\/p>\n<p dir=\"ltr\"><em>Text CIS\/ sejm.gov.pl<\/em><\/p>\n<p><a href=\"https:\/\/marekkuchcinski.pl\/wp-content\/uploads\/2018\/12\/RZ__7074.jpg\"><img fetchpriority=\"high\" decoding=\"async\" class=\"alignnone size-full wp-image-12082\" src=\"https:\/\/marekkuchcinski.pl\/wp-content\/uploads\/2018\/12\/RZ__7074.jpg\" alt=\"RZ__7074\" width=\"3360\" height=\"2240\" srcset=\"https:\/\/marekkuchcinski.pl\/wp-content\/uploads\/2018\/12\/RZ__7074.jpg 2048w, https:\/\/marekkuchcinski.pl\/wp-content\/uploads\/2018\/12\/RZ__7074-300x200.jpg 300w, https:\/\/marekkuchcinski.pl\/wp-content\/uploads\/2018\/12\/RZ__7074-768x512.jpg 768w, https:\/\/marekkuchcinski.pl\/wp-content\/uploads\/2018\/12\/RZ__7074-1024x683.jpg 1024w\" sizes=\"(max-width: 3360px) 100vw, 3360px\" \/><\/a> <a href=\"https:\/\/marekkuchcinski.pl\/wp-content\/uploads\/2018\/12\/RZ__7101.jpg\"><img decoding=\"async\" class=\"alignnone size-full wp-image-12083\" src=\"https:\/\/marekkuchcinski.pl\/wp-content\/uploads\/2018\/12\/RZ__7101.jpg\" alt=\"RZ__7101\" width=\"3360\" height=\"2240\" srcset=\"https:\/\/marekkuchcinski.pl\/wp-content\/uploads\/2018\/12\/RZ__7101.jpg 2048w, https:\/\/marekkuchcinski.pl\/wp-content\/uploads\/2018\/12\/RZ__7101-300x200.jpg 300w, https:\/\/marekkuchcinski.pl\/wp-content\/uploads\/2018\/12\/RZ__7101-768x512.jpg 768w, https:\/\/marekkuchcinski.pl\/wp-content\/uploads\/2018\/12\/RZ__7101-1024x683.jpg 1024w\" sizes=\"(max-width: 3360px) 100vw, 3360px\" \/><\/a> <a href=\"https:\/\/marekkuchcinski.pl\/wp-content\/uploads\/2018\/12\/RZ__7166.jpg\"><img decoding=\"async\" class=\"alignnone size-full wp-image-12084\" src=\"https:\/\/marekkuchcinski.pl\/wp-content\/uploads\/2018\/12\/RZ__7166.jpg\" alt=\"RZ__7166\" width=\"3360\" height=\"2240\" srcset=\"https:\/\/marekkuchcinski.pl\/wp-content\/uploads\/2018\/12\/RZ__7166.jpg 2048w, https:\/\/marekkuchcinski.pl\/wp-content\/uploads\/2018\/12\/RZ__7166-300x200.jpg 300w, https:\/\/marekkuchcinski.pl\/wp-content\/uploads\/2018\/12\/RZ__7166-768x512.jpg 768w, https:\/\/marekkuchcinski.pl\/wp-content\/uploads\/2018\/12\/RZ__7166-1024x683.jpg 1024w\" sizes=\"(max-width: 3360px) 100vw, 3360px\" \/><\/a> <a href=\"https:\/\/marekkuchcinski.pl\/wp-content\/uploads\/2018\/12\/RZ__7289.jpg\"><img loading=\"lazy\" decoding=\"async\" class=\"alignnone size-full wp-image-12085\" src=\"https:\/\/marekkuchcinski.pl\/wp-content\/uploads\/2018\/12\/RZ__7289.jpg\" alt=\"RZ__7289\" width=\"3360\" height=\"2240\" srcset=\"https:\/\/marekkuchcinski.pl\/wp-content\/uploads\/2018\/12\/RZ__7289.jpg 2048w, https:\/\/marekkuchcinski.pl\/wp-content\/uploads\/2018\/12\/RZ__7289-300x200.jpg 300w, https:\/\/marekkuchcinski.pl\/wp-content\/uploads\/2018\/12\/RZ__7289-768x512.jpg 768w, https:\/\/marekkuchcinski.pl\/wp-content\/uploads\/2018\/12\/RZ__7289-1024x683.jpg 1024w\" sizes=\"(max-width: 3360px) 100vw, 3360px\" \/><\/a> <a href=\"https:\/\/marekkuchcinski.pl\/wp-content\/uploads\/2018\/12\/RZ__7397.jpg\"><img loading=\"lazy\" decoding=\"async\" class=\"alignnone size-full wp-image-12086\" src=\"https:\/\/marekkuchcinski.pl\/wp-content\/uploads\/2018\/12\/RZ__7397.jpg\" alt=\"RZ__7397\" width=\"3360\" height=\"2240\" srcset=\"https:\/\/marekkuchcinski.pl\/wp-content\/uploads\/2018\/12\/RZ__7397.jpg 2048w, https:\/\/marekkuchcinski.pl\/wp-content\/uploads\/2018\/12\/RZ__7397-300x200.jpg 300w, https:\/\/marekkuchcinski.pl\/wp-content\/uploads\/2018\/12\/RZ__7397-768x512.jpg 768w, https:\/\/marekkuchcinski.pl\/wp-content\/uploads\/2018\/12\/RZ__7397-1024x683.jpg 1024w\" sizes=\"(max-width: 3360px) 100vw, 3360px\" \/><\/a> <a href=\"https:\/\/marekkuchcinski.pl\/wp-content\/uploads\/2018\/12\/RZ__7413.jpg\"><img loading=\"lazy\" decoding=\"async\" class=\"alignnone size-full wp-image-12087\" src=\"https:\/\/marekkuchcinski.pl\/wp-content\/uploads\/2018\/12\/RZ__7413.jpg\" alt=\"RZ__7413\" width=\"3360\" height=\"2240\" srcset=\"https:\/\/marekkuchcinski.pl\/wp-content\/uploads\/2018\/12\/RZ__7413.jpg 2048w, https:\/\/marekkuchcinski.pl\/wp-content\/uploads\/2018\/12\/RZ__7413-300x200.jpg 300w, https:\/\/marekkuchcinski.pl\/wp-content\/uploads\/2018\/12\/RZ__7413-768x512.jpg 768w, https:\/\/marekkuchcinski.pl\/wp-content\/uploads\/2018\/12\/RZ__7413-1024x683.jpg 1024w\" sizes=\"(max-width: 3360px) 100vw, 3360px\" \/><\/a> <a href=\"https:\/\/marekkuchcinski.pl\/wp-content\/uploads\/2018\/12\/RZ__7441.jpg\"><img loading=\"lazy\" decoding=\"async\" class=\"alignnone size-full wp-image-12088\" src=\"https:\/\/marekkuchcinski.pl\/wp-content\/uploads\/2018\/12\/RZ__7441.jpg\" alt=\"RZ__7441\" width=\"3360\" height=\"2240\" srcset=\"https:\/\/marekkuchcinski.pl\/wp-content\/uploads\/2018\/12\/RZ__7441.jpg 2048w, https:\/\/marekkuchcinski.pl\/wp-content\/uploads\/2018\/12\/RZ__7441-300x200.jpg 300w, https:\/\/marekkuchcinski.pl\/wp-content\/uploads\/2018\/12\/RZ__7441-768x512.jpg 768w, https:\/\/marekkuchcinski.pl\/wp-content\/uploads\/2018\/12\/RZ__7441-1024x683.jpg 1024w\" sizes=\"(max-width: 3360px) 100vw, 3360px\" \/><\/a> <a href=\"https:\/\/marekkuchcinski.pl\/wp-content\/uploads\/2018\/12\/RZ__7488.jpg\"><img loading=\"lazy\" decoding=\"async\" class=\"alignnone size-full wp-image-12089\" src=\"https:\/\/marekkuchcinski.pl\/wp-content\/uploads\/2018\/12\/RZ__7488.jpg\" alt=\"RZ__7488\" width=\"3360\" height=\"2240\" srcset=\"https:\/\/marekkuchcinski.pl\/wp-content\/uploads\/2018\/12\/RZ__7488.jpg 2048w, https:\/\/marekkuchcinski.pl\/wp-content\/uploads\/2018\/12\/RZ__7488-300x200.jpg 300w, https:\/\/marekkuchcinski.pl\/wp-content\/uploads\/2018\/12\/RZ__7488-768x512.jpg 768w, https:\/\/marekkuchcinski.pl\/wp-content\/uploads\/2018\/12\/RZ__7488-1024x683.jpg 1024w\" sizes=\"(max-width: 3360px) 100vw, 3360px\" \/><\/a> <a href=\"https:\/\/marekkuchcinski.pl\/wp-content\/uploads\/2018\/12\/RZ__7582.jpg\"><img loading=\"lazy\" decoding=\"async\" class=\"alignnone size-full wp-image-12091\" src=\"https:\/\/marekkuchcinski.pl\/wp-content\/uploads\/2018\/12\/RZ__7582.jpg\" alt=\"RZ__7582\" width=\"3360\" height=\"2240\" srcset=\"https:\/\/marekkuchcinski.pl\/wp-content\/uploads\/2018\/12\/RZ__7582.jpg 2048w, https:\/\/marekkuchcinski.pl\/wp-content\/uploads\/2018\/12\/RZ__7582-300x200.jpg 300w, https:\/\/marekkuchcinski.pl\/wp-content\/uploads\/2018\/12\/RZ__7582-768x512.jpg 768w, https:\/\/marekkuchcinski.pl\/wp-content\/uploads\/2018\/12\/RZ__7582-1024x683.jpg 1024w\" sizes=\"(max-width: 3360px) 100vw, 3360px\" \/><\/a> <a href=\"https:\/\/marekkuchcinski.pl\/wp-content\/uploads\/2018\/12\/RZ__7600.jpg\"><img loading=\"lazy\" decoding=\"async\" class=\"alignnone size-full wp-image-12092\" src=\"https:\/\/marekkuchcinski.pl\/wp-content\/uploads\/2018\/12\/RZ__7600.jpg\" alt=\"RZ__7600\" width=\"3360\" height=\"2240\" srcset=\"https:\/\/marekkuchcinski.pl\/wp-content\/uploads\/2018\/12\/RZ__7600.jpg 2048w, https:\/\/marekkuchcinski.pl\/wp-content\/uploads\/2018\/12\/RZ__7600-300x200.jpg 300w, https:\/\/marekkuchcinski.pl\/wp-content\/uploads\/2018\/12\/RZ__7600-768x512.jpg 768w, https:\/\/marekkuchcinski.pl\/wp-content\/uploads\/2018\/12\/RZ__7600-1024x683.jpg 1024w\" sizes=\"(max-width: 3360px) 100vw, 3360px\" \/><\/a><\/p>\n<p><em>Foto: Rafa\u0142 Zambrzycki\/ Sejm<\/em><\/p>","protected":false},"excerpt":{"rendered":"<p>Pi\u0119\u0107 i p\u00f3\u0142 wieku od pierwszego Sejmu dwuizbowego w Piotrkowie &#8211; na 2018 r. przypad\u0142a jedna z najwa\u017cniejszych rocznic dla polskiego \u017cycia spo\u0142ecznego i politycznego. Jednocze\u015bnie 550-lecie jest tak\u017ce zwi\u0105zane z naszym wielowiekowym sojusznikiem, z kt\u00f3rym przez kilkaset lat tworzyli\u015bmy jedno pa\u0144stwo. \u015arodowa wizyta marsza\u0142ka Sejmu Marka Kuchci\u0144skiego w Wilnie up\u0142yn\u0119\u0142a pod znakiem wsp\u00f3lnej historii, [&hellip;]<\/p>\n","protected":false},"author":6,"featured_media":12087,"comment_status":"open","ping_status":"open","sticky":false,"template":"","format":"standard","meta":{"ngg_post_thumbnail":0,"footnotes":""},"categories":[50],"tags":[],"class_list":["post-12080","post","type-post","status-publish","format-standard","has-post-thumbnail","hentry","category-wspolpraca-miedzynarodowa"],"_links":{"self":[{"href":"https:\/\/marekkuchcinski.pl\/cs\/wp-json\/wp\/v2\/posts\/12080","targetHints":{"allow":["GET"]}}],"collection":[{"href":"https:\/\/marekkuchcinski.pl\/cs\/wp-json\/wp\/v2\/posts"}],"about":[{"href":"https:\/\/marekkuchcinski.pl\/cs\/wp-json\/wp\/v2\/types\/post"}],"author":[{"embeddable":true,"href":"https:\/\/marekkuchcinski.pl\/cs\/wp-json\/wp\/v2\/users\/6"}],"replies":[{"embeddable":true,"href":"https:\/\/marekkuchcinski.pl\/cs\/wp-json\/wp\/v2\/comments?post=12080"}],"version-history":[{"count":2,"href":"https:\/\/marekkuchcinski.pl\/cs\/wp-json\/wp\/v2\/posts\/12080\/revisions"}],"predecessor-version":[{"id":12121,"href":"https:\/\/marekkuchcinski.pl\/cs\/wp-json\/wp\/v2\/posts\/12080\/revisions\/12121"}],"wp:featuredmedia":[{"embeddable":true,"href":"https:\/\/marekkuchcinski.pl\/cs\/wp-json\/wp\/v2\/media\/12087"}],"wp:attachment":[{"href":"https:\/\/marekkuchcinski.pl\/cs\/wp-json\/wp\/v2\/media?parent=12080"}],"wp:term":[{"taxonomy":"category","embeddable":true,"href":"https:\/\/marekkuchcinski.pl\/cs\/wp-json\/wp\/v2\/categories?post=12080"},{"taxonomy":"post_tag","embeddable":true,"href":"https:\/\/marekkuchcinski.pl\/cs\/wp-json\/wp\/v2\/tags?post=12080"}],"curies":[{"name":"wp","href":"https:\/\/api.w.org\/{rel}","templated":true}]}}