{"id":11926,"date":"2018-12-17T14:38:56","date_gmt":"2018-12-17T13:38:56","guid":{"rendered":"https:\/\/marekkuchcinski.pl\/?p=11926"},"modified":"2018-12-17T16:28:33","modified_gmt":"2018-12-17T15:28:33","slug":"ostatnie-pozegnanie-posel-jolanty-szczypinskiej","status":"publish","type":"post","link":"https:\/\/marekkuchcinski.pl\/cs\/wydarzenia\/ostatnie-pozegnanie-posel-jolanty-szczypinskiej\/","title":{"rendered":"Posledn\u00ed rozlou\u010den\u00ed s Jolantou Szczypi\u00f1skou"},"content":{"rendered":"<p><strong>Prezident, mar\u0161\u00e1lek Sejmu, mar\u0161\u00e1lek Sen\u00e1tu, p\u0159edseda vl\u00e1dy, poslanci a minist\u0159i doprovodili na posledn\u00ed cest\u011b poslankyni polsk\u00e9ho parlamentu Jolantu Szczypi\u00f1skou. Poh\u0159ebn\u00ed oslavy za\u010daly m\u0161\u00ed v kostele Panny Marie ve S\u0142upsku, b\u011bhem n\u00ed\u017e se se sv\u00fdm kolegou a p\u0159\u00edtelem rozlou\u010dili prezident Andrzej Duda a prezident Jaros\u0142aw Kaczy\u0144ski.<\/strong><\/p>\n<p><em>- Mil\u00e1 Jola (...) Pan\u00ed Szczypi\u0144ska, byla to prost\u011b Jola. Byla zdravotn\u00ed sestrou, jej\u00edm\u017e posl\u00e1n\u00edm bylo pom\u00e1hat druh\u00fdm lidem. Slou\u017eila bli\u017en\u00edmu a Bohu, Polsko, takov\u00e1 byla a\u017e do konce. Nikdy se neb\u00e1la, a to jak v Solidarit\u011b, tak tv\u00e1\u0159\u00ed v tv\u00e1\u0159 nemoci. D\u011bkuji Jole za jej\u00ed kr\u00e1sn\u00fd \u017eivot a za to, co ud\u011blala pro Polsko.\u00a0<\/em>Prezident Andrzej Duda \u0159ekl.<\/p>\n<p><em>- S velk\u00fdm z\u00e1rmutkem jsem se p\u0159i\u0161el rozlou\u010dit s Jolantou Szczypinskou, dlouholetou poslankyn\u00ed a m\u00edstop\u0159edsedkyn\u00ed strany Pr\u00e1vo a spravedlnost. Pro mnoh\u00e9 z n\u00e1s, v\u010detn\u011b m\u011b, byla Jola p\u0159\u00edtelkyn\u00ed. Odm\u00edtla, aby jej\u00ed \u017eivot ur\u010dovalo m\u00edsto p\u016fvodu a spole\u010densk\u00e9 postaven\u00ed. Rozhodla se bojovat za spravedlnost a dobro. Aby Polsko bylo svobodn\u00e9. Jola byla v\u00fdjime\u010dn\u00fd \u010dlov\u011bk, kter\u00fd dok\u00e1zal ve sv\u00e9 laskavosti ud\u011blat mnoho.  Kdy\u017e byla v\u00e1\u017en\u011b nemocn\u00e1, cestovala vlakem s no\u010dn\u00edm p\u0159estupem, aby nav\u0161t\u00edvila svou um\u00edraj\u00edc\u00ed p\u0159\u00edtelkyni, kter\u00e1 ji po\u017e\u00e1dala o posledn\u00ed setk\u00e1n\u00ed. Takov\u00e1 byla Jola... Kdy\u017e nem\u011bla z \u010deho \u017e\u00edt, sb\u00edrala houby, aby p\u0159e\u017eila. Byla to radostn\u00e1 osoba, pln\u00e1 \u00fasm\u011bv\u016f, p\u0159ipraven\u00e1 pom\u00e1hat druh\u00fdm a spole\u010dn\u011b si hr\u00e1t, radovat se s ostatn\u00edmi. Tak\u00e9 v posledn\u00edch t\u00fddnech sv\u00e9ho \u017eivota, v posledn\u00edm rozhovoru, mluvila o soci\u00e1ln\u00edch ot\u00e1zk\u00e1ch, stranick\u00fdch ot\u00e1zk\u00e1ch.<\/em>\u00a0- \u0159ekl Jaros\u0142aw Kaczy\u0144ski, p\u0159edseda strany Pr\u00e1vo a spravedlnost.<\/p>\n<p>Prezident Andrzej Duda ud\u011blil zesnul\u00e9 Jolant\u011b Szczypi\u00f1sk\u00e9 posmrtn\u011b Komand\u00e9rsk\u00fd k\u0159\u00ed\u017e s hv\u011bzdou \u0158\u00e1du Polonia Restituta za vynikaj\u00edc\u00ed z\u00e1sluhy ve ve\u0159ejn\u00e9 a st\u00e1tn\u00ed \u010dinnosti a za p\u0159\u00ednos k demokratick\u00fdm zm\u011bn\u00e1m v Polsku.<\/p>\n<p>Jolanta Szczypi\u00f1sk\u00e1 byla poslankyn\u00ed Sejmu \u010dtvrt\u00e9ho, p\u00e1t\u00e9ho, \u0161est\u00e9ho, sedm\u00e9ho a osm\u00e9ho volebn\u00edho obdob\u00ed, m\u00edstop\u0159edsedkyn\u00ed PS Pr\u00e1vo a spravedlnost. Zem\u0159ela 8. prosince 2018. Bylo j\u00ed 61 let. Byla poh\u0159bena v rodinn\u00e9m hrob\u011b na m\u011bstsk\u00e9m h\u0159bitov\u011b ve S\u0142upsku.<\/p>\n<p><em>Foto: \u0141ukasz B\u0142asikiewicz\/ Sejm<\/em><br \/>\n<strong><a href=\"https:\/\/marekkuchcinski.pl\/wp-content\/uploads\/2018\/12\/LB1_5731_1-1.jpg\"><img fetchpriority=\"high\" decoding=\"async\" class=\"alignnone size-full wp-image-11934\" src=\"https:\/\/marekkuchcinski.pl\/wp-content\/uploads\/2018\/12\/LB1_5731_1-1.jpg\" alt=\"LB1_5731_1 (1)\" width=\"1188\" height=\"784\" srcset=\"https:\/\/marekkuchcinski.pl\/wp-content\/uploads\/2018\/12\/LB1_5731_1-1.jpg 1188w, https:\/\/marekkuchcinski.pl\/wp-content\/uploads\/2018\/12\/LB1_5731_1-1-300x198.jpg 300w, https:\/\/marekkuchcinski.pl\/wp-content\/uploads\/2018\/12\/LB1_5731_1-1-768x507.jpg 768w, https:\/\/marekkuchcinski.pl\/wp-content\/uploads\/2018\/12\/LB1_5731_1-1-1024x676.jpg 1024w\" sizes=\"(max-width: 1188px) 100vw, 1188px\" \/><\/a><a href=\"https:\/\/marekkuchcinski.pl\/wp-content\/uploads\/2018\/12\/LB1_5711.jpg\"><img decoding=\"async\" class=\"alignnone size-full wp-image-11935\" src=\"https:\/\/marekkuchcinski.pl\/wp-content\/uploads\/2018\/12\/LB1_5711.jpg\" alt=\"LB1_5711\" width=\"1620\" height=\"1080\" srcset=\"https:\/\/marekkuchcinski.pl\/wp-content\/uploads\/2018\/12\/LB1_5711.jpg 1620w, https:\/\/marekkuchcinski.pl\/wp-content\/uploads\/2018\/12\/LB1_5711-300x200.jpg 300w, https:\/\/marekkuchcinski.pl\/wp-content\/uploads\/2018\/12\/LB1_5711-768x512.jpg 768w, https:\/\/marekkuchcinski.pl\/wp-content\/uploads\/2018\/12\/LB1_5711-1024x683.jpg 1024w\" sizes=\"(max-width: 1620px) 100vw, 1620px\" \/><\/a> <\/strong><strong><a href=\"https:\/\/marekkuchcinski.pl\/wp-content\/uploads\/2018\/12\/LB1_5723.jpg\"><img decoding=\"async\" class=\"alignnone size-full wp-image-11960\" src=\"https:\/\/marekkuchcinski.pl\/wp-content\/uploads\/2018\/12\/LB1_5723.jpg\" alt=\"LB1_5723\" width=\"1620\" height=\"1080\" srcset=\"https:\/\/marekkuchcinski.pl\/wp-content\/uploads\/2018\/12\/LB1_5723.jpg 1620w, https:\/\/marekkuchcinski.pl\/wp-content\/uploads\/2018\/12\/LB1_5723-300x200.jpg 300w, https:\/\/marekkuchcinski.pl\/wp-content\/uploads\/2018\/12\/LB1_5723-768x512.jpg 768w, https:\/\/marekkuchcinski.pl\/wp-content\/uploads\/2018\/12\/LB1_5723-1024x683.jpg 1024w\" sizes=\"(max-width: 1620px) 100vw, 1620px\" \/><\/a><a href=\"https:\/\/marekkuchcinski.pl\/wp-content\/uploads\/2018\/12\/LB1_5894.jpg\"><img loading=\"lazy\" decoding=\"async\" class=\"alignnone size-full wp-image-11954\" src=\"https:\/\/marekkuchcinski.pl\/wp-content\/uploads\/2018\/12\/LB1_5894.jpg\" alt=\"LB1_5894\" width=\"1620\" height=\"1080\" srcset=\"https:\/\/marekkuchcinski.pl\/wp-content\/uploads\/2018\/12\/LB1_5894.jpg 1620w, https:\/\/marekkuchcinski.pl\/wp-content\/uploads\/2018\/12\/LB1_5894-300x200.jpg 300w, https:\/\/marekkuchcinski.pl\/wp-content\/uploads\/2018\/12\/LB1_5894-768x512.jpg 768w, https:\/\/marekkuchcinski.pl\/wp-content\/uploads\/2018\/12\/LB1_5894-1024x683.jpg 1024w\" sizes=\"(max-width: 1620px) 100vw, 1620px\" \/><\/a> <\/strong> <a href=\"https:\/\/marekkuchcinski.pl\/wp-content\/uploads\/2018\/12\/LB1_5991.jpg\"><img loading=\"lazy\" decoding=\"async\" class=\"alignnone size-full wp-image-11961\" src=\"https:\/\/marekkuchcinski.pl\/wp-content\/uploads\/2018\/12\/LB1_5991.jpg\" alt=\"LB1_5991\" width=\"1620\" height=\"1080\" srcset=\"https:\/\/marekkuchcinski.pl\/wp-content\/uploads\/2018\/12\/LB1_5991.jpg 1620w, https:\/\/marekkuchcinski.pl\/wp-content\/uploads\/2018\/12\/LB1_5991-300x200.jpg 300w, https:\/\/marekkuchcinski.pl\/wp-content\/uploads\/2018\/12\/LB1_5991-768x512.jpg 768w, https:\/\/marekkuchcinski.pl\/wp-content\/uploads\/2018\/12\/LB1_5991-1024x683.jpg 1024w\" sizes=\"(max-width: 1620px) 100vw, 1620px\" \/><\/a><\/p>","protected":false},"excerpt":{"rendered":"<p>Prezydent, marsza\u0142ek Sejmu, marsza\u0142ek Senatu, premier, parlamentarzy\u015bci i ministrowie towarzyszyli w ostatniej drodze pos\u0142ance\u00a0na Sejm RP Jolancie\u00a0Szczypi\u0144skiej. Uroczysto\u015bci pogrzebowe rozpocz\u0119\u0142a\u00a0msza \u015bwi\u0119ta\u00a0w ko\u015bciele Mariackim w S\u0142upsku, w czasie kt\u00f3rej kole\u017cank\u0119 z pracy i przyjaci\u00f3\u0142k\u0119 \u017cegnali m.in. prezydent Andrzej Duda i prezes Jaros\u0142aw Kaczy\u0144ski. &#8211; Droga Jolu (&#8230;) Pani pose\u0142 Szczypi\u0144ska, by\u0142a po prostu Jol\u0105. By\u0142a piel\u0119gniark\u0105 [&hellip;]<\/p>\n","protected":false},"author":6,"featured_media":11934,"comment_status":"open","ping_status":"open","sticky":false,"template":"","format":"standard","meta":{"ngg_post_thumbnail":0,"footnotes":""},"categories":[82,3],"tags":[],"class_list":["post-11926","post","type-post","status-publish","format-standard","has-post-thumbnail","hentry","category-prawo-i-sprawiedliwosc","category-wydarzenia"],"_links":{"self":[{"href":"https:\/\/marekkuchcinski.pl\/cs\/wp-json\/wp\/v2\/posts\/11926","targetHints":{"allow":["GET"]}}],"collection":[{"href":"https:\/\/marekkuchcinski.pl\/cs\/wp-json\/wp\/v2\/posts"}],"about":[{"href":"https:\/\/marekkuchcinski.pl\/cs\/wp-json\/wp\/v2\/types\/post"}],"author":[{"embeddable":true,"href":"https:\/\/marekkuchcinski.pl\/cs\/wp-json\/wp\/v2\/users\/6"}],"replies":[{"embeddable":true,"href":"https:\/\/marekkuchcinski.pl\/cs\/wp-json\/wp\/v2\/comments?post=11926"}],"version-history":[{"count":17,"href":"https:\/\/marekkuchcinski.pl\/cs\/wp-json\/wp\/v2\/posts\/11926\/revisions"}],"predecessor-version":[{"id":11965,"href":"https:\/\/marekkuchcinski.pl\/cs\/wp-json\/wp\/v2\/posts\/11926\/revisions\/11965"}],"wp:featuredmedia":[{"embeddable":true,"href":"https:\/\/marekkuchcinski.pl\/cs\/wp-json\/wp\/v2\/media\/11934"}],"wp:attachment":[{"href":"https:\/\/marekkuchcinski.pl\/cs\/wp-json\/wp\/v2\/media?parent=11926"}],"wp:term":[{"taxonomy":"category","embeddable":true,"href":"https:\/\/marekkuchcinski.pl\/cs\/wp-json\/wp\/v2\/categories?post=11926"},{"taxonomy":"post_tag","embeddable":true,"href":"https:\/\/marekkuchcinski.pl\/cs\/wp-json\/wp\/v2\/tags?post=11926"}],"curies":[{"name":"wp","href":"https:\/\/api.w.org\/{rel}","templated":true}]}}