{"id":11908,"date":"2018-12-17T10:10:42","date_gmt":"2018-12-17T09:10:42","guid":{"rendered":"https:\/\/marekkuchcinski.pl\/?p=11908"},"modified":"2018-12-17T19:15:49","modified_gmt":"2018-12-17T18:15:49","slug":"11908","status":"publish","type":"post","link":"https:\/\/marekkuchcinski.pl\/cs\/wydarzenia\/11908\/","title":{"rendered":"Kuchci\u0144ski o prosinci 70. let: V t\u011bchto krvav\u00fdch dnech se zrodila v\u00edra ve vlastn\u00ed s\u00edly a spole\u010dn\u00e9 mo\u017enosti. Tak\u00e9 se objevila jisk\u0159i\u010dka nad\u011bje, \u017ee komunismus m\u016f\u017ee b\u00fdt pora\u017een."},"content":{"rendered":"<p dir=\"ltr\">17. prosince 1970 zah\u00e1jila arm\u00e1da a policie palbu na d\u011bln\u00edky, kte\u0159\u00ed \u0161li do pr\u00e1ce v lod\u011bnici v Gdyni.<\/p>\n<p dir=\"ltr\">Pouli\u010dn\u00edch st\u0159et\u016f se z\u00fa\u010dastnilo asi 5 000 lid\u00ed, stovky jich byly zran\u011bny a 18 jich bylo zabito. Symbolem t\u011bchto ud\u00e1lost\u00ed se stal 18let\u00fd Zbyszek Godlewski, kter\u00fd byl zast\u0159elen na \u017eelezni\u010dn\u00edm viaduktu v Gdyni. Chlapcovo t\u011blo polo\u017eili na dve\u0159e a spolu s n\u00edm pochodovali ulicemi m\u011bsta ke stranick\u00e9mu domu, p\u0159ed sebou nesli zakrv\u00e1cen\u00fd b\u00edlo\u010derven\u00fd prapor.<\/p>\n<p dir=\"ltr\">\u010cern\u00fd \u010dtvrtek nav\u00e1zal na d\u0159\u00edv\u011bj\u0161\u00ed st\u00e1vky v Gda\u0148sku ze 14. prosince, kter\u00e9 vyvolaly zpr\u00e1vy o zdra\u017een\u00ed potravin. O dva dny pozd\u011bji vstoupila do Trojm\u011bst\u00ed arm\u00e1da a v ulic\u00edch se objevily tanky a obrn\u011bn\u00e9 transport\u00e9ry. \u010clen politick\u00e9ho byra \u00dast\u0159edn\u00edho v\u00fdboru PZPR Zenon Kliszko, kter\u00fd vedl akci na uklidn\u011bn\u00ed pob\u0159e\u017e\u00ed, prohl\u00e1sil p\u0159ed \u0159editelem a \u010dleny strany v gda\u0148sk\u00e9 lod\u011bnici: \"M\u00e1me co do \u010din\u011bn\u00ed s kontrarevoluc\u00ed a nez\u00e1le\u017e\u00ed na tom, \u017ee zem\u0159e 200 nebo v\u00edce zam\u011bstnanc\u016f lod\u011bnic. Lod\u011bnice bude zbour\u00e1na a na trosk\u00e1ch t\u00e9 star\u00e9 postav\u00edme novou.\"<\/p>\n<p>P\u0159edseda Sejmu Marek Kuchci\u0144ski p\u0159ipomn\u011bl, \u017ee <em>P\u0159\u00ed\u010dinou t\u011bchto ud\u00e1lost\u00ed byl pocit nespravedlnosti a dlouhodob\u00fd odpor ke komunistick\u00e9 diktatu\u0159e.<\/em><\/p>\n<p><em>V obav\u00e1ch z n\u00e1r\u016fstu protikomunistick\u00fdch n\u00e1lad nedovolili vl\u00e1dnouc\u00ed p\u0159edstavitel\u00e9, aby se vzpom\u00ednka na velk\u00e9 povst\u00e1n\u00ed udr\u017eovala. Op\u011bt byla po\u0161lap\u00e1na svoboda a lidsk\u00e1 d\u016fstojnost.<\/em><\/p>\n<p dir=\"ltr\"><em>B\u011bhem t\u011bchto krvav\u00fdch dn\u016f se v\u0161ak zrodila v\u00edra ve vlastn\u00ed s\u00edlu a spole\u010dn\u00e9 schopnosti. Byla v tom i jisk\u0159i\u010dka nad\u011bje, \u017ee komunismus m\u016f\u017ee b\u00fdt pora\u017een. Tradice prosince 1970 se stala d\u016fle\u017eit\u00fdm prvkem na\u0161\u00ed identity. Bez ud\u00e1lost\u00ed na pob\u0159e\u017e\u00ed by dnes neexistovalo svobodn\u00e9 a nez\u00e1visl\u00e9 Polsko.<\/em><\/p>\n<p dir=\"ltr\"><strong><span style=\"color: #000000;\"><a style=\"color: #000000;\" href=\"https:\/\/marekkuchcinski.pl\/wp-content\/uploads\/2018\/12\/Grudzien\u0301-70.pdf\">SEZNAM<\/a><\/span><\/strong><\/p>\n<p dir=\"ltr\">Hrdinou \"Balady o Janku Wisniewsk\u00e9m\" je Zbyszek Godlewski.<\/p>\n<p dir=\"ltr\" style=\"text-align: center;\">Kluci z Grab\u00f3wky, kluci z Chylonie<\/p>\n<p dir=\"ltr\" style=\"text-align: center;\">Dnes domobrana pou\u017eila zbran\u011b,<\/p>\n<p dir=\"ltr\" style=\"text-align: center;\">St\u00e1li jsme state\u010dn\u011b, h\u00e1zeli jsme p\u0159esn\u011b.<\/p>\n<p dir=\"ltr\" style=\"text-align: center;\">Janek Wisniewski padl.<\/p>\n<p dir=\"ltr\" style=\"text-align: center;\">Nepla\u010dte, matky, nen\u00ed to zbyte\u010dn\u00e9.<\/p>\n<p dir=\"ltr\" style=\"text-align: center;\">Nad lod\u011bnic\u00ed se vzn\u00e1\u0161\u00ed prapor s \u010dernou p\u0159\u00edd\u00ed.<\/p>\n<p dir=\"ltr\" style=\"text-align: center;\">Za chl\u00e9b a svobodu a nov\u00e9 Polsko<\/p>\n<p dir=\"ltr\" style=\"text-align: center;\">Janek Wisniewski padl.<\/p>\n<p dir=\"ltr\"><a href=\"https:\/\/marekkuchcinski.pl\/wp-content\/uploads\/2018\/12\/ZG-70.jpg\"><img fetchpriority=\"high\" decoding=\"async\" class=\"alignnone size-full wp-image-11913\" src=\"https:\/\/marekkuchcinski.pl\/wp-content\/uploads\/2018\/12\/ZG-70.jpg\" alt=\"ZG 70\" width=\"578\" height=\"302\" srcset=\"https:\/\/marekkuchcinski.pl\/wp-content\/uploads\/2018\/12\/ZG-70.jpg 578w, https:\/\/marekkuchcinski.pl\/wp-content\/uploads\/2018\/12\/ZG-70-300x157.jpg 300w\" sizes=\"(max-width: 578px) 100vw, 578px\" \/><\/a><\/p>\n<p dir=\"ltr\">","protected":false},"excerpt":{"rendered":"<p>17 grudnia 1970 roku wojsko i milicja otworzy\u0142y ogie\u0144 do robotnik\u00f3w id\u0105cych do pracy do gdy\u0144skiej stoczni. W starciach ulicznych wzi\u0119\u0142o udzia\u0142 oko\u0142o 5 tysi\u0119cy os\u00f3b, by\u0142y setki rannych, zgin\u0119\u0142o 18. Symbolem tamtych wydarze\u0144 jest 18-letni Zbyszek Godlewski, kt\u00f3ry\u00a0zosta\u0142 zastrzelony na wiadukcie kolejowym w Gdyni. Cia\u0142o\u00a0ch\u0142opca u\u0142o\u017cono na drzwiach i maszerowano z nim ulicami miasta [&hellip;]<\/p>\n","protected":false},"author":6,"featured_media":11913,"comment_status":"open","ping_status":"open","sticky":false,"template":"","format":"standard","meta":{"ngg_post_thumbnail":0,"footnotes":""},"categories":[104,77,3],"tags":[],"class_list":["post-11908","post","type-post","status-publish","format-standard","has-post-thumbnail","hentry","category-lms","category-wazne-daty","category-wydarzenia"],"_links":{"self":[{"href":"https:\/\/marekkuchcinski.pl\/cs\/wp-json\/wp\/v2\/posts\/11908","targetHints":{"allow":["GET"]}}],"collection":[{"href":"https:\/\/marekkuchcinski.pl\/cs\/wp-json\/wp\/v2\/posts"}],"about":[{"href":"https:\/\/marekkuchcinski.pl\/cs\/wp-json\/wp\/v2\/types\/post"}],"author":[{"embeddable":true,"href":"https:\/\/marekkuchcinski.pl\/cs\/wp-json\/wp\/v2\/users\/6"}],"replies":[{"embeddable":true,"href":"https:\/\/marekkuchcinski.pl\/cs\/wp-json\/wp\/v2\/comments?post=11908"}],"version-history":[{"count":25,"href":"https:\/\/marekkuchcinski.pl\/cs\/wp-json\/wp\/v2\/posts\/11908\/revisions"}],"predecessor-version":[{"id":11972,"href":"https:\/\/marekkuchcinski.pl\/cs\/wp-json\/wp\/v2\/posts\/11908\/revisions\/11972"}],"wp:featuredmedia":[{"embeddable":true,"href":"https:\/\/marekkuchcinski.pl\/cs\/wp-json\/wp\/v2\/media\/11913"}],"wp:attachment":[{"href":"https:\/\/marekkuchcinski.pl\/cs\/wp-json\/wp\/v2\/media?parent=11908"}],"wp:term":[{"taxonomy":"category","embeddable":true,"href":"https:\/\/marekkuchcinski.pl\/cs\/wp-json\/wp\/v2\/categories?post=11908"},{"taxonomy":"post_tag","embeddable":true,"href":"https:\/\/marekkuchcinski.pl\/cs\/wp-json\/wp\/v2\/tags?post=11908"}],"curies":[{"name":"wp","href":"https:\/\/api.w.org\/{rel}","templated":true}]}}