{"id":11897,"date":"2018-12-16T10:16:52","date_gmt":"2018-12-16T09:16:52","guid":{"rendered":"https:\/\/marekkuchcinski.pl\/?p=11897"},"modified":"2018-12-16T11:00:15","modified_gmt":"2018-12-16T10:00:15","slug":"konwencja-prawa-sprawiedliwosci-wiarygodnosc-uczciwosc-sprawiedliwosc-nowoczesnosc","status":"publish","type":"post","link":"https:\/\/marekkuchcinski.pl\/cs\/wydarzenia\/konwencja-prawa-sprawiedliwosci-wiarygodnosc-uczciwosc-sprawiedliwosc-nowoczesnosc\/","title":{"rendered":"Konvent o pr\u00e1vu a spravedlnosti: d\u016fv\u011bryhodnost, \u010destnost, spravedlnost, modernost"},"content":{"rendered":"<p>- Pr\u00e1vo a spravedlnost dok\u00e1zalo, \u017ee um\u00ed vl\u00e1dnout \u010destn\u011b, \u017ee um\u00ed b\u00fdt d\u016fv\u011bryhodn\u00e9 a plnit to, co bylo ozn\u00e1meno, \u0159ekl p\u0159edseda PiS Jaros\u0142aw Kaczy\u0144ski na sjezdu PiS 15. prosince.<\/p>\n<p>Dodal, \u017ee c\u00edlem sch\u016fzky bylo zamyslet se nad v\u00fdchoz\u00edm bodem, z n\u011bho\u017e Pr\u00e1vo a spravedlnost brzy zah\u00e1j\u00ed z\u00e1v\u011bre\u010dnou etapu do evropsk\u00fdch a parlamentn\u00edch voleb.<\/p>\n<p>- Jde o to uk\u00e1zat sm\u011br, kter\u00fdm se mus\u00edme vydat. Na\u0161e strana se mus\u00ed do konce st\u00e1t stranou sn\u016f Pol\u00e1k\u016f,\" \u0159ekl prezident.<\/p>\n<p>Premi\u00e9r Mateusz Morawiecki zd\u016fraznil, \u017ee Polsko je dnes tepaj\u00edc\u00edm srdcem Evropy.<\/p>\n<p>- Dnes inspirujeme Evropu. Na\u0161e \u00fasp\u011bchy dnes inspiruj\u00ed Evropu! Pol\u00e1ci se mus\u00ed c\u00edtit Evropany v ka\u017ed\u00e9m ohledu. O to usilujeme! To je skute\u010dn\u00e1 evropeizace, nikoli experimentov\u00e1n\u00ed se zvyky, ale doh\u00e1n\u011bn\u00ed \u017eivotn\u00ed \u00farovn\u011b bohat\u0161\u00edho Z\u00e1padu. Je to mo\u017en\u00e9 a spole\u010dn\u011b toho dos\u00e1hneme. Jsme jedin\u00ed, kdo to m\u016f\u017ee zaru\u010dit,\" \u0159ekl.<\/p>\n<p>P\u0159ipomn\u011bl, \u017ee Pr\u00e1vo a spravedlnost m\u00e1 t\u0159i z\u00e1kladn\u00ed pil\u00ed\u0159e.<\/p>\n<p>- Nejd\u016fle\u017eit\u011bj\u0161\u00ed je d\u016fv\u011bryhodnost. M\u00e1me ji, co\u017e potvrzuj\u00ed mnoh\u00e9 na\u0161e \u010diny. Na\u0161e n\u00e1vrhy z dubna jsou bu\u010f realizov\u00e1ny, nebo se na nich pracuje. Kdy\u017e n\u011bco sl\u00edb\u00edme, dodr\u017e\u00edme sv\u00e9 slovo. Poru\u0161en\u00e9 sliby na\u0161ich odp\u016frc\u016f jsou vid\u011bt v\u0161ude. Chceme prosadit vy\u0161\u0161\u00ed mzdy a modernizaci Polska,\" prohl\u00e1sil.<\/p>\n<p>M\u00edstop\u0159edsedkyn\u011b vl\u00e1dy Beata Szyd\u0142o zd\u016fraznila, \u017ee Polsko bylo, je a bude v Evrop\u011b.<\/p>\n<p>- Nikdo a nic to nezm\u011bn\u00ed. Dokonce i ti politici, kte\u0159\u00ed l\u017eou o Polexitu. Pozv\u011bme v\u0161echny Pol\u00e1ky, Evropany, ke stolu, kde budeme mluvit o budoucnosti, proto\u017ee je to na\u0161e spole\u010dn\u00e1 pr\u00e1ce,\" \u0159ekla.<\/p>\n<p>Vedouc\u00ed kancel\u00e1\u0159e p\u0159edsedy vl\u00e1dy Micha\u0142 Dworczyk ozn\u00e1mil, \u017ee strana Pr\u00e1vo a spravedlnost bude usilovat o zv\u00fd\u0161en\u00ed \u017eivotn\u00ed \u00farovn\u011b Pol\u00e1k\u016f na evropskou \u00farove\u0148, p\u0159i\u010dem\u017e dal\u0161\u00ed programy budou p\u0159edstaveny hned po Nov\u00e9m roce.<\/p>\n<p><em>fot. pis.org.pl<\/em><a href=\"https:\/\/marekkuchcinski.pl\/wp-content\/uploads\/2018\/12\/PiS-konwencja-15-grudnia.jpg\"><img fetchpriority=\"high\" decoding=\"async\" class=\"alignnone size-full wp-image-11898\" src=\"https:\/\/marekkuchcinski.pl\/wp-content\/uploads\/2018\/12\/PiS-konwencja-15-grudnia.jpg\" alt=\"PiS konwencja 15 grudnia\" width=\"1000\" height=\"667\" srcset=\"https:\/\/marekkuchcinski.pl\/wp-content\/uploads\/2018\/12\/PiS-konwencja-15-grudnia.jpg 1000w, https:\/\/marekkuchcinski.pl\/wp-content\/uploads\/2018\/12\/PiS-konwencja-15-grudnia-300x200.jpg 300w, https:\/\/marekkuchcinski.pl\/wp-content\/uploads\/2018\/12\/PiS-konwencja-15-grudnia-768x512.jpg 768w\" sizes=\"(max-width: 1000px) 100vw, 1000px\" \/><\/a><\/p>","protected":false},"excerpt":{"rendered":"<p>&#8211; Prawo i Sprawiedliwo\u015b\u0107 udowodni\u0142o, \u017ce potrafi rz\u0105dzi\u0107 uczciwie, potrafi by\u0107 wiarygodne i robi\u0107 to, co zosta\u0142o zapowiedziane &#8211; powiedzia\u0142 Prezes PiS Jaros\u0142aw Kaczy\u0144ski podczas Konwencji Prawa i Sprawiedliwo\u015bci 15 grudnia. Doda\u0142, \u017ce celem spotkania jest zastanowienie si\u0119 nad punktem wyj\u015bcia, z kt\u00f3rego Prawo i Sprawiedliwo\u015b\u0107 rozpocznie niebawem ostatni etap do wybor\u00f3w europejskich i parlamentarnych. [&hellip;]<\/p>\n","protected":false},"author":6,"featured_media":11898,"comment_status":"open","ping_status":"open","sticky":false,"template":"","format":"standard","meta":{"ngg_post_thumbnail":0,"footnotes":""},"categories":[82,3],"tags":[],"class_list":["post-11897","post","type-post","status-publish","format-standard","has-post-thumbnail","hentry","category-prawo-i-sprawiedliwosc","category-wydarzenia"],"_links":{"self":[{"href":"https:\/\/marekkuchcinski.pl\/cs\/wp-json\/wp\/v2\/posts\/11897","targetHints":{"allow":["GET"]}}],"collection":[{"href":"https:\/\/marekkuchcinski.pl\/cs\/wp-json\/wp\/v2\/posts"}],"about":[{"href":"https:\/\/marekkuchcinski.pl\/cs\/wp-json\/wp\/v2\/types\/post"}],"author":[{"embeddable":true,"href":"https:\/\/marekkuchcinski.pl\/cs\/wp-json\/wp\/v2\/users\/6"}],"replies":[{"embeddable":true,"href":"https:\/\/marekkuchcinski.pl\/cs\/wp-json\/wp\/v2\/comments?post=11897"}],"version-history":[{"count":6,"href":"https:\/\/marekkuchcinski.pl\/cs\/wp-json\/wp\/v2\/posts\/11897\/revisions"}],"predecessor-version":[{"id":11907,"href":"https:\/\/marekkuchcinski.pl\/cs\/wp-json\/wp\/v2\/posts\/11897\/revisions\/11907"}],"wp:featuredmedia":[{"embeddable":true,"href":"https:\/\/marekkuchcinski.pl\/cs\/wp-json\/wp\/v2\/media\/11898"}],"wp:attachment":[{"href":"https:\/\/marekkuchcinski.pl\/cs\/wp-json\/wp\/v2\/media?parent=11897"}],"wp:term":[{"taxonomy":"category","embeddable":true,"href":"https:\/\/marekkuchcinski.pl\/cs\/wp-json\/wp\/v2\/categories?post=11897"},{"taxonomy":"post_tag","embeddable":true,"href":"https:\/\/marekkuchcinski.pl\/cs\/wp-json\/wp\/v2\/tags?post=11897"}],"curies":[{"name":"wp","href":"https:\/\/api.w.org\/{rel}","templated":true}]}}