{"id":11827,"date":"2018-12-13T15:34:13","date_gmt":"2018-12-13T14:34:13","guid":{"rendered":"https:\/\/marekkuchcinski.pl\/?p=11827"},"modified":"2018-12-13T17:53:22","modified_gmt":"2018-12-13T16:53:22","slug":"13-grudnia-1918-r-orleta-stoczyly-zwycieski-boj-o-przemysl","status":"publish","type":"post","link":"https:\/\/marekkuchcinski.pl\/cs\/wydarzenia\/13-grudnia-1918-r-orleta-stoczyly-zwycieski-boj-o-przemysl\/","title":{"rendered":"13. prosince 1918. Orl\u00edci z P\u0159emy\u0161lu vybojovali posledn\u00ed bitvu"},"content":{"rendered":"<p>Historie p\u0159emy\u0161lsk\u00fdch orl\u016f je nesm\u00edrn\u011b dramatick\u00e1 a pohnut\u00e1. Na podzim roku 1918 se mimo jin\u00e9 chopili zbran\u00ed i studenti, kte\u0159\u00ed za svobodu sv\u00e9 vlasti \u010dasto zaplatili nejvy\u0161\u0161\u00ed cenu \u017eivota. V \u00favodu knihy s n\u00e1zvem \"Przemy\u015bl, state\u010dn\u00e9 m\u011bsto\" Marek Kuchci\u0144ski p\u00ed\u0161e:<\/p>\n<p><em>V roce 1918, kdy Polsko z\u00edskalo nez\u00e1vislost, byl Przemy\u015bl mezi prvn\u00edmi, kdo bojoval. P\u00e1ter J\u00f3zef Pana\u015b podpo\u0159il bojov\u00e9ho ducha. Tentokr\u00e1t proti Ukrajinc\u016fm. Od za\u010d\u00e1tku listopadu 1918 bojovali obyvatel\u00e9 Przemy\u015blu o mosty p\u0159es \u0159eku San, o okresy a podnikali proti\u00fatoky ze Zasanu na prav\u00fd b\u0159eh m\u011bsta. 11. listopadu byl Przemy\u015bl svobodn\u00fd! Pol\u00e1ci v\u0161ak pokra\u010dovali v boji v Nizankowic\u00edch (10. a 13. prosince) a v dal\u0161\u00edch lokalit\u00e1ch. Boj\u016f se z\u00fa\u010dastnili z\u00e1stupci v\u0161ech generac\u00ed, v\u010detn\u011b orl\u016f - student\u016f p\u0159emy\u0161lsk\u00fdch st\u0159edn\u00edch \u0161kol (padl\u00ed byli poh\u0159beni ve velk\u00e9m symbolick\u00e9m hrob\u011b orl\u016f na hlavn\u00edm h\u0159bitov\u011b). To by v\u0161ak nebylo mo\u017en\u00e9, kdyby se po generace nevytv\u00e1\u0159el hodnotov\u00fd z\u00e1klad vznikaj\u00edc\u00edho n\u00e1rodn\u00edho a nadn\u00e1rodn\u00edho spole\u010denstv\u00ed. V\u017edy\u0165 Przemy\u015bl, stejn\u011b jako mnoho podobn\u00fdch m\u011bst v Polsk\u00e9 republice, byl m\u011bstem Pol\u00e1k\u016f r\u016fzn\u00fdch vyzn\u00e1n\u00ed a n\u00e1rodnost\u00ed a identitu cel\u00e9ho Przemy\u0161lska vytv\u00e1\u0159eli nejen Pol\u00e1ci, ale tak\u00e9 \u017did\u00e9, Rus\u00edni, Ukrajinci, Ma\u010fa\u0159i, Raku\u0161an\u00e9, \u010ce\u0161i, N\u011bmci a Arm\u00e9ni.\u00a0<\/em><\/p>\n<p><a href=\"https:\/\/marekkuchcinski.pl\/wp-content\/uploads\/2018\/12\/op.jpg\"><img fetchpriority=\"high\" decoding=\"async\" class=\"alignnone size-full wp-image-11828\" src=\"https:\/\/marekkuchcinski.pl\/wp-content\/uploads\/2018\/12\/op.jpg\" alt=\"op\" width=\"1024\" height=\"683\" srcset=\"https:\/\/marekkuchcinski.pl\/wp-content\/uploads\/2018\/12\/op.jpg 1024w, https:\/\/marekkuchcinski.pl\/wp-content\/uploads\/2018\/12\/op-300x200.jpg 300w, https:\/\/marekkuchcinski.pl\/wp-content\/uploads\/2018\/12\/op-768x512.jpg 768w\" sizes=\"(max-width: 1024px) 100vw, 1024px\" \/><\/a>Hrobka obr\u00e1nc\u016f P\u0159emy\u0161lu v P\u0159emy\u0161lu<a href=\"https:\/\/marekkuchcinski.pl\/wp-content\/uploads\/2018\/12\/orl\u0119ta-przemyskie-pomnik.jpg\"><img decoding=\"async\" class=\"alignnone size-full wp-image-11833\" src=\"https:\/\/marekkuchcinski.pl\/wp-content\/uploads\/2018\/12\/orl\u0119ta-przemyskie-pomnik.jpg\" alt=\"orl\u0119ta-przemyskie-pomnik\" width=\"800\" height=\"1200\" srcset=\"https:\/\/marekkuchcinski.pl\/wp-content\/uploads\/2018\/12\/orl\u0119ta-przemyskie-pomnik.jpg 800w, https:\/\/marekkuchcinski.pl\/wp-content\/uploads\/2018\/12\/orl\u0119ta-przemyskie-pomnik-200x300.jpg 200w, https:\/\/marekkuchcinski.pl\/wp-content\/uploads\/2018\/12\/orl\u0119ta-przemyskie-pomnik-768x1152.jpg 768w, https:\/\/marekkuchcinski.pl\/wp-content\/uploads\/2018\/12\/orl\u0119ta-przemyskie-pomnik-683x1024.jpg 683w\" sizes=\"(max-width: 800px) 100vw, 800px\" \/><\/a><a href=\"https:\/\/marekkuchcinski.pl\/wp-content\/uploads\/2018\/12\/Projekt_Pomnika_-_Pracownia_Rzezbiarska_Pawla_Karczmarczyka.jpg\"><img decoding=\"async\" class=\"alignnone wp-image-11834\" src=\"https:\/\/marekkuchcinski.pl\/wp-content\/uploads\/2018\/12\/Projekt_Pomnika_-_Pracownia_Rzezbiarska_Pawla_Karczmarczyka.jpg\" alt=\"Projekt_Pomnika_-_Pracownia_Rzezbiarska_Pawla_Karczmarczyka\" width=\"796\" height=\"1218\" srcset=\"https:\/\/marekkuchcinski.pl\/wp-content\/uploads\/2018\/12\/Projekt_Pomnika_-_Pracownia_Rzezbiarska_Pawla_Karczmarczyka.jpg 727w, https:\/\/marekkuchcinski.pl\/wp-content\/uploads\/2018\/12\/Projekt_Pomnika_-_Pracownia_Rzezbiarska_Pawla_Karczmarczyka-196x300.jpg 196w, https:\/\/marekkuchcinski.pl\/wp-content\/uploads\/2018\/12\/Projekt_Pomnika_-_Pracownia_Rzezbiarska_Pawla_Karczmarczyka-669x1024.jpg 669w\" sizes=\"(max-width: 796px) 100vw, 796px\" \/><\/a>Projekt pam\u00e1tky z roku 1037 (sb\u00edrka MNZP)<a href=\"https:\/\/marekkuchcinski.pl\/wp-content\/uploads\/2018\/12\/2_Obraz_0008-1.jpg\"><img loading=\"lazy\" decoding=\"async\" class=\"alignnone size-full wp-image-11839\" src=\"https:\/\/marekkuchcinski.pl\/wp-content\/uploads\/2018\/12\/2_Obraz_0008-1.jpg\" alt=\"_2_Obraz_0008\" width=\"1418\" height=\"1043\" srcset=\"https:\/\/marekkuchcinski.pl\/wp-content\/uploads\/2018\/12\/2_Obraz_0008-1.jpg 1418w, https:\/\/marekkuchcinski.pl\/wp-content\/uploads\/2018\/12\/2_Obraz_0008-1-300x221.jpg 300w, https:\/\/marekkuchcinski.pl\/wp-content\/uploads\/2018\/12\/2_Obraz_0008-1-768x565.jpg 768w, https:\/\/marekkuchcinski.pl\/wp-content\/uploads\/2018\/12\/2_Obraz_0008-1-1024x753.jpg 1024w\" sizes=\"(max-width: 1418px) 100vw, 1418px\" \/><\/a> <a href=\"https:\/\/marekkuchcinski.pl\/wp-content\/uploads\/2018\/12\/3_Obraz_0001-2.jpg\"><img loading=\"lazy\" decoding=\"async\" class=\"alignnone size-full wp-image-11840\" src=\"https:\/\/marekkuchcinski.pl\/wp-content\/uploads\/2018\/12\/3_Obraz_0001-2.jpg\" alt=\"_3_Obraz_0001\" width=\"1418\" height=\"1971\" srcset=\"https:\/\/marekkuchcinski.pl\/wp-content\/uploads\/2018\/12\/3_Obraz_0001-2.jpg 1418w, https:\/\/marekkuchcinski.pl\/wp-content\/uploads\/2018\/12\/3_Obraz_0001-2-216x300.jpg 216w, https:\/\/marekkuchcinski.pl\/wp-content\/uploads\/2018\/12\/3_Obraz_0001-2-768x1068.jpg 768w, https:\/\/marekkuchcinski.pl\/wp-content\/uploads\/2018\/12\/3_Obraz_0001-2-737x1024.jpg 737w\" sizes=\"(max-width: 1418px) 100vw, 1418px\" \/><\/a> <a href=\"https:\/\/marekkuchcinski.pl\/wp-content\/uploads\/2018\/12\/5_Obraz_0006-1.jpg\"><img loading=\"lazy\" decoding=\"async\" class=\"alignnone size-full wp-image-11841\" src=\"https:\/\/marekkuchcinski.pl\/wp-content\/uploads\/2018\/12\/5_Obraz_0006-1.jpg\" alt=\"_5_Obraz_0006\" width=\"4058\" height=\"6238\" srcset=\"https:\/\/marekkuchcinski.pl\/wp-content\/uploads\/2018\/12\/5_Obraz_0006-1.jpg 1332w, https:\/\/marekkuchcinski.pl\/wp-content\/uploads\/2018\/12\/5_Obraz_0006-1-195x300.jpg 195w, https:\/\/marekkuchcinski.pl\/wp-content\/uploads\/2018\/12\/5_Obraz_0006-1-768x1181.jpg 768w, https:\/\/marekkuchcinski.pl\/wp-content\/uploads\/2018\/12\/5_Obraz_0006-1-666x1024.jpg 666w\" sizes=\"(max-width: 4058px) 100vw, 4058px\" \/><\/a> <a href=\"https:\/\/marekkuchcinski.pl\/wp-content\/uploads\/2018\/12\/6_Obraz_0001-1.jpg\"><img loading=\"lazy\" decoding=\"async\" class=\"alignnone size-full wp-image-11842\" src=\"https:\/\/marekkuchcinski.pl\/wp-content\/uploads\/2018\/12\/6_Obraz_0001-1.jpg\" alt=\"_6_Obraz_0001\" width=\"1418\" height=\"890\" srcset=\"https:\/\/marekkuchcinski.pl\/wp-content\/uploads\/2018\/12\/6_Obraz_0001-1.jpg 1418w, https:\/\/marekkuchcinski.pl\/wp-content\/uploads\/2018\/12\/6_Obraz_0001-1-300x188.jpg 300w, https:\/\/marekkuchcinski.pl\/wp-content\/uploads\/2018\/12\/6_Obraz_0001-1-768x482.jpg 768w, https:\/\/marekkuchcinski.pl\/wp-content\/uploads\/2018\/12\/6_Obraz_0001-1-1024x643.jpg 1024w\" sizes=\"(max-width: 1418px) 100vw, 1418px\" \/><\/a><em>Obr\u00e1zky obr\u00e1nc\u016f m\u011bsta Przemysl poch\u00e1zej\u00ed ze sb\u00edrky N\u00e1rodn\u00edho muzea v Przemyslu.<\/em><\/p>\n<p>&nbsp;<\/p>","protected":false},"excerpt":{"rendered":"<p>Historia Orl\u0105t Przemyskich jest\u00a0niezwykle dramatyczna i wzruszaj\u0105ca. Jesieni\u0105 1918 roku za bro\u0144 chwycili mi\u0119dzy innymi uczniowie oraz studenci, p\u0142ac\u0105c cz\u0119sto najwy\u017csz\u0105 cen\u0119 \u017cycia za wolno\u015b\u0107 ojczyzny. We wst\u0119pie do ksi\u0105\u017cki &#8222;Przemy\u015bl, miasto waleczne&#8221; Marek Kuchci\u0144ski pisze: W 1918 r., gdy Polska odzyskiwa\u0142a niepodleg\u0142o\u015b\u0107, tak\u017ce Przemy\u015bl \u2013 i to jako jeden z pierwszych \u2013 stan\u0105\u0142 do [&hellip;]<\/p>\n","protected":false},"author":6,"featured_media":11842,"comment_status":"open","ping_status":"open","sticky":false,"template":"","format":"standard","meta":{"ngg_post_thumbnail":0,"footnotes":""},"categories":[104,49,77,3],"tags":[],"class_list":["post-11827","post","type-post","status-publish","format-standard","has-post-thumbnail","hentry","category-lms","category-podkarpacie","category-wazne-daty","category-wydarzenia"],"_links":{"self":[{"href":"https:\/\/marekkuchcinski.pl\/cs\/wp-json\/wp\/v2\/posts\/11827","targetHints":{"allow":["GET"]}}],"collection":[{"href":"https:\/\/marekkuchcinski.pl\/cs\/wp-json\/wp\/v2\/posts"}],"about":[{"href":"https:\/\/marekkuchcinski.pl\/cs\/wp-json\/wp\/v2\/types\/post"}],"author":[{"embeddable":true,"href":"https:\/\/marekkuchcinski.pl\/cs\/wp-json\/wp\/v2\/users\/6"}],"replies":[{"embeddable":true,"href":"https:\/\/marekkuchcinski.pl\/cs\/wp-json\/wp\/v2\/comments?post=11827"}],"version-history":[{"count":9,"href":"https:\/\/marekkuchcinski.pl\/cs\/wp-json\/wp\/v2\/posts\/11827\/revisions"}],"predecessor-version":[{"id":11850,"href":"https:\/\/marekkuchcinski.pl\/cs\/wp-json\/wp\/v2\/posts\/11827\/revisions\/11850"}],"wp:featuredmedia":[{"embeddable":true,"href":"https:\/\/marekkuchcinski.pl\/cs\/wp-json\/wp\/v2\/media\/11842"}],"wp:attachment":[{"href":"https:\/\/marekkuchcinski.pl\/cs\/wp-json\/wp\/v2\/media?parent=11827"}],"wp:term":[{"taxonomy":"category","embeddable":true,"href":"https:\/\/marekkuchcinski.pl\/cs\/wp-json\/wp\/v2\/categories?post=11827"},{"taxonomy":"post_tag","embeddable":true,"href":"https:\/\/marekkuchcinski.pl\/cs\/wp-json\/wp\/v2\/tags?post=11827"}],"curies":[{"name":"wp","href":"https:\/\/api.w.org\/{rel}","templated":true}]}}