{"id":11821,"date":"2018-12-13T12:32:55","date_gmt":"2018-12-13T11:32:55","guid":{"rendered":"https:\/\/marekkuchcinski.pl\/?p=11821"},"modified":"2018-12-13T12:32:55","modified_gmt":"2018-12-13T11:32:55","slug":"13-grudnia-1981-roku-wprowadzono-polsce-stan-wojenny","status":"publish","type":"post","link":"https:\/\/marekkuchcinski.pl\/cs\/wydarzenia\/13-grudnia-1981-roku-wprowadzono-polsce-stan-wojenny\/","title":{"rendered":"13. prosince 1981 bylo v Polsku vyhl\u00e1\u0161eno stann\u00e9 pr\u00e1vo."},"content":{"rendered":"<p>V noci z 12. na 13. prosince 1981 zavedl re\u017eim gener\u00e1la Wojciecha Jaruzelsk\u00e9ho v Polsku stann\u00e9 pr\u00e1vo. Vojensk\u00e1 rada n\u00e1rodn\u00ed sp\u00e1sy vyslala do ulic tanky s jednotkami arm\u00e1dy, ob\u010dansk\u00e9 domobrany, ZOMO, ORMO a d\u016fstojn\u00edky SB.<\/p>\n<p>Komunistick\u00e1 moc se sna\u017eila zni\u010dit svobodn\u00e9ho ducha polsk\u00e9ho n\u00e1roda. V\u00edce ne\u017e 100 mrtv\u00fdch, t\u00e9m\u011b\u0159 10 000 internovan\u00fdch, tis\u00edce Pol\u00e1k\u016f pron\u00e1sledovan\u00fdch, vyhozen\u00fdch z pr\u00e1ce a donucen\u00fdch k emigraci - kone\u010dn\u00fd v\u00fdsledek t\u00e9to n\u00e1rodn\u00ed trag\u00e9die nebude jist\u011b nikdy definitivn\u011b stanoven. Ob\u011bti pacifikace dolu Wujek a potla\u010den\u00ed demonstrac\u00ed v Gda\u0148sku, Kielc\u00edch, Krakov\u011b, Lubinu, Nov\u00e9 Huti, Poznani, Var\u0161av\u011b, Vratislavi a dal\u0161\u00edch m\u00edstech, kde Pol\u00e1ci odm\u00edtli b\u00fdt zbaveni svobody, st\u00e1le \u010dekaj\u00ed na spravedlnost za zlo\u010diny stann\u00e9ho pr\u00e1va.<\/p>\n<p>Sejm Polsk\u00e9 republiky vzd\u00e1v\u00e1 hold ob\u011btem stann\u00e9ho pr\u00e1va a v\u0161em, kte\u0159\u00ed se postavili na odpor komunistick\u00e9 diktatu\u0159e,\" uv\u00e1d\u00ed se v usnesen\u00ed, kter\u00e9 Sejm p\u0159ijal 12. prosince.<\/p>\n<p><em>Foto: M. Olejnik<\/em><\/p>\n<p><a href=\"https:\/\/marekkuchcinski.pl\/wp-content\/uploads\/2018\/12\/13-grudnia-1.jpg\"><img fetchpriority=\"high\" decoding=\"async\" class=\"alignnone  wp-image-11824\" src=\"https:\/\/marekkuchcinski.pl\/wp-content\/uploads\/2018\/12\/13-grudnia-1.jpg\" alt=\"13 grudnia\" width=\"1062\" height=\"736\" srcset=\"https:\/\/marekkuchcinski.pl\/wp-content\/uploads\/2018\/12\/13-grudnia-1.jpg 593w, https:\/\/marekkuchcinski.pl\/wp-content\/uploads\/2018\/12\/13-grudnia-1-300x208.jpg 300w\" sizes=\"(max-width: 1062px) 100vw, 1062px\" \/><\/a><\/p>\n<p>13. prosince 2017: Poslanci strany Pr\u00e1vo a spravedlnost se se\u0161li u p\u0159\u00edle\u017eitosti v\u00fdro\u010d\u00ed v\u00e1le\u010dn\u00e9ho stavu<\/p>","protected":false},"excerpt":{"rendered":"<p>W nocy z 12 na 13 grudnia 1981 roku re\u017cim gen. Wojciecha Jaruzelskiego wprowadzi\u0142 w Polsce stan wojenny. Wojskowa Rada Ocalenia Narodowego wys\u0142a\u0142a na ulice czo\u0142gi wraz z jednostkami wojska, Milicji Obywatelskiej, ZOMO, ORMO oraz funkcjonariuszy SB. Komunistyczna w\u0142adza chcia\u0142a zniszczy\u0107 wolno\u015bciowego ducha Narodu Polskiego. Ponad 100 ofiar \u015bmiertelnych, prawie 10 tysi\u0119cy os\u00f3b internowanych, tysi\u0105ce [&hellip;]<\/p>\n","protected":false},"author":6,"featured_media":11824,"comment_status":"open","ping_status":"open","sticky":false,"template":"","format":"standard","meta":{"ngg_post_thumbnail":0,"footnotes":""},"categories":[77,3],"tags":[],"class_list":["post-11821","post","type-post","status-publish","format-standard","has-post-thumbnail","hentry","category-wazne-daty","category-wydarzenia"],"_links":{"self":[{"href":"https:\/\/marekkuchcinski.pl\/cs\/wp-json\/wp\/v2\/posts\/11821","targetHints":{"allow":["GET"]}}],"collection":[{"href":"https:\/\/marekkuchcinski.pl\/cs\/wp-json\/wp\/v2\/posts"}],"about":[{"href":"https:\/\/marekkuchcinski.pl\/cs\/wp-json\/wp\/v2\/types\/post"}],"author":[{"embeddable":true,"href":"https:\/\/marekkuchcinski.pl\/cs\/wp-json\/wp\/v2\/users\/6"}],"replies":[{"embeddable":true,"href":"https:\/\/marekkuchcinski.pl\/cs\/wp-json\/wp\/v2\/comments?post=11821"}],"version-history":[{"count":2,"href":"https:\/\/marekkuchcinski.pl\/cs\/wp-json\/wp\/v2\/posts\/11821\/revisions"}],"predecessor-version":[{"id":11825,"href":"https:\/\/marekkuchcinski.pl\/cs\/wp-json\/wp\/v2\/posts\/11821\/revisions\/11825"}],"wp:featuredmedia":[{"embeddable":true,"href":"https:\/\/marekkuchcinski.pl\/cs\/wp-json\/wp\/v2\/media\/11824"}],"wp:attachment":[{"href":"https:\/\/marekkuchcinski.pl\/cs\/wp-json\/wp\/v2\/media?parent=11821"}],"wp:term":[{"taxonomy":"category","embeddable":true,"href":"https:\/\/marekkuchcinski.pl\/cs\/wp-json\/wp\/v2\/categories?post=11821"},{"taxonomy":"post_tag","embeddable":true,"href":"https:\/\/marekkuchcinski.pl\/cs\/wp-json\/wp\/v2\/tags?post=11821"}],"curies":[{"name":"wp","href":"https:\/\/api.w.org\/{rel}","templated":true}]}}