{"id":11771,"date":"2018-12-12T14:35:28","date_gmt":"2018-12-12T13:35:28","guid":{"rendered":"https:\/\/marekkuchcinski.pl\/?p=11771"},"modified":"2018-12-12T14:35:28","modified_gmt":"2018-12-12T13:35:28","slug":"marek-kuchcinski-nalezy-doceniac-ogromny-postep-naukach-medycznych","status":"publish","type":"post","link":"https:\/\/marekkuchcinski.pl\/cs\/wydarzenia\/marek-kuchcinski-nalezy-doceniac-ogromny-postep-naukach-medycznych\/","title":{"rendered":"Marek Kuchci\u0144ski: Je t\u0159eba ocenit obrovsk\u00fd pokrok v l\u00e9ka\u0159sk\u00e9 v\u011bd\u011b"},"content":{"rendered":"<p>V Przemy\u015blu se konala v\u011bdeck\u00e1 konference s n\u00e1zvem \"Pozitivn\u00ed zm\u011bny ve zdravotnictv\u00ed - modernost, komplexnost, dostupnost l\u00e9\u010dby\". Konference nesla n\u00e1zev \"Pozitivn\u00ed zm\u011bny ve zdravotnictv\u00ed - modernost, komplexnost, dostupnost l\u00e9\u010dby\". P\u0159edseda Sejmu Marek Kuchci\u0144ski ve sv\u00e9m dopise \u00fa\u010dastn\u00edk\u016fm poznamenal, \u017ee zdravotnictv\u00ed je \u010dasto kritizov\u00e1no, ani\u017e by byl zaznamen\u00e1n obrovsk\u00fd pokrok, k n\u011bmu\u017e doch\u00e1z\u00ed v l\u00e9ka\u0159sk\u00fdch v\u011bd\u00e1ch a ve v\u00fdvoji nov\u00fdch technologi\u00ed. - D\u00edky v\u011bdeck\u00e9mu my\u0161len\u00ed,\" napsal mluv\u010d\u00ed, \"diktovan\u00e9mu z\u00e1jmem o lidsk\u00e9 zdrav\u00ed a \u017eivot, pokra\u010duje v\u00fdzkum st\u00e1le lep\u0161\u00edch metod i prost\u0159edk\u016f l\u00e9\u010dby. Jedn\u00e1 se o nesm\u00edrn\u011b zodpov\u011bdnou a n\u00e1ro\u010dnou pr\u00e1ci. Jsme sv\u011bdky revoluc\u00ed v medic\u00edn\u011b a p\u0159evratn\u00fdch vyn\u00e1lez\u016f. Nikdo neocen\u00ed jejich v\u00fdznam v\u00edce ne\u017e \u0161irok\u00fd okruh l\u00e9ka\u0159\u016f a n\u00e1sledn\u011b jejich pacient\u016f.<\/p>\n<p>odkaz:\u00a0<a href=\"https:\/\/marekkuchcinski.pl\/wp-content\/uploads\/2018\/12\/Pozytywne-zmiany-12-gr.pdf\">SEZNAM<\/a><\/p>","protected":false},"excerpt":{"rendered":"<p>W Przemy\u015blu zorganizowano konferencj\u0119 naukow\u0105 pt. \u201ePozytywne zmiany w ochronie zdrowia \u2014 nowoczesno\u015b\u0107, kompleksowo\u015b\u0107, dost\u0119pno\u015b\u0107 w leczeniu\u201d. W li\u015bcie skierowanym do uczestnik\u00f3w marsza\u0142ek Sejmu Marek Kuchci\u0144ski zaznaczy\u0142, \u017ce cz\u0119sto krytykuje si\u0119 s\u0142u\u017cb\u0119 zdrowia, nie dostrzegaj\u0105c ogromnego post\u0119pu, jaki zachodzi w naukach medycznych oraz w rozwoju nowych technologii. &#8211; Dzi\u0119ki naukowej my\u015bli &#8211; pisze marsza\u0142ek &#8211; [&hellip;]<\/p>\n","protected":false},"author":6,"featured_media":11775,"comment_status":"open","ping_status":"open","sticky":false,"template":"","format":"standard","meta":{"ngg_post_thumbnail":0,"footnotes":""},"categories":[104,49,3],"tags":[87,88,128,129],"class_list":["post-11771","post","type-post","status-publish","format-standard","has-post-thumbnail","hentry","category-lms","category-podkarpacie","category-wydarzenia","tag-marek-kuchcinski","tag-marszalek-sejmu","tag-przemysl","tag-sluzba-zdrowia"],"_links":{"self":[{"href":"https:\/\/marekkuchcinski.pl\/cs\/wp-json\/wp\/v2\/posts\/11771","targetHints":{"allow":["GET"]}}],"collection":[{"href":"https:\/\/marekkuchcinski.pl\/cs\/wp-json\/wp\/v2\/posts"}],"about":[{"href":"https:\/\/marekkuchcinski.pl\/cs\/wp-json\/wp\/v2\/types\/post"}],"author":[{"embeddable":true,"href":"https:\/\/marekkuchcinski.pl\/cs\/wp-json\/wp\/v2\/users\/6"}],"replies":[{"embeddable":true,"href":"https:\/\/marekkuchcinski.pl\/cs\/wp-json\/wp\/v2\/comments?post=11771"}],"version-history":[{"count":3,"href":"https:\/\/marekkuchcinski.pl\/cs\/wp-json\/wp\/v2\/posts\/11771\/revisions"}],"predecessor-version":[{"id":11776,"href":"https:\/\/marekkuchcinski.pl\/cs\/wp-json\/wp\/v2\/posts\/11771\/revisions\/11776"}],"wp:featuredmedia":[{"embeddable":true,"href":"https:\/\/marekkuchcinski.pl\/cs\/wp-json\/wp\/v2\/media\/11775"}],"wp:attachment":[{"href":"https:\/\/marekkuchcinski.pl\/cs\/wp-json\/wp\/v2\/media?parent=11771"}],"wp:term":[{"taxonomy":"category","embeddable":true,"href":"https:\/\/marekkuchcinski.pl\/cs\/wp-json\/wp\/v2\/categories?post=11771"},{"taxonomy":"post_tag","embeddable":true,"href":"https:\/\/marekkuchcinski.pl\/cs\/wp-json\/wp\/v2\/tags?post=11771"}],"curies":[{"name":"wp","href":"https:\/\/api.w.org\/{rel}","templated":true}]}}