{"id":11739,"date":"2018-12-12T17:29:44","date_gmt":"2018-12-12T16:29:44","guid":{"rendered":"https:\/\/marekkuchcinski.pl\/?p=11739"},"modified":"2018-12-12T17:42:15","modified_gmt":"2018-12-12T16:42:15","slug":"potega-przyrody-architektura-tradycja-kultura-religia-polska-wschodnia-kadrze-adama-bujaka","status":"publish","type":"post","link":"https:\/\/marekkuchcinski.pl\/cs\/wydarzenia\/potega-przyrody-architektura-tradycja-kultura-religia-polska-wschodnia-kadrze-adama-bujaka\/","title":{"rendered":"S\u00edla p\u0159\u00edrody, architektura, tradice, kultura, n\u00e1bo\u017eenstv\u00ed - v\u00fdchodn\u00ed Polsko v z\u00e1b\u011bru Adama Bujaka"},"content":{"rendered":"<p><strong>Na 440 stran\u00e1ch alba n\u00e1m fotograf Adam Bujak p\u0159ibli\u017euje v\u00fdchodn\u00ed Polsko. 177 pohrani\u010dn\u00edch m\u011bst se jev\u00ed jako jedine\u010dn\u00e1 m\u00edsta, nezne\u010di\u0161t\u011bn\u00e1 tov\u00e1rnami a v\u00fdfukov\u00fdmi plyny, kam se sj\u00ed\u017ed\u011bj\u00ed lid\u00e9 ze v\u0161ech kout\u016f sv\u011bta. Vid\u00edme malebn\u00fd sv\u011bt n\u00e1dhern\u00fdch pam\u00e1tek, hor, sv\u011bt prodchnut\u00fd svobodou, vlasteneckou tradic\u00ed a rozmanitou kulturou.<\/strong><\/p>\n<p>Mar\u0161\u00e1lek Sejmu Marek Kuchci\u0144ski p\u0159i propagaci knihy poblahop\u0159\u00e1l Adamu Bujakovi k zachycen\u00ed v\u00fdjime\u010dn\u00e9ho charakteru t\u00e9to \u010d\u00e1sti Polska. Mar\u0161\u00e1l zd\u016fraznil, \u017ee s\u00edla a moc pramen\u00ed z kr\u00e1sn\u00e9 architektury, krajiny a p\u0159\u00edrody. Kladl d\u016fraz na historick\u00e9, p\u0159\u00edrodn\u00ed a kulturn\u00ed hodnoty v\u00fdchodn\u00edho Polska a na vynikaj\u00edc\u00ed fotografick\u00e9 zachycen\u00ed r\u016fzn\u00fdch okam\u017eik\u016f lidsk\u00e9ho \u017eivota.<\/p>\n<p>Album obsahuje 600 fotografi\u00ed. Kniha je autorovou poctou 100. v\u00fdro\u010d\u00ed znovuz\u00edsk\u00e1n\u00ed nez\u00e1vislosti Polska. Autorem text\u016f je biskup Antoni Pacyfik Dydycz, dlouholet\u00fd ordin\u00e1\u0159 v Drohiczynu. Vydavatelem je Bia\u0142y Kruk. Pod z\u00e1\u0161titou p\u0159edsedy Sejmu.<\/p>\n<p><em>Foto: Marta Marchlewska<\/em><\/p>\n<p><a href=\"https:\/\/marekkuchcinski.pl\/wp-content\/uploads\/2018\/12\/PW-.jpg\"><img fetchpriority=\"high\" decoding=\"async\" class=\"alignnone size-full wp-image-11787\" src=\"https:\/\/marekkuchcinski.pl\/wp-content\/uploads\/2018\/12\/PW-.jpg\" alt=\"PW\" width=\"7360\" height=\"4912\" srcset=\"https:\/\/marekkuchcinski.pl\/wp-content\/uploads\/2018\/12\/PW-.jpg 2048w, https:\/\/marekkuchcinski.pl\/wp-content\/uploads\/2018\/12\/PW--300x200.jpg 300w, https:\/\/marekkuchcinski.pl\/wp-content\/uploads\/2018\/12\/PW--768x513.jpg 768w, https:\/\/marekkuchcinski.pl\/wp-content\/uploads\/2018\/12\/PW--1024x683.jpg 1024w\" sizes=\"(max-width: 7360px) 100vw, 7360px\" \/><\/a><em><a href=\"https:\/\/marekkuchcinski.pl\/wp-content\/uploads\/2018\/12\/MMA_8494.jpg\"><img decoding=\"async\" class=\"alignnone size-full wp-image-11791\" src=\"https:\/\/marekkuchcinski.pl\/wp-content\/uploads\/2018\/12\/MMA_8494.jpg\" alt=\"MMA_8494\" width=\"7360\" height=\"4912\" srcset=\"https:\/\/marekkuchcinski.pl\/wp-content\/uploads\/2018\/12\/MMA_8494.jpg 2048w, https:\/\/marekkuchcinski.pl\/wp-content\/uploads\/2018\/12\/MMA_8494-300x200.jpg 300w, https:\/\/marekkuchcinski.pl\/wp-content\/uploads\/2018\/12\/MMA_8494-768x513.jpg 768w, https:\/\/marekkuchcinski.pl\/wp-content\/uploads\/2018\/12\/MMA_8494-1024x683.jpg 1024w\" sizes=\"(max-width: 7360px) 100vw, 7360px\" \/><\/a>fotografie v albu \"V\u00fdchodn\u00ed Polsko\"), Adam Bujak<\/em><a href=\"https:\/\/marekkuchcinski.pl\/wp-content\/uploads\/2018\/12\/DSC_0437.jpg\"><img decoding=\"async\" class=\"alignnone size-full wp-image-11765\" src=\"https:\/\/marekkuchcinski.pl\/wp-content\/uploads\/2018\/12\/DSC_0437.jpg\" alt=\"DSC_0437\" width=\"3368\" height=\"2371\" srcset=\"https:\/\/marekkuchcinski.pl\/wp-content\/uploads\/2018\/12\/DSC_0437.jpg 2048w, https:\/\/marekkuchcinski.pl\/wp-content\/uploads\/2018\/12\/DSC_0437-300x211.jpg 300w, https:\/\/marekkuchcinski.pl\/wp-content\/uploads\/2018\/12\/DSC_0437-768x541.jpg 768w, https:\/\/marekkuchcinski.pl\/wp-content\/uploads\/2018\/12\/DSC_0437-1024x721.jpg 1024w\" sizes=\"(max-width: 3368px) 100vw, 3368px\" \/><\/a> <a href=\"https:\/\/marekkuchcinski.pl\/wp-content\/uploads\/2018\/12\/DSC_0435.jpg\"><img loading=\"lazy\" decoding=\"async\" class=\"alignnone size-full wp-image-11767\" src=\"https:\/\/marekkuchcinski.pl\/wp-content\/uploads\/2018\/12\/DSC_0435.jpg\" alt=\"DSC_0435\" width=\"2657\" height=\"3491\" srcset=\"https:\/\/marekkuchcinski.pl\/wp-content\/uploads\/2018\/12\/DSC_0435.jpg 1559w, https:\/\/marekkuchcinski.pl\/wp-content\/uploads\/2018\/12\/DSC_0435-228x300.jpg 228w, https:\/\/marekkuchcinski.pl\/wp-content\/uploads\/2018\/12\/DSC_0435-768x1009.jpg 768w, https:\/\/marekkuchcinski.pl\/wp-content\/uploads\/2018\/12\/DSC_0435-779x1024.jpg 779w\" sizes=\"(max-width: 2657px) 100vw, 2657px\" \/><\/a><\/p>\n<p><a href=\"https:\/\/marekkuchcinski.pl\/wp-content\/uploads\/2018\/12\/ab.jpg\"><img loading=\"lazy\" decoding=\"async\" class=\"alignnone wp-image-11740\" src=\"https:\/\/marekkuchcinski.pl\/wp-content\/uploads\/2018\/12\/ab.jpg\" alt=\"ab\" width=\"1216\" height=\"812\" srcset=\"https:\/\/marekkuchcinski.pl\/wp-content\/uploads\/2018\/12\/ab.jpg 800w, https:\/\/marekkuchcinski.pl\/wp-content\/uploads\/2018\/12\/ab-300x200.jpg 300w, https:\/\/marekkuchcinski.pl\/wp-content\/uploads\/2018\/12\/ab-768x513.jpg 768w\" sizes=\"(max-width: 1216px) 100vw, 1216px\" \/><\/a><\/p>\n<p>V listopadu 2017, b\u011bhem 17. celost\u00e1tn\u00edho festivalu polsk\u00e9 vlasteneck\u00e9 p\u00edsn\u011b, p\u00edsn\u011b a poezie v Lubaczow\u011b, p\u0159edal p\u0159edseda Sejmu Adamu Bujakovi so\u0161ku \"B\u016fh a vlast\". Vyznamen\u00e1n\u00ed ud\u011bluj\u00ed organiz\u00e1to\u0159i festivalu za mimo\u0159\u00e1dn\u00e9 z\u00e1sluhy o propagaci polsk\u00e9 kultury. Fotograf po l\u00e9ta dokumentoval \u017eivot a pontifik\u00e1t Jana Pavla II. Adam Bujak je dr\u017eitelem mnoha polsk\u00fdch i zahrani\u010dn\u00edch ocen\u011bn\u00ed a autorem stovek alb, knih a plak\u00e1t\u016f. Letos obdr\u017eel od prezidenta Polsk\u00e9 republiky \u0158\u00e1d b\u00edl\u00e9ho orla.<\/p>","protected":false},"excerpt":{"rendered":"<p>Na 440 kartach albumu fotograf Adam Bujak\u00a0przybli\u017ca\u00a0nam\u00a0Polsk\u0119 Wschodni\u0105. 177 miejscowo\u015bci pogranicza jawi si\u0119\u00a0 jako\u00a0wyj\u0105tkowe miejsca, nieska\u017cone fabrykami, spalinami, do kt\u00f3rych lgn\u0105 ludzie z r\u00f3\u017cnych zak\u0105tk\u00f3w globu. Widzimy malowniczy \u015bwiat wspania\u0142ych zabytk\u00f3w, g\u00f3r, \u015bwiat przesi\u0105kni\u0119ty wolno\u015bci\u0105, patriotyczn\u0105 tradycj\u0105 i r\u00f3\u017cnorodn\u0105 kultur\u0105. Podczas\u00a0promocji ksi\u0105\u017cki marsza\u0142ek Sejmu Marek Kuchci\u0144ski pogratulowa\u0142 Adamowi Bujakowi uchwycenia niezwyk\u0142ego\u00a0charakteru tej cz\u0119\u015bci Polski.\u00a0Marsza\u0142ek zaznaczy\u0142, [&hellip;]<\/p>\n","protected":false},"author":6,"featured_media":11767,"comment_status":"open","ping_status":"open","sticky":false,"template":"","format":"standard","meta":{"ngg_post_thumbnail":0,"footnotes":""},"categories":[49,3],"tags":[],"class_list":["post-11739","post","type-post","status-publish","format-standard","has-post-thumbnail","hentry","category-podkarpacie","category-wydarzenia"],"_links":{"self":[{"href":"https:\/\/marekkuchcinski.pl\/cs\/wp-json\/wp\/v2\/posts\/11739","targetHints":{"allow":["GET"]}}],"collection":[{"href":"https:\/\/marekkuchcinski.pl\/cs\/wp-json\/wp\/v2\/posts"}],"about":[{"href":"https:\/\/marekkuchcinski.pl\/cs\/wp-json\/wp\/v2\/types\/post"}],"author":[{"embeddable":true,"href":"https:\/\/marekkuchcinski.pl\/cs\/wp-json\/wp\/v2\/users\/6"}],"replies":[{"embeddable":true,"href":"https:\/\/marekkuchcinski.pl\/cs\/wp-json\/wp\/v2\/comments?post=11739"}],"version-history":[{"count":27,"href":"https:\/\/marekkuchcinski.pl\/cs\/wp-json\/wp\/v2\/posts\/11739\/revisions"}],"predecessor-version":[{"id":11792,"href":"https:\/\/marekkuchcinski.pl\/cs\/wp-json\/wp\/v2\/posts\/11739\/revisions\/11792"}],"wp:featuredmedia":[{"embeddable":true,"href":"https:\/\/marekkuchcinski.pl\/cs\/wp-json\/wp\/v2\/media\/11767"}],"wp:attachment":[{"href":"https:\/\/marekkuchcinski.pl\/cs\/wp-json\/wp\/v2\/media?parent=11739"}],"wp:term":[{"taxonomy":"category","embeddable":true,"href":"https:\/\/marekkuchcinski.pl\/cs\/wp-json\/wp\/v2\/categories?post=11739"},{"taxonomy":"post_tag","embeddable":true,"href":"https:\/\/marekkuchcinski.pl\/cs\/wp-json\/wp\/v2\/tags?post=11739"}],"curies":[{"name":"wp","href":"https:\/\/api.w.org\/{rel}","templated":true}]}}