{"id":11655,"date":"2018-12-09T12:46:38","date_gmt":"2018-12-09T11:46:38","guid":{"rendered":"https:\/\/marekkuchcinski.pl\/?p=11655"},"modified":"2018-12-12T14:37:22","modified_gmt":"2018-12-12T13:37:22","slug":"kola-gospodyn-wiejskich-beda-mogly-zarabiac-wystepowac-o-dotacje","status":"publish","type":"post","link":"https:\/\/marekkuchcinski.pl\/cs\/wydarzenia\/kola-gospodyn-wiejskich-beda-mogly-zarabiac-wystepowac-o-dotacje\/","title":{"rendered":"Sdru\u017een\u00ed venkovsk\u00fdch hospody\u0148 mohou vyd\u011bl\u00e1vat a \u017e\u00e1dat o dotace. P\u0159ednost maj\u00ed st\u00e1vaj\u00edc\u00ed"},"content":{"rendered":"<div dir=\"ltr\">\n<div dir=\"ltr\">\n<div id=\"gmail-applications\" class=\"gmail-row\">\n<dl class=\"gmail-punktory gmail-afx-punktory-border\">\n<dd>\n<hr \/>\n<h4 style=\"text-align: left;\"><span style=\"color: #000000;\">Sejm p\u0159ijal z\u00e1kon o venkovsk\u00fdch hospody\u0148k\u00e1ch, kter\u00fd obsahuje velmi konkr\u00e9tn\u00ed - finan\u010dn\u00ed a administrativn\u00ed - n\u00e1stroje na podporu t\u00e9to \u010dinnosti. P\u0159edev\u0161\u00edm se jedn\u00e1 o skute\u010dnou finan\u010dn\u00ed pomoc - od 3 do 5 tis\u00edc zlot\u00fdch pro za\u010d\u00e1tek, ale tak\u00e9 o da\u0148ov\u00e9 \u00falevy, bezplatn\u00e9 pr\u00e1vn\u00ed slu\u017eby, form\u00e1ln\u00ed usnadn\u011bn\u00ed. A \u00fapln\u00e1 svoboda volby - bu\u010f jako dosud, nebo podle nov\u00fdch, jednodu\u0161\u0161\u00edch pravidel.<\/span><\/h4>\n<p>Pokyny k z\u00edsk\u00e1n\u00ed finan\u010dn\u00edch prost\u0159edk\u016f pro vesnick\u00fd krou\u017eek.<\/p>\n<p>Krok 1: zaregistrujte sv\u016fj KGW u Agentury pro restrukturalizaci a modernizaci zem\u011bd\u011blstv\u00ed.<\/p>\n<p>Krok 2: Zalo\u017ete si bankovn\u00ed \u00fa\u010det.<\/p>\n<p>Krok 3: Vyd\u011blejte na \u010dinnost sv\u00e9ho krou\u017eku 3 000 a\u017e 5 000 liber.<\/p>\n<p><a href=\"https:\/\/marekkuchcinski.pl\/wp-content\/uploads\/2018\/12\/20181209_124841.jpg\"><img fetchpriority=\"high\" decoding=\"async\" class=\"alignnone size-full wp-image-11670\" src=\"https:\/\/marekkuchcinski.pl\/wp-content\/uploads\/2018\/12\/20181209_124841.jpg\" alt=\"_20181209_124841\" width=\"2160\" height=\"2577\" srcset=\"https:\/\/marekkuchcinski.pl\/wp-content\/uploads\/2018\/12\/20181209_124841.jpg 1717w, https:\/\/marekkuchcinski.pl\/wp-content\/uploads\/2018\/12\/20181209_124841-251x300.jpg 251w, https:\/\/marekkuchcinski.pl\/wp-content\/uploads\/2018\/12\/20181209_124841-768x916.jpg 768w, https:\/\/marekkuchcinski.pl\/wp-content\/uploads\/2018\/12\/20181209_124841-858x1024.jpg 858w\" sizes=\"(max-width: 2160px) 100vw, 2160px\" \/><\/a><\/p>\n<blockquote>\n<div dir=\"ltr\">\n<div dir=\"ltr\">\n<div id=\"gmail-applications\" class=\"gmail-row\" style=\"text-align: center;\">\n<dl class=\"gmail-punktory gmail-afx-punktory-border\">\n<dt><\/dt>\n<dd><span style=\"color: #000000;\"><a style=\"color: #000000;\" title=\"\u017d\u00e1dost o vstup\" href=\"http:\/\/www.kobietygospodarnewyjatkowe.pl\/media\/66451\/Wniosek_o_wpis_KGW_MIIR.PDF\" target=\"_blank\">\u017d\u00e1dost o z\u00e1pis krou\u017eku do N\u00e1rodn\u00edho registru venkovsk\u00fdch hospody\u0148sk\u00fdch krou\u017ek\u016f<\/a><span class=\"gmail-file-details\">\u00a0(PDF 388 KB)<\/span><\/span><\/dd>\n<dt><\/dt>\n<dd><span style=\"color: #000000;\"><a style=\"color: #000000;\" title=\"P\u0159\u00edloha \u017e\u00e1dosti\" href=\"http:\/\/www.kobietygospodarnewyjatkowe.pl\/media\/66449\/KGW_zalacznik_dla_zalozycieli_i_czlonkow_kola_MII.PDF\" target=\"_blank\">P\u0159\u00edloha \u017e\u00e1dosti - seznam \u010dlen\u016f kruhu<\/a><span class=\"gmail-file-details\">\u00a0\u00a0(PDF 372 KB)<\/span><\/span><\/dd>\n<dt><\/dt>\n<dd><span style=\"color: #000000;\"><a style=\"color: #000000;\" title=\"Vzorov\u00e9 stanovy\" href=\"http:\/\/www.kobietygospodarnewyjatkowe.pl\/media\/66450\/STATUT_KGW.pdf\" target=\"_blank\">Modelov\u00e9 stanovy pro KGW<\/a><span class=\"gmail-file-details\">\u00a0(PDF 303 KB)<\/span><\/span><\/dd>\n<dt><\/dt>\n<dd><span style=\"color: #000000;\"><a style=\"color: #000000;\" title=\"Pokyny k vypln\u011bn\u00ed \u017e\u00e1dosti\" href=\"http:\/\/www.kobietygospodarnewyjatkowe.pl\/media\/66448\/Instrukcja_wypelniania_wniosku_o_wpis_kola_gospodyn_wiejskich_do_KRKGW.pdf\" target=\"_blank\">Pokyny pro vypln\u011bn\u00ed \u017e\u00e1dosti a p\u0159\u00edlohy\u00a0<\/a><span class=\"gmail-file-details\">\u00a0(PDF 424 KB)<\/span><\/span><\/dd>\n<dd><\/dd>\n<dd><\/dd>\n<\/dl>\n<\/div>\n<\/div>\n<\/div>\n<\/blockquote>\n<blockquote>\n<div dir=\"ltr\" style=\"text-align: center;\"><b>Programov\u00ed zmocn\u011bnci v okresech Podkarpatsk\u00e9ho vojvodstv\u00ed:<\/b><\/div>\n<\/blockquote>\n<h2 id=\"gmail-Powiat bieszczadzki\" style=\"text-align: center;\"><span style=\"color: #000000;\">Bieszczadsk\u00fd okres<\/span><\/h2>\n<p style=\"text-align: center;\"><span style=\"color: #000000;\">Okresn\u00ed \u00fa\u0159ad Ustrzyki Dolne<\/span><\/p>\n<p style=\"text-align: center;\"><strong>Anna Karpijewicz<\/strong><\/p>\n<\/dd>\n<\/dl>\n<dl class=\"gmail-punktory gmail-afx-punktory-border\">\n<dd>\n<p style=\"text-align: center;\"><span style=\"color: #000000;\">Tr\u017en\u00ed n\u00e1m\u011bst\u00ed 6<\/span><\/p>\n<p style=\"text-align: center;\"><span style=\"color: #000000;\">38-700 Ustrzyki Dolne<\/span><\/p>\n<p style=\"text-align: center;\"><span style=\"color: #000000;\">tel. 13 461 37 61<\/span><\/p>\n<p style=\"text-align: center;\"><span style=\"color: #000000;\">fax 13 461 11 41<\/span><\/p>\n<h2 id=\"gmail-Powiat\u00a0brzozowski\" style=\"text-align: center;\"><span style=\"color: #000000;\">Powiat brzozowski<\/span><\/h2>\n<p style=\"text-align: center;\"><span style=\"color: #000000;\">Okresn\u00ed \u00fa\u0159ad Brzoz\u00f3w<\/span><\/p>\n<p style=\"text-align: center;\"><strong>Bo\u017cena Paczkowska<\/strong><\/p>\n<\/dd>\n<\/dl>\n<dl class=\"gmail-punktory gmail-afx-punktory-border\">\n<dd>\n<p style=\"text-align: center;\"><span style=\"color: #000000;\">3go Maja Street 1<\/span><\/p>\n<p style=\"text-align: center;\"><span style=\"color: #000000;\">36-200 Brzoz\u00f3w<\/span><\/p>\n<p style=\"text-align: center;\"><span style=\"color: #000000;\">tel. 13 434 41 01<\/span><\/p>\n<p style=\"text-align: center;\"><span style=\"color: #000000;\">fax 13 434 31 61<\/span><\/p>\n<h2 id=\"gmail-Powiat\u00a0d\u0119bicki\" style=\"text-align: center;\"><span style=\"color: #000000;\">Okres Debica<\/span><\/h2>\n<p style=\"text-align: center;\"><span style=\"color: #000000;\">Okresn\u00ed \u00fa\u0159ad v Debici<\/span><\/p>\n<p style=\"text-align: center;\"><strong>Ewelina Ku\u015b<\/strong><\/p>\n<\/dd>\n<\/dl>\n<dl class=\"gmail-punktory gmail-afx-punktory-border\">\n<dd>\n<p style=\"text-align: center;\"><span style=\"color: #000000;\">Kolejowa 36<\/span><\/p>\n<p style=\"text-align: center;\"><span style=\"color: #000000;\">39-200 Debica<\/span><\/p>\n<p style=\"text-align: center;\"><span style=\"color: #000000;\">tel. 14 676 60 11<\/span><\/p>\n<p style=\"text-align: center;\"><span style=\"color: #000000;\">fax 14 670 35 73<\/span><\/p>\n<h2 id=\"gmail-Powiat\u00a0jaros\u0142awski\" style=\"text-align: center;\"><span style=\"color: #000000;\">Okres Jaros\u0142aw<\/span><\/h2>\n<p style=\"text-align: center;\"><span style=\"color: #000000;\">Okresn\u00ed \u00fa\u0159ad v Jaroslawi\u00a0<\/span><\/p>\n<p style=\"text-align: center;\"><strong>Krzysztof Piecuch<\/strong><\/p>\n<\/dd>\n<\/dl>\n<dl class=\"gmail-punktory gmail-afx-punktory-border\">\n<dd>\n<p style=\"text-align: center;\"><span style=\"color: #000000;\">Grunwaldzka 7<\/span><\/p>\n<p style=\"text-align: center;\"><span style=\"color: #000000;\">37-500 Jaroslaw<\/span><\/p>\n<p style=\"text-align: center;\"><span style=\"color: #000000;\">tel. 16 624 20 45<\/span><\/p>\n<p style=\"text-align: center;\"><span style=\"color: #000000;\">fax 16 623 29 11<\/span><\/p>\n<h2 id=\"gmail-Powiat\u00a0jasielski\" style=\"text-align: center;\"><span style=\"color: #000000;\">Okres Jasielsk<\/span><\/h2>\n<p style=\"text-align: center;\"><span style=\"color: #000000;\">Okresn\u00ed \u00fa\u0159ad Jaslo<\/span><\/p>\n<p style=\"text-align: center;\"><strong>Anna Byczek<\/strong><\/p>\n<\/dd>\n<\/dl>\n<dl class=\"gmail-punktory gmail-afx-punktory-border\">\n<dd>\n<p style=\"text-align: center;\"><span style=\"color: #000000;\">Ulice S\u0142owackiego 6<\/span><\/p>\n<p style=\"text-align: center;\"><span style=\"color: #000000;\">38-200 Jas\u0142o<\/span><\/p>\n<p style=\"text-align: center;\"><span style=\"color: #000000;\">tel. 13 448 42 81<\/span><\/p>\n<p style=\"text-align: center;\"><span style=\"color: #000000;\">fax 13 448 08 50<\/span><\/p>\n<h2 id=\"gmail-Powiat\u00a0kolbuszowski\" style=\"text-align: center;\"><span style=\"color: #000000;\">Kolbuszowa Poviat<\/span><\/h2>\n<p style=\"text-align: center;\"><span style=\"color: #000000;\">Okresn\u00ed \u00fa\u0159ad Kolbuszowa<\/span><\/p>\n<p style=\"text-align: center;\"><strong>Barbara Zygo<\/strong><\/p>\n<\/dd>\n<\/dl>\n<dl class=\"gmail-punktory gmail-afx-punktory-border\">\n<dd>\n<p style=\"text-align: center;\"><span style=\"color: #000000;\">Towarowa 4<\/span><\/p>\n<p style=\"text-align: center;\"><span style=\"color: #000000;\">36-100 Kolbuszowa<\/span><\/p>\n<p style=\"text-align: center;\"><span style=\"color: #000000;\">tel. 17 227 00 30<\/span><\/p>\n<p style=\"text-align: center;\"><span style=\"color: #000000;\">fax 17 227 21 62<\/span><\/p>\n<h2 id=\"gmail-Powiat\u00a0kro\u015bnie\u0144ski\" style=\"text-align: center;\"><span style=\"color: #000000;\">Okres Krosno<\/span><\/h2>\n<p style=\"text-align: center;\"><span style=\"color: #000000;\">Okresn\u00ed \u00fa\u0159ad Krosno\u00a0<\/span><\/p>\n<p style=\"text-align: center;\"><strong>Piotr Br\u0105giel<\/strong><\/p>\n<\/dd>\n<\/dl>\n<dl class=\"gmail-punktory gmail-afx-punktory-border\">\n<dd>\n<p style=\"text-align: center;\"><span style=\"color: #000000;\">Ulice \u017bwirki i Wigury 9<\/span><\/p>\n<p style=\"text-align: center;\"><span style=\"color: #000000;\">38-400 Krosno<\/span><\/p>\n<p style=\"text-align: center;\"><span style=\"color: #000000;\">tel. 13 420 40 81<\/span><\/p>\n<p style=\"text-align: center;\"><span style=\"color: #000000;\">fax 13 436 45 42<\/span><\/p>\n<h2 id=\"gmail-Powiat\u00a0leski\" style=\"text-align: center;\"><span style=\"color: #000000;\">Okres Lesko<\/span><\/h2>\n<p style=\"text-align: center;\"><span style=\"color: #000000;\">Okresn\u00ed \u00fa\u0159ad v Lesku<\/span><\/p>\n<p style=\"text-align: center;\"><strong>Paulina Potoczna<\/strong><\/p>\n<\/dd>\n<\/dl>\n<dl class=\"gmail-punktory gmail-afx-punktory-border\">\n<dd>\n<p style=\"text-align: center;\"><span style=\"color: #000000;\">Ulice Moniuszki 6<\/span><\/p>\n<p style=\"text-align: center;\"><span style=\"color: #000000;\">38-600 Lesko<\/span><\/p>\n<p style=\"text-align: center;\"><span style=\"color: #000000;\">tel. 13 469 92 41<\/span><\/p>\n<p style=\"text-align: center;\"><span style=\"color: #000000;\">fax 13 469 65 80<\/span><\/p>\n<h2 id=\"gmail-Powiat\u00a0le\u017cajski\" style=\"text-align: center;\"><span style=\"color: #000000;\">Okres Lezajski<\/span><\/h2>\n<p style=\"text-align: center;\"><span style=\"color: #000000;\">Okresn\u00ed \u00fa\u0159ad v Lezajsku<\/span><\/p>\n<p style=\"text-align: center;\"><strong>Grzegorz Kochman<\/strong><\/p>\n<\/dd>\n<\/dl>\n<dl class=\"gmail-punktory gmail-afx-punktory-border\">\n<dd>\n<p style=\"text-align: center;\"><span style=\"color: #000000;\">Ulice Mickiewicza 20<\/span><\/p>\n<p style=\"text-align: center;\"><span style=\"color: #000000;\">37-300 Le\u017eajsk<\/span><\/p>\n<p style=\"text-align: center;\"><span style=\"color: #000000;\">tel. 17 240 67 00<\/span><\/p>\n<p style=\"text-align: center;\"><span style=\"color: #000000;\">fax 17 242 62 58<\/span><\/p>\n<h2 id=\"gmail-Powiat lubaczowski\" style=\"text-align: center;\"><span style=\"color: #000000;\">Okres Lubaczow<\/span><\/h2>\n<p style=\"text-align: center;\"><span style=\"color: #000000;\">Okresn\u00ed \u00fa\u0159ad v Lubaczow\u011b<\/span><\/p>\n<p style=\"text-align: center;\"><strong>Marlena Golenia<\/strong><\/p>\n<\/dd>\n<\/dl>\n<dl class=\"gmail-punktory gmail-afx-punktory-border\">\n<dd>\n<p style=\"text-align: center;\"><span style=\"color: #000000;\">Mazury Street 3<\/span><\/p>\n<p style=\"text-align: center;\"><span style=\"color: #000000;\">37-600 Lubacz\u00f3w<\/span><\/p>\n<p style=\"text-align: center;\"><span style=\"color: #000000;\">tel. 16 633 02 11<\/span><\/p>\n<p style=\"text-align: center;\"><span style=\"color: #000000;\">fax 16 632 46 48<\/span><\/p>\n<h2 id=\"gmail-Powiat\u00a0\u0142a\u0144cucki\" style=\"text-align: center;\"><span style=\"color: #000000;\">Okres \u0141a\u0144cut<\/span><\/h2>\n<p style=\"text-align: center;\"><span style=\"color: #000000;\">Okresn\u00ed \u00fa\u0159ad v \u0141a\u0144cutu<\/span><\/p>\n<p style=\"text-align: center;\"><strong>Katarzyna \u015awi\u0119toniowska<\/strong><\/p>\n<\/dd>\n<\/dl>\n<dl class=\"gmail-punktory gmail-afx-punktory-border\">\n<dd>\n<p style=\"text-align: center;\"><span style=\"color: #000000;\">Ulice Traugutta 20<\/span><\/p>\n<p style=\"text-align: center;\"><span style=\"color: #000000;\">37-100 Lancut<\/span><\/p>\n<p style=\"text-align: center;\"><span style=\"color: #000000;\">tel. 17 224 03 30<\/span><\/p>\n<p style=\"text-align: center;\"><span style=\"color: #000000;\">fax 17 225 85 23<\/span><\/p>\n<h2 id=\"gmail-Powiat\u00a0mielecki\" style=\"text-align: center;\"><span style=\"color: #000000;\">Okres Mielec<\/span><\/h2>\n<p style=\"text-align: center;\"><span style=\"color: #000000;\">Okresn\u00ed \u00fa\u0159ad v Mielci<\/span><\/p>\n<p style=\"text-align: center;\"><strong>Wies\u0142aw Krupa<\/strong><\/p>\n<\/dd>\n<\/dl>\n<dl class=\"gmail-punktory gmail-afx-punktory-border\">\n<dd>\n<p style=\"text-align: center;\"><span style=\"color: #000000;\">1 Sienkiewicza St.<\/span><\/p>\n<p style=\"text-align: center;\"><span style=\"color: #000000;\">39-300 Mielec<\/span><\/p>\n<p style=\"text-align: center;\"><span style=\"color: #000000;\">tel. 17 581 06 10<\/span><\/p>\n<p style=\"text-align: center;\"><span style=\"color: #000000;\">fax 17 585 39 56<\/span><\/p>\n<h2 id=\"gmail-Powiat\u00a0ni\u017ca\u0144ski\" style=\"text-align: center;\"><span style=\"color: #000000;\">Okres Nisko<\/span><\/h2>\n<p style=\"text-align: center;\"><span style=\"color: #000000;\">Okresn\u00ed \u00fa\u0159ad v Nisku<\/span><\/p>\n<p style=\"text-align: center;\"><strong>Janusz Bronkiewicz<\/strong><\/p>\n<\/dd>\n<\/dl>\n<dl class=\"gmail-punktory gmail-afx-punktory-border\">\n<dd>\n<p style=\"text-align: center;\"><span style=\"color: #000000;\">Ulice Rzeszowska 42<\/span><\/p>\n<p style=\"text-align: center;\"><span style=\"color: #000000;\">37-400 Nisko<\/span><\/p>\n<p style=\"text-align: center;\"><span style=\"color: #000000;\">tel. 15 843 28 74<\/span><\/p>\n<p style=\"text-align: center;\"><span style=\"color: #000000;\">fax 15 841 54 01<\/span><\/p>\n<h2 id=\"gmail-Powiat\u00a0przemyski\" style=\"text-align: center;\"><span style=\"color: #000000;\">Povod\u00ed Przemy\u0161lu<\/span><\/h2>\n<p style=\"text-align: center;\"><span style=\"color: #000000;\">Okresn\u00ed \u00fa\u0159ad v Przemy\u015blu<\/span><\/p>\n<p style=\"text-align: center;\"><strong>Anna Makara<\/strong><\/p>\n<\/dd>\n<\/dl>\n<dl class=\"gmail-punktory gmail-afx-punktory-border\">\n<dd>\n<p style=\"text-align: center;\"><span style=\"color: #000000;\">Ulice Grunwaldzka 58<\/span><\/p>\n<p style=\"text-align: center;\"><span style=\"color: #000000;\">37-700 Przemy\u015bl<\/span><\/p>\n<p style=\"text-align: center;\"><span style=\"color: #000000;\">tel. 16 677 00 63<\/span><\/p>\n<p style=\"text-align: center;\"><span style=\"color: #000000;\">fax 16 670 30 94<\/span><\/p>\n<h2 id=\"gmail-Powiat\u00a0przeworski\" style=\"text-align: center;\"><span style=\"color: #000000;\">Przeworski Poviat<\/span><\/h2>\n<p style=\"text-align: center;\"><span style=\"color: #000000;\">Okresn\u00ed \u00fa\u0159ad Przeworsk<\/span><\/p>\n<p style=\"text-align: center;\"><strong>Magdalena Ro\u017cek<\/strong><\/p>\n<\/dd>\n<\/dl>\n<dl class=\"gmail-punktory gmail-afx-punktory-border\">\n<dd>\n<p style=\"text-align: center;\"><span style=\"color: #000000;\">Budowlanych 1<\/span><\/p>\n<p style=\"text-align: center;\"><span style=\"color: #000000;\">37-200 Przeworsk<\/span><\/p>\n<p style=\"text-align: center;\"><span style=\"color: #000000;\">tel. 16 649 04 60<\/span><\/p>\n<p style=\"text-align: center;\"><span style=\"color: #000000;\">fax 16 648 66 47<\/span><\/p>\n<h2 id=\"gmail-Powiat\u00a0ropczycko-s\u0119dziszowski\" style=\"text-align: center;\"><span style=\"color: #000000;\">Ropczycko-s\u0119dziszowski poviat<\/span><\/h2>\n<p style=\"text-align: center;\"><span style=\"color: #000000;\">\u00a0 Okresn\u00ed \u00fa\u0159ad v Ropczyc\u00edch<\/span><\/p>\n<p style=\"text-align: center;\"><strong>Anna Wy\u017ckiewicz<\/strong><\/p>\n<\/dd>\n<\/dl>\n<dl class=\"gmail-punktory gmail-afx-punktory-border\">\n<dd>\n<p style=\"text-align: center;\"><span style=\"color: #000000;\">Barbary Street 4<\/span><\/p>\n<p style=\"text-align: center;\"><span style=\"color: #000000;\">39-100 Ropczyce<\/span><\/p>\n<p style=\"text-align: center;\"><span style=\"color: #000000;\">tel. 17 221 06 20<\/span><\/p>\n<p style=\"text-align: center;\"><span style=\"color: #000000;\">fax 17 221 85 36<\/span><\/p>\n<h2 id=\"gmail-Powiat\u00a0rzeszowski\" style=\"text-align: center;\"><span style=\"color: #000000;\">Rzesz\u00f3w Poviat<\/span><\/h2>\n<p style=\"text-align: center;\"><span style=\"color: #000000;\">\u00da\u0159ad Poviatu v Rzesz\u00f3w\u011b<\/span><\/p>\n<p style=\"text-align: center;\"><strong>Ernest Lasota<\/strong><\/p>\n<\/dd>\n<\/dl>\n<dl class=\"gmail-punktory gmail-afx-punktory-border\">\n<dd>\n<p style=\"text-align: center;\"><span style=\"color: #000000;\">Lubelsk\u00e1 46<\/span><\/p>\n<p style=\"text-align: center;\"><span style=\"color: #000000;\">35-233 Rzesz\u00f3w<\/span><\/p>\n<p style=\"text-align: center;\"><span style=\"color: #000000;\">tel. 17 860 22 41<\/span><\/p>\n<p style=\"text-align: center;\"><span style=\"color: #000000;\">fax 17 864 20 26<\/span><\/p>\n<h2 id=\"gmail-Powiat\u00a0sanocki\" style=\"text-align: center;\"><span style=\"color: #000000;\">Okres Sanocki<\/span><\/h2>\n<p style=\"text-align: center;\"><span style=\"color: #000000;\">Okresn\u00ed \u00fa\u0159ad v Sanoku<\/span><\/p>\n<p style=\"text-align: center;\"><strong>Lidia Lipka<\/strong><\/p>\n<\/dd>\n<\/dl>\n<dl class=\"gmail-punktory gmail-afx-punktory-border\">\n<dd>\n<p style=\"text-align: center;\"><span style=\"color: #000000;\">Ulice Mickiewicza 29<\/span><\/p>\n<p style=\"text-align: center;\"><span style=\"color: #000000;\">38-500 Sanok<\/span><\/p>\n<p style=\"text-align: center;\"><span style=\"color: #000000;\">tel. 13 464 68 61<\/span><\/p>\n<p style=\"text-align: center;\"><span style=\"color: #000000;\">fax 13 464 75 20<\/span><\/p>\n<h2 id=\"gmail-Powiat\u00a0stalowowolski\" style=\"text-align: center;\"><span style=\"color: #000000;\">Okres Stalowa Wola<\/span><\/h2>\n<p style=\"text-align: center;\"><span style=\"color: #000000;\">Okresn\u00ed \u00fa\u0159ad Stalowa Wola<\/span><\/p>\n<p style=\"text-align: center;\"><strong>Marcin Chodorek<\/strong><\/p>\n<\/dd>\n<\/dl>\n<dl class=\"gmail-punktory gmail-afx-punktory-border\">\n<dd>\n<p style=\"text-align: center;\"><span style=\"color: #000000;\">Ulice Dmowskiego 10<\/span><\/p>\n<p style=\"text-align: center;\"><span style=\"color: #000000;\">37-450 Stalowa Wola<\/span><\/p>\n<p style=\"text-align: center;\"><span style=\"color: #000000;\">tel. 15 843 28 60<\/span><\/p>\n<p style=\"text-align: center;\"><span style=\"color: #000000;\">fax 15 844 54 74<\/span><\/p>\n<h2 id=\"gmail-Powiat\u00a0strzy\u017cowski\" style=\"text-align: center;\"><span style=\"color: #000000;\">Okres Strzy\u017c\u00f3w<\/span><\/h2>\n<p style=\"text-align: center;\"><span style=\"color: #000000;\">Okresn\u00ed \u00fa\u0159ad Strzy\u017c\u00f3w\u00a0<\/span><\/p>\n<p style=\"text-align: center;\"><strong>Marta Nowak<\/strong><\/p>\n<\/dd>\n<\/dl>\n<dl class=\"gmail-punktory gmail-afx-punktory-border\">\n<dd>\n<p style=\"text-align: center;\"><span style=\"color: #000000;\">38 1-go Maja Street<\/span><\/p>\n<p style=\"text-align: center;\"><span style=\"color: #000000;\">38-100 Strzy\u017c\u00f3w<\/span><\/p>\n<p style=\"text-align: center;\"><span style=\"color: #000000;\">tel. 17 276 05 01<\/span><\/p>\n<p style=\"text-align: center;\"><span style=\"color: #000000;\">fax 17 276 10 18<\/span><\/p>\n<h2 id=\"gmail-Powiat\u00a0tarnobrzeski\" style=\"text-align: center;\"><span style=\"color: #000000;\">Okres Tarnobrzeg<\/span><\/h2>\n<p style=\"text-align: center;\"><span style=\"color: #000000;\">\u00a0Okresn\u00ed \u00fa\u0159ad Tarnobrzeg\u00a0<\/span><\/p>\n<p style=\"text-align: center;\"><strong>Grzegorz Kozik<\/strong><\/p>\n<\/dd>\n<\/dl>\n<dl class=\"gmail-punktory gmail-afx-punktory-border\">\n<dd>\n<p style=\"text-align: center;\"><span style=\"color: #000000;\">4a 1-go Maja St.<\/span><\/p>\n<p style=\"text-align: center;\"><span style=\"color: #000000;\">39-400 Tarnobrzeg<\/span><\/p>\n<p style=\"text-align: center;\"><span style=\"color: #000000;\">tel. 15 823 47 48<\/span><\/p>\n<p style=\"text-align: center;\"><span style=\"color: #000000;\">fax 15 822 95 51<\/span><\/p>\n<\/dd>\n<\/dl>\n<\/div>\n<\/div>\n<\/div>\n<p><span style=\"color: #000000;\"><a style=\"color: #000000;\" href=\"https:\/\/marekkuchcinski.pl\/wp-content\/uploads\/2018\/12\/Gospodynie-wiejskie.jpg\"><img decoding=\"async\" class=\"alignnone size-full wp-image-11656 alignleft\" src=\"https:\/\/marekkuchcinski.pl\/wp-content\/uploads\/2018\/12\/Gospodynie-wiejskie.jpg\" alt=\"Gospodynie wiejskie\" width=\"960\" height=\"720\" srcset=\"https:\/\/marekkuchcinski.pl\/wp-content\/uploads\/2018\/12\/Gospodynie-wiejskie.jpg 960w, https:\/\/marekkuchcinski.pl\/wp-content\/uploads\/2018\/12\/Gospodynie-wiejskie-300x225.jpg 300w, https:\/\/marekkuchcinski.pl\/wp-content\/uploads\/2018\/12\/Gospodynie-wiejskie-768x576.jpg 768w\" sizes=\"(max-width: 960px) 100vw, 960px\" \/><\/a><\/span><\/p>","protected":false},"excerpt":{"rendered":"<p>Sejm uchwali\u0142 ustaw\u0119 o Ko\u0142ach Gospody\u0144 Wiejskich, w kt\u00f3rej zawarto bardzo konkretne &#8211; finansowe i administracyjne &#8211; narz\u0119dzia wsparcia\u00a0tej dzia\u0142alno\u015bci. To przede wszystkim realna pomoc finansowa &#8211; od 3 do 5 tys. z\u0142otych na start, ale tak\u017ce ulgi podatkowe, bezp\u0142atna obs\u0142uga prawna, u\u0142atwienia formalne. I pe\u0142na swoboda wyboru &#8211; albo dzia\u0142alno\u015b\u0107 w dotychczasowej formie, albo [&hellip;]<\/p>\n","protected":false},"author":6,"featured_media":11656,"comment_status":"open","ping_status":"open","sticky":false,"template":"","format":"standard","meta":{"ngg_post_thumbnail":0,"footnotes":""},"categories":[49,82,3],"tags":[],"class_list":["post-11655","post","type-post","status-publish","format-standard","has-post-thumbnail","hentry","category-podkarpacie","category-prawo-i-sprawiedliwosc","category-wydarzenia"],"_links":{"self":[{"href":"https:\/\/marekkuchcinski.pl\/cs\/wp-json\/wp\/v2\/posts\/11655","targetHints":{"allow":["GET"]}}],"collection":[{"href":"https:\/\/marekkuchcinski.pl\/cs\/wp-json\/wp\/v2\/posts"}],"about":[{"href":"https:\/\/marekkuchcinski.pl\/cs\/wp-json\/wp\/v2\/types\/post"}],"author":[{"embeddable":true,"href":"https:\/\/marekkuchcinski.pl\/cs\/wp-json\/wp\/v2\/users\/6"}],"replies":[{"embeddable":true,"href":"https:\/\/marekkuchcinski.pl\/cs\/wp-json\/wp\/v2\/comments?post=11655"}],"version-history":[{"count":13,"href":"https:\/\/marekkuchcinski.pl\/cs\/wp-json\/wp\/v2\/posts\/11655\/revisions"}],"predecessor-version":[{"id":11777,"href":"https:\/\/marekkuchcinski.pl\/cs\/wp-json\/wp\/v2\/posts\/11655\/revisions\/11777"}],"wp:featuredmedia":[{"embeddable":true,"href":"https:\/\/marekkuchcinski.pl\/cs\/wp-json\/wp\/v2\/media\/11656"}],"wp:attachment":[{"href":"https:\/\/marekkuchcinski.pl\/cs\/wp-json\/wp\/v2\/media?parent=11655"}],"wp:term":[{"taxonomy":"category","embeddable":true,"href":"https:\/\/marekkuchcinski.pl\/cs\/wp-json\/wp\/v2\/categories?post=11655"},{"taxonomy":"post_tag","embeddable":true,"href":"https:\/\/marekkuchcinski.pl\/cs\/wp-json\/wp\/v2\/tags?post=11655"}],"curies":[{"name":"wp","href":"https:\/\/api.w.org\/{rel}","templated":true}]}}