{"id":11602,"date":"2018-12-09T12:53:59","date_gmt":"2018-12-09T11:53:59","guid":{"rendered":"https:\/\/marekkuchcinski.pl\/?p=11602"},"modified":"2018-12-09T17:18:55","modified_gmt":"2018-12-09T16:18:55","slug":"marek-kuchcinski-naszej-podkarpackiej-ziemi-konca-60-opozycyjne-dzialania-mialy-rownie-silny-wymiar-czasach-zolnierzy-wykletych","status":"publish","type":"post","link":"https:\/\/marekkuchcinski.pl\/cs\/wydarzenia\/marek-kuchcinski-naszej-podkarpackiej-ziemi-konca-60-opozycyjne-dzialania-mialy-rownie-silny-wymiar-czasach-zolnierzy-wykletych\/","title":{"rendered":"Marek Kuchci\u0144ski: V na\u0161em podkarpatsk\u00e9m regionu maj\u00ed opozi\u010dn\u00ed aktivity od konce 60. let 20. stolet\u00ed stejn\u011b siln\u00fd rozm\u011br jako v dob\u00e1ch voj\u00e1k\u016f z rouha\u010dsk\u00e9 arm\u00e1dy."},"content":{"rendered":"<p><strong>V Podkarpatsk\u00e9 filharmonii v Rzeszow\u011b se konal Kongres represovan\u00fdch osob, aktivist\u016f Solidarity a veter\u00e1n\u016f. Akce se konala pod \u010destnou z\u00e1\u0161titou p\u0159edsedy Sejmu.<\/strong><\/p>\n<p>Marek Kuchci\u0144ski zd\u016fraznil, \u017ee oslavy st\u00e9ho v\u00fdro\u010d\u00ed znovuz\u00edsk\u00e1n\u00ed polsk\u00e9 nez\u00e1vislosti jsou v cel\u00e9 zemi p\u0159\u00edle\u017eitost\u00ed p\u0159ipomenout si dlouhou cestu ke svobod\u011b a dvacet let mimo\u0159\u00e1dn\u00e9ho zapojen\u00ed cel\u00e9 spole\u010dnosti do obnovy druh\u00e9 republiky.<\/p>\n<p>Mar\u0161\u00e1l p\u0159ipomn\u011bl osobnosti, kter\u00e9 \"doba triumfu lidsk\u00e9 my\u0161lenky, s\u00edly a energie\" inspirovala k vytvo\u0159en\u00ed v\u011bc\u00ed, kter\u00e9 se \u010dasto pou\u017e\u00edvaj\u00ed dodnes. Mezi nimi byli: Stefan Banach, jeden ze zakladatel\u016f modern\u00ed algebry, Karol Szymanowski, v\u00fdznamn\u00fd hudebn\u00ed skladatel, J\u00f3zef Hoffman, vynikaj\u00edc\u00ed klav\u00edrista a autor mnoha vyn\u00e1lez\u016f, nap\u0159\u00edklad kancel\u00e1\u0159sk\u00e9 sponky, kter\u00e1 se dodnes pou\u017e\u00edv\u00e1 podle vzoru houslov\u00e9ho kl\u00ed\u010de, Jan Szczepanik z Mo\u015bcisku, tv\u016frce barevn\u00e9 televize, nebo Henryk Magnuski, jeho\u017e vys\u00edla\u010dky slou\u017eily po desetilet\u00ed jako modern\u00ed mobiln\u00ed telefony.<\/p>\n<p>Marek Kuchci\u0144ski zd\u016fraznil, \u017ee dvacetilet\u00e1 Druh\u00e1 polsk\u00e1 republika byla obdob\u00edm, kdy se po\u010det polsk\u00e9 inteligence zdvojn\u00e1sobil a z\u00e1rove\u0148 se o polovinu sn\u00ed\u017eil po\u010det negramotn\u00fdch. Byla to doba v\u00fdchovy statis\u00edc\u016f \u0161pi\u010dkov\u00fdch odborn\u00edk\u016f a milion\u016f uv\u011bdom\u011bl\u00fdch vlastenc\u016f, p\u0159ipraven\u00fdch ob\u011btovat se pro vlast. V neposledn\u00ed \u0159ad\u011b je to doba zv\u00fd\u0161en\u00e9ho pocitu d\u016fle\u017eitosti n\u00e1rodn\u00edho spole\u010denstv\u00ed a pot\u0159eby ztoto\u017enit se s raison d'\u00e9tat polsk\u00e9ho st\u00e1tu. \u010cas posilov\u00e1n\u00ed kl\u00ed\u010dov\u00fdch individu\u00e1ln\u00edch a kolektivn\u00edch hodnot spole\u010densk\u00e9ho \u017eivota, jako je ob\u011btav\u00e1 slu\u017eba druh\u00fdm, pracovitost a vytrvalost, a z\u00e1rove\u0148 \u010das velk\u00fdch investic: COP s m\u011bsty jako Stalowa Wola, Rzesz\u00f3w, Mielec, Nowa D\u0119ba, Gdyn\u011b a Truskawiec, kde bylo b\u011bhem 20 let postaveno v\u00edce ne\u017e 300 l\u00e1ze\u0148sk\u00fdch dom\u016f.<\/p>\n<p>P\u0159edseda Sejmu upozornil, \u017ee obdob\u00ed \u00fasp\u011b\u0161n\u00e9ho v\u00fdvoje bylo p\u0159eru\u0161eno desetilet\u00ed trvaj\u00edc\u00ed n\u011bmeckou a sov\u011btskou agres\u00ed proti Polsku. - P\u0159esto jsme se pustili do boje na obranu nez\u00e1vislosti, a to jak ozbrojen\u00fdmi prost\u0159edky, tak opozi\u010dn\u00ed prac\u00ed. Ti, kdo bojovali se zbran\u00ed v ruce, byli ozna\u010deni za zr\u00e1dce n\u00e1roda. Hrozilo jim v\u011bzen\u00ed a \u010dasto i trest smrti. Ostatn\u00ed, kte\u0159\u00ed se postavili na odpor, byli vytla\u010deni na okraj spole\u010dnosti. Teprve v 21. stolet\u00ed byli proklet\u00ed voj\u00e1ci pln\u011b rehabilitov\u00e1ni a teprve dnes je d\u00edky polsk\u00e9mu st\u00e1tu m\u016f\u017eeme d\u016fstojn\u011b poh\u0159b\u00edt,\" \u0159ekl Marek Kuchci\u0144ski.<\/p>\n<p>- Na na\u0161em \u00fazem\u00ed v Podkarpatsk\u00e9 Rusi se od konce \u0161edes\u00e1t\u00fdch let minul\u00e9ho stolet\u00ed projevovala opozi\u010dn\u00ed \u010dinnost stejn\u011b siln\u011b jako v p\u0159\u00edpad\u011b aktivit \u010dlen\u016f \u017doldn\u00e9\u0159\u016f rouh\u00e1n\u00ed ze \u010dty\u0159ic\u00e1t\u00fdch a po\u010d\u00e1tku pades\u00e1t\u00fdch let. Pod veden\u00edm arcibiskupa metropolity Przemy\u0161lsk\u00e9ho, kn\u011bze Ignacyho Tokarczuka, jsme bojovali za respektov\u00e1n\u00ed lidsk\u00e9 d\u016fstojnosti, za pr\u00e1vo na svobodu sv\u011bdom\u00ed a my\u0161len\u00ed. Arcibiskup navzdory z\u00e1kaz\u016fm zah\u00e1jil obrovsk\u00e9 d\u00edlo v\u00fdstavby kostel\u016f, kter\u00e9 v n\u00e1s probudilo touhu \u017e\u00edt bez z\u00e1kaz\u016f a komunistick\u00fdch na\u0159\u00edzen\u00ed - p\u0159ipomn\u011bl mar\u0161\u00e1l. Zd\u016fraznil tak\u00e9 vliv, kter\u00fd m\u011bla m\u00edstn\u00ed spole\u010denstv\u00ed vznikl\u00e1 na obranu c\u00edrkv\u00ed na vznik prvn\u00edch samostatn\u00fdch forem organizac\u00ed na konci 70. let, jako byl V\u00fdbor na obranu v\u011b\u0159\u00edc\u00edch v Kmiecie v Przemy\u015blu, jeho\u017e p\u0159edsedou byl o. V\u00e1clav Krej\u010d\u00ed. Michalski, Wit Siwiec, Stanis\u0142aw Sudo\u0142 a Staszek Kusi\u0144ski, V\u00fdbor ve Stalow\u00e9 Woli s Janem Koz\u0142owsk\u00fdm, V\u00fdbor rolnick\u00e9 sebeobrany Rzeszowska s Januszem Szkutnikem, otev\u0159en\u00e9 akce na obranu p\u016fdy v Bieszczadech s Wie\u015bkem Nowack\u00fdm, okupa\u010dn\u00ed st\u00e1vky v Ustrzyk\u00e1ch Rzeszowsk\u00fdch, Ustrzycko-Rzeszowsk\u00e9 dohody a velk\u00e9 v\u00edt\u011bzstv\u00ed Solidarity a RI Solidarita.<\/p>\n<p>- Byli jsme jednotn\u00ed. Tato jednota se stala nejv\u011bt\u0161\u00ed zbran\u00ed v boji proti komunistick\u00e9mu syst\u00e9mu, kter\u00fd byl Polsku vnucen. Dnes, kdy\u017e se ohl\u00e9dneme zp\u011bt, m\u016f\u017eeme sm\u011ble \u0159\u00edci, \u017ee komunismus padl d\u00edky va\u0161\u00ed odvaze, bojovn\u00e9mu duchu a odhodl\u00e1n\u00ed. Dali jste ostatn\u00edm n\u00e1rod\u016fm p\u0159\u00edklad, \u017ee svobodu a nez\u00e1vislost je t\u0159eba po\u017eadovat a bojovat za ni ze v\u0161ech sil. Zah\u00e1jili jsme velk\u00fd pochod k nez\u00e1vislosti a zakon\u010dili ho velk\u00fdm v\u00edt\u011bzstv\u00edm,\" tvrd\u00ed Marek Kuchci\u0144ski.<\/p>\n<p>Mar\u0161\u00e1l vzdal nejvy\u0161\u0161\u00ed poctu v\u00e1le\u010dn\u00fdm veter\u00e1n\u016fm, aktivist\u016fm protikomunistick\u00e9ho podzem\u00ed a opozice z pov\u00e1le\u010dn\u00fdch let a z \u00e9ry Solidarity.<\/p>\n<p>- Bez va\u0161\u00ed ob\u011bti a p\u0159esv\u011bd\u010den\u00ed o spr\u00e1vnosti boje by nebylo svobodn\u00e9ho a suver\u00e9nn\u00edho Polska. Bez vlastn\u00edho siln\u00e9ho st\u00e1tu bychom slou\u017eili jin\u00fdm,\" \u0159ekl.<\/p>\n<p>Organiz\u00e1torkou setk\u00e1n\u00ed, kter\u00e9 je sou\u010d\u00e1st\u00ed projektu \"Nez\u00e1visl\u00e1 pam\u011b\u0165 a hrdost generac\u00ed\", byla podkarpatsk\u00e1 vojvodkyn\u011b Ewa Leniart.<\/p>\n<p><a href=\"https:\/\/marekkuchcinski.pl\/wp-content\/uploads\/2018\/12\/DSCF2115-1.jpg\"><img fetchpriority=\"high\" decoding=\"async\" class=\"alignnone size-full wp-image-11610\" src=\"https:\/\/marekkuchcinski.pl\/wp-content\/uploads\/2018\/12\/DSCF2115-1.jpg\" alt=\"DSCF2115 (1)\" width=\"3710\" height=\"2353\" srcset=\"https:\/\/marekkuchcinski.pl\/wp-content\/uploads\/2018\/12\/DSCF2115-1.jpg 2048w, https:\/\/marekkuchcinski.pl\/wp-content\/uploads\/2018\/12\/DSCF2115-1-300x190.jpg 300w, https:\/\/marekkuchcinski.pl\/wp-content\/uploads\/2018\/12\/DSCF2115-1-768x487.jpg 768w, https:\/\/marekkuchcinski.pl\/wp-content\/uploads\/2018\/12\/DSCF2115-1-1024x649.jpg 1024w\" sizes=\"(max-width: 3710px) 100vw, 3710px\" \/><\/a><a href=\"https:\/\/marekkuchcinski.pl\/wp-content\/uploads\/2018\/12\/DSCF2146-1.jpg\"><img decoding=\"async\" class=\"alignnone size-full wp-image-11604\" src=\"https:\/\/marekkuchcinski.pl\/wp-content\/uploads\/2018\/12\/DSCF2146-1.jpg\" alt=\"DSCF2146 (1)\" width=\"2636\" height=\"1661\" srcset=\"https:\/\/marekkuchcinski.pl\/wp-content\/uploads\/2018\/12\/DSCF2146-1.jpg 2048w, https:\/\/marekkuchcinski.pl\/wp-content\/uploads\/2018\/12\/DSCF2146-1-300x189.jpg 300w, https:\/\/marekkuchcinski.pl\/wp-content\/uploads\/2018\/12\/DSCF2146-1-768x484.jpg 768w, https:\/\/marekkuchcinski.pl\/wp-content\/uploads\/2018\/12\/DSCF2146-1-1024x645.jpg 1024w\" sizes=\"(max-width: 2636px) 100vw, 2636px\" \/><\/a>\u00a0Ewa Leniart<a href=\"https:\/\/marekkuchcinski.pl\/wp-content\/uploads\/2018\/12\/DSCF2155-1.jpg\"><img decoding=\"async\" class=\"alignnone size-full wp-image-11605\" src=\"https:\/\/marekkuchcinski.pl\/wp-content\/uploads\/2018\/12\/DSCF2155-1.jpg\" alt=\"DSCF2155 (1)\" width=\"4072\" height=\"2752\" srcset=\"https:\/\/marekkuchcinski.pl\/wp-content\/uploads\/2018\/12\/DSCF2155-1.jpg 2048w, https:\/\/marekkuchcinski.pl\/wp-content\/uploads\/2018\/12\/DSCF2155-1-300x203.jpg 300w, https:\/\/marekkuchcinski.pl\/wp-content\/uploads\/2018\/12\/DSCF2155-1-768x519.jpg 768w, https:\/\/marekkuchcinski.pl\/wp-content\/uploads\/2018\/12\/DSCF2155-1-1024x692.jpg 1024w\" sizes=\"(max-width: 4072px) 100vw, 4072px\" \/><\/a>Slavnost byla zakon\u010dena koncertem skupiny Paw\u0142a Steczkowsk\u00e9ho s n\u00e1zvem \"Internment Songs\". \"Internment Songs\".\u00a0<a href=\"https:\/\/marekkuchcinski.pl\/wp-content\/uploads\/2018\/12\/DSCF2157-1.jpg\"><img loading=\"lazy\" decoding=\"async\" class=\"alignnone size-full wp-image-11606\" src=\"https:\/\/marekkuchcinski.pl\/wp-content\/uploads\/2018\/12\/DSCF2157-1.jpg\" alt=\"DSCF2157 (1)\" width=\"4338\" height=\"2806\" srcset=\"https:\/\/marekkuchcinski.pl\/wp-content\/uploads\/2018\/12\/DSCF2157-1.jpg 2048w, https:\/\/marekkuchcinski.pl\/wp-content\/uploads\/2018\/12\/DSCF2157-1-300x194.jpg 300w, https:\/\/marekkuchcinski.pl\/wp-content\/uploads\/2018\/12\/DSCF2157-1-768x497.jpg 768w, https:\/\/marekkuchcinski.pl\/wp-content\/uploads\/2018\/12\/DSCF2157-1-1024x662.jpg 1024w\" sizes=\"(max-width: 4338px) 100vw, 4338px\" \/><\/a> <a href=\"https:\/\/marekkuchcinski.pl\/wp-content\/uploads\/2018\/12\/DSCF2174-1.jpg\"><img loading=\"lazy\" decoding=\"async\" class=\"alignnone size-full wp-image-11607\" src=\"https:\/\/marekkuchcinski.pl\/wp-content\/uploads\/2018\/12\/DSCF2174-1.jpg\" alt=\"DSCF2174 (1)\" width=\"3710\" height=\"2422\" srcset=\"https:\/\/marekkuchcinski.pl\/wp-content\/uploads\/2018\/12\/DSCF2174-1.jpg 2048w, https:\/\/marekkuchcinski.pl\/wp-content\/uploads\/2018\/12\/DSCF2174-1-300x196.jpg 300w, https:\/\/marekkuchcinski.pl\/wp-content\/uploads\/2018\/12\/DSCF2174-1-768x501.jpg 768w, https:\/\/marekkuchcinski.pl\/wp-content\/uploads\/2018\/12\/DSCF2174-1-1024x668.jpg 1024w\" sizes=\"(max-width: 3710px) 100vw, 3710px\" \/><\/a> <a href=\"https:\/\/marekkuchcinski.pl\/wp-content\/uploads\/2018\/12\/DSCF2246-1.jpg\"><img loading=\"lazy\" decoding=\"async\" class=\"alignnone size-full wp-image-11609\" src=\"https:\/\/marekkuchcinski.pl\/wp-content\/uploads\/2018\/12\/DSCF2246-1.jpg\" alt=\"DSCF2246 (1)\" width=\"4372\" height=\"3096\" srcset=\"https:\/\/marekkuchcinski.pl\/wp-content\/uploads\/2018\/12\/DSCF2246-1.jpg 2048w, https:\/\/marekkuchcinski.pl\/wp-content\/uploads\/2018\/12\/DSCF2246-1-300x212.jpg 300w, https:\/\/marekkuchcinski.pl\/wp-content\/uploads\/2018\/12\/DSCF2246-1-768x544.jpg 768w, https:\/\/marekkuchcinski.pl\/wp-content\/uploads\/2018\/12\/DSCF2246-1-1024x725.jpg 1024w\" sizes=\"(max-width: 4372px) 100vw, 4372px\" \/><\/a><\/p>\n<p>&nbsp;<\/p>","protected":false},"excerpt":{"rendered":"<p>W\u00a0Filharmonii Podkarpackiej w Rzeszowie odby\u0142 si\u0119 Kongres Os\u00f3b Represjonowanych, Dzia\u0142aczy Solidarno\u015bci i Kombatant\u00f3w. Patronat honorowy nad wydarzeniem obj\u0105\u0142 marsza\u0142ek Sejmu. Marek Kuchci\u0144ski podkre\u015bli\u0142, \u017ce w ca\u0142ym kraju obchody stulecia odzyskania przez Polsk\u0119 Niepodleg\u0142o\u015bci sta\u0142y si\u0119 sposobno\u015bci\u0105 do przypomnienia naszej d\u0142ugiej drogi wolno\u015bci oraz dwudziestu lat niezwyk\u0142ego zaanga\u017cowania ca\u0142ego spo\u0142ecze\u0144stwa w odbudow\u0119 II RP. Marsza\u0142ek przypomnia\u0142 [&hellip;]<\/p>","protected":false},"author":6,"featured_media":11612,"comment_status":"open","ping_status":"open","sticky":false,"template":"","format":"standard","meta":{"ngg_post_thumbnail":0,"footnotes":""},"categories":[49,82,3],"tags":[],"class_list":["post-11602","post","type-post","status-publish","format-standard","has-post-thumbnail","hentry","category-podkarpacie","category-prawo-i-sprawiedliwosc","category-wydarzenia"],"yoast_head":"<!-- This site is optimized with the Yoast SEO plugin v24.7 - https:\/\/yoast.com\/wordpress\/plugins\/seo\/ -->\n<title>Marek Kuchci\u0144ski: Na naszej podkarpackiej ziemi od ko\u0144ca lat 60. opozycyjne dzia\u0142ania mia\u0142y r\u00f3wnie silny wymiar jak w czasach \u017co\u0142nierzy wykl\u0119tych &#8211; Marek Kuchci\u0144ski<\/title>\n<meta name=\"robots\" content=\"index, follow, max-snippet:-1, max-image-preview:large, max-video-preview:-1\" \/>\n<link rel=\"canonical\" href=\"https:\/\/marekkuchcinski.pl\/cs\/wydarzenia\/marek-kuchcinski-naszej-podkarpackiej-ziemi-konca-60-opozycyjne-dzialania-mialy-rownie-silny-wymiar-czasach-zolnierzy-wykletych\/\" \/>\n<meta property=\"og:locale\" content=\"cs_CZ\" \/>\n<meta property=\"og:type\" content=\"article\" \/>\n<meta property=\"og:title\" content=\"Marek Kuchci\u0144ski: Na naszej podkarpackiej ziemi od ko\u0144ca lat 60. opozycyjne dzia\u0142ania mia\u0142y r\u00f3wnie silny wymiar jak w czasach \u017co\u0142nierzy wykl\u0119tych &#8211; Marek Kuchci\u0144ski\" \/>\n<meta property=\"og:description\" content=\"W\u00a0Filharmonii Podkarpackiej w Rzeszowie odby\u0142 si\u0119 Kongres Os\u00f3b Represjonowanych, Dzia\u0142aczy Solidarno\u015bci i Kombatant\u00f3w. Patronat honorowy nad wydarzeniem obj\u0105\u0142 marsza\u0142ek Sejmu. Marek Kuchci\u0144ski podkre\u015bli\u0142, \u017ce w ca\u0142ym kraju obchody stulecia odzyskania przez Polsk\u0119 Niepodleg\u0142o\u015bci sta\u0142y si\u0119 sposobno\u015bci\u0105 do przypomnienia naszej d\u0142ugiej drogi wolno\u015bci oraz dwudziestu lat niezwyk\u0142ego zaanga\u017cowania ca\u0142ego spo\u0142ecze\u0144stwa w odbudow\u0119 II RP. Marsza\u0142ek przypomnia\u0142 [&hellip;]\" \/>\n<meta property=\"og:url\" content=\"https:\/\/marekkuchcinski.pl\/cs\/wydarzenia\/marek-kuchcinski-naszej-podkarpackiej-ziemi-konca-60-opozycyjne-dzialania-mialy-rownie-silny-wymiar-czasach-zolnierzy-wykletych\/\" \/>\n<meta property=\"og:site_name\" content=\"Marek Kuchci\u0144ski\" \/>\n<meta property=\"article:published_time\" content=\"2018-12-09T11:53:59+00:00\" \/>\n<meta property=\"article:modified_time\" content=\"2018-12-09T16:18:55+00:00\" \/>\n<meta property=\"og:image\" content=\"https:\/\/marekkuchcinski.pl\/wp-content\/uploads\/2018\/12\/PSX_20181209_103601.jpg\" \/>\n\t<meta property=\"og:image:width\" content=\"2048\" \/>\n\t<meta property=\"og:image:height\" content=\"1465\" \/>\n\t<meta property=\"og:image:type\" content=\"image\/jpeg\" \/>\n<meta name=\"author\" content=\"admin\" \/>\n<meta name=\"twitter:card\" content=\"summary_large_image\" \/>\n<meta name=\"twitter:label1\" content=\"Napsal(a)\" \/>\n\t<meta name=\"twitter:data1\" content=\"admin\" \/>\n\t<meta name=\"twitter:label2\" content=\"Odhadovan\u00e1 doba \u010dten\u00ed\" \/>\n\t<meta name=\"twitter:data2\" content=\"4 minuty\" \/>\n<script type=\"application\/ld+json\" class=\"yoast-schema-graph\">{\"@context\":\"https:\/\/schema.org\",\"@graph\":[{\"@type\":\"Article\",\"@id\":\"https:\/\/marekkuchcinski.pl\/en\/wydarzenia\/marek-kuchcinski-naszej-podkarpackiej-ziemi-konca-60-opozycyjne-dzialania-mialy-rownie-silny-wymiar-czasach-zolnierzy-wykletych\/#article\",\"isPartOf\":{\"@id\":\"https:\/\/marekkuchcinski.pl\/en\/wydarzenia\/marek-kuchcinski-naszej-podkarpackiej-ziemi-konca-60-opozycyjne-dzialania-mialy-rownie-silny-wymiar-czasach-zolnierzy-wykletych\/\"},\"author\":{\"name\":\"admin\",\"@id\":\"https:\/\/marekkuchcinski.pl\/#\/schema\/person\/6f62700996b4d950b6ea2d1183b6c6be\"},\"headline\":\"Marek Kuchci\u0144ski: Na naszej podkarpackiej ziemi od ko\u0144ca lat 60. opozycyjne dzia\u0142ania mia\u0142y r\u00f3wnie silny wymiar jak w czasach \u017co\u0142nierzy wykl\u0119tych\",\"datePublished\":\"2018-12-09T11:53:59+00:00\",\"dateModified\":\"2018-12-09T16:18:55+00:00\",\"mainEntityOfPage\":{\"@id\":\"https:\/\/marekkuchcinski.pl\/en\/wydarzenia\/marek-kuchcinski-naszej-podkarpackiej-ziemi-konca-60-opozycyjne-dzialania-mialy-rownie-silny-wymiar-czasach-zolnierzy-wykletych\/\"},\"wordCount\":811,\"commentCount\":0,\"publisher\":{\"@id\":\"https:\/\/marekkuchcinski.pl\/#organization\"},\"image\":{\"@id\":\"https:\/\/marekkuchcinski.pl\/en\/wydarzenia\/marek-kuchcinski-naszej-podkarpackiej-ziemi-konca-60-opozycyjne-dzialania-mialy-rownie-silny-wymiar-czasach-zolnierzy-wykletych\/#primaryimage\"},\"thumbnailUrl\":\"https:\/\/marekkuchcinski.pl\/wp-content\/uploads\/2018\/12\/PSX_20181209_103601.jpg\",\"articleSection\":[\"Podkarpacie\",\"Prawo i Sprawiedliwo\u015b\u0107\",\"Wydarzenia\"],\"inLanguage\":\"cs\",\"potentialAction\":[{\"@type\":\"CommentAction\",\"name\":\"Comment\",\"target\":[\"https:\/\/marekkuchcinski.pl\/en\/wydarzenia\/marek-kuchcinski-naszej-podkarpackiej-ziemi-konca-60-opozycyjne-dzialania-mialy-rownie-silny-wymiar-czasach-zolnierzy-wykletych\/#respond\"]}]},{\"@type\":\"WebPage\",\"@id\":\"https:\/\/marekkuchcinski.pl\/en\/wydarzenia\/marek-kuchcinski-naszej-podkarpackiej-ziemi-konca-60-opozycyjne-dzialania-mialy-rownie-silny-wymiar-czasach-zolnierzy-wykletych\/\",\"url\":\"https:\/\/marekkuchcinski.pl\/en\/wydarzenia\/marek-kuchcinski-naszej-podkarpackiej-ziemi-konca-60-opozycyjne-dzialania-mialy-rownie-silny-wymiar-czasach-zolnierzy-wykletych\/\",\"name\":\"Marek Kuchci\u0144ski: Na naszej podkarpackiej ziemi od ko\u0144ca lat 60. opozycyjne dzia\u0142ania mia\u0142y r\u00f3wnie silny wymiar jak w czasach \u017co\u0142nierzy wykl\u0119tych &#8211; Marek Kuchci\u0144ski\",\"isPartOf\":{\"@id\":\"https:\/\/marekkuchcinski.pl\/#website\"},\"primaryImageOfPage\":{\"@id\":\"https:\/\/marekkuchcinski.pl\/en\/wydarzenia\/marek-kuchcinski-naszej-podkarpackiej-ziemi-konca-60-opozycyjne-dzialania-mialy-rownie-silny-wymiar-czasach-zolnierzy-wykletych\/#primaryimage\"},\"image\":{\"@id\":\"https:\/\/marekkuchcinski.pl\/en\/wydarzenia\/marek-kuchcinski-naszej-podkarpackiej-ziemi-konca-60-opozycyjne-dzialania-mialy-rownie-silny-wymiar-czasach-zolnierzy-wykletych\/#primaryimage\"},\"thumbnailUrl\":\"https:\/\/marekkuchcinski.pl\/wp-content\/uploads\/2018\/12\/PSX_20181209_103601.jpg\",\"datePublished\":\"2018-12-09T11:53:59+00:00\",\"dateModified\":\"2018-12-09T16:18:55+00:00\",\"breadcrumb\":{\"@id\":\"https:\/\/marekkuchcinski.pl\/en\/wydarzenia\/marek-kuchcinski-naszej-podkarpackiej-ziemi-konca-60-opozycyjne-dzialania-mialy-rownie-silny-wymiar-czasach-zolnierzy-wykletych\/#breadcrumb\"},\"inLanguage\":\"cs\",\"potentialAction\":[{\"@type\":\"ReadAction\",\"target\":[\"https:\/\/marekkuchcinski.pl\/en\/wydarzenia\/marek-kuchcinski-naszej-podkarpackiej-ziemi-konca-60-opozycyjne-dzialania-mialy-rownie-silny-wymiar-czasach-zolnierzy-wykletych\/\"]}]},{\"@type\":\"ImageObject\",\"inLanguage\":\"cs\",\"@id\":\"https:\/\/marekkuchcinski.pl\/en\/wydarzenia\/marek-kuchcinski-naszej-podkarpackiej-ziemi-konca-60-opozycyjne-dzialania-mialy-rownie-silny-wymiar-czasach-zolnierzy-wykletych\/#primaryimage\",\"url\":\"https:\/\/marekkuchcinski.pl\/wp-content\/uploads\/2018\/12\/PSX_20181209_103601.jpg\",\"contentUrl\":\"https:\/\/marekkuchcinski.pl\/wp-content\/uploads\/2018\/12\/PSX_20181209_103601.jpg\",\"width\":2048,\"height\":1465},{\"@type\":\"BreadcrumbList\",\"@id\":\"https:\/\/marekkuchcinski.pl\/en\/wydarzenia\/marek-kuchcinski-naszej-podkarpackiej-ziemi-konca-60-opozycyjne-dzialania-mialy-rownie-silny-wymiar-czasach-zolnierzy-wykletych\/#breadcrumb\",\"itemListElement\":[{\"@type\":\"ListItem\",\"position\":1,\"name\":\"Strona g\u0142\u00f3wna\",\"item\":\"https:\/\/marekkuchcinski.pl\/\"},{\"@type\":\"ListItem\",\"position\":2,\"name\":\"Marek Kuchci\u0144ski: Na naszej podkarpackiej ziemi od ko\u0144ca lat 60. opozycyjne dzia\u0142ania mia\u0142y r\u00f3wnie silny wymiar jak w czasach \u017co\u0142nierzy wykl\u0119tych\"}]},{\"@type\":\"WebSite\",\"@id\":\"https:\/\/marekkuchcinski.pl\/#website\",\"url\":\"https:\/\/marekkuchcinski.pl\/\",\"name\":\"Marek Kuchci\u0144ski\",\"description\":\"Pose\u0142 na sejm RP &ndash; okr\u0119g nr 22\",\"publisher\":{\"@id\":\"https:\/\/marekkuchcinski.pl\/#organization\"},\"potentialAction\":[{\"@type\":\"SearchAction\",\"target\":{\"@type\":\"EntryPoint\",\"urlTemplate\":\"https:\/\/marekkuchcinski.pl\/?s={search_term_string}\"},\"query-input\":{\"@type\":\"PropertyValueSpecification\",\"valueRequired\":true,\"valueName\":\"search_term_string\"}}],\"inLanguage\":\"cs\"},{\"@type\":\"Organization\",\"@id\":\"https:\/\/marekkuchcinski.pl\/#organization\",\"name\":\"Marek Kuchci\u0144ski\",\"url\":\"https:\/\/marekkuchcinski.pl\/\",\"logo\":{\"@type\":\"ImageObject\",\"inLanguage\":\"cs\",\"@id\":\"https:\/\/marekkuchcinski.pl\/#\/schema\/logo\/image\/\",\"url\":\"https:\/\/marekkuchcinski.pl\/wp-content\/uploads\/2022\/09\/Marek.jpg\",\"contentUrl\":\"https:\/\/marekkuchcinski.pl\/wp-content\/uploads\/2022\/09\/Marek.jpg\",\"width\":1600,\"height\":971,\"caption\":\"Marek Kuchci\u0144ski\"},\"image\":{\"@id\":\"https:\/\/marekkuchcinski.pl\/#\/schema\/logo\/image\/\"}},{\"@type\":\"Person\",\"@id\":\"https:\/\/marekkuchcinski.pl\/#\/schema\/person\/6f62700996b4d950b6ea2d1183b6c6be\",\"name\":\"admin\",\"image\":{\"@type\":\"ImageObject\",\"inLanguage\":\"cs\",\"@id\":\"https:\/\/marekkuchcinski.pl\/#\/schema\/person\/image\/\",\"url\":\"https:\/\/secure.gravatar.com\/avatar\/4bab693b9d55c3d6b52c0296a8765085?s=96&d=mm&r=g\",\"contentUrl\":\"https:\/\/secure.gravatar.com\/avatar\/4bab693b9d55c3d6b52c0296a8765085?s=96&d=mm&r=g\",\"caption\":\"admin\"},\"url\":\"https:\/\/marekkuchcinski.pl\/cs\/author\/marta-olejnik\/\"}]}<\/script>\n<!-- \/ Yoast SEO plugin. -->","yoast_head_json":{"title":"Marek Kuchci\u0144ski: Na naszej podkarpackiej ziemi od ko\u0144ca lat 60. opozycyjne dzia\u0142ania mia\u0142y r\u00f3wnie silny wymiar jak w czasach \u017co\u0142nierzy wykl\u0119tych &#8211; Marek Kuchci\u0144ski","robots":{"index":"index","follow":"follow","max-snippet":"max-snippet:-1","max-image-preview":"max-image-preview:large","max-video-preview":"max-video-preview:-1"},"canonical":"https:\/\/marekkuchcinski.pl\/cs\/wydarzenia\/marek-kuchcinski-naszej-podkarpackiej-ziemi-konca-60-opozycyjne-dzialania-mialy-rownie-silny-wymiar-czasach-zolnierzy-wykletych\/","og_locale":"cs_CZ","og_type":"article","og_title":"Marek Kuchci\u0144ski: Na naszej podkarpackiej ziemi od ko\u0144ca lat 60. opozycyjne dzia\u0142ania mia\u0142y r\u00f3wnie silny wymiar jak w czasach \u017co\u0142nierzy wykl\u0119tych &#8211; Marek Kuchci\u0144ski","og_description":"W\u00a0Filharmonii Podkarpackiej w Rzeszowie odby\u0142 si\u0119 Kongres Os\u00f3b Represjonowanych, Dzia\u0142aczy Solidarno\u015bci i Kombatant\u00f3w. Patronat honorowy nad wydarzeniem obj\u0105\u0142 marsza\u0142ek Sejmu. Marek Kuchci\u0144ski podkre\u015bli\u0142, \u017ce w ca\u0142ym kraju obchody stulecia odzyskania przez Polsk\u0119 Niepodleg\u0142o\u015bci sta\u0142y si\u0119 sposobno\u015bci\u0105 do przypomnienia naszej d\u0142ugiej drogi wolno\u015bci oraz dwudziestu lat niezwyk\u0142ego zaanga\u017cowania ca\u0142ego spo\u0142ecze\u0144stwa w odbudow\u0119 II RP. Marsza\u0142ek przypomnia\u0142 [&hellip;]","og_url":"https:\/\/marekkuchcinski.pl\/cs\/wydarzenia\/marek-kuchcinski-naszej-podkarpackiej-ziemi-konca-60-opozycyjne-dzialania-mialy-rownie-silny-wymiar-czasach-zolnierzy-wykletych\/","og_site_name":"Marek Kuchci\u0144ski","article_published_time":"2018-12-09T11:53:59+00:00","article_modified_time":"2018-12-09T16:18:55+00:00","og_image":[{"width":2048,"height":1465,"url":"https:\/\/marekkuchcinski.pl\/wp-content\/uploads\/2018\/12\/PSX_20181209_103601.jpg","type":"image\/jpeg"}],"author":"admin","twitter_card":"summary_large_image","twitter_misc":{"Napsal(a)":"admin","Odhadovan\u00e1 doba \u010dten\u00ed":"4 minuty"},"schema":{"@context":"https:\/\/schema.org","@graph":[{"@type":"Article","@id":"https:\/\/marekkuchcinski.pl\/en\/wydarzenia\/marek-kuchcinski-naszej-podkarpackiej-ziemi-konca-60-opozycyjne-dzialania-mialy-rownie-silny-wymiar-czasach-zolnierzy-wykletych\/#article","isPartOf":{"@id":"https:\/\/marekkuchcinski.pl\/en\/wydarzenia\/marek-kuchcinski-naszej-podkarpackiej-ziemi-konca-60-opozycyjne-dzialania-mialy-rownie-silny-wymiar-czasach-zolnierzy-wykletych\/"},"author":{"name":"admin","@id":"https:\/\/marekkuchcinski.pl\/#\/schema\/person\/6f62700996b4d950b6ea2d1183b6c6be"},"headline":"Marek Kuchci\u0144ski: Na naszej podkarpackiej ziemi od ko\u0144ca lat 60. opozycyjne dzia\u0142ania mia\u0142y r\u00f3wnie silny wymiar jak w czasach \u017co\u0142nierzy wykl\u0119tych","datePublished":"2018-12-09T11:53:59+00:00","dateModified":"2018-12-09T16:18:55+00:00","mainEntityOfPage":{"@id":"https:\/\/marekkuchcinski.pl\/en\/wydarzenia\/marek-kuchcinski-naszej-podkarpackiej-ziemi-konca-60-opozycyjne-dzialania-mialy-rownie-silny-wymiar-czasach-zolnierzy-wykletych\/"},"wordCount":811,"commentCount":0,"publisher":{"@id":"https:\/\/marekkuchcinski.pl\/#organization"},"image":{"@id":"https:\/\/marekkuchcinski.pl\/en\/wydarzenia\/marek-kuchcinski-naszej-podkarpackiej-ziemi-konca-60-opozycyjne-dzialania-mialy-rownie-silny-wymiar-czasach-zolnierzy-wykletych\/#primaryimage"},"thumbnailUrl":"https:\/\/marekkuchcinski.pl\/wp-content\/uploads\/2018\/12\/PSX_20181209_103601.jpg","articleSection":["Podkarpacie","Prawo i Sprawiedliwo\u015b\u0107","Wydarzenia"],"inLanguage":"cs","potentialAction":[{"@type":"CommentAction","name":"Comment","target":["https:\/\/marekkuchcinski.pl\/en\/wydarzenia\/marek-kuchcinski-naszej-podkarpackiej-ziemi-konca-60-opozycyjne-dzialania-mialy-rownie-silny-wymiar-czasach-zolnierzy-wykletych\/#respond"]}]},{"@type":"WebPage","@id":"https:\/\/marekkuchcinski.pl\/en\/wydarzenia\/marek-kuchcinski-naszej-podkarpackiej-ziemi-konca-60-opozycyjne-dzialania-mialy-rownie-silny-wymiar-czasach-zolnierzy-wykletych\/","url":"https:\/\/marekkuchcinski.pl\/en\/wydarzenia\/marek-kuchcinski-naszej-podkarpackiej-ziemi-konca-60-opozycyjne-dzialania-mialy-rownie-silny-wymiar-czasach-zolnierzy-wykletych\/","name":"Marek Kuchci\u0144ski: Na naszej podkarpackiej ziemi od ko\u0144ca lat 60. opozycyjne dzia\u0142ania mia\u0142y r\u00f3wnie silny wymiar jak w czasach \u017co\u0142nierzy wykl\u0119tych &#8211; Marek Kuchci\u0144ski","isPartOf":{"@id":"https:\/\/marekkuchcinski.pl\/#website"},"primaryImageOfPage":{"@id":"https:\/\/marekkuchcinski.pl\/en\/wydarzenia\/marek-kuchcinski-naszej-podkarpackiej-ziemi-konca-60-opozycyjne-dzialania-mialy-rownie-silny-wymiar-czasach-zolnierzy-wykletych\/#primaryimage"},"image":{"@id":"https:\/\/marekkuchcinski.pl\/en\/wydarzenia\/marek-kuchcinski-naszej-podkarpackiej-ziemi-konca-60-opozycyjne-dzialania-mialy-rownie-silny-wymiar-czasach-zolnierzy-wykletych\/#primaryimage"},"thumbnailUrl":"https:\/\/marekkuchcinski.pl\/wp-content\/uploads\/2018\/12\/PSX_20181209_103601.jpg","datePublished":"2018-12-09T11:53:59+00:00","dateModified":"2018-12-09T16:18:55+00:00","breadcrumb":{"@id":"https:\/\/marekkuchcinski.pl\/en\/wydarzenia\/marek-kuchcinski-naszej-podkarpackiej-ziemi-konca-60-opozycyjne-dzialania-mialy-rownie-silny-wymiar-czasach-zolnierzy-wykletych\/#breadcrumb"},"inLanguage":"cs","potentialAction":[{"@type":"ReadAction","target":["https:\/\/marekkuchcinski.pl\/en\/wydarzenia\/marek-kuchcinski-naszej-podkarpackiej-ziemi-konca-60-opozycyjne-dzialania-mialy-rownie-silny-wymiar-czasach-zolnierzy-wykletych\/"]}]},{"@type":"ImageObject","inLanguage":"cs","@id":"https:\/\/marekkuchcinski.pl\/en\/wydarzenia\/marek-kuchcinski-naszej-podkarpackiej-ziemi-konca-60-opozycyjne-dzialania-mialy-rownie-silny-wymiar-czasach-zolnierzy-wykletych\/#primaryimage","url":"https:\/\/marekkuchcinski.pl\/wp-content\/uploads\/2018\/12\/PSX_20181209_103601.jpg","contentUrl":"https:\/\/marekkuchcinski.pl\/wp-content\/uploads\/2018\/12\/PSX_20181209_103601.jpg","width":2048,"height":1465},{"@type":"BreadcrumbList","@id":"https:\/\/marekkuchcinski.pl\/en\/wydarzenia\/marek-kuchcinski-naszej-podkarpackiej-ziemi-konca-60-opozycyjne-dzialania-mialy-rownie-silny-wymiar-czasach-zolnierzy-wykletych\/#breadcrumb","itemListElement":[{"@type":"ListItem","position":1,"name":"Strona g\u0142\u00f3wna","item":"https:\/\/marekkuchcinski.pl\/"},{"@type":"ListItem","position":2,"name":"Marek Kuchci\u0144ski: Na naszej podkarpackiej ziemi od ko\u0144ca lat 60. opozycyjne dzia\u0142ania mia\u0142y r\u00f3wnie silny wymiar jak w czasach \u017co\u0142nierzy wykl\u0119tych"}]},{"@type":"WebSite","@id":"https:\/\/marekkuchcinski.pl\/#website","url":"https:\/\/marekkuchcinski.pl\/","name":"Marek Kuchci\u0144ski","description":"Pose\u0142 na sejm RP &ndash; okr\u0119g nr 22","publisher":{"@id":"https:\/\/marekkuchcinski.pl\/#organization"},"potentialAction":[{"@type":"SearchAction","target":{"@type":"EntryPoint","urlTemplate":"https:\/\/marekkuchcinski.pl\/?s={search_term_string}"},"query-input":{"@type":"PropertyValueSpecification","valueRequired":true,"valueName":"search_term_string"}}],"inLanguage":"cs"},{"@type":"Organization","@id":"https:\/\/marekkuchcinski.pl\/#organization","name":"Marek Kuchci\u0144ski","url":"https:\/\/marekkuchcinski.pl\/","logo":{"@type":"ImageObject","inLanguage":"cs","@id":"https:\/\/marekkuchcinski.pl\/#\/schema\/logo\/image\/","url":"https:\/\/marekkuchcinski.pl\/wp-content\/uploads\/2022\/09\/Marek.jpg","contentUrl":"https:\/\/marekkuchcinski.pl\/wp-content\/uploads\/2022\/09\/Marek.jpg","width":1600,"height":971,"caption":"Marek Kuchci\u0144ski"},"image":{"@id":"https:\/\/marekkuchcinski.pl\/#\/schema\/logo\/image\/"}},{"@type":"Person","@id":"https:\/\/marekkuchcinski.pl\/#\/schema\/person\/6f62700996b4d950b6ea2d1183b6c6be","name":"admin","image":{"@type":"ImageObject","inLanguage":"cs","@id":"https:\/\/marekkuchcinski.pl\/#\/schema\/person\/image\/","url":"https:\/\/secure.gravatar.com\/avatar\/4bab693b9d55c3d6b52c0296a8765085?s=96&d=mm&r=g","contentUrl":"https:\/\/secure.gravatar.com\/avatar\/4bab693b9d55c3d6b52c0296a8765085?s=96&d=mm&r=g","caption":"admin"},"url":"https:\/\/marekkuchcinski.pl\/cs\/author\/marta-olejnik\/"}]}},"_links":{"self":[{"href":"https:\/\/marekkuchcinski.pl\/cs\/wp-json\/wp\/v2\/posts\/11602","targetHints":{"allow":["GET"]}}],"collection":[{"href":"https:\/\/marekkuchcinski.pl\/cs\/wp-json\/wp\/v2\/posts"}],"about":[{"href":"https:\/\/marekkuchcinski.pl\/cs\/wp-json\/wp\/v2\/types\/post"}],"author":[{"embeddable":true,"href":"https:\/\/marekkuchcinski.pl\/cs\/wp-json\/wp\/v2\/users\/6"}],"replies":[{"embeddable":true,"href":"https:\/\/marekkuchcinski.pl\/cs\/wp-json\/wp\/v2\/comments?post=11602"}],"version-history":[{"count":39,"href":"https:\/\/marekkuchcinski.pl\/cs\/wp-json\/wp\/v2\/posts\/11602\/revisions"}],"predecessor-version":[{"id":11682,"href":"https:\/\/marekkuchcinski.pl\/cs\/wp-json\/wp\/v2\/posts\/11602\/revisions\/11682"}],"wp:featuredmedia":[{"embeddable":true,"href":"https:\/\/marekkuchcinski.pl\/cs\/wp-json\/wp\/v2\/media\/11612"}],"wp:attachment":[{"href":"https:\/\/marekkuchcinski.pl\/cs\/wp-json\/wp\/v2\/media?parent=11602"}],"wp:term":[{"taxonomy":"category","embeddable":true,"href":"https:\/\/marekkuchcinski.pl\/cs\/wp-json\/wp\/v2\/categories?post=11602"},{"taxonomy":"post_tag","embeddable":true,"href":"https:\/\/marekkuchcinski.pl\/cs\/wp-json\/wp\/v2\/tags?post=11602"}],"curies":[{"name":"wp","href":"https:\/\/api.w.org\/{rel}","templated":true}]}}