{"id":11589,"date":"2018-12-09T00:04:57","date_gmt":"2018-12-08T23:04:57","guid":{"rendered":"https:\/\/marekkuchcinski.pl\/?p=11589"},"modified":"2018-12-10T13:14:03","modified_gmt":"2018-12-10T12:14:03","slug":"budapeszt","status":"publish","type":"post","link":"https:\/\/marekkuchcinski.pl\/cs\/wydarzenia\/budapeszt\/","title":{"rendered":"Budape\u0161\u0165. Oslavy 100 let nez\u00e1vislosti Polska"},"content":{"rendered":"<p>&nbsp;<\/p>\n<p><iframe title=\"Projev p\u0159edsedy Sejmu v Budape\u0161ti u p\u0159\u00edle\u017eitosti 100. v\u00fdro\u010d\u00ed nez\u00e1vislosti\" width=\"800\" height=\"450\" src=\"https:\/\/www.youtube.com\/embed\/c9Z1T38D4FA?feature=oembed\" frameborder=\"0\" allow=\"accelerometer; autoplay; clipboard-write; encrypted-media; gyroscope; picture-in-picture\" allowfullscreen><\/iframe><\/p>\n<p dir=\"ltr\">Druh\u00e1 republika, jej\u00ed\u017e 100. v\u00fdro\u010d\u00ed pr\u00e1v\u011b slav\u00edme, byla dobou dramatick\u00fdch a t\u011b\u017ek\u00fdch okam\u017eik\u016f, ale tak\u00e9 dobou v\u00edt\u011bzstv\u00ed lidsk\u00e9 my\u0161lenky, s\u00edly a energie. Jejich v\u00fdznam dalece p\u0159esahuje hranice Polska,\" \u0159ekl p\u0159edseda Sejmu p\u0159i zah\u00e1jen\u00ed slavnostn\u00ed konference v ma\u010farsk\u00e9m parlamentu, kter\u00e1 byla p\u0159ipravena z iniciativy p\u0159edsedy N\u00e1rodn\u00edho shrom\u00e1\u017ed\u011bn\u00ed L\u00e1szl\u00f3 K\u00f6v\u00e9ra a v\u011bnov\u00e1na 100. v\u00fdro\u010d\u00ed znovuz\u00edsk\u00e1n\u00ed nez\u00e1vislosti Polska.<\/p>\n<p dir=\"ltr\">P\u0159edseda Sejmu ve sv\u00e9m projevu p\u0159ipomn\u011bl, \u017ee Ma\u010farsko sehr\u00e1lo v\u00fdznamnou roli p\u0159i zrodu druh\u00e9 polsk\u00e9 republiky, a p\u0159ipomn\u011bl, \u017ee n\u011bkolik stovek Ma\u010far\u016f slou\u017eilo v legi\u00edch Jozefa Pilsudsk\u00e9ho a \u017ee b\u011bhem v\u00e1lky s bol\u0161evick\u00fdm Ruskem v roce 1920 by v\u00edt\u011bzstv\u00ed nebylo mo\u017en\u00e9 bez ma\u010farsk\u00fdch dod\u00e1vek munice a vojensk\u00e9 techniky.<\/p>\n<p dir=\"ltr\">Kdy\u017e mar\u0161\u00e1l Kuchci\u0144ski hovo\u0159il o polsko-ma\u010farsk\u00e9m p\u0159\u00e1telstv\u00ed, kter\u00e9 trvalo po cel\u00e9 meziv\u00e1le\u010dn\u00e9 obdob\u00ed, p\u0159ipomn\u011bl depe\u0161i premi\u00e9ra P\u00e1la Telekiho n\u011bmeck\u00e9mu kancl\u00e9\u0159i Adolfu Hitlerovi z \u010dervence 1939: \"Rad\u011bji bych vyhodil do pov\u011bt\u0159\u00ed na\u0161e \u017eelezni\u010dn\u00ed trat\u011b, ne\u017e abych se z\u00fa\u010dastnil invaze do Polska. Je v\u011bc\u00ed n\u00e1rodn\u00ed cti Ma\u010farska ne\u00fa\u010dastnit se \u017e\u00e1dn\u00fdch akc\u00ed proti Polsku\". - Tento telegram byl n\u011b\u010d\u00edm v\u00fdjime\u010dn\u00fd. Tato slova premi\u00e9ra Telekiho si dodnes uchov\u00e1v\u00e1me ve vd\u011b\u010dn\u00e9 pam\u011bti. Stejn\u011b jako velk\u00e1 pomoc, kterou b\u011bhem druh\u00e9 sv\u011btov\u00e9 v\u00e1lky poskytl ma\u010farsk\u00fd st\u00e1t, ale i oby\u010dejn\u00ed ma\u010far\u0161t\u00ed ob\u010dan\u00e9 desetitis\u00edc\u016fm uprchl\u00edk\u016f z Polska, v\u010detn\u011b mnoha d\u011bt\u00ed \u017eidovsk\u00e9ho p\u016fvodu,\" \u0159ekl.<\/p>\n<p dir=\"ltr\">Marek Kuchci\u0144ski s odkazem na spole\u010dn\u00e9 polsko-ma\u010farsk\u00e9 \u00fasil\u00ed o svobodu p\u0159ipomn\u011bl symbolick\u00e9 okam\u017eiky ned\u00e1vn\u00e9 historie obou n\u00e1rod\u016f, kter\u00e9 se odehr\u00e1ly b\u011bhem Var\u0161avsk\u00e9ho povst\u00e1n\u00ed, Ma\u010farsk\u00e9ho povst\u00e1n\u00ed, ud\u00e1lost\u00ed Pra\u017esk\u00e9ho jara, obdob\u00ed \"Solidarity\" a po\u010d\u00e1tku p\u00e1du komunismu. - Na\u0161i ma\u010far\u0161t\u00ed brat\u0159i pak byli s n\u00e1mi v t\u011b\u017ek\u00fdch chv\u00edl\u00edch 21. stolet\u00ed, jako byla katastrofa u Smolenska a smrt prezidenta Lecha Kaczy\u0144sk\u00e9ho v dubnu 2010, jeho\u017e pomn\u00edk byl ned\u00e1vno odhalen v Budape\u0161ti. Stejn\u011b jako busta mar\u0161\u00e1la J\u00f3zefa Pi\u0142sudsk\u00e9ho,\" poznamenal mar\u0161\u00e1l Kuchci\u0144ski.<\/p>\n<p dir=\"ltr\">V z\u00e1v\u011bru sv\u00e9ho projevu p\u0159edseda Sejmu p\u0159ipomn\u011bl symbolickou postavu Wac\u0142awa Felczaka, kur\u00fdra polsk\u00e9ho podzemn\u00edho st\u00e1tu za druh\u00e9 sv\u011btov\u00e9 v\u00e1lky a pozd\u011bji v\u00fdznamn\u00e9ho historika a velk\u00e9ho znalce Ma\u010farska, jeho\u017e jm\u00e9no nese letos zalo\u017een\u00fd Institut polsko-ma\u010farsk\u00e9 spolupr\u00e1ce: Institut polsko-ma\u010farsk\u00e9 spolupr\u00e1ce v Polsku a jeho ma\u010farsk\u00fd prot\u011bj\u0161ek, Nadace Wac\u0142awa Felczaka. Marek Kuchci\u0144ski p\u0159ipomn\u011bl slova profesora Felczaka, kter\u00e1 podle n\u011bj charakterizuj\u00ed polskou a ma\u010farskou politiku po z\u00edsk\u00e1n\u00ed nez\u00e1vislosti: \"Je p\u0159edev\u0161\u00edm na n\u00e1s, abychom zajistili, \u017ee zem\u011b st\u0159edn\u00ed Evropy u\u017e nikdy nebudou odsouzeny do postaven\u00ed cestuj\u00edc\u00edch ve vlaku, kter\u00fd jede sm\u011brem, kter\u00fd jsme si nevybrali, ani nezastavuje na zast\u00e1vk\u00e1ch, kde chceme. \"<\/p>\n<p dir=\"ltr\">Prezident L\u00e1szl\u00f3 K\u00f6v\u00e9r ve sv\u00e9m z\u00e1v\u011bre\u010dn\u00e9m projevu vyj\u00e1d\u0159il uspokojen\u00ed nad t\u00edm, \u017ee dnes m\u016f\u017ee spole\u010dn\u011b s polsk\u00fdm lidem oslavit 100 let na\u0161\u00ed nez\u00e1vislosti. P\u0159ipomn\u011bl, \u017ee Polsko a Ma\u010farsko maj\u00ed za sebou slo\u017eitou historii, z n\u00ed\u017e by nyn\u00ed m\u011bly vyvodit d\u016fsledky a v budoucnu nedovolit, aby se jejich zem\u011bmi proh\u00e1n\u011bla ciz\u00ed vojska. Zd\u016fraznil, \u017ee ob\u011b zem\u011b by nyn\u00ed m\u011bly ve spolupr\u00e1ci se zem\u011bmi Visegr\u00e1dsk\u00e9 skupiny pe\u010dovat o rozvoj st\u0159edn\u00ed Evropy a h\u00e1jit jej\u00ed z\u00e1jmy a k\u0159es\u0165anskou identitu.<\/p>\n<p dir=\"ltr\">Na slavnosti vystoupili tak\u00e9 pol\u0161t\u00ed a ma\u010far\u0161t\u00ed historici. Polsko zastupovali z\u00e1stupci Rady Institutu polsko-ma\u010farsk\u00e9 spolupr\u00e1ce Wac\u0142awa Felczaka, profesor Arkadiusz Adamczyk a Dr. Adam Szabelski. P\u0159edn\u00e1\u0161ej\u00edc\u00ed p\u0159edstavili \u010detn\u00fdm host\u016fm z\u00e1klady a prvky polsko-ma\u010farsk\u00e9ho p\u0159\u00e1telstv\u00ed v r\u016fzn\u00fdch obdob\u00edch na\u0161ich d\u011bjin od roku 1918 a\u017e po sou\u010dasnost.<\/p>\n<p dir=\"ltr\">Po oslav\u00e1ch v parlamentu se p\u0159edseda Sejmu vydal na polsk\u00e9 velvyslanectv\u00ed v Budape\u0161ti, kde se setkal s ma\u010farskou polskou komunitou. P\u0159i p\u0159ed\u00e1v\u00e1n\u00ed v\u00e1no\u010dn\u00edch p\u0159\u00e1n\u00ed p\u0159ipomn\u011bl, \u017ee kon\u010d\u00edc\u00ed rok 2018 je pro Polsko v\u00fdjime\u010dn\u00fd 100. v\u00fdro\u010d\u00edm znovuz\u00edsk\u00e1n\u00ed nez\u00e1vislosti Polska a 550. v\u00fdro\u010d\u00edm vzniku parlamentarismu Polsk\u00e9 republiky - nejd\u00e9le funguj\u00edc\u00ed st\u00e1tn\u00ed instituce v na\u0161\u00ed vlasti. Marek Kuchci\u0144ski se rovn\u011b\u017e pochvaln\u011b vyj\u00e1d\u0159il o polsko-ma\u010farsk\u00fdch vztaz\u00edch. - V na\u0161em p\u0159\u00edpad\u011b spolu spolupracuj\u00ed svobodn\u00e9 st\u00e1ty i svobodn\u00e9 n\u00e1rody a vy jako ma\u010farsk\u00e1 polsk\u00e1 komunita jste toho nejlep\u0161\u00edm d\u016fkazem,\" \u0159ekl.<\/p>\n<p dir=\"ltr\"><span style=\"color: #000000;\">ODKAZ:\u00a0<a style=\"color: #000000;\" href=\"https:\/\/marekkuchcinski.pl\/wp-content\/uploads\/2018\/12\/Ca\u0142e-wysta\u0328pienie-marsza\u0142ka-Sejmu-w-Budapeszczie.pdf\">Cel\u00fd projev p\u0159edsedy Sejmu v Budape\u0161ti<\/a><\/span><\/p>\n<p><a href=\"https:\/\/marekkuchcinski.pl\/wp-content\/uploads\/2018\/12\/RZ__0167.jpg\"><img fetchpriority=\"high\" decoding=\"async\" class=\"alignnone size-full wp-image-11596\" src=\"https:\/\/marekkuchcinski.pl\/wp-content\/uploads\/2018\/12\/RZ__0167.jpg\" alt=\"RZ__0167\" width=\"4464\" height=\"2976\" srcset=\"https:\/\/marekkuchcinski.pl\/wp-content\/uploads\/2018\/12\/RZ__0167.jpg 2048w, https:\/\/marekkuchcinski.pl\/wp-content\/uploads\/2018\/12\/RZ__0167-300x200.jpg 300w, https:\/\/marekkuchcinski.pl\/wp-content\/uploads\/2018\/12\/RZ__0167-768x512.jpg 768w, https:\/\/marekkuchcinski.pl\/wp-content\/uploads\/2018\/12\/RZ__0167-1024x683.jpg 1024w\" sizes=\"(max-width: 4464px) 100vw, 4464px\" \/><\/a><a href=\"https:\/\/marekkuchcinski.pl\/wp-content\/uploads\/2018\/12\/RZ__0077.view_.jpg\"><img decoding=\"async\" class=\"alignnone size-full wp-image-11590\" src=\"https:\/\/marekkuchcinski.pl\/wp-content\/uploads\/2018\/12\/RZ__0077.view_.jpg\" alt=\"RZ__0077.view\" width=\"800\" height=\"533\" srcset=\"https:\/\/marekkuchcinski.pl\/wp-content\/uploads\/2018\/12\/RZ__0077.view_.jpg 800w, https:\/\/marekkuchcinski.pl\/wp-content\/uploads\/2018\/12\/RZ__0077.view_-300x200.jpg 300w, https:\/\/marekkuchcinski.pl\/wp-content\/uploads\/2018\/12\/RZ__0077.view_-768x512.jpg 768w\" sizes=\"(max-width: 800px) 100vw, 800px\" \/><\/a> <a href=\"https:\/\/marekkuchcinski.pl\/wp-content\/uploads\/2018\/12\/RZ__0125.jpg\"><img decoding=\"async\" class=\"alignnone size-full wp-image-11592\" src=\"https:\/\/marekkuchcinski.pl\/wp-content\/uploads\/2018\/12\/RZ__0125.jpg\" alt=\"RZ__0125\" width=\"4464\" height=\"2976\" srcset=\"https:\/\/marekkuchcinski.pl\/wp-content\/uploads\/2018\/12\/RZ__0125.jpg 2048w, https:\/\/marekkuchcinski.pl\/wp-content\/uploads\/2018\/12\/RZ__0125-300x200.jpg 300w, https:\/\/marekkuchcinski.pl\/wp-content\/uploads\/2018\/12\/RZ__0125-768x512.jpg 768w, https:\/\/marekkuchcinski.pl\/wp-content\/uploads\/2018\/12\/RZ__0125-1024x683.jpg 1024w\" sizes=\"(max-width: 4464px) 100vw, 4464px\" \/><\/a> <a href=\"https:\/\/marekkuchcinski.pl\/wp-content\/uploads\/2018\/12\/RZ__0385.view_.jpg\"><img loading=\"lazy\" decoding=\"async\" class=\"alignnone size-full wp-image-11593\" src=\"https:\/\/marekkuchcinski.pl\/wp-content\/uploads\/2018\/12\/RZ__0385.view_.jpg\" alt=\"RZ__0385.view\" width=\"800\" height=\"533\" srcset=\"https:\/\/marekkuchcinski.pl\/wp-content\/uploads\/2018\/12\/RZ__0385.view_.jpg 800w, https:\/\/marekkuchcinski.pl\/wp-content\/uploads\/2018\/12\/RZ__0385.view_-300x200.jpg 300w, https:\/\/marekkuchcinski.pl\/wp-content\/uploads\/2018\/12\/RZ__0385.view_-768x512.jpg 768w\" sizes=\"(max-width: 800px) 100vw, 800px\" \/><\/a> <a href=\"https:\/\/marekkuchcinski.pl\/wp-content\/uploads\/2018\/12\/RZ__0598.view_.jpg\"><img loading=\"lazy\" decoding=\"async\" class=\"alignnone size-full wp-image-11594\" src=\"https:\/\/marekkuchcinski.pl\/wp-content\/uploads\/2018\/12\/RZ__0598.view_.jpg\" alt=\"RZ__0598.view\" width=\"800\" height=\"533\" srcset=\"https:\/\/marekkuchcinski.pl\/wp-content\/uploads\/2018\/12\/RZ__0598.view_.jpg 800w, https:\/\/marekkuchcinski.pl\/wp-content\/uploads\/2018\/12\/RZ__0598.view_-300x200.jpg 300w, https:\/\/marekkuchcinski.pl\/wp-content\/uploads\/2018\/12\/RZ__0598.view_-768x512.jpg 768w\" sizes=\"(max-width: 800px) 100vw, 800px\" \/><\/a><a href=\"https:\/\/marekkuchcinski.pl\/wp-content\/uploads\/2018\/12\/RZ__0897.jpg\"><img loading=\"lazy\" decoding=\"async\" class=\"alignnone size-full wp-image-11685\" src=\"https:\/\/marekkuchcinski.pl\/wp-content\/uploads\/2018\/12\/RZ__0897.jpg\" alt=\"RZ__0897\" width=\"2644\" height=\"1720\" srcset=\"https:\/\/marekkuchcinski.pl\/wp-content\/uploads\/2018\/12\/RZ__0897.jpg 2048w, https:\/\/marekkuchcinski.pl\/wp-content\/uploads\/2018\/12\/RZ__0897-300x195.jpg 300w, https:\/\/marekkuchcinski.pl\/wp-content\/uploads\/2018\/12\/RZ__0897-768x500.jpg 768w, https:\/\/marekkuchcinski.pl\/wp-content\/uploads\/2018\/12\/RZ__0897-1024x666.jpg 1024w\" sizes=\"(max-width: 2644px) 100vw, 2644px\" \/><\/a><\/p>\n<p><em>Foto: Rafa\u0142 Zambrzycki\/ Sejm<\/em><\/p>","protected":false},"excerpt":{"rendered":"<p>&nbsp; II Rzeczpospolita, kt\u00f3rej 100-letni\u0105 rocznic\u0119 ustanowienia w\u0142a\u015bnie obchodzimy, to czas moment\u00f3w dramatycznych i trudnych,\u00a0 ale te\u017c czas triumfu ludzkiej my\u015bli, si\u0142y i energii. Daleko swoim znaczeniem przekraczaj\u0105cych granice Polski &#8211; powiedzia\u0142 marsza\u0142ek Sejmu, otwieraj\u0105c w w\u0119gierskim Parlamencie uroczyst\u0105 konferencj\u0119 przygotowan\u0105 z inicjatywy przewodnicz\u0105cego Zgromadzenia Narodowego L\u00e1szl\u00f3 K\u00f6v\u00e9ra, po\u015bwi\u0119con\u0105 100-leciu odzyskania przez Polsk\u0119 niepodleg\u0142o\u015bci. Marsza\u0142ek [&hellip;]<\/p>","protected":false},"author":6,"featured_media":11590,"comment_status":"open","ping_status":"open","sticky":false,"template":"","format":"standard","meta":{"ngg_post_thumbnail":0,"footnotes":""},"categories":[50,3],"tags":[],"class_list":["post-11589","post","type-post","status-publish","format-standard","has-post-thumbnail","hentry","category-wspolpraca-miedzynarodowa","category-wydarzenia"],"yoast_head":"<!-- This site is optimized with the Yoast SEO plugin v24.7 - https:\/\/yoast.com\/wordpress\/plugins\/seo\/ -->\n<title>Budapeszt. Obchody 100-lecia odzyskania niepodleg\u0142o\u015bci przez Polsk\u0119 &#8211; Marek Kuchci\u0144ski<\/title>\n<meta name=\"robots\" content=\"index, follow, max-snippet:-1, max-image-preview:large, max-video-preview:-1\" \/>\n<link rel=\"canonical\" href=\"https:\/\/marekkuchcinski.pl\/cs\/wydarzenia\/budapeszt\/\" \/>\n<meta property=\"og:locale\" content=\"cs_CZ\" \/>\n<meta property=\"og:type\" content=\"article\" \/>\n<meta property=\"og:title\" content=\"Budapeszt. Obchody 100-lecia odzyskania niepodleg\u0142o\u015bci przez Polsk\u0119 &#8211; Marek Kuchci\u0144ski\" \/>\n<meta property=\"og:description\" content=\"&nbsp; II Rzeczpospolita, kt\u00f3rej 100-letni\u0105 rocznic\u0119 ustanowienia w\u0142a\u015bnie obchodzimy, to czas moment\u00f3w dramatycznych i trudnych,\u00a0 ale te\u017c czas triumfu ludzkiej my\u015bli, si\u0142y i energii. Daleko swoim znaczeniem przekraczaj\u0105cych granice Polski &#8211; powiedzia\u0142 marsza\u0142ek Sejmu, otwieraj\u0105c w w\u0119gierskim Parlamencie uroczyst\u0105 konferencj\u0119 przygotowan\u0105 z inicjatywy przewodnicz\u0105cego Zgromadzenia Narodowego L\u00e1szl\u00f3 K\u00f6v\u00e9ra, po\u015bwi\u0119con\u0105 100-leciu odzyskania przez Polsk\u0119 niepodleg\u0142o\u015bci. Marsza\u0142ek [&hellip;]\" \/>\n<meta property=\"og:url\" content=\"https:\/\/marekkuchcinski.pl\/cs\/wydarzenia\/budapeszt\/\" \/>\n<meta property=\"og:site_name\" content=\"Marek Kuchci\u0144ski\" \/>\n<meta property=\"article:published_time\" content=\"2018-12-08T23:04:57+00:00\" \/>\n<meta property=\"article:modified_time\" content=\"2018-12-10T12:14:03+00:00\" \/>\n<meta property=\"og:image\" content=\"https:\/\/marekkuchcinski.pl\/wp-content\/uploads\/2018\/12\/RZ__0077.view_.jpg\" \/>\n\t<meta property=\"og:image:width\" content=\"800\" \/>\n\t<meta property=\"og:image:height\" content=\"533\" \/>\n\t<meta property=\"og:image:type\" content=\"image\/jpeg\" \/>\n<meta name=\"author\" content=\"admin\" \/>\n<meta name=\"twitter:card\" content=\"summary_large_image\" \/>\n<meta name=\"twitter:label1\" content=\"Napsal(a)\" \/>\n\t<meta name=\"twitter:data1\" content=\"admin\" \/>\n\t<meta name=\"twitter:label2\" content=\"Odhadovan\u00e1 doba \u010dten\u00ed\" \/>\n\t<meta name=\"twitter:data2\" content=\"4 minuty\" \/>\n<script type=\"application\/ld+json\" class=\"yoast-schema-graph\">{\"@context\":\"https:\/\/schema.org\",\"@graph\":[{\"@type\":\"Article\",\"@id\":\"https:\/\/marekkuchcinski.pl\/en\/wydarzenia\/budapeszt\/#article\",\"isPartOf\":{\"@id\":\"https:\/\/marekkuchcinski.pl\/en\/wydarzenia\/budapeszt\/\"},\"author\":{\"name\":\"admin\",\"@id\":\"https:\/\/marekkuchcinski.pl\/#\/schema\/person\/6f62700996b4d950b6ea2d1183b6c6be\"},\"headline\":\"Budapeszt. Obchody 100-lecia odzyskania niepodleg\u0142o\u015bci przez Polsk\u0119\",\"datePublished\":\"2018-12-08T23:04:57+00:00\",\"dateModified\":\"2018-12-10T12:14:03+00:00\",\"mainEntityOfPage\":{\"@id\":\"https:\/\/marekkuchcinski.pl\/en\/wydarzenia\/budapeszt\/\"},\"wordCount\":803,\"commentCount\":0,\"publisher\":{\"@id\":\"https:\/\/marekkuchcinski.pl\/#organization\"},\"image\":{\"@id\":\"https:\/\/marekkuchcinski.pl\/en\/wydarzenia\/budapeszt\/#primaryimage\"},\"thumbnailUrl\":\"https:\/\/marekkuchcinski.pl\/wp-content\/uploads\/2018\/12\/RZ__0077.view_.jpg\",\"articleSection\":[\"Wsp\u00f3\u0142praca mi\u0119dzynarodowa\",\"Wydarzenia\"],\"inLanguage\":\"cs\",\"potentialAction\":[{\"@type\":\"CommentAction\",\"name\":\"Comment\",\"target\":[\"https:\/\/marekkuchcinski.pl\/en\/wydarzenia\/budapeszt\/#respond\"]}]},{\"@type\":\"WebPage\",\"@id\":\"https:\/\/marekkuchcinski.pl\/en\/wydarzenia\/budapeszt\/\",\"url\":\"https:\/\/marekkuchcinski.pl\/en\/wydarzenia\/budapeszt\/\",\"name\":\"Budapeszt. Obchody 100-lecia odzyskania niepodleg\u0142o\u015bci przez Polsk\u0119 &#8211; Marek Kuchci\u0144ski\",\"isPartOf\":{\"@id\":\"https:\/\/marekkuchcinski.pl\/#website\"},\"primaryImageOfPage\":{\"@id\":\"https:\/\/marekkuchcinski.pl\/en\/wydarzenia\/budapeszt\/#primaryimage\"},\"image\":{\"@id\":\"https:\/\/marekkuchcinski.pl\/en\/wydarzenia\/budapeszt\/#primaryimage\"},\"thumbnailUrl\":\"https:\/\/marekkuchcinski.pl\/wp-content\/uploads\/2018\/12\/RZ__0077.view_.jpg\",\"datePublished\":\"2018-12-08T23:04:57+00:00\",\"dateModified\":\"2018-12-10T12:14:03+00:00\",\"breadcrumb\":{\"@id\":\"https:\/\/marekkuchcinski.pl\/en\/wydarzenia\/budapeszt\/#breadcrumb\"},\"inLanguage\":\"cs\",\"potentialAction\":[{\"@type\":\"ReadAction\",\"target\":[\"https:\/\/marekkuchcinski.pl\/en\/wydarzenia\/budapeszt\/\"]}]},{\"@type\":\"ImageObject\",\"inLanguage\":\"cs\",\"@id\":\"https:\/\/marekkuchcinski.pl\/en\/wydarzenia\/budapeszt\/#primaryimage\",\"url\":\"https:\/\/marekkuchcinski.pl\/wp-content\/uploads\/2018\/12\/RZ__0077.view_.jpg\",\"contentUrl\":\"https:\/\/marekkuchcinski.pl\/wp-content\/uploads\/2018\/12\/RZ__0077.view_.jpg\",\"width\":800,\"height\":533},{\"@type\":\"BreadcrumbList\",\"@id\":\"https:\/\/marekkuchcinski.pl\/en\/wydarzenia\/budapeszt\/#breadcrumb\",\"itemListElement\":[{\"@type\":\"ListItem\",\"position\":1,\"name\":\"Strona g\u0142\u00f3wna\",\"item\":\"https:\/\/marekkuchcinski.pl\/\"},{\"@type\":\"ListItem\",\"position\":2,\"name\":\"Budapeszt. Obchody 100-lecia odzyskania niepodleg\u0142o\u015bci przez Polsk\u0119\"}]},{\"@type\":\"WebSite\",\"@id\":\"https:\/\/marekkuchcinski.pl\/#website\",\"url\":\"https:\/\/marekkuchcinski.pl\/\",\"name\":\"Marek Kuchci\u0144ski\",\"description\":\"Pose\u0142 na sejm RP &ndash; okr\u0119g nr 22\",\"publisher\":{\"@id\":\"https:\/\/marekkuchcinski.pl\/#organization\"},\"potentialAction\":[{\"@type\":\"SearchAction\",\"target\":{\"@type\":\"EntryPoint\",\"urlTemplate\":\"https:\/\/marekkuchcinski.pl\/?s={search_term_string}\"},\"query-input\":{\"@type\":\"PropertyValueSpecification\",\"valueRequired\":true,\"valueName\":\"search_term_string\"}}],\"inLanguage\":\"cs\"},{\"@type\":\"Organization\",\"@id\":\"https:\/\/marekkuchcinski.pl\/#organization\",\"name\":\"Marek Kuchci\u0144ski\",\"url\":\"https:\/\/marekkuchcinski.pl\/\",\"logo\":{\"@type\":\"ImageObject\",\"inLanguage\":\"cs\",\"@id\":\"https:\/\/marekkuchcinski.pl\/#\/schema\/logo\/image\/\",\"url\":\"https:\/\/marekkuchcinski.pl\/wp-content\/uploads\/2022\/09\/Marek.jpg\",\"contentUrl\":\"https:\/\/marekkuchcinski.pl\/wp-content\/uploads\/2022\/09\/Marek.jpg\",\"width\":1600,\"height\":971,\"caption\":\"Marek Kuchci\u0144ski\"},\"image\":{\"@id\":\"https:\/\/marekkuchcinski.pl\/#\/schema\/logo\/image\/\"}},{\"@type\":\"Person\",\"@id\":\"https:\/\/marekkuchcinski.pl\/#\/schema\/person\/6f62700996b4d950b6ea2d1183b6c6be\",\"name\":\"admin\",\"image\":{\"@type\":\"ImageObject\",\"inLanguage\":\"cs\",\"@id\":\"https:\/\/marekkuchcinski.pl\/#\/schema\/person\/image\/\",\"url\":\"https:\/\/secure.gravatar.com\/avatar\/4bab693b9d55c3d6b52c0296a8765085?s=96&d=mm&r=g\",\"contentUrl\":\"https:\/\/secure.gravatar.com\/avatar\/4bab693b9d55c3d6b52c0296a8765085?s=96&d=mm&r=g\",\"caption\":\"admin\"},\"url\":\"https:\/\/marekkuchcinski.pl\/cs\/author\/marta-olejnik\/\"}]}<\/script>\n<!-- \/ Yoast SEO plugin. -->","yoast_head_json":{"title":"Budapeszt. Obchody 100-lecia odzyskania niepodleg\u0142o\u015bci przez Polsk\u0119 &#8211; Marek Kuchci\u0144ski","robots":{"index":"index","follow":"follow","max-snippet":"max-snippet:-1","max-image-preview":"max-image-preview:large","max-video-preview":"max-video-preview:-1"},"canonical":"https:\/\/marekkuchcinski.pl\/cs\/wydarzenia\/budapeszt\/","og_locale":"cs_CZ","og_type":"article","og_title":"Budapeszt. Obchody 100-lecia odzyskania niepodleg\u0142o\u015bci przez Polsk\u0119 &#8211; Marek Kuchci\u0144ski","og_description":"&nbsp; II Rzeczpospolita, kt\u00f3rej 100-letni\u0105 rocznic\u0119 ustanowienia w\u0142a\u015bnie obchodzimy, to czas moment\u00f3w dramatycznych i trudnych,\u00a0 ale te\u017c czas triumfu ludzkiej my\u015bli, si\u0142y i energii. Daleko swoim znaczeniem przekraczaj\u0105cych granice Polski &#8211; powiedzia\u0142 marsza\u0142ek Sejmu, otwieraj\u0105c w w\u0119gierskim Parlamencie uroczyst\u0105 konferencj\u0119 przygotowan\u0105 z inicjatywy przewodnicz\u0105cego Zgromadzenia Narodowego L\u00e1szl\u00f3 K\u00f6v\u00e9ra, po\u015bwi\u0119con\u0105 100-leciu odzyskania przez Polsk\u0119 niepodleg\u0142o\u015bci. Marsza\u0142ek [&hellip;]","og_url":"https:\/\/marekkuchcinski.pl\/cs\/wydarzenia\/budapeszt\/","og_site_name":"Marek Kuchci\u0144ski","article_published_time":"2018-12-08T23:04:57+00:00","article_modified_time":"2018-12-10T12:14:03+00:00","og_image":[{"width":800,"height":533,"url":"https:\/\/marekkuchcinski.pl\/wp-content\/uploads\/2018\/12\/RZ__0077.view_.jpg","type":"image\/jpeg"}],"author":"admin","twitter_card":"summary_large_image","twitter_misc":{"Napsal(a)":"admin","Odhadovan\u00e1 doba \u010dten\u00ed":"4 minuty"},"schema":{"@context":"https:\/\/schema.org","@graph":[{"@type":"Article","@id":"https:\/\/marekkuchcinski.pl\/en\/wydarzenia\/budapeszt\/#article","isPartOf":{"@id":"https:\/\/marekkuchcinski.pl\/en\/wydarzenia\/budapeszt\/"},"author":{"name":"admin","@id":"https:\/\/marekkuchcinski.pl\/#\/schema\/person\/6f62700996b4d950b6ea2d1183b6c6be"},"headline":"Budapeszt. Obchody 100-lecia odzyskania niepodleg\u0142o\u015bci przez Polsk\u0119","datePublished":"2018-12-08T23:04:57+00:00","dateModified":"2018-12-10T12:14:03+00:00","mainEntityOfPage":{"@id":"https:\/\/marekkuchcinski.pl\/en\/wydarzenia\/budapeszt\/"},"wordCount":803,"commentCount":0,"publisher":{"@id":"https:\/\/marekkuchcinski.pl\/#organization"},"image":{"@id":"https:\/\/marekkuchcinski.pl\/en\/wydarzenia\/budapeszt\/#primaryimage"},"thumbnailUrl":"https:\/\/marekkuchcinski.pl\/wp-content\/uploads\/2018\/12\/RZ__0077.view_.jpg","articleSection":["Wsp\u00f3\u0142praca mi\u0119dzynarodowa","Wydarzenia"],"inLanguage":"cs","potentialAction":[{"@type":"CommentAction","name":"Comment","target":["https:\/\/marekkuchcinski.pl\/en\/wydarzenia\/budapeszt\/#respond"]}]},{"@type":"WebPage","@id":"https:\/\/marekkuchcinski.pl\/en\/wydarzenia\/budapeszt\/","url":"https:\/\/marekkuchcinski.pl\/en\/wydarzenia\/budapeszt\/","name":"Budapeszt. Obchody 100-lecia odzyskania niepodleg\u0142o\u015bci przez Polsk\u0119 &#8211; Marek Kuchci\u0144ski","isPartOf":{"@id":"https:\/\/marekkuchcinski.pl\/#website"},"primaryImageOfPage":{"@id":"https:\/\/marekkuchcinski.pl\/en\/wydarzenia\/budapeszt\/#primaryimage"},"image":{"@id":"https:\/\/marekkuchcinski.pl\/en\/wydarzenia\/budapeszt\/#primaryimage"},"thumbnailUrl":"https:\/\/marekkuchcinski.pl\/wp-content\/uploads\/2018\/12\/RZ__0077.view_.jpg","datePublished":"2018-12-08T23:04:57+00:00","dateModified":"2018-12-10T12:14:03+00:00","breadcrumb":{"@id":"https:\/\/marekkuchcinski.pl\/en\/wydarzenia\/budapeszt\/#breadcrumb"},"inLanguage":"cs","potentialAction":[{"@type":"ReadAction","target":["https:\/\/marekkuchcinski.pl\/en\/wydarzenia\/budapeszt\/"]}]},{"@type":"ImageObject","inLanguage":"cs","@id":"https:\/\/marekkuchcinski.pl\/en\/wydarzenia\/budapeszt\/#primaryimage","url":"https:\/\/marekkuchcinski.pl\/wp-content\/uploads\/2018\/12\/RZ__0077.view_.jpg","contentUrl":"https:\/\/marekkuchcinski.pl\/wp-content\/uploads\/2018\/12\/RZ__0077.view_.jpg","width":800,"height":533},{"@type":"BreadcrumbList","@id":"https:\/\/marekkuchcinski.pl\/en\/wydarzenia\/budapeszt\/#breadcrumb","itemListElement":[{"@type":"ListItem","position":1,"name":"Strona g\u0142\u00f3wna","item":"https:\/\/marekkuchcinski.pl\/"},{"@type":"ListItem","position":2,"name":"Budapeszt. Obchody 100-lecia odzyskania niepodleg\u0142o\u015bci przez Polsk\u0119"}]},{"@type":"WebSite","@id":"https:\/\/marekkuchcinski.pl\/#website","url":"https:\/\/marekkuchcinski.pl\/","name":"Marek Kuchci\u0144ski","description":"Pose\u0142 na sejm RP &ndash; okr\u0119g nr 22","publisher":{"@id":"https:\/\/marekkuchcinski.pl\/#organization"},"potentialAction":[{"@type":"SearchAction","target":{"@type":"EntryPoint","urlTemplate":"https:\/\/marekkuchcinski.pl\/?s={search_term_string}"},"query-input":{"@type":"PropertyValueSpecification","valueRequired":true,"valueName":"search_term_string"}}],"inLanguage":"cs"},{"@type":"Organization","@id":"https:\/\/marekkuchcinski.pl\/#organization","name":"Marek Kuchci\u0144ski","url":"https:\/\/marekkuchcinski.pl\/","logo":{"@type":"ImageObject","inLanguage":"cs","@id":"https:\/\/marekkuchcinski.pl\/#\/schema\/logo\/image\/","url":"https:\/\/marekkuchcinski.pl\/wp-content\/uploads\/2022\/09\/Marek.jpg","contentUrl":"https:\/\/marekkuchcinski.pl\/wp-content\/uploads\/2022\/09\/Marek.jpg","width":1600,"height":971,"caption":"Marek Kuchci\u0144ski"},"image":{"@id":"https:\/\/marekkuchcinski.pl\/#\/schema\/logo\/image\/"}},{"@type":"Person","@id":"https:\/\/marekkuchcinski.pl\/#\/schema\/person\/6f62700996b4d950b6ea2d1183b6c6be","name":"admin","image":{"@type":"ImageObject","inLanguage":"cs","@id":"https:\/\/marekkuchcinski.pl\/#\/schema\/person\/image\/","url":"https:\/\/secure.gravatar.com\/avatar\/4bab693b9d55c3d6b52c0296a8765085?s=96&d=mm&r=g","contentUrl":"https:\/\/secure.gravatar.com\/avatar\/4bab693b9d55c3d6b52c0296a8765085?s=96&d=mm&r=g","caption":"admin"},"url":"https:\/\/marekkuchcinski.pl\/cs\/author\/marta-olejnik\/"}]}},"_links":{"self":[{"href":"https:\/\/marekkuchcinski.pl\/cs\/wp-json\/wp\/v2\/posts\/11589","targetHints":{"allow":["GET"]}}],"collection":[{"href":"https:\/\/marekkuchcinski.pl\/cs\/wp-json\/wp\/v2\/posts"}],"about":[{"href":"https:\/\/marekkuchcinski.pl\/cs\/wp-json\/wp\/v2\/types\/post"}],"author":[{"embeddable":true,"href":"https:\/\/marekkuchcinski.pl\/cs\/wp-json\/wp\/v2\/users\/6"}],"replies":[{"embeddable":true,"href":"https:\/\/marekkuchcinski.pl\/cs\/wp-json\/wp\/v2\/comments?post=11589"}],"version-history":[{"count":9,"href":"https:\/\/marekkuchcinski.pl\/cs\/wp-json\/wp\/v2\/posts\/11589\/revisions"}],"predecessor-version":[{"id":11686,"href":"https:\/\/marekkuchcinski.pl\/cs\/wp-json\/wp\/v2\/posts\/11589\/revisions\/11686"}],"wp:featuredmedia":[{"embeddable":true,"href":"https:\/\/marekkuchcinski.pl\/cs\/wp-json\/wp\/v2\/media\/11590"}],"wp:attachment":[{"href":"https:\/\/marekkuchcinski.pl\/cs\/wp-json\/wp\/v2\/media?parent=11589"}],"wp:term":[{"taxonomy":"category","embeddable":true,"href":"https:\/\/marekkuchcinski.pl\/cs\/wp-json\/wp\/v2\/categories?post=11589"},{"taxonomy":"post_tag","embeddable":true,"href":"https:\/\/marekkuchcinski.pl\/cs\/wp-json\/wp\/v2\/tags?post=11589"}],"curies":[{"name":"wp","href":"https:\/\/api.w.org\/{rel}","templated":true}]}}