{"id":11575,"date":"2018-12-07T15:22:27","date_gmt":"2018-12-07T14:22:27","guid":{"rendered":"https:\/\/marekkuchcinski.pl\/?p=11575"},"modified":"2018-12-07T15:24:47","modified_gmt":"2018-12-07T14:24:47","slug":"marek-kuchcinski-produkty-regionalne-zyskuja-znaczeniu-powinnismy-dolozyc-wszelkich-staran-aby-promowac-je-we-wlasnym-kraju-europie-swiecie","status":"publish","type":"post","link":"https:\/\/marekkuchcinski.pl\/cs\/wydarzenia\/marek-kuchcinski-produkty-regionalne-zyskuja-znaczeniu-powinnismy-dolozyc-wszelkich-staran-aby-promowac-je-we-wlasnym-kraju-europie-swiecie\/","title":{"rendered":"Marek Kuchci\u0144ski: Region\u00e1ln\u00ed produkty nab\u00fdvaj\u00ed na v\u00fdznamu. M\u011bli bychom vynalo\u017eit ve\u0161ker\u00e9 \u00fasil\u00ed na jejich propagaci v na\u0161\u00ed zemi, v Evrop\u011b i ve sv\u011bt\u011b."},"content":{"rendered":"<p><strong>Polsk\u00e9 potraviny jsou zdrav\u011bj\u0161\u00ed a chutn\u011bj\u0161\u00ed a s rostouc\u00edm ekologick\u00fdm pov\u011bdom\u00edm z\u00edsk\u00e1vaj\u00ed na hodnot\u011b. Ne nadarmo je nejv\u00edce registrovan\u00fdch tradi\u010dn\u00edch v\u00fdrobk\u016f (p\u0159es 200) v kr\u00e1sn\u00e9m a zelen\u00e9m Podkarpatsku, kde se lid\u00e9 do\u017e\u00edvaj\u00ed nejdel\u0161\u00edho v\u011bku.\u00a0<\/strong><\/p>\n<p>- Zdrav\u00e9 a kvalitn\u00ed potraviny jsou na trhu st\u00e1le v\u00edce cen\u011bny. Ekologick\u00e9 produkty. D\u00edky tomu se vracej\u00ed dobr\u00e9, tradi\u010dn\u00ed chut\u011b a na v\u00fdznamu z\u00edsk\u00e1vaj\u00ed netradi\u010dn\u00ed region\u00e1ln\u00ed produkty, kter\u00e9 mohou uspokojit vyt\u0159\u00edben\u00e9 chut\u011b spot\u0159ebitel\u016f - napsal Marek Kuchci\u0144ski v dopise \u00fa\u010dastn\u00edk\u016fm Ekogaly na Podkarpatsku. P\u0159edseda Sejmu zd\u016fraznil, \u017ee bychom m\u011bli vynalo\u017eit ve\u0161ker\u00e9 \u00fasil\u00ed na propagaci region\u00e1ln\u00edch v\u00fdrobk\u016f v na\u0161\u00ed zemi, v Evrop\u011b i ve sv\u011bt\u011b.<\/p>\n<p>Ochrana a podpora region\u00e1ln\u00edch a tradi\u010dn\u00edch produkt\u016f je jedn\u00edm z nejd\u016fle\u017eit\u011bj\u0161\u00edch faktor\u016f ovliv\u0148uj\u00edc\u00edch udr\u017eiteln\u00fd rozvoj venkovsk\u00fdch oblast\u00ed. Krom\u011b toho je chr\u00e1n\u011bno i kulturn\u00ed d\u011bdictv\u00ed venkovsk\u00fdch oblast\u00ed, co\u017e do zna\u010dn\u00e9 m\u00edry p\u0159isp\u00edv\u00e1 ke zv\u00fd\u0161en\u00ed atraktivity venkovsk\u00fdch oblast\u00ed a k rozvoji agroturistiky a venkovsk\u00e9 turistiky. (Ministerstvo zem\u011bd\u011blstv\u00ed a rozvoje venkova)<\/p>\n<p><strong><span style=\"color: #339966;\"><a style=\"color: #339966;\" href=\"https:\/\/marekkuchcinski.pl\/wp-content\/uploads\/2018\/12\/Ekologia-7-grudnia.pdf\">SEZNAM<\/a><\/span><\/strong><\/p>\n<p><a href=\"https:\/\/marekkuchcinski.pl\/wp-content\/uploads\/2018\/12\/Prod-reg.jpg\"><img fetchpriority=\"high\" decoding=\"async\" class=\"alignnone size-full wp-image-11579\" src=\"https:\/\/marekkuchcinski.pl\/wp-content\/uploads\/2018\/12\/Prod-reg.jpg\" alt=\"Prod reg\" width=\"869\" height=\"523\" srcset=\"https:\/\/marekkuchcinski.pl\/wp-content\/uploads\/2018\/12\/Prod-reg.jpg 869w, https:\/\/marekkuchcinski.pl\/wp-content\/uploads\/2018\/12\/Prod-reg-300x181.jpg 300w, https:\/\/marekkuchcinski.pl\/wp-content\/uploads\/2018\/12\/Prod-reg-768x462.jpg 768w\" sizes=\"(max-width: 869px) 100vw, 869px\" \/><\/a><\/p>\n<p><em>Podkarpatsk\u00e9 chut\u011b - Ekonomick\u00e9 f\u00f3rum Krynica-Zdr\u00f3j, foto M. Olejnik<\/em><\/p>\n<p>&nbsp;<\/p>","protected":false},"excerpt":{"rendered":"<p>Polska \u017cywno\u015b\u0107 jest zdrowsza i smaczniejsza, a wraz ze wzrostem \u015bwiadomo\u015bci ekologicznej zyskuje na warto\u015bci. Nie bez przyczyny najwi\u0119cej zarejestrowanych produkt\u00f3w\u00a0tradycyjnych (ponad 200)\u00a0 jest na pi\u0119knym i zielonym Podkarpaciu, a ludzie \u017cyj\u0105 tam najd\u0142u\u017cej.\u00a0 &#8211; Zdrowa i wysokiej jako\u015bci \u017cywno\u015b\u0107 jest coraz bardziej doceniana na rynku. Produkty ekologiczne. dzi\u0119ki kt\u00f3rym powracaj\u0105 dobre, tradycyjne smaki oraz [&hellip;]<\/p>\n","protected":false},"author":6,"featured_media":11579,"comment_status":"open","ping_status":"open","sticky":false,"template":"","format":"standard","meta":{"ngg_post_thumbnail":0,"footnotes":""},"categories":[49,3],"tags":[],"class_list":["post-11575","post","type-post","status-publish","format-standard","has-post-thumbnail","hentry","category-podkarpacie","category-wydarzenia"],"_links":{"self":[{"href":"https:\/\/marekkuchcinski.pl\/cs\/wp-json\/wp\/v2\/posts\/11575","targetHints":{"allow":["GET"]}}],"collection":[{"href":"https:\/\/marekkuchcinski.pl\/cs\/wp-json\/wp\/v2\/posts"}],"about":[{"href":"https:\/\/marekkuchcinski.pl\/cs\/wp-json\/wp\/v2\/types\/post"}],"author":[{"embeddable":true,"href":"https:\/\/marekkuchcinski.pl\/cs\/wp-json\/wp\/v2\/users\/6"}],"replies":[{"embeddable":true,"href":"https:\/\/marekkuchcinski.pl\/cs\/wp-json\/wp\/v2\/comments?post=11575"}],"version-history":[{"count":5,"href":"https:\/\/marekkuchcinski.pl\/cs\/wp-json\/wp\/v2\/posts\/11575\/revisions"}],"predecessor-version":[{"id":11583,"href":"https:\/\/marekkuchcinski.pl\/cs\/wp-json\/wp\/v2\/posts\/11575\/revisions\/11583"}],"wp:featuredmedia":[{"embeddable":true,"href":"https:\/\/marekkuchcinski.pl\/cs\/wp-json\/wp\/v2\/media\/11579"}],"wp:attachment":[{"href":"https:\/\/marekkuchcinski.pl\/cs\/wp-json\/wp\/v2\/media?parent=11575"}],"wp:term":[{"taxonomy":"category","embeddable":true,"href":"https:\/\/marekkuchcinski.pl\/cs\/wp-json\/wp\/v2\/categories?post=11575"},{"taxonomy":"post_tag","embeddable":true,"href":"https:\/\/marekkuchcinski.pl\/cs\/wp-json\/wp\/v2\/tags?post=11575"}],"curies":[{"name":"wp","href":"https:\/\/api.w.org\/{rel}","templated":true}]}}