{"id":11543,"date":"2018-12-07T13:25:36","date_gmt":"2018-12-07T12:25:36","guid":{"rendered":"https:\/\/marekkuchcinski.pl\/?p=11543"},"modified":"2018-12-07T15:49:36","modified_gmt":"2018-12-07T14:49:36","slug":"podsumowanie-73-posiedzenie-sejmu-rp","status":"publish","type":"post","link":"https:\/\/marekkuchcinski.pl\/cs\/wydarzenia\/podsumowanie-73-posiedzenie-sejmu-rp\/","title":{"rendered":"Shrnut\u00ed 73. zased\u00e1n\u00ed polsk\u00e9ho Sejmu"},"content":{"rendered":"<p dir=\"ltr\"><strong>Nezdan\u011bn\u00fd d\u016fchod<\/strong>,<strong>\u00a0zlep\u0161en\u00ed dostupnosti zdravotnick\u00fdch slu\u017eeb,<\/strong>\u00a0<strong>novela z\u00e1kona o podpo\u0159e rodiny a syst\u00e9mu n\u00e1hradn\u00ed p\u00e9\u010de, lep\u0161\u00ed v\u00fdb\u011br v\u00fd\u017eivn\u00e9ho, zlep\u0161en\u00ed kvality ovzdu\u0161\u00ed a zaji\u0161t\u011bn\u00ed bezpe\u010dnosti dod\u00e1vek tepla a energie - to jsou n\u011bkter\u00e9 z ot\u00e1zek, kter\u00fdmi se poslanci zab\u00fdvali na 73. sch\u016fzi Sejmu.<\/strong><\/p>\n<p dir=\"ltr\">Zpr\u00e1va o prov\u00e1d\u011bn\u00ed byla p\u0159ijata ve \u010dtvrtek <strong>program 500 plus<\/strong> 2016-2017 st\u00e1tn\u00ed tajemn\u00edk ministerstva rodiny, pr\u00e1ce a soci\u00e1ln\u00ed politiky Stanis\u0142aw Szwed, kter\u00fd upozornil na z\u0159eteln\u00fd n\u00e1r\u016fst porodnosti. Podle \u00fadaj\u016f ministerstva byla v roce 2017 poprv\u00e9 p\u0159ekro\u010dena hranice v\u00edce ne\u017e 400 000 narozen\u00fdch d\u011bt\u00ed, co\u017e je v demografick\u00e9 oblasti dobr\u00e1 progn\u00f3za.<\/p>\n<p dir=\"ltr\"><span style=\"color: #800000;\"><strong>Usnesen\u00ed p\u0159ijat\u00e1 Sejmem<\/strong><\/span><\/p>\n<p dir=\"ltr\"><a href=\"https:\/\/marekkuchcinski.pl\/wp-content\/uploads\/2018\/12\/kul_pol.jpg\"><img decoding=\"async\" class=\"wp-image-11585 size-thumbnail alignleft\" src=\"https:\/\/marekkuchcinski.pl\/wp-content\/uploads\/2018\/12\/kul_pol-150x150.jpg\" alt=\"kul_pol\" width=\"150\" height=\"150\" srcset=\"https:\/\/marekkuchcinski.pl\/wp-content\/uploads\/2018\/12\/kul_pol-150x150.jpg 150w, https:\/\/marekkuchcinski.pl\/wp-content\/uploads\/2018\/12\/kul_pol-300x300.jpg 300w, https:\/\/marekkuchcinski.pl\/wp-content\/uploads\/2018\/12\/kul_pol-768x768.jpg 768w, https:\/\/marekkuchcinski.pl\/wp-content\/uploads\/2018\/12\/kul_pol-1024x1024.jpg 1024w, https:\/\/marekkuchcinski.pl\/wp-content\/uploads\/2018\/12\/kul_pol.jpg 1650w\" sizes=\"(max-width: 150px) 100vw, 150px\" \/><\/a>Poslanci aklamac\u00ed schv\u00e1lili n\u00e1sleduj\u00edc\u00ed n\u00e1vrh p\u0159edsednictva Sejmu\u00a0<strong>rezoluce ke st\u00e9mu v\u00fdro\u010d\u00ed zalo\u017een\u00ed Katolick\u00e9 univerzity Jana Pavla II. v Lublinu, <\/strong>V prvn\u00ed polovin\u011b roku byla univerzita jedinou soukromou katolickou univerzitou od Labe po Vladivostok.<\/p>\n<h5 dir=\"ltr\"><strong>odkaz:<\/strong><span style=\"color: #800000;\"><strong>\u00a0<a style=\"color: #800000;\" href=\"https:\/\/marekkuchcinski.pl\/wp-content\/uploads\/2018\/12\/KUL-uchwa\u0142a.pdf\">Usnesen\u00ed KUL<\/a>\u00a0<\/strong><\/span><\/h5>\n<p dir=\"ltr\">Poslanci Evropsk\u00e9ho parlamentu rovn\u011b\u017e p\u0159ijali\u00a0<strong>usnesen\u00ed ke 100. v\u00fdro\u010d\u00ed vyd\u00e1n\u00ed dekretu hlavy st\u00e1tu o z\u0159\u00edzen\u00ed rad obc\u00ed v b\u00fdval\u00e9m Kongresov\u00e9m kr\u00e1lovstv\u00ed.<\/strong>Zpr\u00e1va se zam\u011b\u0159uje na d\u016fle\u017eit\u00fd prvek v\u00fdstavby obnoven\u00e9ho st\u00e1tu, kter\u00fdm bylo vytvo\u0159en\u00ed ve\u0159ejn\u00e9 spr\u00e1vy, v\u010detn\u011b instituce m\u00edstn\u00ed samospr\u00e1vy. Tento proces byl zah\u00e1jen dekretem hlavy st\u00e1tu J\u00f3zefa Pi\u0142sudsk\u00e9ho ze dne 27. listopadu 1918 o z\u0159\u00edzen\u00ed rad obc\u00ed na \u00fazem\u00ed b\u00fdval\u00e9ho Kongresov\u00e9ho kr\u00e1lovstv\u00ed. Tento z\u00e1kon byl sice do\u010dasn\u00fd a platil do doby, ne\u017e Sejm p\u0159ijal z\u00e1kon o komun\u00e1ln\u00ed samospr\u00e1v\u011b, ale umo\u017enil volbu org\u00e1n\u016f v n\u011bkolika stovk\u00e1ch obc\u00ed a poskytl pevn\u00fd z\u00e1klad pro vznikaj\u00edc\u00ed st\u00e1t.<\/p>\n<p dir=\"ltr\"><span style=\"color: #800000;\"><strong>Sejm schv\u00e1lil 10 z\u00e1kon\u016f<\/strong><\/span><\/p>\n<p dir=\"ltr\">Sejm rozhodl o zm\u011bn\u011b ob\u010dansk\u00e9ho z\u00e1kon\u00edku -\u00a0<strong>p\u0159i v\u00fdpo\u010dtu \u00farok\u016f z prodlen\u00ed nebudou \u00fav\u011brov\u00e9 instituce neod\u016fvodn\u011bn\u011b zv\u00fdhod\u0148ov\u00e1ny.<\/strong>. Poslanci rovn\u011b\u017e hlasovali pro zm\u011bnu z\u00e1kona o mezin\u00e1rodn\u00edch dohod\u00e1ch, kter\u00e1 do z\u00e1kona zav\u00e1d\u00ed pojem \"pozbyt\u00ed platnosti mezin\u00e1rodn\u00ed dohody\". To umo\u017en\u00ed \u0159\u00e1dn\u011b informovat o ukon\u010den\u00ed platnosti mezin\u00e1rodn\u00edch dohod, pokud je jeho p\u0159\u00ed\u010dinou n\u011bco jin\u00e9ho ne\u017e v\u00fdpov\u011b\u010f ze strany Polsk\u00e9 republiky.<\/p>\n<p dir=\"ltr\">Sen\u00e1t rovn\u011b\u017e obdr\u017e\u00ed pozm\u011b\u0148ovac\u00ed n\u00e1vrh, kter\u00fd zav\u00e1d\u00ed ustanoven\u00ed umo\u017e\u0148uj\u00edc\u00ed policii hradit n\u00e1klady na do\u010dasn\u00e9 ubytov\u00e1n\u00ed policisty p\u0159elo\u017een\u00e9ho k v\u00fdkonu slu\u017eby do jin\u00e9ho m\u00edsta po celou dobu v\u00fdkonu slu\u017eby. Poslanci rovn\u011b\u017e schv\u00e1lili pozm\u011b\u0148ovac\u00ed n\u00e1vrhy, podle nich\u017e<span style=\"text-decoration: underline;\">\u00a0<\/span><strong>kte\u0159\u00ed \u010dlenov\u00e9 p\u0159edsednictva metropolitn\u00edho sdru\u017een\u00ed, jako\u017e i pokladn\u00edk a tajemn\u00edk, budou pod\u00e1vat lustra\u010dn\u00ed prohl\u00e1\u0161en\u00ed na stejn\u00e9m z\u00e1klad\u011b jako mj. \u010dlenov\u00e9 vojvodsk\u00e9 rady.<\/strong>.<\/p>\n<p dir=\"ltr\">Sejm zm\u011bnil z\u00e1kon o transformaci pr\u00e1va trval\u00e9ho u\u017e\u00edv\u00e1n\u00ed pozemk\u016f zastav\u011bn\u00fdch pro bydlen\u00ed na vlastnictv\u00ed pozemk\u016f.<u><strong>\u00a0<\/strong><\/u><strong>Novela podpo\u0159\u00ed ob\u010dany p\u0159i z\u00edsk\u00e1v\u00e1n\u00ed vlastnictv\u00ed pozemk\u016f ur\u010den\u00fdch k uspokojov\u00e1n\u00ed bytov\u00fdch pot\u0159eb.<\/strong>\u00a0(rodinn\u00e9 domy, byty ve v\u00edcebytov\u00fdch domech, v nich\u017e je alespo\u0148 polovina bytov\u00fdch jednotek obytn\u00e1).<\/p>\n<p dir=\"ltr\">Sn\u011bmovna novelizovala z\u00e1kon o organizov\u00e1n\u00ed a prov\u00e1d\u011bn\u00ed kulturn\u00ed \u010dinnosti, kter\u00fd mimo jin\u00e9 upravuje postup p\u0159i po\u0159\u00e1d\u00e1n\u00ed konkurz\u016f na m\u00edsta \u0159editel\u016f samospr\u00e1vn\u00fdch kulturn\u00edch instituc\u00ed. Nov\u00e1 ustanoven\u00ed z\u00e1kona o povol\u00e1n\u00ed l\u00e9ka\u0159e a zubn\u00edho l\u00e9ka\u0159e a o pr\u00e1vech pacient\u016f a o ombudsmanovi pro pr\u00e1va pacient\u016f poskytnou pacientovi\u00a0<strong>pr\u00e1vo vyj\u00e1d\u0159it nesouhlas se zve\u0159ejn\u011bn\u00edm zdravotnick\u00e9 dokumentace b\u011bhem sv\u00e9ho \u017eivota. Pacienti budou tak\u00e9 dost\u00e1vat elektronick\u00e1 doporu\u010den\u00ed<\/strong>.<\/p>\n<p dir=\"ltr\"><strong>Sejm p\u0159ijal zm\u011bny, kter\u00e9 maj\u00ed zlep\u0161it v\u00fdb\u011br v\u00fd\u017eivn\u00e9ho. Zahrnuj\u00ed \u0159e\u0161en\u00ed, kter\u00e1 umo\u017en\u00ed \u00fa\u010dinn\u011bj\u0161\u00ed profesion\u00e1ln\u00ed aktivizaci dlu\u017en\u00edk\u016f v\u00fd\u017eivn\u00e9ho.<\/strong>.<\/p>\n<p dir=\"ltr\">P\u0159ijat\u00e1 novela z\u00e1kona o zvl\u00e1\u0161tn\u00edch \u0159e\u0161en\u00edch p\u0159i prov\u00e1d\u011bn\u00ed z\u00e1kona o st\u00e1tn\u00edm rozpo\u010dtu na rok 2018. zahrnuje nav\u00fd\u0161en\u00ed prost\u0159edk\u016f N\u00e1rodn\u00edho fondu zdrav\u00ed, Reprivatiza\u010dn\u00edho fondu, Fondu m\u00edstn\u00edch komunikac\u00ed, Agentury pro restrukturalizaci a modernizaci zem\u011bd\u011blstv\u00ed a PKP PLK.<\/p>\n<p dir=\"ltr\"><span style=\"color: #800000;\"><strong>Z\u00e1kony podepisovan\u00e9 prezidentem<\/strong><\/span><\/p>\n<p dir=\"ltr\">Novela z\u00e1kona o podpo\u0159e termomodernizace a renovace a n\u011bkter\u00fdch dal\u0161\u00edch z\u00e1kon\u016f\u00a0<strong>umo\u017enit tepelnou modernizaci rodinn\u00fdch dom\u016f ob\u00fdvan\u00fdch osobami posti\u017een\u00fdmi energetickou chudobou a v\u00fdm\u011bnu nebo likvidaci topn\u00fdch za\u0159\u00edzen\u00ed v podob\u011b kotl\u016f na tuh\u00e1 paliva, kter\u00e9 nespl\u0148uj\u00ed emisn\u00ed normy.<\/strong>.<\/p>\n<p dir=\"ltr\">Z\u00e1kon o n\u00e1rodn\u00edm registru dlu\u017en\u00edk\u016f\u00a0<strong>usnad\u0148uje restrukturaliza\u010dn\u00ed \u0159\u00edzen\u00ed a \u00fapadek podnikatel\u016f.<\/strong>. Reaguje tak na zna\u010dn\u00e9 probl\u00e9my restrukturaliza\u010dn\u00edch a konkurzn\u00edch soud\u016f, kter\u00e9 vypl\u00fdvaj\u00ed z v\u00fdrazn\u00e9ho n\u00e1r\u016fstu po\u010dtu p\u0159\u00edpad\u016f, zejm\u00e9na spot\u0159ebitelsk\u00fdch konkurz\u016f. Bude vytvo\u0159en N\u00e1rodn\u00ed registr dluh\u016f, kter\u00fd bude p\u0159\u00edstupn\u00fd ve\u0159ejnosti, co\u017e znamen\u00e1, \u017ee ka\u017ed\u00fd bude moci nahl\u00ed\u017eet do \u00fadaj\u016f v n\u011bm obsa\u017een\u00fdch online.<\/p>\n<p dir=\"ltr\">Zm\u011bny v z\u00e1kon\u011b o pr\u016fkazech toto\u017enosti spo\u010d\u00edvaj\u00ed v tom, \u017ee\u00a0<strong>vybaven\u00ed d\u016fkaz\u016f prost\u0159edky elektronick\u00e9 identifikace (osobn\u00edm profilem), kter\u00e9 poskytuj\u00ed vysokou \u00farove\u0148 d\u016fv\u011bryhodnosti a umo\u017e\u0148uj\u00ed prok\u00e1z\u00e1n\u00ed toto\u017enosti v online slu\u017eb\u00e1ch a podepisov\u00e1n\u00ed elektronick\u00fdch dokument\u016f.<\/strong>.<\/p>\n<p dir=\"ltr\">Poslanci p\u0159ijali pozm\u011b\u0148ovac\u00ed n\u00e1vrhy Sen\u00e1tu t\u00fdkaj\u00edc\u00ed se z\u0159\u00edzen\u00ed POLADA, tj. odd\u011blen\u00ed Antidopingov\u00e9ho v\u00fdzkumn\u00e9ho \u00fastavu od Sportovn\u00edho \u00fastavu - N\u00e1rodn\u00edho v\u00fdzkumn\u00e9ho \u00fastavu a z\u0159\u00edzen\u00ed polsk\u00e9 antidopingov\u00e9 laborato\u0159e vybaven\u00e9 pr\u00e1vnickou osobou. Z\u00e1kon bude zasl\u00e1n na st\u016fl prezidenta.<\/p>\n<p dir=\"ltr\">St\u0159ede\u010dn\u00ed prvn\u00ed den jedn\u00e1n\u00ed 73. sch\u016fze Sejmu zahrnoval\u00a0<strong>ot\u00e1zky souvisej\u00edc\u00ed se zlep\u0161en\u00edm dostupnosti zdravotnick\u00fdch slu\u017eeb<\/strong>\u00a0a\u00a0<strong>Novela z\u00e1kona o podpo\u0159e rodiny a syst\u00e9mu n\u00e1hradn\u00ed rodinn\u00e9 p\u00e9\u010de<\/strong>.<\/p>\n<p dir=\"ltr\">Zased\u00e1n\u00ed za\u010dalo slo\u017een\u00edm slibu nov\u00fdch poslanc\u016f, kte\u0159\u00ed se ujali sv\u00fdch m\u00edst po poslanc\u00edch, kte\u0159\u00ed se ujali funkc\u00ed v org\u00e1nech m\u00edstn\u00ed samospr\u00e1vy.<u>\u00a0<\/u><strong>V jednac\u00edm s\u00e1le zasedli tito poslanci: Iwona Krawczyk, Grzegorz Lipiec, Danuta Nowicka, Pawe\u0142 Rychlik a S\u0142awomir Skwarek.<\/strong>.<\/p>\n<p dir=\"ltr\">Pot\u00e9 poslanci ve druh\u00e9m \u010dten\u00ed hlasovali o prezidentsk\u00e9m n\u00e1vrhu novely ob\u010dansk\u00e9ho z\u00e1kon\u00edku, jeho\u017e c\u00edlem je zru\u0161it \u00fa\u010dtov\u00e1n\u00ed \u00farok\u016f z prodlen\u00ed. \u00da\u010dinek t\u00e9to zm\u011bny je n\u00e1sleduj\u00edc\u00ed\u00a0<strong>p\u016fsoben\u00ed proti zvy\u0161ov\u00e1n\u00ed zadlu\u017eenosti z\u00e1kazn\u00edk\u016f a p\u00e1du do tzv. dluhov\u00e9 smy\u010dky.<\/strong>. N\u00e1vrh byl postoupen mimo\u0159\u00e1dn\u00e9mu v\u00fdboru pro zm\u011bny kodifikac\u00ed.<\/p>\n<p dir=\"ltr\">Prob\u011bhlo tak\u00e9 prvn\u00ed \u010dten\u00ed vl\u00e1dn\u00edho n\u00e1vrhu novely z\u00e1kona o zvl\u00e1\u0161tn\u00edch \u0159e\u0161en\u00edch p\u0159i prov\u00e1d\u011bn\u00ed z\u00e1kona o st\u00e1tn\u00edm rozpo\u010dtu na rok 2018, po zam\u00edtnut\u00ed n\u00e1vrhu na zam\u00edtnut\u00ed n\u00e1vrhu v pln\u00e9m rozsahu byl n\u00e1vrh p\u0159ik\u00e1z\u00e1n V\u00fdboru pro ve\u0159ejn\u00e9 finance.<\/p>\n<p dir=\"ltr\">Poslanci Evropsk\u00e9ho parlamentu projednali v prvn\u00edm \u010dten\u00ed n\u00e1vrh z\u00e1kona o podpo\u0159e v\u00fdroby elekt\u0159iny z vysoce \u00fa\u010dinn\u00e9 kombinovan\u00e9 v\u00fdroby elekt\u0159iny a tepla.\u00a0<strong>O\u010dek\u00e1v\u00e1 se, \u017ee p\u0159ijet\u00ed t\u011bchto \u0159e\u0161en\u00ed zlep\u0161\u00ed kvalitu ovzdu\u0161\u00ed a zajist\u00ed bezpe\u010dnost dod\u00e1vek tepla a energie d\u00edky sou\u010dasn\u00e9 v\u00fdrob\u011b elekt\u0159iny a u\u017eite\u010dn\u00e9ho tepla v kogenera\u010dn\u00edch za\u0159\u00edzen\u00edch.<\/strong>. Po hlasov\u00e1n\u00ed Sejm p\u0159ik\u00e1zal n\u00e1vrh V\u00fdboru pro energetiku a st\u00e1tn\u00ed pokladnu.<\/p>\n<p dir=\"ltr\">Poslanci dokon\u010dili druh\u00e9 \u010dten\u00ed n\u00e1vrhu novely z\u00e1kona o polsk\u00e9 policii, kter\u00fd p\u0159edlo\u017eila komise. N\u00e1vrh se t\u00fdk\u00e1\u00a0<strong>\u00fahrada n\u00e1klad\u016f na do\u010dasn\u00e9 ubytov\u00e1n\u00ed policisty p\u0159elo\u017een\u00e9ho k v\u00fdkonu slu\u017eby do jin\u00e9 lokality po celou dobu trv\u00e1n\u00ed slu\u017eebn\u00edho pom\u011bru ze strany policie.<\/strong>. Sejm p\u0159istoup\u00ed ke t\u0159et\u00edmu \u010dten\u00ed n\u00e1vrhu v bloku hlasov\u00e1n\u00ed.<\/p>\n<p dir=\"ltr\">Sejm provedl\u00a0<strong>2. \u010dten\u00ed n\u00e1vrhu, kter\u00fd zav\u00e1d\u00ed ustanoven\u00ed, podle nich\u017e jsou \u010dlenov\u00e9 spr\u00e1vn\u00ed rady metropolitn\u00edho sdru\u017een\u00ed, jako\u017e i pokladn\u00edk a tajemn\u00edk takov\u00e9ho sdru\u017een\u00ed povinni p\u0159edkl\u00e1dat lustra\u010dn\u00ed prohl\u00e1\u0161en\u00ed.<\/strong>. N\u00e1vrh Komise se t\u00fdk\u00e1 novely z\u00e1kona o zp\u0159\u00edstup\u0148ov\u00e1n\u00ed informac\u00ed o dokumentech org\u00e1n\u016f st\u00e1tn\u00ed bezpe\u010dnosti z let 1944-1990 a obsahu t\u011bchto dokument\u016f. Sejm p\u0159istoup\u00ed ke t\u0159et\u00edmu \u010dten\u00ed n\u00e1vrhu v hlasovac\u00edm bloku.<\/p>\n<p dir=\"ltr\">Sn\u011bmovna provedla druh\u00e9 \u010dten\u00ed n\u00e1vrhu novely z\u00e1kona o organizaci a prov\u00e1d\u011bn\u00ed kulturn\u00ed \u010dinnosti. N\u00e1vrh mimo jin\u00e9 upravuje postup p\u0159i po\u0159\u00e1d\u00e1n\u00ed konkurz\u016f na m\u00edsta \u0159editel\u016f kulturn\u00edch instituc\u00ed \u00fazemn\u00ed samospr\u00e1vy. Sejm p\u0159istoup\u00ed ke t\u0159et\u00edmu \u010dten\u00ed n\u00e1vrhu v hlasovac\u00edm bloku.<\/p>\n<p dir=\"ltr\">Sejm vyslechl zpr\u00e1vu V\u00fdboru pro zdravotnictv\u00ed o zm\u011bn\u00e1ch z\u00e1kona o povol\u00e1n\u00ed l\u00e9ka\u0159e a zubn\u00edho l\u00e9ka\u0159e a o pr\u00e1vech pacient\u016f a ombudsmanovi pro pr\u00e1va pacient\u016f. Nov\u00e9 p\u0159edpisy d\u00e1vaj\u00ed pacientovi pr\u00e1vo vyj\u00e1d\u0159it za sv\u00e9ho \u017eivota nesouhlas s vyd\u00e1n\u00edm zdravotnick\u00e9 dokumentace. T\u0159et\u00ed \u010dten\u00ed n\u00e1vrhu z\u00e1kona provede Sejm v r\u00e1mci hlasovac\u00edho bloku.<\/p>\n<p dir=\"ltr\">Ve druh\u00e9m \u010dten\u00ed vl\u00e1dn\u00edho projektu z\u0159\u00edzen\u00ed Nadace pr\u016fmyslov\u00e9 platformy budoucnosti, kter\u00fd je d\u016fsledkem realizace projektu \"Polsk\u00e1 pr\u016fmyslov\u00e1 platforma 4.0\" zahrnut\u00e9ho do \"Strategie odpov\u011bdn\u00e9ho rozvoje do roku 2020\", si poslanci vyslechli zpr\u00e1vu V\u00fdboru pro hospod\u00e1\u0159stv\u00ed a rozvoj. Vzhledem k pozm\u011b\u0148ovac\u00edm n\u00e1vrh\u016fm byl n\u00e1vrh vr\u00e1cen tomuto v\u00fdboru k vypracov\u00e1n\u00ed dodate\u010dn\u00e9 zpr\u00e1vy.<\/p>\n<p dir=\"ltr\">Dal\u0161\u00ed p\u0159edlohou, kterou se Sejm zab\u00fdval v prvn\u00edm \u010dten\u00ed, byl vl\u00e1dn\u00ed n\u00e1vrh na zm\u011bny ve\u00a0<strong>z\u00e1kon o podpo\u0159e rodiny a syst\u00e9mu n\u00e1hradn\u00ed rodinn\u00e9 p\u00e9\u010de, kter\u00fd m\u00e1 ovlivnit dynamick\u00fd rozvoj rodinn\u00fdch forem n\u00e1hradn\u00ed rodinn\u00e9 p\u00e9\u010de a zajistit stabiln\u00ed prost\u0159ed\u00ed pro rodinnou v\u00fdchovu d\u011bt\u00ed zbaven\u00fdch rodi\u010dovsk\u00e9 p\u00e9\u010de.<\/strong>. N\u00e1vrh byl p\u0159ik\u00e1z\u00e1n V\u00fdboru pro soci\u00e1ln\u00ed politiku a rodinu.<\/p>\n<p dir=\"ltr\">Sejm pokra\u010doval v pr\u00e1ci na nov\u00fdch p\u0159edpisech, jejich\u017e c\u00edlem je zlep\u0161it vym\u00e1h\u00e1n\u00ed v\u00fd\u017eivn\u00e9ho, a vyslechl zpr\u00e1vu V\u00fdboru pro soci\u00e1ln\u00ed politiku a rodinu. Pat\u0159\u00ed mezi n\u011b \u0159e\u0161en\u00ed, kter\u00e1<span style=\"text-decoration: underline;\">\u00a0<\/span><strong>umo\u017enit \u00fa\u010dinn\u011bj\u0161\u00ed profesion\u00e1ln\u00ed aktivaci dlu\u017en\u00edk\u016f v\u00fd\u017eivn\u00e9ho.<\/strong>. N\u00e1vrh byl vr\u00e1cen V\u00fdboru pro soci\u00e1ln\u00ed politiku a rodinu.<\/p>\n<p dir=\"ltr\">V Sejmu prob\u011bhlo prvn\u00ed \u010dten\u00ed vl\u00e1dn\u00edho n\u00e1vrhu z\u00e1kona o zm\u011bn\u011b n\u011bkter\u00fdch z\u00e1kon\u016f v souvislosti se zaji\u0161t\u011bn\u00edm uplat\u0148ov\u00e1n\u00ed na\u0159\u00edzen\u00ed Evropsk\u00e9ho parlamentu a Rady (EU) 2016\/679. N\u00e1vrh se t\u00fdk\u00e1 p\u0159izp\u016fsoben\u00ed polsk\u00e9ho pr\u00e1vn\u00edho \u0159\u00e1du na\u0159\u00edzen\u00ed RODO. N\u00e1vrh na zam\u00edtnut\u00ed n\u00e1vrhu v prvn\u00edm \u010dten\u00ed byl p\u0159edlo\u017een, Sejm se j\u00edm bude zab\u00fdvat v hlasovac\u00edm bloku.<\/p>\n<p dir=\"ltr\">Prob\u011bhlo tak\u00e9 prvn\u00ed \u010dten\u00ed vl\u00e1dn\u00edho n\u00e1vrhu novely z\u00e1kona o z\u00e1sad\u00e1ch hospoda\u0159en\u00ed s majetkem st\u00e1tu a n\u011bkter\u00fdch dal\u0161\u00edch z\u00e1kon\u016f. N\u00e1vrh mimo jin\u00e9 po\u010d\u00edt\u00e1 se z\u0159\u00edzen\u00edm Fondu pro kapit\u00e1lov\u00e9 investice. Byl pod\u00e1n n\u00e1vrh na zam\u00edtnut\u00ed n\u00e1vrhu v prvn\u00edm \u010dten\u00ed, Sejm se j\u00edm bude zab\u00fdvat v hlasovac\u00edm bloku.<\/p>\n<p dir=\"ltr\">Posledn\u00edm dnes projedn\u00e1van\u00fdm n\u00e1vrhem z\u00e1kona je druh\u00e9 \u010dten\u00ed novely n\u011bkter\u00fdch z\u00e1kon\u016f v souvislosti s\u00a0<strong>elektronick\u00e9 odes\u00edl\u00e1n\u00ed a \u010dekac\u00ed listiny na zdravotn\u00ed slu\u017eby. \u00da\u010delem zm\u011bn je p\u0159edev\u0161\u00edm vyjasnit rozsah dokument\u016f zpracov\u00e1van\u00fdch v elektronick\u00e9 podob\u011b.<\/strong>. Vzhledem k tomu, \u017ee k n\u00e1vrhu byly p\u0159edlo\u017eeny pozm\u011b\u0148ovac\u00ed n\u00e1vrhy, byl n\u00e1vrh vr\u00e1cen V\u00fdboru pro zdravotnictv\u00ed.<\/p>\n<p dir=\"ltr\"><em>v\u00edce informac\u00ed: sejm.gov.pl<\/em><\/p>\n<p dir=\"ltr\"><em>Foto: R. Zambrzycki, \u0141. B\u0142asikiewicz<\/em><\/p>","protected":false},"excerpt":{"rendered":"<p>Emerytura bez podatku,\u00a0poprawa dost\u0119pno\u015bci \u015bwiadcze\u0144 opieki zdrowotnej,\u00a0zmiana ustawy o wspieraniu rodziny i systemie pieczy zast\u0119pczej,\u00a0lepsza\u00a0\u015bci\u0105galno\u015b\u0107 aliment\u00f3w oraz\u00a0poprawa jako\u015bci powietrza i zapewnienie bezpiecze\u0144stwa dostaw ciep\u0142a i energii to\u00a0niekt\u00f3re\u00a0z problem\u00f3w, jakimi zaj\u0119li si\u0119 pos\u0142owie\u00a0podczas 73. posiedzenia Sejmu. W czwartek przyj\u0119to\u00a0sprawozdanie z realizacji programu 500 plus w latach 2016-2017.\u00a0Sekretarz Stanu w Ministerstwie Rodziny Pracy i Polityki Spo\u0142ecznej Stanis\u0142aw [&hellip;]<\/p>","protected":false},"author":6,"featured_media":11549,"comment_status":"open","ping_status":"open","sticky":false,"template":"","format":"standard","meta":{"ngg_post_thumbnail":0,"footnotes":""},"categories":[81,3],"tags":[],"class_list":["post-11543","post","type-post","status-publish","format-standard","has-post-thumbnail","hentry","category-wiesci-z-sejmu","category-wydarzenia"],"yoast_head":"<!-- This site is optimized with the Yoast SEO plugin v24.7 - https:\/\/yoast.com\/wordpress\/plugins\/seo\/ -->\n<title>Podsumowanie 73. posiedzenie Sejmu RP &#8211; Marek Kuchci\u0144ski<\/title>\n<meta name=\"robots\" content=\"index, follow, max-snippet:-1, max-image-preview:large, max-video-preview:-1\" \/>\n<link rel=\"canonical\" href=\"https:\/\/marekkuchcinski.pl\/cs\/wydarzenia\/podsumowanie-73-posiedzenie-sejmu-rp\/\" \/>\n<meta property=\"og:locale\" content=\"cs_CZ\" \/>\n<meta property=\"og:type\" content=\"article\" \/>\n<meta property=\"og:title\" content=\"Podsumowanie 73. posiedzenie Sejmu RP &#8211; Marek Kuchci\u0144ski\" \/>\n<meta property=\"og:description\" content=\"Emerytura bez podatku,\u00a0poprawa dost\u0119pno\u015bci \u015bwiadcze\u0144 opieki zdrowotnej,\u00a0zmiana ustawy o wspieraniu rodziny i systemie pieczy zast\u0119pczej,\u00a0lepsza\u00a0\u015bci\u0105galno\u015b\u0107 aliment\u00f3w oraz\u00a0poprawa jako\u015bci powietrza i zapewnienie bezpiecze\u0144stwa dostaw ciep\u0142a i energii to\u00a0niekt\u00f3re\u00a0z problem\u00f3w, jakimi zaj\u0119li si\u0119 pos\u0142owie\u00a0podczas 73. posiedzenia Sejmu. W czwartek przyj\u0119to\u00a0sprawozdanie z realizacji programu 500 plus w latach 2016-2017.\u00a0Sekretarz Stanu w Ministerstwie Rodziny Pracy i Polityki Spo\u0142ecznej Stanis\u0142aw [&hellip;]\" \/>\n<meta property=\"og:url\" content=\"https:\/\/marekkuchcinski.pl\/cs\/wydarzenia\/podsumowanie-73-posiedzenie-sejmu-rp\/\" \/>\n<meta property=\"og:site_name\" content=\"Marek Kuchci\u0144ski\" \/>\n<meta property=\"article:published_time\" content=\"2018-12-07T12:25:36+00:00\" \/>\n<meta property=\"article:modified_time\" content=\"2018-12-07T14:49:36+00:00\" \/>\n<meta property=\"og:image\" content=\"https:\/\/marekkuchcinski.pl\/wp-content\/uploads\/2018\/12\/73-PS.jpg\" \/>\n\t<meta property=\"og:image:width\" content=\"1620\" \/>\n\t<meta property=\"og:image:height\" content=\"1080\" \/>\n\t<meta property=\"og:image:type\" content=\"image\/jpeg\" \/>\n<meta name=\"author\" content=\"admin\" \/>\n<meta name=\"twitter:card\" content=\"summary_large_image\" \/>\n<meta name=\"twitter:label1\" content=\"Napsal(a)\" \/>\n\t<meta name=\"twitter:data1\" content=\"admin\" \/>\n\t<meta name=\"twitter:label2\" content=\"Odhadovan\u00e1 doba \u010dten\u00ed\" \/>\n\t<meta name=\"twitter:data2\" content=\"8 minut\" \/>\n<script type=\"application\/ld+json\" class=\"yoast-schema-graph\">{\"@context\":\"https:\/\/schema.org\",\"@graph\":[{\"@type\":\"Article\",\"@id\":\"https:\/\/marekkuchcinski.pl\/wydarzenia\/podsumowanie-73-posiedzenie-sejmu-rp\/#article\",\"isPartOf\":{\"@id\":\"https:\/\/marekkuchcinski.pl\/wydarzenia\/podsumowanie-73-posiedzenie-sejmu-rp\/\"},\"author\":{\"name\":\"admin\",\"@id\":\"https:\/\/marekkuchcinski.pl\/#\/schema\/person\/6f62700996b4d950b6ea2d1183b6c6be\"},\"headline\":\"Podsumowanie 73. posiedzenie Sejmu RP\",\"datePublished\":\"2018-12-07T12:25:36+00:00\",\"dateModified\":\"2018-12-07T14:49:36+00:00\",\"mainEntityOfPage\":{\"@id\":\"https:\/\/marekkuchcinski.pl\/wydarzenia\/podsumowanie-73-posiedzenie-sejmu-rp\/\"},\"wordCount\":1683,\"commentCount\":0,\"publisher\":{\"@id\":\"https:\/\/marekkuchcinski.pl\/#organization\"},\"image\":{\"@id\":\"https:\/\/marekkuchcinski.pl\/wydarzenia\/podsumowanie-73-posiedzenie-sejmu-rp\/#primaryimage\"},\"thumbnailUrl\":\"https:\/\/marekkuchcinski.pl\/wp-content\/uploads\/2018\/12\/73-PS.jpg\",\"articleSection\":[\"Wie\u015bci z Sejmu\",\"Wydarzenia\"],\"inLanguage\":\"cs\",\"potentialAction\":[{\"@type\":\"CommentAction\",\"name\":\"Comment\",\"target\":[\"https:\/\/marekkuchcinski.pl\/wydarzenia\/podsumowanie-73-posiedzenie-sejmu-rp\/#respond\"]}]},{\"@type\":\"WebPage\",\"@id\":\"https:\/\/marekkuchcinski.pl\/wydarzenia\/podsumowanie-73-posiedzenie-sejmu-rp\/\",\"url\":\"https:\/\/marekkuchcinski.pl\/wydarzenia\/podsumowanie-73-posiedzenie-sejmu-rp\/\",\"name\":\"Podsumowanie 73. posiedzenie Sejmu RP &#8211; Marek Kuchci\u0144ski\",\"isPartOf\":{\"@id\":\"https:\/\/marekkuchcinski.pl\/#website\"},\"primaryImageOfPage\":{\"@id\":\"https:\/\/marekkuchcinski.pl\/wydarzenia\/podsumowanie-73-posiedzenie-sejmu-rp\/#primaryimage\"},\"image\":{\"@id\":\"https:\/\/marekkuchcinski.pl\/wydarzenia\/podsumowanie-73-posiedzenie-sejmu-rp\/#primaryimage\"},\"thumbnailUrl\":\"https:\/\/marekkuchcinski.pl\/wp-content\/uploads\/2018\/12\/73-PS.jpg\",\"datePublished\":\"2018-12-07T12:25:36+00:00\",\"dateModified\":\"2018-12-07T14:49:36+00:00\",\"breadcrumb\":{\"@id\":\"https:\/\/marekkuchcinski.pl\/wydarzenia\/podsumowanie-73-posiedzenie-sejmu-rp\/#breadcrumb\"},\"inLanguage\":\"cs\",\"potentialAction\":[{\"@type\":\"ReadAction\",\"target\":[\"https:\/\/marekkuchcinski.pl\/wydarzenia\/podsumowanie-73-posiedzenie-sejmu-rp\/\"]}]},{\"@type\":\"ImageObject\",\"inLanguage\":\"cs\",\"@id\":\"https:\/\/marekkuchcinski.pl\/wydarzenia\/podsumowanie-73-posiedzenie-sejmu-rp\/#primaryimage\",\"url\":\"https:\/\/marekkuchcinski.pl\/wp-content\/uploads\/2018\/12\/73-PS.jpg\",\"contentUrl\":\"https:\/\/marekkuchcinski.pl\/wp-content\/uploads\/2018\/12\/73-PS.jpg\",\"width\":1620,\"height\":1080},{\"@type\":\"BreadcrumbList\",\"@id\":\"https:\/\/marekkuchcinski.pl\/wydarzenia\/podsumowanie-73-posiedzenie-sejmu-rp\/#breadcrumb\",\"itemListElement\":[{\"@type\":\"ListItem\",\"position\":1,\"name\":\"Strona g\u0142\u00f3wna\",\"item\":\"https:\/\/marekkuchcinski.pl\/\"},{\"@type\":\"ListItem\",\"position\":2,\"name\":\"Podsumowanie 73. posiedzenie Sejmu RP\"}]},{\"@type\":\"WebSite\",\"@id\":\"https:\/\/marekkuchcinski.pl\/#website\",\"url\":\"https:\/\/marekkuchcinski.pl\/\",\"name\":\"Marek Kuchci\u0144ski\",\"description\":\"Pose\u0142 na sejm RP &ndash; okr\u0119g nr 22\",\"publisher\":{\"@id\":\"https:\/\/marekkuchcinski.pl\/#organization\"},\"potentialAction\":[{\"@type\":\"SearchAction\",\"target\":{\"@type\":\"EntryPoint\",\"urlTemplate\":\"https:\/\/marekkuchcinski.pl\/?s={search_term_string}\"},\"query-input\":{\"@type\":\"PropertyValueSpecification\",\"valueRequired\":true,\"valueName\":\"search_term_string\"}}],\"inLanguage\":\"cs\"},{\"@type\":\"Organization\",\"@id\":\"https:\/\/marekkuchcinski.pl\/#organization\",\"name\":\"Marek Kuchci\u0144ski\",\"url\":\"https:\/\/marekkuchcinski.pl\/\",\"logo\":{\"@type\":\"ImageObject\",\"inLanguage\":\"cs\",\"@id\":\"https:\/\/marekkuchcinski.pl\/#\/schema\/logo\/image\/\",\"url\":\"https:\/\/marekkuchcinski.pl\/wp-content\/uploads\/2022\/09\/Marek.jpg\",\"contentUrl\":\"https:\/\/marekkuchcinski.pl\/wp-content\/uploads\/2022\/09\/Marek.jpg\",\"width\":1600,\"height\":971,\"caption\":\"Marek Kuchci\u0144ski\"},\"image\":{\"@id\":\"https:\/\/marekkuchcinski.pl\/#\/schema\/logo\/image\/\"}},{\"@type\":\"Person\",\"@id\":\"https:\/\/marekkuchcinski.pl\/#\/schema\/person\/6f62700996b4d950b6ea2d1183b6c6be\",\"name\":\"admin\",\"image\":{\"@type\":\"ImageObject\",\"inLanguage\":\"cs\",\"@id\":\"https:\/\/marekkuchcinski.pl\/#\/schema\/person\/image\/\",\"url\":\"https:\/\/secure.gravatar.com\/avatar\/4bab693b9d55c3d6b52c0296a8765085?s=96&d=mm&r=g\",\"contentUrl\":\"https:\/\/secure.gravatar.com\/avatar\/4bab693b9d55c3d6b52c0296a8765085?s=96&d=mm&r=g\",\"caption\":\"admin\"},\"url\":\"https:\/\/marekkuchcinski.pl\/cs\/author\/marta-olejnik\/\"}]}<\/script>\n<!-- \/ Yoast SEO plugin. -->","yoast_head_json":{"title":"Podsumowanie 73. posiedzenie Sejmu RP &#8211; Marek Kuchci\u0144ski","robots":{"index":"index","follow":"follow","max-snippet":"max-snippet:-1","max-image-preview":"max-image-preview:large","max-video-preview":"max-video-preview:-1"},"canonical":"https:\/\/marekkuchcinski.pl\/cs\/wydarzenia\/podsumowanie-73-posiedzenie-sejmu-rp\/","og_locale":"cs_CZ","og_type":"article","og_title":"Podsumowanie 73. posiedzenie Sejmu RP &#8211; Marek Kuchci\u0144ski","og_description":"Emerytura bez podatku,\u00a0poprawa dost\u0119pno\u015bci \u015bwiadcze\u0144 opieki zdrowotnej,\u00a0zmiana ustawy o wspieraniu rodziny i systemie pieczy zast\u0119pczej,\u00a0lepsza\u00a0\u015bci\u0105galno\u015b\u0107 aliment\u00f3w oraz\u00a0poprawa jako\u015bci powietrza i zapewnienie bezpiecze\u0144stwa dostaw ciep\u0142a i energii to\u00a0niekt\u00f3re\u00a0z problem\u00f3w, jakimi zaj\u0119li si\u0119 pos\u0142owie\u00a0podczas 73. posiedzenia Sejmu. W czwartek przyj\u0119to\u00a0sprawozdanie z realizacji programu 500 plus w latach 2016-2017.\u00a0Sekretarz Stanu w Ministerstwie Rodziny Pracy i Polityki Spo\u0142ecznej Stanis\u0142aw [&hellip;]","og_url":"https:\/\/marekkuchcinski.pl\/cs\/wydarzenia\/podsumowanie-73-posiedzenie-sejmu-rp\/","og_site_name":"Marek Kuchci\u0144ski","article_published_time":"2018-12-07T12:25:36+00:00","article_modified_time":"2018-12-07T14:49:36+00:00","og_image":[{"width":1620,"height":1080,"url":"https:\/\/marekkuchcinski.pl\/wp-content\/uploads\/2018\/12\/73-PS.jpg","type":"image\/jpeg"}],"author":"admin","twitter_card":"summary_large_image","twitter_misc":{"Napsal(a)":"admin","Odhadovan\u00e1 doba \u010dten\u00ed":"8 minut"},"schema":{"@context":"https:\/\/schema.org","@graph":[{"@type":"Article","@id":"https:\/\/marekkuchcinski.pl\/wydarzenia\/podsumowanie-73-posiedzenie-sejmu-rp\/#article","isPartOf":{"@id":"https:\/\/marekkuchcinski.pl\/wydarzenia\/podsumowanie-73-posiedzenie-sejmu-rp\/"},"author":{"name":"admin","@id":"https:\/\/marekkuchcinski.pl\/#\/schema\/person\/6f62700996b4d950b6ea2d1183b6c6be"},"headline":"Podsumowanie 73. posiedzenie Sejmu RP","datePublished":"2018-12-07T12:25:36+00:00","dateModified":"2018-12-07T14:49:36+00:00","mainEntityOfPage":{"@id":"https:\/\/marekkuchcinski.pl\/wydarzenia\/podsumowanie-73-posiedzenie-sejmu-rp\/"},"wordCount":1683,"commentCount":0,"publisher":{"@id":"https:\/\/marekkuchcinski.pl\/#organization"},"image":{"@id":"https:\/\/marekkuchcinski.pl\/wydarzenia\/podsumowanie-73-posiedzenie-sejmu-rp\/#primaryimage"},"thumbnailUrl":"https:\/\/marekkuchcinski.pl\/wp-content\/uploads\/2018\/12\/73-PS.jpg","articleSection":["Wie\u015bci z Sejmu","Wydarzenia"],"inLanguage":"cs","potentialAction":[{"@type":"CommentAction","name":"Comment","target":["https:\/\/marekkuchcinski.pl\/wydarzenia\/podsumowanie-73-posiedzenie-sejmu-rp\/#respond"]}]},{"@type":"WebPage","@id":"https:\/\/marekkuchcinski.pl\/wydarzenia\/podsumowanie-73-posiedzenie-sejmu-rp\/","url":"https:\/\/marekkuchcinski.pl\/wydarzenia\/podsumowanie-73-posiedzenie-sejmu-rp\/","name":"Podsumowanie 73. posiedzenie Sejmu RP &#8211; Marek Kuchci\u0144ski","isPartOf":{"@id":"https:\/\/marekkuchcinski.pl\/#website"},"primaryImageOfPage":{"@id":"https:\/\/marekkuchcinski.pl\/wydarzenia\/podsumowanie-73-posiedzenie-sejmu-rp\/#primaryimage"},"image":{"@id":"https:\/\/marekkuchcinski.pl\/wydarzenia\/podsumowanie-73-posiedzenie-sejmu-rp\/#primaryimage"},"thumbnailUrl":"https:\/\/marekkuchcinski.pl\/wp-content\/uploads\/2018\/12\/73-PS.jpg","datePublished":"2018-12-07T12:25:36+00:00","dateModified":"2018-12-07T14:49:36+00:00","breadcrumb":{"@id":"https:\/\/marekkuchcinski.pl\/wydarzenia\/podsumowanie-73-posiedzenie-sejmu-rp\/#breadcrumb"},"inLanguage":"cs","potentialAction":[{"@type":"ReadAction","target":["https:\/\/marekkuchcinski.pl\/wydarzenia\/podsumowanie-73-posiedzenie-sejmu-rp\/"]}]},{"@type":"ImageObject","inLanguage":"cs","@id":"https:\/\/marekkuchcinski.pl\/wydarzenia\/podsumowanie-73-posiedzenie-sejmu-rp\/#primaryimage","url":"https:\/\/marekkuchcinski.pl\/wp-content\/uploads\/2018\/12\/73-PS.jpg","contentUrl":"https:\/\/marekkuchcinski.pl\/wp-content\/uploads\/2018\/12\/73-PS.jpg","width":1620,"height":1080},{"@type":"BreadcrumbList","@id":"https:\/\/marekkuchcinski.pl\/wydarzenia\/podsumowanie-73-posiedzenie-sejmu-rp\/#breadcrumb","itemListElement":[{"@type":"ListItem","position":1,"name":"Strona g\u0142\u00f3wna","item":"https:\/\/marekkuchcinski.pl\/"},{"@type":"ListItem","position":2,"name":"Podsumowanie 73. posiedzenie Sejmu RP"}]},{"@type":"WebSite","@id":"https:\/\/marekkuchcinski.pl\/#website","url":"https:\/\/marekkuchcinski.pl\/","name":"Marek Kuchci\u0144ski","description":"Pose\u0142 na sejm RP &ndash; okr\u0119g nr 22","publisher":{"@id":"https:\/\/marekkuchcinski.pl\/#organization"},"potentialAction":[{"@type":"SearchAction","target":{"@type":"EntryPoint","urlTemplate":"https:\/\/marekkuchcinski.pl\/?s={search_term_string}"},"query-input":{"@type":"PropertyValueSpecification","valueRequired":true,"valueName":"search_term_string"}}],"inLanguage":"cs"},{"@type":"Organization","@id":"https:\/\/marekkuchcinski.pl\/#organization","name":"Marek Kuchci\u0144ski","url":"https:\/\/marekkuchcinski.pl\/","logo":{"@type":"ImageObject","inLanguage":"cs","@id":"https:\/\/marekkuchcinski.pl\/#\/schema\/logo\/image\/","url":"https:\/\/marekkuchcinski.pl\/wp-content\/uploads\/2022\/09\/Marek.jpg","contentUrl":"https:\/\/marekkuchcinski.pl\/wp-content\/uploads\/2022\/09\/Marek.jpg","width":1600,"height":971,"caption":"Marek Kuchci\u0144ski"},"image":{"@id":"https:\/\/marekkuchcinski.pl\/#\/schema\/logo\/image\/"}},{"@type":"Person","@id":"https:\/\/marekkuchcinski.pl\/#\/schema\/person\/6f62700996b4d950b6ea2d1183b6c6be","name":"admin","image":{"@type":"ImageObject","inLanguage":"cs","@id":"https:\/\/marekkuchcinski.pl\/#\/schema\/person\/image\/","url":"https:\/\/secure.gravatar.com\/avatar\/4bab693b9d55c3d6b52c0296a8765085?s=96&d=mm&r=g","contentUrl":"https:\/\/secure.gravatar.com\/avatar\/4bab693b9d55c3d6b52c0296a8765085?s=96&d=mm&r=g","caption":"admin"},"url":"https:\/\/marekkuchcinski.pl\/cs\/author\/marta-olejnik\/"}]}},"_links":{"self":[{"href":"https:\/\/marekkuchcinski.pl\/cs\/wp-json\/wp\/v2\/posts\/11543","targetHints":{"allow":["GET"]}}],"collection":[{"href":"https:\/\/marekkuchcinski.pl\/cs\/wp-json\/wp\/v2\/posts"}],"about":[{"href":"https:\/\/marekkuchcinski.pl\/cs\/wp-json\/wp\/v2\/types\/post"}],"author":[{"embeddable":true,"href":"https:\/\/marekkuchcinski.pl\/cs\/wp-json\/wp\/v2\/users\/6"}],"replies":[{"embeddable":true,"href":"https:\/\/marekkuchcinski.pl\/cs\/wp-json\/wp\/v2\/comments?post=11543"}],"version-history":[{"count":22,"href":"https:\/\/marekkuchcinski.pl\/cs\/wp-json\/wp\/v2\/posts\/11543\/revisions"}],"predecessor-version":[{"id":11588,"href":"https:\/\/marekkuchcinski.pl\/cs\/wp-json\/wp\/v2\/posts\/11543\/revisions\/11588"}],"wp:featuredmedia":[{"embeddable":true,"href":"https:\/\/marekkuchcinski.pl\/cs\/wp-json\/wp\/v2\/media\/11549"}],"wp:attachment":[{"href":"https:\/\/marekkuchcinski.pl\/cs\/wp-json\/wp\/v2\/media?parent=11543"}],"wp:term":[{"taxonomy":"category","embeddable":true,"href":"https:\/\/marekkuchcinski.pl\/cs\/wp-json\/wp\/v2\/categories?post=11543"},{"taxonomy":"post_tag","embeddable":true,"href":"https:\/\/marekkuchcinski.pl\/cs\/wp-json\/wp\/v2\/tags?post=11543"}],"curies":[{"name":"wp","href":"https:\/\/api.w.org\/{rel}","templated":true}]}}