{"id":11516,"date":"2018-12-06T10:51:58","date_gmt":"2018-12-06T09:51:58","guid":{"rendered":"https:\/\/marekkuchcinski.pl\/?p=11516"},"modified":"2018-12-06T10:51:58","modified_gmt":"2018-12-06T09:51:58","slug":"bedzie-wiecej-zlobkow-klubow-dla-malych-dzieci-ruszyl-program-maluch-plus-2019","status":"publish","type":"post","link":"https:\/\/marekkuchcinski.pl\/cs\/wydarzenia\/bedzie-wiecej-zlobkow-klubow-dla-malych-dzieci-ruszyl-program-maluch-plus-2019\/","title":{"rendered":"Bude v\u00edce jesl\u00ed a krou\u017ek\u016f pro mal\u00e9 d\u011bti - byl zah\u00e1jen program \"Batole Plus\" 2019."},"content":{"rendered":"<p><strong>Program \"Maluch Plus\" po\u010d\u00edt\u00e1 s vytvo\u0159en\u00edm p\u0159ibli\u017en\u011b 12 000 nov\u00fdch \u0161kolek a klub\u016f pro d\u011bti do t\u0159\u00ed let v cel\u00e9m Polsku a s dotov\u00e1n\u00edm v\u00edce ne\u017e 40 000 ji\u017e funguj\u00edc\u00edch \u0161kolek a klub\u016f. V roce 2017 vl\u00e1da na tento \u00fa\u010del vy\u010dlen\u00ed p\u016fl miliardy zlot\u00fdch.\u00a0<\/strong><\/p>\n<section class=\"row title_row\">\n<div class=\"main-column\">\n<div class=\"large-7 medium-12 small-12\">\n<h1 class=\"page_title\">MALUCH+ 2019<\/h1>\n<\/div>\n<\/div>\n<\/section>\n<section id=\"content\">\n<div id=\"main-content\" class=\"columns-1-2-1\">\n<div class=\"portlet-layout row\">\u00a0OTEV\u0158EN\u00c1 V\u00ddZVA K P\u0158EDKL\u00c1D\u00c1N\u00cd N\u00c1VRH\u016e NA FINAN\u010cN\u00cd PODPORU \u00daKOL\u016e SOUVISEJ\u00cdC\u00cdCH S ROZVOJEM ZA\u0158\u00cdZEN\u00cd P\u00c9\u010cE O D\u011aTI DO 3 LET \"MALUCH+\" 2019<\/div>\n<div class=\"portlet-layout row\">\n<div class=\"main-column\">\n<div id=\"column-2\" class=\"portlet-column portlet-column-first\">\n<div id=\"layout-column_column-2\" class=\"portlet-dropzone portlet-column-content portlet-column-content-first\">\n<div id=\"p_p_id_com_liferay_journal_content_web_portlet_JournalContentPortlet_INSTANCE_ISjUFbjhUn99_\" class=\"portlet-boundary portlet-boundary_com_liferay_journal_content_web_portlet_JournalContentPortlet_ portlet-static portlet-static-end portlet-decorate portlet-journal-content\">\n<section id=\"portlet_com_liferay_journal_content_web_portlet_JournalContentPortlet_INSTANCE_ISjUFbjhUn99\" class=\"portlet\">\n<div class=\"portlet-content\">\n<div class=\"portlet-content-container\">\n<div class=\"portlet-body\">\n<div class=\"journal-content-article\">\n<div class=\"article\">\n<div class=\"paragraph article_section_content\">\n<p>Ministr pro rodinu, pr\u00e1ci a soci\u00e1ln\u00ed politiku vyz\u00fdv\u00e1 ty, kte\u0159\u00ed provozuj\u00ed za\u0159\u00edzen\u00ed p\u00e9\u010de o d\u011bti do t\u0159\u00ed let, a ty, kte\u0159\u00ed pl\u00e1nuj\u00ed provozovat takov\u00e1 za\u0159\u00edzen\u00ed, aby se z\u00fa\u010dastnili dal\u0161\u00edho ro\u010dn\u00edku programu \"MALUCH+\". Na ro\u010dn\u00edk 2019 bylo vy\u010dlen\u011bno 450 milion\u016f PLN.<\/p>\n<p>Ministr pro rodinu, pr\u00e1ci a soci\u00e1ln\u00ed politiku na z\u00e1klad\u011b \u010dl\u00e1nku 62 z\u00e1kona ze dne 4. \u00fanora 2011 o p\u00e9\u010di o d\u011bti do 3 let (Sb. z. a n. z roku 2018, polo\u017eka 603, ve zn\u011bn\u00ed pozd\u011bj\u0161\u00edch p\u0159edpis\u016f) vyhla\u0161uje v r\u00e1mci Resortn\u00edho programu \"MALUCH+\" pro rozvoj za\u0159\u00edzen\u00ed p\u00e9\u010de o d\u011bti do 3 let (d\u00e1le jen \"Program\") sout\u011b\u017e \"MALUCH+\" 2019. Finan\u010dn\u00ed prost\u0159edky budou p\u0159id\u011bleny na vytvo\u0159en\u00ed a udr\u017een\u00ed m\u00edst p\u00e9\u010de v jesl\u00edch, d\u011btsk\u00fdch klubech a denn\u00edch stacion\u00e1\u0159\u00edch.<\/p>\n<ol>\n<li>Na rok 2019 bylo na program vy\u010dlen\u011bno 450 milion\u016f PLN.<\/li>\n<li>\u00dazemn\u00ed samospr\u00e1vn\u00e9 celky, fyzick\u00e9 osoby, pr\u00e1vnick\u00e9 osoby a organiza\u010dn\u00ed slo\u017eky bez pr\u00e1vn\u00ed subjektivity (v\u010detn\u011b vysok\u00fdch \u0161kol a s nimi spolupracuj\u00edc\u00edch subjekt\u016f), uveden\u00e9 v \u010dl. 8 odst. 1 z\u00e1kona ze dne 4. \u00fanora 2011 o p\u00e9\u010di o d\u011bti ve v\u011bku do 3 let (sb\u00edrka z\u00e1kon\u016f z roku 2018, \u010d\u00e1stka 603, v platn\u00e9m zn\u011bn\u00ed), mohou \u017e\u00e1dat o spolufinancov\u00e1n\u00ed, a to formou \u00fa\u010delov\u00e9 dotace ze st\u00e1tn\u00edho rozpo\u010dtu a o prost\u0159edky z Fondu pr\u00e1ce.<\/li>\n<li>Program \"MALUCH+\" 2019 se skl\u00e1d\u00e1 ze 4 modul\u016f, v jejich\u017e r\u00e1mci jsou dotov\u00e1na opat\u0159en\u00ed na vytvo\u0159en\u00ed a udr\u017een\u00ed m\u00edst v za\u0159\u00edzen\u00edch p\u00e9\u010de o d\u011bti do 3 let, tj. jesl\u00edch, d\u011btsk\u00fdch klubech a denn\u00edch stacion\u00e1\u0159\u00edch.<\/li>\n<\/ol>\n<p>-\u00a0<strong>Modul 1a (pro obce)<\/strong>\u00a0- spolufinancov\u00e1n\u00ed bude poskytnuto na vytvo\u0159en\u00ed m\u00edst p\u00e9\u010de a jejich fungov\u00e1n\u00ed, jako\u017e i na samotn\u00e9 vytvo\u0159en\u00ed m\u00edst v t\u011bch obc\u00edch, kde ke dni pod\u00e1n\u00ed sout\u011b\u017en\u00ed nab\u00eddky nefunguj\u00ed \u017e\u00e1dn\u00e9 jesle nebo d\u011btsk\u00e9 kluby z\u0159izovan\u00e9 \u00fazemn\u00edmi samospr\u00e1vn\u00fdmi celky a \u00fakol se t\u00fdk\u00e1 vytvo\u0159en\u00ed m\u00edst pro nejv\u00fd\u0161e 20% d\u011bt\u00ed v 1.-2. roce \u017eivota v obci a po\u017eadovan\u00e1 \u010d\u00e1stka spolufinancov\u00e1n\u00ed \u00fakolu spo\u010d\u00edvaj\u00edc\u00edho ve vytvo\u0159en\u00ed nov\u00fdch m\u00edst p\u00e9\u010de v obci nep\u0159esahuje 3 miliony PLN (v\u00fd\u0161e uveden\u00e9 podm\u00ednky mus\u00ed b\u00fdt spln\u011bny spole\u010dn\u011b);<\/p>\n<p>-\u00a0<strong>Modul 1b (pro \u010dlensk\u00e9 st\u00e1ty)<\/strong>\u00a0- Vytvo\u0159en\u00ed m\u00edst a jejich fungov\u00e1n\u00ed, stejn\u011b jako vytvo\u0159en\u00ed samotn\u00fdch m\u00edst, bude spolufinancov\u00e1no v obc\u00edch, kde k datu pod\u00e1n\u00ed v\u00fdzvy k p\u0159edkl\u00e1d\u00e1n\u00ed \u017e\u00e1dost\u00ed:<\/p>\n<p>1) jsou v provozu jesle nebo d\u011btsk\u00e9 kluby a \u010d\u00e1stka spolufinancov\u00e1n\u00ed po\u017eadovan\u00e1 na \u00fakol zahrnuj\u00edc\u00ed vytvo\u0159en\u00ed nov\u00fdch m\u00edst p\u00e9\u010de v obci nep\u0159esahuje 5 milion\u016f PLN nebo,<\/p>\n<p>2) nebyly v provozu \u017e\u00e1dn\u00e9 jesle nebo d\u011btsk\u00e9 kluby, ale \u00fakol se t\u00fdk\u00e1 vytvo\u0159en\u00ed m\u00edst pro v\u00edce ne\u017e 20% d\u011bt\u00ed ve v\u011bku 1-2 let v obci, nebo \u010d\u00e1stka spolufinancov\u00e1n\u00ed po\u017eadovan\u00e1 na \u00fakol zahrnuj\u00edc\u00ed vytvo\u0159en\u00ed nov\u00fdch m\u00edst p\u00e9\u010de v obci p\u0159esahuje 3 mil;<\/p>\n<p>Obec, kter\u00e1 realizuje investice do bydlen\u00ed v r\u00e1mci programu \"Mieszkanie+\", m\u016f\u017ee po\u017e\u00e1dat o dotaci na vytvo\u0159en\u00ed m\u00edst pro pe\u010dovatelskou slu\u017ebu v modulech 1a a 1b. Z prost\u0159edk\u016f programu \"MALUCH+\" lze podpo\u0159it vznik za\u0159\u00edzen\u00ed p\u00e9\u010de o d\u011bti do 3 let na \u00fazem\u00ed investic vytvo\u0159en\u00fdch v r\u00e1mci programu \"Mieszkanie+\".<\/p>\n<p>-\u00a0<strong>Modul 2 (pro \u010dlensk\u00e9 st\u00e1ty)<\/strong>\u00a0- budou poskytnuty finan\u010dn\u00ed prost\u0159edky na zaji\u0161t\u011bn\u00ed fungov\u00e1n\u00ed m\u00edst p\u00e9\u010de vytvo\u0159en\u00fdch v r\u00e1mci jsts za \u00fa\u010dasti programu (tj. p\u0159edchoz\u00edch ro\u010dn\u00edk\u016f),<\/p>\n<p><strong>- Modul 3 (pro jin\u00e9 subjekty ne\u017e obce)<\/strong>\u00a0- Vytvo\u0159en\u00ed nov\u00fdch m\u00edst p\u00e9\u010de a jejich provoz, stejn\u011b jako vytvo\u0159en\u00ed samotn\u00fdch m\u00edst, bude dotov\u00e1no.<\/p>\n<p>-\u00a0<strong>Modul 4 (pro jin\u00e9 subjekty ne\u017e obce)<\/strong>\u00a0- Poskytov\u00e1n\u00ed m\u00edst v pe\u010dovatelsk\u00fdch za\u0159\u00edzen\u00edch bude dotov\u00e1no.<\/p>\n<p>P\u0159ednost budou m\u00edt jednotky m\u00edstn\u00ed spr\u00e1vy (moduly 1a, 1b a 2). Zb\u00fdvaj\u00edc\u00ed prost\u0159edky budou poskytnuty jin\u00fdm subjekt\u016fm ne\u017e m\u00edstn\u00edm samospr\u00e1v\u00e1m.<\/p>\n<ol start=\"4\">\n<li>Financov\u00e1n\u00ed se vztahuje na \u00fakoly prov\u00e1d\u011bn\u00e9 v roce 2019.<\/li>\n<li>Lh\u016fta pro pod\u00e1n\u00ed nab\u00eddek:<\/li>\n<\/ol>\n<p>- Pro modul 1a a 1b - 28. prosince 2018.<\/p>\n<p>- pro modul 2 - 28. prosince 2018.<\/p>\n<p>- pro modul 3 - 28. prosince 2018.<\/p>\n<p>- pro modul 4 - 28. prosince 2018.<\/p>\n<ol start=\"6\">\n<li>Nab\u00eddky lze pod\u00e1vat p\u00edsemn\u011b na zemsk\u00fd \u00fa\u0159ad p\u0159\u00edslu\u0161n\u00fd podle m\u00edsta obce, kde je nebo m\u00e1 b\u00fdt za\u0159\u00edzen\u00ed p\u00e9\u010de provozov\u00e1no, nebo elektronicky prost\u0159ednictv\u00edm platformy ePUAP na \u00fa\u010det p\u0159\u00edslu\u0161n\u00e9ho zemsk\u00e9ho \u00fa\u0159adu.<\/li>\n<li>Po shrom\u00e1\u017ed\u011bn\u00ed informac\u00ed od vojvod\u016f o nab\u00eddk\u00e1ch, kter\u00e9 spl\u0148uj\u00ed podm\u00ednky programu, rozhodne ministr o rozsahu (v\u00fdb\u011br modulu nebo modul\u016f), zp\u016fsobu (krit\u00e9ria a v\u00e1hy krit\u00e9ri\u00ed) rozd\u011blen\u00ed finan\u010dn\u00edch prost\u0159edk\u016f na program a v\u00fd\u0161i spolufinancov\u00e1n\u00ed pro p\u0159\u00edjemce.<\/li>\n<li>V\u00fdsledky v\u00fdb\u011brov\u00e9ho \u0159\u00edzen\u00ed budou zve\u0159ejn\u011bny na internetov\u00fdch str\u00e1nk\u00e1ch.\u00a0<u>www.gov.pl\/rodzina<\/u>do 28. \u00fanora 2019.<\/li>\n<li>Subjekty, kter\u00e9 obdr\u017e\u00ed finan\u010dn\u00ed prost\u0159edky na vytvo\u0159en\u00ed m\u00edst v za\u0159\u00edzen\u00edch p\u00e9\u010de o d\u011bti mlad\u0161\u00ed 3 let z vyd\u00e1n\u00ed pro rok 2019 (modul 1 a 3), jsou povinny zachovat tato m\u00edsta po dobu 5 let, tj. do 31. prosince 2024.<\/li>\n<li>Podrobn\u00e1 pravidla sout\u011b\u017ee jsou obsa\u017eena v programu ministerstva \"MALUCH+\" 2019 pro rozvoj za\u0159\u00edzen\u00ed p\u00e9\u010de o d\u011bti do 3 let.<\/li>\n<\/ol>\n<p><strong>POZN\u00c1MKA: V p\u0159\u00edpad\u011b sout\u011b\u017en\u00ed nab\u00eddky modulu 1a a 1b (tabulka 1) jsou \u00fadaje o po\u010dtu d\u011bt\u00ed ve v\u011bku 1-2 let v obci podle \u010cS\u00da (k 30. 6. 2018) uvedeny na z\u00e1klad\u011b tabulky 12 publikace \u010cS\u00da \"Obyvatelstvo. Stav a struktura a p\u0159irozen\u00fd pohyb v \u00fazemn\u00edm \u00faseku v roce 2018. (k 30. \u010dervnu)\"<\/strong><\/p>\n<p><span style=\"color: #808080;\"><strong>v\u00edce: https:\/\/www.gov.pl\/web\/rodzina\/maluch-2019<\/strong><\/span><\/p>\n<\/div>\n<\/div>\n<\/div>\n<\/div>\n<\/div>\n<\/div>\n<\/section>\n<\/div>\n<\/div>\n<\/div>\n<\/div>\n<\/div>\n<\/div>\n<\/section>\n<p><a href=\"https:\/\/marekkuchcinski.pl\/wp-content\/uploads\/2018\/12\/47380405_2213570868859130_7806777658108280832_n.png\"><img fetchpriority=\"high\" decoding=\"async\" class=\"alignnone size-full wp-image-11518\" src=\"https:\/\/marekkuchcinski.pl\/wp-content\/uploads\/2018\/12\/47380405_2213570868859130_7806777658108280832_n.png\" alt=\"47380405_2213570868859130_7806777658108280832_n\" width=\"802\" height=\"451\" srcset=\"https:\/\/marekkuchcinski.pl\/wp-content\/uploads\/2018\/12\/47380405_2213570868859130_7806777658108280832_n.png 802w, https:\/\/marekkuchcinski.pl\/wp-content\/uploads\/2018\/12\/47380405_2213570868859130_7806777658108280832_n-300x169.png 300w, https:\/\/marekkuchcinski.pl\/wp-content\/uploads\/2018\/12\/47380405_2213570868859130_7806777658108280832_n-768x432.png 768w\" sizes=\"(max-width: 802px) 100vw, 802px\" \/><\/a><\/p>","protected":false},"excerpt":{"rendered":"<p>Program \u201eMaluch Plus\u201d zak\u0142ada utworzenie oko\u0142o 12 tysi\u0119cy nowych \u017c\u0142obk\u00f3w i klub\u00f3w dla dzieci do trzeciego roku \u017cycia w ca\u0142ej Polsce i dofinansowanie ponad 40 tysi\u0119cy tych, kt\u00f3re ju\u017c dzia\u0142aj\u0105. W 2017 roku rz\u0105d\u00a0przeznaczy na ten cel p\u00f3\u0142 miliarda z\u0142otych.\u00a0 MALUCH+ 2019 \u00a0OTWARTY KONKURS OFERT NA FINANSOWE WSPIERANIE ZADA\u0143 Z ZAKRESU ROZWOJU INSTYTUCJI OPIEKI NAD [&hellip;]<\/p>\n","protected":false},"author":6,"featured_media":11518,"comment_status":"open","ping_status":"open","sticky":false,"template":"","format":"standard","meta":{"ngg_post_thumbnail":0,"footnotes":""},"categories":[49,82,3],"tags":[],"class_list":["post-11516","post","type-post","status-publish","format-standard","has-post-thumbnail","hentry","category-podkarpacie","category-prawo-i-sprawiedliwosc","category-wydarzenia"],"_links":{"self":[{"href":"https:\/\/marekkuchcinski.pl\/cs\/wp-json\/wp\/v2\/posts\/11516","targetHints":{"allow":["GET"]}}],"collection":[{"href":"https:\/\/marekkuchcinski.pl\/cs\/wp-json\/wp\/v2\/posts"}],"about":[{"href":"https:\/\/marekkuchcinski.pl\/cs\/wp-json\/wp\/v2\/types\/post"}],"author":[{"embeddable":true,"href":"https:\/\/marekkuchcinski.pl\/cs\/wp-json\/wp\/v2\/users\/6"}],"replies":[{"embeddable":true,"href":"https:\/\/marekkuchcinski.pl\/cs\/wp-json\/wp\/v2\/comments?post=11516"}],"version-history":[{"count":3,"href":"https:\/\/marekkuchcinski.pl\/cs\/wp-json\/wp\/v2\/posts\/11516\/revisions"}],"predecessor-version":[{"id":11521,"href":"https:\/\/marekkuchcinski.pl\/cs\/wp-json\/wp\/v2\/posts\/11516\/revisions\/11521"}],"wp:featuredmedia":[{"embeddable":true,"href":"https:\/\/marekkuchcinski.pl\/cs\/wp-json\/wp\/v2\/media\/11518"}],"wp:attachment":[{"href":"https:\/\/marekkuchcinski.pl\/cs\/wp-json\/wp\/v2\/media?parent=11516"}],"wp:term":[{"taxonomy":"category","embeddable":true,"href":"https:\/\/marekkuchcinski.pl\/cs\/wp-json\/wp\/v2\/categories?post=11516"},{"taxonomy":"post_tag","embeddable":true,"href":"https:\/\/marekkuchcinski.pl\/cs\/wp-json\/wp\/v2\/tags?post=11516"}],"curies":[{"name":"wp","href":"https:\/\/api.w.org\/{rel}","templated":true}]}}