{"id":11496,"date":"2018-12-05T11:29:11","date_gmt":"2018-12-05T10:29:11","guid":{"rendered":"https:\/\/marekkuchcinski.pl\/?p=11496"},"modified":"2018-12-05T11:31:21","modified_gmt":"2018-12-05T10:31:21","slug":"program-profilaktyczny-mswia-chronic-dzieci-mlodziez-patologiami-podniesc-bezpieczenstwo-miejscach-publicznych-oraz-przejsciach-dla-pieszych","status":"publish","type":"post","link":"https:\/\/marekkuchcinski.pl\/cs\/wydarzenia\/program-profilaktyczny-mswia-chronic-dzieci-mlodziez-patologiami-podniesc-bezpieczenstwo-miejscach-publicznych-oraz-przejsciach-dla-pieszych\/","title":{"rendered":"Preventivn\u00ed program Ministerstva vnitra je zam\u011b\u0159en na ochranu d\u011bt\u00ed a ml\u00e1de\u017ee p\u0159ed patologick\u00fdmi jevy, zv\u00fd\u0161en\u00ed bezpe\u010dnosti na ve\u0159ejn\u00fdch m\u00edstech nebo na p\u0159echodech pro chodce."},"content":{"rendered":"<p>Ministerstvo vnitra a spr\u00e1vy (MIAA) vyhla\u0161uje v\u00fdzvu k p\u0159edkl\u00e1d\u00e1n\u00ed \u017e\u00e1dost\u00ed o grant v r\u00e1mci programu \"W\u0142adys\u0142aw Stasiak bezpe\u010dn\u011bji spole\u010dn\u011b\" na rok 2019.<br \/>\nJedn\u00e1 se o nejv\u011bt\u0161\u00ed akci preventivn\u00edho charakteru v Polsku. V roce 2019 vy\u010dlen\u00ed Ministerstvo vnitra a spr\u00e1vy na tento \u00fa\u010del celkem 6 milion\u016f PLN. Program m\u00e1 \u010dty\u0159i hlavn\u00ed specifick\u00e9 c\u00edle: bezpe\u010dnost na ve\u0159ejn\u00fdch m\u00edstech, bezpe\u010dn\u00e9 p\u0159echody pro chodce, pot\u00edr\u00e1n\u00ed patologick\u00fdch jev\u016f a ochrana d\u011bt\u00ed a ml\u00e1de\u017ee, v\u00fdchova k bezpe\u010dnosti.<br \/>\nVe st\u00e1tn\u00edm rozpo\u010dtu na rok 2019 je zaji\u0161t\u011bna zvl\u00e1\u0161tn\u00ed rezerva ve v\u00fd\u0161i 6 000 000 PLN na realizaci \"Programu W\u0142adys\u0142awa Stasiaka na sn\u00ed\u017een\u00ed kriminality a protispole\u010densk\u00e9ho chov\u00e1n\u00ed Bezpe\u010dn\u011bji spole\u010dn\u011b 2018 - 2020\".<br \/>\nRezerva st\u00e1tn\u00edho rozpo\u010dtu zaji\u0161t\u011bn\u00e1 na realizaci Programu bude rozd\u011blena podle p\u0159edpoklad\u016f Programu na realizaci konkr\u00e9tn\u00edch projekt\u016f \u00fazemn\u00edch samospr\u00e1vn\u00fdch celk\u016f.<br \/>\na nevl\u00e1dn\u00ed organizace v jednotliv\u00fdch vojvodstv\u00edch (preventivn\u011b zam\u011b\u0159en\u00e9 \u00fakoly v r\u00e1mci m\u00edstn\u00edch projekt\u016f, zpravidla realizovan\u00e9 ve \u010dty\u0159ech specifick\u00fdch c\u00edlech programu, tj. bezpe\u010dnost na ve\u0159ejn\u00fdch m\u00edstech se zvl\u00e1\u0161tn\u00edm d\u016frazem na vytv\u00e1\u0159en\u00ed m\u00edstn\u00edch bezpe\u010dnostn\u00edch syst\u00e9m\u016f, bezpe\u010dn\u00e9 p\u0159echody pro chodce p\u016fsob\u00edc\u00ed proti patologick\u00fdm jev\u016fm a ochrana d\u011bt\u00ed a ml\u00e1de\u017ee, v\u00fdchova k bezpe\u010dnosti). Dne 26. listopadu 2018 p\u0159ijal ministr Jaros\u0142aw Zieli\u0144ski na z\u00e1klad\u011b doporu\u010den\u00ed meziresortn\u00edho t\u00fdmu pro program , n\u00e1sleduj\u00edc\u00ed \u0159e\u0161en\u00ed t\u00fdkaj\u00edc\u00ed se rozd\u011blen\u00ed zvl\u00e1\u0161tn\u00ed rezervy zaji\u0161t\u011bn\u00e9 na realizaci programu \"Spole\u010dn\u011b bezpe\u010dn\u011bji\":<br \/>\n<strong>Specifick\u00fd c\u00edl \u010d. 1.<\/strong> Bezpe\u010dnost na ve\u0159ejn\u00fdch m\u00edstech se zvl\u00e1\u0161tn\u00edm d\u016frazem na vytv\u00e1\u0159en\u00ed m\u00edstn\u00edch bezpe\u010dnostn\u00edch syst\u00e9m\u016f - celkov\u00e9 financov\u00e1n\u00ed - 1 000 000 PLN<br \/>\nMaxim\u00e1ln\u011b 4 projekty z ka\u017ed\u00e9 provincie, v\u010detn\u011b:<br \/>\n2 projekty pro hlavn\u00ed c\u00edl \u010d. 1 - celkov\u00e1 \u010d\u00e1stka spolufinancov\u00e1n\u00ed - 600 000 PLN\/ maxim\u00e1ln\u00ed \u010d\u00e1stka pro 1 projekt - 100 000 PLN,<br \/>\n1 projekt pro prioritn\u00ed c\u00edl 1a - v\u00fdstavba dopravn\u00edch m\u011bste\u010dek - celkov\u00e1 \u010d\u00e1stka spolufinancov\u00e1n\u00ed 300 000 PLN \/ max. \u010d\u00e1stka na 1 projekt 100 000 PLN,<br \/>\n1 mikroprojekt - celkov\u00e9 spolufinancov\u00e1n\u00ed 100 000 PLN \/ max. \u010d\u00e1stka na 1 projekt 25 000 PLN<br \/>\n<strong>Specifick\u00fd c\u00edl \u010d. 2<\/strong>. Bezpe\u010dn\u00e9 p\u0159echody pro chodce - celkov\u00e1 \u010d\u00e1stka financov\u00e1n\u00ed - 3 000 000 PLN<br \/>\nMaxim\u00e1ln\u011b 12 projekt\u016f z ka\u017ed\u00e9 provincie, v\u010detn\u011b:<br \/>\n4 projekty pro hlavn\u00ed c\u00edl \u010d. 2 - celkov\u00e1 \u010d\u00e1stka spolufinancov\u00e1n\u00ed - 2 200 000 PLN \/ max. \u010d\u00e1stka pro 1 projekt 100 000 PLN,<br \/>\n3 projekty pro specifick\u00fd prioritn\u00ed c\u00edl \u010d. 2 a - Bezpe\u010dnost chodc\u016f v silni\u010dn\u00edm provozu - celkov\u00e1 \u010d\u00e1stka spolufinancov\u00e1n\u00ed - 300 000 PLN\/ maxim\u00e1ln\u00ed \u010d\u00e1stka na 1 projekt - 50 000 PLN,<br \/>\n3 projekty pro specifick\u00fd prioritn\u00ed c\u00edl \u010d. 2 b - Bezpe\u010dnost cyklist\u016f v silni\u010dn\u00edm provozu - celkov\u00e1 \u010d\u00e1stka spolufinancov\u00e1n\u00ed - 300 000 PLN\/ maxim\u00e1ln\u00ed \u010d\u00e1stka na 1 projekt - 50 000 PLN,<br \/>\n2 mikroprojekty - 200 000 PLN\/ max. \u010d\u00e1stka na 1 projekt 25 000 PLN.<br \/>\n<strong>Specifick\u00fd c\u00edl \u010d. 3.<\/strong> Boj proti patologick\u00fdm jev\u016fm a ochrana d\u011bt\u00ed a ml\u00e1de\u017ee - celkov\u00e1 \u010d\u00e1stka spolufinancov\u00e1n\u00ed - 1 000 000 PLN<br \/>\nMaxim\u00e1ln\u011b 5 projekt\u016f z ka\u017ed\u00e9 provincie, v\u010detn\u011b:<br \/>\n2 projekty pro hlavn\u00ed c\u00edl \u010d. 3 - celkov\u00e1 \u010d\u00e1stka spolufinancov\u00e1n\u00ed - 500 000 PLN\/ maxim\u00e1ln\u00ed \u010d\u00e1stka pro 1 projekt - 100 000 PLN,<br \/>\n1 projekt pro prioritn\u00ed c\u00edl 3a - Boj proti hegemonii a nen\u00e1vistn\u00fdm projev\u016fm mezi ml\u00e1de\u017e\u00ed - 200 000 PLN \/ max. \u010d\u00e1stka pro 1 projekt 50 000 PLN,<br \/>\n1 projekt pro prioritn\u00ed c\u00edl 3b - Prevence a pot\u00edr\u00e1n\u00ed drogov\u00e9 a po\u017e\u00e1rn\u00ed z\u00e1vislosti - 200 000 PLN \/ max. \u010d\u00e1stka pro 1 projekt 50 000 PLN,<br \/>\n1 mikroprojekt - 100 000 PLN \/ max. \u010d\u00e1stka na 1 projekt 25 000 PLN.<br \/>\n<strong>Specifick\u00fd c\u00edl \u010d. 4<\/strong>. Vzd\u011bl\u00e1v\u00e1n\u00ed pro bezpe\u010dnost - 1 000 000 PLN<br \/>\nMaxim\u00e1ln\u011b 5 projekt\u016f z ka\u017ed\u00e9 provincie, v\u010detn\u011b:<br \/>\n2 projekty pro hlavn\u00ed c\u00edl \u010d. 4 - celkov\u00e1 \u010d\u00e1stka spolufinancov\u00e1n\u00ed - 500 000 PLN \/ max. \u010d\u00e1stka pro 1 projekt - 100 000 PLN,<br \/>\n1 projekt pro prioritn\u00ed c\u00edl 4a - Vyu\u017e\u00edv\u00e1n\u00ed mobiln\u00edch telefon\u016f - p\u0159\u00edle\u017eitosti<br \/>\na bezpe\u010dnostn\u00edch hrozeb - 200 000 PLN\/ max. \u010d\u00e1stka na projekt 50 000 PLN,<br \/>\n1 projekt pro prioritn\u00ed c\u00edl 4b - Bezpe\u010dnost na vod\u011b a v hor\u00e1ch - 200 000 PLN\/ max. \u010d\u00e1stka pro 1 projekt 50 000 PLN,<br \/>\n1 mikroprojekt - 100 000 PLN \/ max. \u010d\u00e1stka na 1 projekt 25 000 PLN.<br \/>\n100 000 PLN - maxim\u00e1ln\u00ed v\u00fd\u0161e spolufinancov\u00e1n\u00ed hlavn\u00edch projekt\u016f a projekt\u016f v r\u00e1mci prioritn\u00edho c\u00edle 1a - v\u00fdstavba dopravn\u00edch m\u011bst.<br \/>\n50 000 PLN - maxim\u00e1ln\u00ed spolufinancov\u00e1n\u00ed prioritn\u00edch projekt\u016f<br \/>\n25 000 PLN - maxim\u00e1ln\u00ed spolufinancov\u00e1n\u00ed 1 mikroprojektu (mikroprojekt m\u00edstn\u00ed projekt \"mikro\" rozsahu, tj. pro obce do 10 000 p\u0159\u00edjemc\u016f).<br \/>\nN\u00e1bor projekt\u016f (centr\u00e1ln\u00ed etapa) trv\u00e1 do 25. ledna 2019 (krajsk\u00e9 \u00fa\u0159ady p\u0159edlo\u017e\u00ed Ministerstvu vnitra do 25. ledna 2019 a\u017e 26 projekt\u016f ze sv\u00e9 krajsk\u00e9 oblasti).<br \/>\nN\u00ed\u017ee jsou uvedeny p\u0159ehledov\u00e9 materi\u00e1ly pro pou\u017eit\u00ed v leto\u0161n\u00ed v\u00fdzv\u011b k p\u0159edkl\u00e1d\u00e1n\u00ed projekt\u016f.<br \/>\nNa webov\u00fdch str\u00e1nk\u00e1ch programu \"Bezpe\u010dn\u011b spole\u010dn\u011b\" bude v z\u00e1lo\u017ece \"Postup\" zve\u0159ejn\u011bn soubor dokument\u016f (vzory dokumentace, kter\u00e9 se pou\u017eij\u00ed p\u0159i hodnocen\u00ed preventivn\u00edch projekt\u016f a kter\u00e9 se povinn\u011b pou\u017eij\u00ed p\u0159i hodnocen\u00ed t\u011bchto projekt\u016f, spolu s formul\u00e1\u0159em \u017e\u00e1dosti, kter\u00fd by m\u011bly samospr\u00e1vn\u00e9 celky a NNO zaslat p\u0159\u00edslu\u0161n\u00fdm vojvodsk\u00fdm \u00fa\u0159ad\u016fm (vojvodsk\u00e1 etapa) v term\u00ednech stanoven\u00fdch p\u0159\u00edslu\u0161n\u00fdmi vojvody).<\/p>\n<h2><span style=\"color: #33cccc;\"><strong><a style=\"color: #33cccc;\" href=\"https:\/\/marekkuchcinski.pl\/wp-content\/uploads\/2018\/12\/graficzny_schemat_-_mechanizm_dofinansowania_Rb_2019-1.pdf\">Zkontrolujte mechanismus financov\u00e1n\u00ed<\/a><\/strong><\/span><\/h2>","protected":false},"excerpt":{"rendered":"<p>MSWiA og\u0142asza nab\u00f3r wniosk\u00f3w do programu \u201eRazem bezpieczniej im. W\u0142adys\u0142awa Stasiaka\u201d na rok 2019. Jest to\u00a0najwi\u0119ksze przedsi\u0119wzi\u0119cie o charakterze profilaktycznym w Polsce. W 2019 roku MSWiA przeznaczy na ten cel \u0142\u0105cznie 6 milion\u00f3w z\u0142otych. Program ma cztery g\u0142\u00f3wne cele szczeg\u00f3\u0142owe: bezpiecze\u0144stwo w miejscach publicznych, bezpieczne przej\u015bcia dla pieszych, przeciwdzia\u0142anie zjawiskom patologii, a tak\u017ce ochrona dzieci [&hellip;]<\/p>","protected":false},"author":6,"featured_media":11500,"comment_status":"open","ping_status":"open","sticky":false,"template":"","format":"standard","meta":{"ngg_post_thumbnail":0,"footnotes":""},"categories":[82,3],"tags":[],"class_list":["post-11496","post","type-post","status-publish","format-standard","has-post-thumbnail","hentry","category-prawo-i-sprawiedliwosc","category-wydarzenia"],"yoast_head":"<!-- This site is optimized with the Yoast SEO plugin v24.7 - https:\/\/yoast.com\/wordpress\/plugins\/seo\/ -->\n<title>Program profilaktyczny MSWiA ma chroni\u0107 dzieci i m\u0142odzie\u017c przed patologiami, podnie\u015b\u0107 bezpiecze\u0144stwo w miejscach publicznych czy na przej\u015bciach dla pieszych &#8211; Marek Kuchci\u0144ski<\/title>\n<meta name=\"robots\" content=\"index, follow, max-snippet:-1, max-image-preview:large, max-video-preview:-1\" \/>\n<link rel=\"canonical\" href=\"https:\/\/marekkuchcinski.pl\/cs\/wydarzenia\/program-profilaktyczny-mswia-chronic-dzieci-mlodziez-patologiami-podniesc-bezpieczenstwo-miejscach-publicznych-oraz-przejsciach-dla-pieszych\/\" \/>\n<meta property=\"og:locale\" content=\"cs_CZ\" \/>\n<meta property=\"og:type\" content=\"article\" \/>\n<meta property=\"og:title\" content=\"Program profilaktyczny MSWiA ma chroni\u0107 dzieci i m\u0142odzie\u017c przed patologiami, podnie\u015b\u0107 bezpiecze\u0144stwo w miejscach publicznych czy na przej\u015bciach dla pieszych &#8211; Marek Kuchci\u0144ski\" \/>\n<meta property=\"og:description\" content=\"MSWiA og\u0142asza nab\u00f3r wniosk\u00f3w do programu \u201eRazem bezpieczniej im. W\u0142adys\u0142awa Stasiaka\u201d na rok 2019. Jest to\u00a0najwi\u0119ksze przedsi\u0119wzi\u0119cie o charakterze profilaktycznym w Polsce. W 2019 roku MSWiA przeznaczy na ten cel \u0142\u0105cznie 6 milion\u00f3w z\u0142otych. Program ma cztery g\u0142\u00f3wne cele szczeg\u00f3\u0142owe: bezpiecze\u0144stwo w miejscach publicznych, bezpieczne przej\u015bcia dla pieszych, przeciwdzia\u0142anie zjawiskom patologii, a tak\u017ce ochrona dzieci [&hellip;]\" \/>\n<meta property=\"og:url\" content=\"https:\/\/marekkuchcinski.pl\/cs\/wydarzenia\/program-profilaktyczny-mswia-chronic-dzieci-mlodziez-patologiami-podniesc-bezpieczenstwo-miejscach-publicznych-oraz-przejsciach-dla-pieszych\/\" \/>\n<meta property=\"og:site_name\" content=\"Marek Kuchci\u0144ski\" \/>\n<meta property=\"article:published_time\" content=\"2018-12-05T10:29:11+00:00\" \/>\n<meta property=\"article:modified_time\" content=\"2018-12-05T10:31:21+00:00\" \/>\n<meta property=\"og:image\" content=\"https:\/\/marekkuchcinski.pl\/wp-content\/uploads\/2018\/12\/PSX_20181205_110814_2-1.jpg\" \/>\n\t<meta property=\"og:image:width\" content=\"2048\" \/>\n\t<meta property=\"og:image:height\" content=\"1536\" \/>\n\t<meta property=\"og:image:type\" content=\"image\/jpeg\" \/>\n<meta name=\"author\" content=\"admin\" \/>\n<meta name=\"twitter:card\" content=\"summary_large_image\" \/>\n<meta name=\"twitter:label1\" content=\"Napsal(a)\" \/>\n\t<meta name=\"twitter:data1\" content=\"admin\" \/>\n\t<meta name=\"twitter:label2\" content=\"Odhadovan\u00e1 doba \u010dten\u00ed\" \/>\n\t<meta name=\"twitter:data2\" content=\"4 minuty\" \/>\n<script type=\"application\/ld+json\" class=\"yoast-schema-graph\">{\"@context\":\"https:\/\/schema.org\",\"@graph\":[{\"@type\":\"Article\",\"@id\":\"https:\/\/marekkuchcinski.pl\/wydarzenia\/program-profilaktyczny-mswia-chronic-dzieci-mlodziez-patologiami-podniesc-bezpieczenstwo-miejscach-publicznych-oraz-przejsciach-dla-pieszych\/#article\",\"isPartOf\":{\"@id\":\"https:\/\/marekkuchcinski.pl\/wydarzenia\/program-profilaktyczny-mswia-chronic-dzieci-mlodziez-patologiami-podniesc-bezpieczenstwo-miejscach-publicznych-oraz-przejsciach-dla-pieszych\/\"},\"author\":{\"name\":\"admin\",\"@id\":\"https:\/\/marekkuchcinski.pl\/#\/schema\/person\/6f62700996b4d950b6ea2d1183b6c6be\"},\"headline\":\"Program profilaktyczny MSWiA ma chroni\u0107 dzieci i m\u0142odzie\u017c przed patologiami, podnie\u015b\u0107 bezpiecze\u0144stwo w miejscach publicznych czy na przej\u015bciach dla pieszych\",\"datePublished\":\"2018-12-05T10:29:11+00:00\",\"dateModified\":\"2018-12-05T10:31:21+00:00\",\"mainEntityOfPage\":{\"@id\":\"https:\/\/marekkuchcinski.pl\/wydarzenia\/program-profilaktyczny-mswia-chronic-dzieci-mlodziez-patologiami-podniesc-bezpieczenstwo-miejscach-publicznych-oraz-przejsciach-dla-pieszych\/\"},\"wordCount\":800,\"commentCount\":0,\"publisher\":{\"@id\":\"https:\/\/marekkuchcinski.pl\/#organization\"},\"image\":{\"@id\":\"https:\/\/marekkuchcinski.pl\/wydarzenia\/program-profilaktyczny-mswia-chronic-dzieci-mlodziez-patologiami-podniesc-bezpieczenstwo-miejscach-publicznych-oraz-przejsciach-dla-pieszych\/#primaryimage\"},\"thumbnailUrl\":\"https:\/\/marekkuchcinski.pl\/wp-content\/uploads\/2018\/12\/PSX_20181205_110814_2-1.jpg\",\"articleSection\":[\"Prawo i Sprawiedliwo\u015b\u0107\",\"Wydarzenia\"],\"inLanguage\":\"cs\",\"potentialAction\":[{\"@type\":\"CommentAction\",\"name\":\"Comment\",\"target\":[\"https:\/\/marekkuchcinski.pl\/wydarzenia\/program-profilaktyczny-mswia-chronic-dzieci-mlodziez-patologiami-podniesc-bezpieczenstwo-miejscach-publicznych-oraz-przejsciach-dla-pieszych\/#respond\"]}]},{\"@type\":\"WebPage\",\"@id\":\"https:\/\/marekkuchcinski.pl\/wydarzenia\/program-profilaktyczny-mswia-chronic-dzieci-mlodziez-patologiami-podniesc-bezpieczenstwo-miejscach-publicznych-oraz-przejsciach-dla-pieszych\/\",\"url\":\"https:\/\/marekkuchcinski.pl\/wydarzenia\/program-profilaktyczny-mswia-chronic-dzieci-mlodziez-patologiami-podniesc-bezpieczenstwo-miejscach-publicznych-oraz-przejsciach-dla-pieszych\/\",\"name\":\"Program profilaktyczny MSWiA ma chroni\u0107 dzieci i m\u0142odzie\u017c przed patologiami, podnie\u015b\u0107 bezpiecze\u0144stwo w miejscach publicznych czy na przej\u015bciach dla pieszych &#8211; Marek Kuchci\u0144ski\",\"isPartOf\":{\"@id\":\"https:\/\/marekkuchcinski.pl\/#website\"},\"primaryImageOfPage\":{\"@id\":\"https:\/\/marekkuchcinski.pl\/wydarzenia\/program-profilaktyczny-mswia-chronic-dzieci-mlodziez-patologiami-podniesc-bezpieczenstwo-miejscach-publicznych-oraz-przejsciach-dla-pieszych\/#primaryimage\"},\"image\":{\"@id\":\"https:\/\/marekkuchcinski.pl\/wydarzenia\/program-profilaktyczny-mswia-chronic-dzieci-mlodziez-patologiami-podniesc-bezpieczenstwo-miejscach-publicznych-oraz-przejsciach-dla-pieszych\/#primaryimage\"},\"thumbnailUrl\":\"https:\/\/marekkuchcinski.pl\/wp-content\/uploads\/2018\/12\/PSX_20181205_110814_2-1.jpg\",\"datePublished\":\"2018-12-05T10:29:11+00:00\",\"dateModified\":\"2018-12-05T10:31:21+00:00\",\"breadcrumb\":{\"@id\":\"https:\/\/marekkuchcinski.pl\/wydarzenia\/program-profilaktyczny-mswia-chronic-dzieci-mlodziez-patologiami-podniesc-bezpieczenstwo-miejscach-publicznych-oraz-przejsciach-dla-pieszych\/#breadcrumb\"},\"inLanguage\":\"cs\",\"potentialAction\":[{\"@type\":\"ReadAction\",\"target\":[\"https:\/\/marekkuchcinski.pl\/wydarzenia\/program-profilaktyczny-mswia-chronic-dzieci-mlodziez-patologiami-podniesc-bezpieczenstwo-miejscach-publicznych-oraz-przejsciach-dla-pieszych\/\"]}]},{\"@type\":\"ImageObject\",\"inLanguage\":\"cs\",\"@id\":\"https:\/\/marekkuchcinski.pl\/wydarzenia\/program-profilaktyczny-mswia-chronic-dzieci-mlodziez-patologiami-podniesc-bezpieczenstwo-miejscach-publicznych-oraz-przejsciach-dla-pieszych\/#primaryimage\",\"url\":\"https:\/\/marekkuchcinski.pl\/wp-content\/uploads\/2018\/12\/PSX_20181205_110814_2-1.jpg\",\"contentUrl\":\"https:\/\/marekkuchcinski.pl\/wp-content\/uploads\/2018\/12\/PSX_20181205_110814_2-1.jpg\",\"width\":2048,\"height\":1536},{\"@type\":\"BreadcrumbList\",\"@id\":\"https:\/\/marekkuchcinski.pl\/wydarzenia\/program-profilaktyczny-mswia-chronic-dzieci-mlodziez-patologiami-podniesc-bezpieczenstwo-miejscach-publicznych-oraz-przejsciach-dla-pieszych\/#breadcrumb\",\"itemListElement\":[{\"@type\":\"ListItem\",\"position\":1,\"name\":\"Strona g\u0142\u00f3wna\",\"item\":\"https:\/\/marekkuchcinski.pl\/\"},{\"@type\":\"ListItem\",\"position\":2,\"name\":\"Program profilaktyczny MSWiA ma chroni\u0107 dzieci i m\u0142odzie\u017c przed patologiami, podnie\u015b\u0107 bezpiecze\u0144stwo w miejscach publicznych czy na przej\u015bciach dla pieszych\"}]},{\"@type\":\"WebSite\",\"@id\":\"https:\/\/marekkuchcinski.pl\/#website\",\"url\":\"https:\/\/marekkuchcinski.pl\/\",\"name\":\"Marek Kuchci\u0144ski\",\"description\":\"Pose\u0142 na sejm RP &ndash; okr\u0119g nr 22\",\"publisher\":{\"@id\":\"https:\/\/marekkuchcinski.pl\/#organization\"},\"potentialAction\":[{\"@type\":\"SearchAction\",\"target\":{\"@type\":\"EntryPoint\",\"urlTemplate\":\"https:\/\/marekkuchcinski.pl\/?s={search_term_string}\"},\"query-input\":{\"@type\":\"PropertyValueSpecification\",\"valueRequired\":true,\"valueName\":\"search_term_string\"}}],\"inLanguage\":\"cs\"},{\"@type\":\"Organization\",\"@id\":\"https:\/\/marekkuchcinski.pl\/#organization\",\"name\":\"Marek Kuchci\u0144ski\",\"url\":\"https:\/\/marekkuchcinski.pl\/\",\"logo\":{\"@type\":\"ImageObject\",\"inLanguage\":\"cs\",\"@id\":\"https:\/\/marekkuchcinski.pl\/#\/schema\/logo\/image\/\",\"url\":\"https:\/\/marekkuchcinski.pl\/wp-content\/uploads\/2022\/09\/Marek.jpg\",\"contentUrl\":\"https:\/\/marekkuchcinski.pl\/wp-content\/uploads\/2022\/09\/Marek.jpg\",\"width\":1600,\"height\":971,\"caption\":\"Marek Kuchci\u0144ski\"},\"image\":{\"@id\":\"https:\/\/marekkuchcinski.pl\/#\/schema\/logo\/image\/\"}},{\"@type\":\"Person\",\"@id\":\"https:\/\/marekkuchcinski.pl\/#\/schema\/person\/6f62700996b4d950b6ea2d1183b6c6be\",\"name\":\"admin\",\"image\":{\"@type\":\"ImageObject\",\"inLanguage\":\"cs\",\"@id\":\"https:\/\/marekkuchcinski.pl\/#\/schema\/person\/image\/\",\"url\":\"https:\/\/secure.gravatar.com\/avatar\/4bab693b9d55c3d6b52c0296a8765085?s=96&d=mm&r=g\",\"contentUrl\":\"https:\/\/secure.gravatar.com\/avatar\/4bab693b9d55c3d6b52c0296a8765085?s=96&d=mm&r=g\",\"caption\":\"admin\"},\"url\":\"https:\/\/marekkuchcinski.pl\/cs\/author\/marta-olejnik\/\"}]}<\/script>\n<!-- \/ Yoast SEO plugin. -->","yoast_head_json":{"title":"Program profilaktyczny MSWiA ma chroni\u0107 dzieci i m\u0142odzie\u017c przed patologiami, podnie\u015b\u0107 bezpiecze\u0144stwo w miejscach publicznych czy na przej\u015bciach dla pieszych &#8211; Marek Kuchci\u0144ski","robots":{"index":"index","follow":"follow","max-snippet":"max-snippet:-1","max-image-preview":"max-image-preview:large","max-video-preview":"max-video-preview:-1"},"canonical":"https:\/\/marekkuchcinski.pl\/cs\/wydarzenia\/program-profilaktyczny-mswia-chronic-dzieci-mlodziez-patologiami-podniesc-bezpieczenstwo-miejscach-publicznych-oraz-przejsciach-dla-pieszych\/","og_locale":"cs_CZ","og_type":"article","og_title":"Program profilaktyczny MSWiA ma chroni\u0107 dzieci i m\u0142odzie\u017c przed patologiami, podnie\u015b\u0107 bezpiecze\u0144stwo w miejscach publicznych czy na przej\u015bciach dla pieszych &#8211; Marek Kuchci\u0144ski","og_description":"MSWiA og\u0142asza nab\u00f3r wniosk\u00f3w do programu \u201eRazem bezpieczniej im. W\u0142adys\u0142awa Stasiaka\u201d na rok 2019. Jest to\u00a0najwi\u0119ksze przedsi\u0119wzi\u0119cie o charakterze profilaktycznym w Polsce. W 2019 roku MSWiA przeznaczy na ten cel \u0142\u0105cznie 6 milion\u00f3w z\u0142otych. Program ma cztery g\u0142\u00f3wne cele szczeg\u00f3\u0142owe: bezpiecze\u0144stwo w miejscach publicznych, bezpieczne przej\u015bcia dla pieszych, przeciwdzia\u0142anie zjawiskom patologii, a tak\u017ce ochrona dzieci [&hellip;]","og_url":"https:\/\/marekkuchcinski.pl\/cs\/wydarzenia\/program-profilaktyczny-mswia-chronic-dzieci-mlodziez-patologiami-podniesc-bezpieczenstwo-miejscach-publicznych-oraz-przejsciach-dla-pieszych\/","og_site_name":"Marek Kuchci\u0144ski","article_published_time":"2018-12-05T10:29:11+00:00","article_modified_time":"2018-12-05T10:31:21+00:00","og_image":[{"width":2048,"height":1536,"url":"https:\/\/marekkuchcinski.pl\/wp-content\/uploads\/2018\/12\/PSX_20181205_110814_2-1.jpg","type":"image\/jpeg"}],"author":"admin","twitter_card":"summary_large_image","twitter_misc":{"Napsal(a)":"admin","Odhadovan\u00e1 doba \u010dten\u00ed":"4 minuty"},"schema":{"@context":"https:\/\/schema.org","@graph":[{"@type":"Article","@id":"https:\/\/marekkuchcinski.pl\/wydarzenia\/program-profilaktyczny-mswia-chronic-dzieci-mlodziez-patologiami-podniesc-bezpieczenstwo-miejscach-publicznych-oraz-przejsciach-dla-pieszych\/#article","isPartOf":{"@id":"https:\/\/marekkuchcinski.pl\/wydarzenia\/program-profilaktyczny-mswia-chronic-dzieci-mlodziez-patologiami-podniesc-bezpieczenstwo-miejscach-publicznych-oraz-przejsciach-dla-pieszych\/"},"author":{"name":"admin","@id":"https:\/\/marekkuchcinski.pl\/#\/schema\/person\/6f62700996b4d950b6ea2d1183b6c6be"},"headline":"Program profilaktyczny MSWiA ma chroni\u0107 dzieci i m\u0142odzie\u017c przed patologiami, podnie\u015b\u0107 bezpiecze\u0144stwo w miejscach publicznych czy na przej\u015bciach dla pieszych","datePublished":"2018-12-05T10:29:11+00:00","dateModified":"2018-12-05T10:31:21+00:00","mainEntityOfPage":{"@id":"https:\/\/marekkuchcinski.pl\/wydarzenia\/program-profilaktyczny-mswia-chronic-dzieci-mlodziez-patologiami-podniesc-bezpieczenstwo-miejscach-publicznych-oraz-przejsciach-dla-pieszych\/"},"wordCount":800,"commentCount":0,"publisher":{"@id":"https:\/\/marekkuchcinski.pl\/#organization"},"image":{"@id":"https:\/\/marekkuchcinski.pl\/wydarzenia\/program-profilaktyczny-mswia-chronic-dzieci-mlodziez-patologiami-podniesc-bezpieczenstwo-miejscach-publicznych-oraz-przejsciach-dla-pieszych\/#primaryimage"},"thumbnailUrl":"https:\/\/marekkuchcinski.pl\/wp-content\/uploads\/2018\/12\/PSX_20181205_110814_2-1.jpg","articleSection":["Prawo i Sprawiedliwo\u015b\u0107","Wydarzenia"],"inLanguage":"cs","potentialAction":[{"@type":"CommentAction","name":"Comment","target":["https:\/\/marekkuchcinski.pl\/wydarzenia\/program-profilaktyczny-mswia-chronic-dzieci-mlodziez-patologiami-podniesc-bezpieczenstwo-miejscach-publicznych-oraz-przejsciach-dla-pieszych\/#respond"]}]},{"@type":"WebPage","@id":"https:\/\/marekkuchcinski.pl\/wydarzenia\/program-profilaktyczny-mswia-chronic-dzieci-mlodziez-patologiami-podniesc-bezpieczenstwo-miejscach-publicznych-oraz-przejsciach-dla-pieszych\/","url":"https:\/\/marekkuchcinski.pl\/wydarzenia\/program-profilaktyczny-mswia-chronic-dzieci-mlodziez-patologiami-podniesc-bezpieczenstwo-miejscach-publicznych-oraz-przejsciach-dla-pieszych\/","name":"Program profilaktyczny MSWiA ma chroni\u0107 dzieci i m\u0142odzie\u017c przed patologiami, podnie\u015b\u0107 bezpiecze\u0144stwo w miejscach publicznych czy na przej\u015bciach dla pieszych &#8211; Marek Kuchci\u0144ski","isPartOf":{"@id":"https:\/\/marekkuchcinski.pl\/#website"},"primaryImageOfPage":{"@id":"https:\/\/marekkuchcinski.pl\/wydarzenia\/program-profilaktyczny-mswia-chronic-dzieci-mlodziez-patologiami-podniesc-bezpieczenstwo-miejscach-publicznych-oraz-przejsciach-dla-pieszych\/#primaryimage"},"image":{"@id":"https:\/\/marekkuchcinski.pl\/wydarzenia\/program-profilaktyczny-mswia-chronic-dzieci-mlodziez-patologiami-podniesc-bezpieczenstwo-miejscach-publicznych-oraz-przejsciach-dla-pieszych\/#primaryimage"},"thumbnailUrl":"https:\/\/marekkuchcinski.pl\/wp-content\/uploads\/2018\/12\/PSX_20181205_110814_2-1.jpg","datePublished":"2018-12-05T10:29:11+00:00","dateModified":"2018-12-05T10:31:21+00:00","breadcrumb":{"@id":"https:\/\/marekkuchcinski.pl\/wydarzenia\/program-profilaktyczny-mswia-chronic-dzieci-mlodziez-patologiami-podniesc-bezpieczenstwo-miejscach-publicznych-oraz-przejsciach-dla-pieszych\/#breadcrumb"},"inLanguage":"cs","potentialAction":[{"@type":"ReadAction","target":["https:\/\/marekkuchcinski.pl\/wydarzenia\/program-profilaktyczny-mswia-chronic-dzieci-mlodziez-patologiami-podniesc-bezpieczenstwo-miejscach-publicznych-oraz-przejsciach-dla-pieszych\/"]}]},{"@type":"ImageObject","inLanguage":"cs","@id":"https:\/\/marekkuchcinski.pl\/wydarzenia\/program-profilaktyczny-mswia-chronic-dzieci-mlodziez-patologiami-podniesc-bezpieczenstwo-miejscach-publicznych-oraz-przejsciach-dla-pieszych\/#primaryimage","url":"https:\/\/marekkuchcinski.pl\/wp-content\/uploads\/2018\/12\/PSX_20181205_110814_2-1.jpg","contentUrl":"https:\/\/marekkuchcinski.pl\/wp-content\/uploads\/2018\/12\/PSX_20181205_110814_2-1.jpg","width":2048,"height":1536},{"@type":"BreadcrumbList","@id":"https:\/\/marekkuchcinski.pl\/wydarzenia\/program-profilaktyczny-mswia-chronic-dzieci-mlodziez-patologiami-podniesc-bezpieczenstwo-miejscach-publicznych-oraz-przejsciach-dla-pieszych\/#breadcrumb","itemListElement":[{"@type":"ListItem","position":1,"name":"Strona g\u0142\u00f3wna","item":"https:\/\/marekkuchcinski.pl\/"},{"@type":"ListItem","position":2,"name":"Program profilaktyczny MSWiA ma chroni\u0107 dzieci i m\u0142odzie\u017c przed patologiami, podnie\u015b\u0107 bezpiecze\u0144stwo w miejscach publicznych czy na przej\u015bciach dla pieszych"}]},{"@type":"WebSite","@id":"https:\/\/marekkuchcinski.pl\/#website","url":"https:\/\/marekkuchcinski.pl\/","name":"Marek Kuchci\u0144ski","description":"Pose\u0142 na sejm RP &ndash; okr\u0119g nr 22","publisher":{"@id":"https:\/\/marekkuchcinski.pl\/#organization"},"potentialAction":[{"@type":"SearchAction","target":{"@type":"EntryPoint","urlTemplate":"https:\/\/marekkuchcinski.pl\/?s={search_term_string}"},"query-input":{"@type":"PropertyValueSpecification","valueRequired":true,"valueName":"search_term_string"}}],"inLanguage":"cs"},{"@type":"Organization","@id":"https:\/\/marekkuchcinski.pl\/#organization","name":"Marek Kuchci\u0144ski","url":"https:\/\/marekkuchcinski.pl\/","logo":{"@type":"ImageObject","inLanguage":"cs","@id":"https:\/\/marekkuchcinski.pl\/#\/schema\/logo\/image\/","url":"https:\/\/marekkuchcinski.pl\/wp-content\/uploads\/2022\/09\/Marek.jpg","contentUrl":"https:\/\/marekkuchcinski.pl\/wp-content\/uploads\/2022\/09\/Marek.jpg","width":1600,"height":971,"caption":"Marek Kuchci\u0144ski"},"image":{"@id":"https:\/\/marekkuchcinski.pl\/#\/schema\/logo\/image\/"}},{"@type":"Person","@id":"https:\/\/marekkuchcinski.pl\/#\/schema\/person\/6f62700996b4d950b6ea2d1183b6c6be","name":"admin","image":{"@type":"ImageObject","inLanguage":"cs","@id":"https:\/\/marekkuchcinski.pl\/#\/schema\/person\/image\/","url":"https:\/\/secure.gravatar.com\/avatar\/4bab693b9d55c3d6b52c0296a8765085?s=96&d=mm&r=g","contentUrl":"https:\/\/secure.gravatar.com\/avatar\/4bab693b9d55c3d6b52c0296a8765085?s=96&d=mm&r=g","caption":"admin"},"url":"https:\/\/marekkuchcinski.pl\/cs\/author\/marta-olejnik\/"}]}},"_links":{"self":[{"href":"https:\/\/marekkuchcinski.pl\/cs\/wp-json\/wp\/v2\/posts\/11496","targetHints":{"allow":["GET"]}}],"collection":[{"href":"https:\/\/marekkuchcinski.pl\/cs\/wp-json\/wp\/v2\/posts"}],"about":[{"href":"https:\/\/marekkuchcinski.pl\/cs\/wp-json\/wp\/v2\/types\/post"}],"author":[{"embeddable":true,"href":"https:\/\/marekkuchcinski.pl\/cs\/wp-json\/wp\/v2\/users\/6"}],"replies":[{"embeddable":true,"href":"https:\/\/marekkuchcinski.pl\/cs\/wp-json\/wp\/v2\/comments?post=11496"}],"version-history":[{"count":4,"href":"https:\/\/marekkuchcinski.pl\/cs\/wp-json\/wp\/v2\/posts\/11496\/revisions"}],"predecessor-version":[{"id":11502,"href":"https:\/\/marekkuchcinski.pl\/cs\/wp-json\/wp\/v2\/posts\/11496\/revisions\/11502"}],"wp:featuredmedia":[{"embeddable":true,"href":"https:\/\/marekkuchcinski.pl\/cs\/wp-json\/wp\/v2\/media\/11500"}],"wp:attachment":[{"href":"https:\/\/marekkuchcinski.pl\/cs\/wp-json\/wp\/v2\/media?parent=11496"}],"wp:term":[{"taxonomy":"category","embeddable":true,"href":"https:\/\/marekkuchcinski.pl\/cs\/wp-json\/wp\/v2\/categories?post=11496"},{"taxonomy":"post_tag","embeddable":true,"href":"https:\/\/marekkuchcinski.pl\/cs\/wp-json\/wp\/v2\/tags?post=11496"}],"curies":[{"name":"wp","href":"https:\/\/api.w.org\/{rel}","templated":true}]}}