{"id":11486,"date":"2018-12-04T19:53:16","date_gmt":"2018-12-04T18:53:16","guid":{"rendered":"https:\/\/marekkuchcinski.pl\/?p=11486"},"modified":"2018-12-04T20:07:04","modified_gmt":"2018-12-04T19:07:04","slug":"swieta-barbara-cala-gornicza-brac-otacza-opieka-zapewniajac-poczucie-bezpieczenstwa-oraz-pewnosc-jutrzejszego-szczescie-kolejne-lata-2","status":"publish","type":"post","link":"https:\/\/marekkuchcinski.pl\/cs\/wydarzenia\/swieta-barbara-cala-gornicza-brac-otacza-opieka-zapewniajac-poczucie-bezpieczenstwa-oraz-pewnosc-jutrzejszego-szczescie-kolejne-lata-2\/","title":{"rendered":"K\u00e9\u017e svat\u00e1 Barbora ochra\u0148uje v\u0161echny horn\u00edky a poskytuje jim pocit bezpe\u010d\u00ed a jistotu z\u00edt\u0159ka a \u0161t\u011bst\u00ed do dal\u0161\u00edch let."},"content":{"rendered":"<p><strong>Odvaha, ob\u011btavost, pokora p\u0159ed vy\u0161\u0161\u00ed moc\u00ed a velk\u00e1 \u00facta k pr\u00e1ci jsou vlastnosti, kter\u00e9 se n\u00e1m vybav\u00ed, kdy\u017e pomysl\u00edme na horn\u00edky. Dne\u0161n\u00ed den je oslavou lid\u00ed, kte\u0159\u00ed ka\u017ed\u00fd den \u010del\u00ed nebezpe\u010d\u00ed, aby n\u00e1m bylo tepleji, jasn\u011bji a bezpe\u010dn\u011bji.<\/strong><\/p>\n<p>U p\u0159\u00edle\u017eitosti sv\u00e1tku svat\u00e9 Barbory adresoval p\u0159edseda polsk\u00e9ho parlamentu Marek Kuchci\u0144ski horn\u00edk\u016fm dopisy, v nich\u017e jim mimo jin\u00e9 pop\u0159\u00e1l mnoho \u00fasp\u011bch\u016f v osobn\u00edm \u017eivot\u011b i v profesn\u00ed pr\u00e1ci.<\/p>\n<p>- K\u00e9\u017e svat\u00e1 Barbora ochra\u0148uje v\u0161echny horn\u00edky a zajist\u00ed jim pocit bezpe\u010d\u00ed, jistotu z\u00edt\u0159ka a \u0161t\u011bst\u00ed do dal\u0161\u00edch let,\" napsal mluv\u010d\u00ed.<\/p>\n<h4><span style=\"color: #000000;\"><a style=\"color: #000000;\" href=\"https:\/\/marekkuchcinski.pl\/wp-content\/uploads\/2018\/12\/Barbo\u0301rka.pdf\">SEZNAM 1<\/a><\/span><\/h4>\n<h4><span style=\"color: #000000;\"><a style=\"color: #000000;\" href=\"https:\/\/marekkuchcinski.pl\/wp-content\/uploads\/2018\/12\/Barbo\u0301rka-Krosno-1.pdf\">DOPIS 2<\/a><\/span><\/h4>\n<p><a href=\"https:\/\/marekkuchcinski.pl\/wp-content\/uploads\/2018\/12\/bar.jpg\"><img fetchpriority=\"high\" decoding=\"async\" class=\"alignnone size-full wp-image-11487\" src=\"https:\/\/marekkuchcinski.pl\/wp-content\/uploads\/2018\/12\/bar.jpg\" alt=\"bar\" width=\"3864\" height=\"2358\" srcset=\"https:\/\/marekkuchcinski.pl\/wp-content\/uploads\/2018\/12\/bar.jpg 2048w, https:\/\/marekkuchcinski.pl\/wp-content\/uploads\/2018\/12\/bar-300x183.jpg 300w, https:\/\/marekkuchcinski.pl\/wp-content\/uploads\/2018\/12\/bar-768x469.jpg 768w, https:\/\/marekkuchcinski.pl\/wp-content\/uploads\/2018\/12\/bar-1024x625.jpg 1024w\" sizes=\"(max-width: 3864px) 100vw, 3864px\" \/><\/a><\/p>","protected":false},"excerpt":{"rendered":"<p>Odwaga, po\u015bwi\u0119cenie, pokora przed si\u0142\u0105 wy\u017csz\u0105 i wielki szacunek do pracy to cechy, jakie podsuwa nam pami\u0119\u0107, kiedy my\u015blimy o g\u00f3rnikach. Dzi\u015b \u015bwi\u0119to ludzi, kt\u00f3rzy codziennie stawiaj\u0105 czo\u0142a niebezpiecze\u0144stwu, \u017ceby nam by\u0142o cieplej, ja\u015bniej, bezpieczniej. Z okazji Barb\u00f3rki listy do G\u00f3rnik\u00f3w skierowa\u0142 marsza\u0142ek Sejmu Marek Kuchci\u0144ski, \u017cycz\u0105c m.in.\u00a0wszelkiej pomy\u015blno\u015bci w \u017cyciu osobistym i w pracy [&hellip;]<\/p>\n","protected":false},"author":6,"featured_media":11487,"comment_status":"open","ping_status":"open","sticky":false,"template":"","format":"standard","meta":{"ngg_post_thumbnail":0,"footnotes":""},"categories":[104,49,77,3],"tags":[],"class_list":["post-11486","post","type-post","status-publish","format-standard","has-post-thumbnail","hentry","category-lms","category-podkarpacie","category-wazne-daty","category-wydarzenia"],"_links":{"self":[{"href":"https:\/\/marekkuchcinski.pl\/cs\/wp-json\/wp\/v2\/posts\/11486","targetHints":{"allow":["GET"]}}],"collection":[{"href":"https:\/\/marekkuchcinski.pl\/cs\/wp-json\/wp\/v2\/posts"}],"about":[{"href":"https:\/\/marekkuchcinski.pl\/cs\/wp-json\/wp\/v2\/types\/post"}],"author":[{"embeddable":true,"href":"https:\/\/marekkuchcinski.pl\/cs\/wp-json\/wp\/v2\/users\/6"}],"replies":[{"embeddable":true,"href":"https:\/\/marekkuchcinski.pl\/cs\/wp-json\/wp\/v2\/comments?post=11486"}],"version-history":[{"count":5,"href":"https:\/\/marekkuchcinski.pl\/cs\/wp-json\/wp\/v2\/posts\/11486\/revisions"}],"predecessor-version":[{"id":11495,"href":"https:\/\/marekkuchcinski.pl\/cs\/wp-json\/wp\/v2\/posts\/11486\/revisions\/11495"}],"wp:featuredmedia":[{"embeddable":true,"href":"https:\/\/marekkuchcinski.pl\/cs\/wp-json\/wp\/v2\/media\/11487"}],"wp:attachment":[{"href":"https:\/\/marekkuchcinski.pl\/cs\/wp-json\/wp\/v2\/media?parent=11486"}],"wp:term":[{"taxonomy":"category","embeddable":true,"href":"https:\/\/marekkuchcinski.pl\/cs\/wp-json\/wp\/v2\/categories?post=11486"},{"taxonomy":"post_tag","embeddable":true,"href":"https:\/\/marekkuchcinski.pl\/cs\/wp-json\/wp\/v2\/tags?post=11486"}],"curies":[{"name":"wp","href":"https:\/\/api.w.org\/{rel}","templated":true}]}}