{"id":11443,"date":"2018-12-04T10:06:33","date_gmt":"2018-12-04T09:06:33","guid":{"rendered":"https:\/\/marekkuchcinski.pl\/?p=11443"},"modified":"2019-04-19T12:58:53","modified_gmt":"2019-04-19T10:58:53","slug":"wielkie-wsparcie-dla-polski-wschodniej-rozwoj-firm-start-upow","status":"publish","type":"post","link":"https:\/\/marekkuchcinski.pl\/cs\/wydarzenia\/wielkie-wsparcie-dla-polski-wschodniej-rozwoj-firm-start-upow\/","title":{"rendered":"Velk\u00e1 podpora v\u00fdchodn\u00edho Polska pro rozvoj firem a start-up\u016f"},"content":{"rendered":"<p>Na mikropodnikatele, mal\u00e9 a st\u0159edn\u00ed podnikatele, kte\u0159\u00ed cht\u011bj\u00ed investovat ve v\u00fdchodn\u00edm Polsku, \u010dek\u00e1 v roce 2019 v\u00edce ne\u017e 800 milion\u016f PLN. Tyto prost\u0159edky jsou ur\u010deny jak pro podniky, kter\u00e9 cht\u011bj\u00ed rozv\u00edjet svou \u010dinnost, tak pro za\u010d\u00ednaj\u00edc\u00ed podniky. Ji\u017e nyn\u00ed zn\u00e1me rozpis sout\u011b\u017e\u00ed na p\u0159\u00ed\u0161t\u00ed rok v r\u00e1mci programu V\u00fdchodn\u00ed Polsko.<br>\"Chceme p\u0159edev\u0161\u00edm podporovat vznik inovac\u00ed - zvy\u0161uj\u00ed konkurenceschopnost podnik\u016f, poskytuj\u00ed nov\u00e1 pracovn\u00ed m\u00edsta pro odborn\u00edky a v d\u016fsledku toho dal\u0161\u00ed udr\u017eiteln\u00fd rozvoj ekonomiky makroregionu. Na\u0161e dosavadn\u00ed zku\u0161enosti ukazuj\u00ed, \u017ee firmy z v\u00fdchodn\u00edho Polska se neboj\u00ed sahat po inovac\u00edch. V roce 2019 je k tomu budeme podporovat je\u0161t\u011b v\u00edce.\" - \u0159\u00edk\u00e1 Adam Hamryszczak, st\u00e1tn\u00ed n\u00e1m\u011bstek na ministerstvu investic a rozvoje.<\/p>\n<p><strong>Co je nov\u00e9ho?<\/strong><\/p>\n<p>V roce 2019 budou moci podnikatel\u00e9 \u017e\u00e1dat o granty v r\u00e1mci sout\u011b\u017e\u00ed ve v\u0161ech aktivit\u00e1ch ur\u010den\u00fdch pro podniky v programu. \u010cekaj\u00ed je v\u0161ak nov\u00e1 a p\u0159\u00edzniv\u011bj\u0161\u00ed krit\u00e9ria a podm\u00ednky ud\u011blov\u00e1n\u00ed grant\u016f. Mimo jin\u00e9 se zv\u00fd\u0161\u00ed rozsah podpory pro podniky, kter\u00e9 cht\u011bj\u00ed rozv\u00edjet sv\u00e9 aktivity na zahrani\u010dn\u00edch trz\u00edch (opat\u0159en\u00ed 1.2 Internacionalizace MSP). D\u00edky z\u00edskan\u00fdm prost\u0159edk\u016fm budou nyn\u00ed spole\u010dnosti schopny nakoupit i drobn\u00fd dlouhodob\u00fd majetek, nap\u0159. po\u010d\u00edta\u010de a nehmotn\u00fd majetek, kter\u00fd je nezbytn\u00fd pro p\u0159\u00edpravu spole\u010dnosti na vstup na nov\u00e9 mezin\u00e1rodn\u00ed trhy. Dosud to nebylo mo\u017en\u00e9. V\u00fdzva k pod\u00e1v\u00e1n\u00ed p\u0159ihl\u00e1\u0161ek do v\u00fdb\u011brov\u00e9ho \u0159\u00edzen\u00ed bude zah\u00e1jena v \u00fanoru. Na spole\u010dnosti \u010dek\u00e1 celkem 50 milion\u016f PLN.<br>Zm\u011bny \u010dekaj\u00ed tak\u00e9 na konsorcia mal\u00fdch a st\u0159edn\u00edch podnik\u016f, kter\u00e9 cht\u011bj\u00ed investovat do vytvo\u0159en\u00ed inovativn\u00edho s\u00ed\u0165ov\u00e9ho produktu, tj. nab\u00eddky n\u011bkolika podnik\u016f spojen\u00fdch pod jednou zna\u010dkou (podopat\u0159en\u00ed 1.3.2 Vytv\u00e1\u0159en\u00ed s\u00ed\u0165ov\u00fdch produkt\u016f mal\u00fdmi a st\u0159edn\u00edmi podniky). Podnikatel\u00e9, kte\u0159\u00ed cht\u011bj\u00ed investovat do sportovn\u00ed a rekrea\u010dn\u00ed infrastruktury, z\u00edskaj\u00ed. Na tento typ investic bude mo\u017en\u00e9 z\u00edskat vy\u0161\u0161\u00ed procento financov\u00e1n\u00ed ne\u017e d\u0159\u00edve. V sout\u011b\u017ei bude k dispozici celkem 150 milion\u016f PLN.<br>\"V\u011b\u0159\u00edme, \u017ee to bude dal\u0161\u00ed impuls pro podnikatele, aby investovali i v t\u00e9to oblasti. Pro makroregion je to tak\u00e9 p\u0159\u00edle\u017eitost pro nov\u00e9 investice v oblasti cestovn\u00edho ruchu.\" - dod\u00e1v\u00e1 n\u00e1m\u011bstek ministra.<\/p>\n<p><strong>\u010cas na inovace designu a v\u00fdrobk\u016f<\/strong><\/p>\n<p>2019 je dal\u0161\u00ed v\u00fdzvou k p\u0159edkl\u00e1d\u00e1n\u00ed \u017e\u00e1dost\u00ed o granty pro firmy, kter\u00e9 cht\u011bj\u00ed inovovat pomoc\u00ed designu. A to jak pro ty, kte\u0159\u00ed budou dotace na inovace v oblasti designu \u010derpat poprv\u00e9, tak pro ty, kte\u0159\u00ed budou v podpo\u0159e pokra\u010dovat i po \u00fasp\u011b\u0161n\u00e9m ukon\u010den\u00ed prvn\u00ed f\u00e1ze opat\u0159en\u00ed. Jedn\u00edm z nejobl\u00edben\u011bj\u0161\u00edch opat\u0159en\u00ed ur\u010den\u00fdch podnik\u016fm v r\u00e1mci programu je \"Design for competition\" (opat\u0159en\u00ed 1.4). V leto\u0161n\u00edm roce budou moci podniky \u017e\u00e1dat o celkovou \u010d\u00e1stku 205 mil. Dotace z\u00edskan\u00e1 v prvn\u00ed f\u00e1zi (a\u017e 100 tis\u00edc zlot\u00fdch) bude vynalo\u017eena na proveden\u00ed auditu n\u00e1vrhu, kter\u00fd bude zakon\u010den vypracov\u00e1n\u00edm strategie n\u00e1vrhu. Prost\u0159edky z\u00edskan\u00e9 ve druh\u00e9 f\u00e1zi (a\u017e do v\u00fd\u0161e 3 milion\u016f PLN) m\u016f\u017ee spole\u010dnost pou\u017e\u00edt na realizaci doporu\u010den\u00ed. N\u00e1bor \u017e\u00e1dost\u00ed bude zah\u00e1jen v kv\u011btnu pro II. etapu a v \u010dervnu pro I. etapu.<br>Na druh\u00e9 stran\u011b bude v dubnu zah\u00e1jena v\u00fdzva k p\u0159edkl\u00e1d\u00e1n\u00ed n\u00e1vrh\u016f na investice spojen\u00e9 se zav\u00e1d\u011bn\u00edm produktov\u00fdch inovac\u00ed (opat\u0159en\u00ed 1.3.1 Zav\u00e1d\u011bn\u00ed inovac\u00ed mal\u00fdmi a st\u0159edn\u00edmi podniky). Jedn\u00e1 se o opat\u0159en\u00ed, v jeho\u017e r\u00e1mci podnikatel\u00e9 dosud podepsali smlouvy o spolufinancov\u00e1n\u00ed v nejvy\u0161\u0161\u00ed celkov\u00e9 hodnot\u011b - 400 milion\u016f PLN. Proto byla alokace opat\u0159en\u00ed nav\u00fd\u0161ena a v sout\u011b\u017ei v roce 2019 na n\u011b \u010dek\u00e1 dal\u0161\u00edch 120 milion\u016f zlot\u00fdch.<\/p>\n<p><strong>V\u00edce p\u0159\u00edle\u017eitost\u00ed pro za\u010d\u00ednaj\u00edc\u00ed podniky<\/strong><\/p>\n<p>Rok 2019 p\u0159inese nov\u00e9 p\u0159\u00edle\u017eitosti tak\u00e9 za\u010d\u00ednaj\u00edc\u00edm podnik\u016fm. V opat\u0159en\u00ed 1.1.1 Start-up platformy pro nov\u00e9 n\u00e1pady bude na za\u010d\u00e1tku ledna zah\u00e1jena v\u00fdzva k p\u0159edkl\u00e1d\u00e1n\u00ed inovativn\u00edch n\u00e1pad\u016f. \u017d\u00e1dosti se pod\u00e1vaj\u00ed na adrese www.PlatformyStartowe.gov.pl. Na webov\u00fdch str\u00e1nk\u00e1ch jsou krom\u011b popisu pravidel fungov\u00e1n\u00ed a novinek ji\u017e k dispozici vizitky 6 platforem a jejich oborov\u00fdch specializac\u00ed. To v\u00e1m pom\u016f\u017ee podat \u017e\u00e1dost u toho nejvhodn\u011bj\u0161\u00edho. Auto\u0159i nejzaj\u00edmav\u011bj\u0161\u00edch a nejslibn\u011bj\u0161\u00edch n\u00e1pad\u016f zalo\u017e\u00ed start-up a projdou \"inkubac\u00ed\". \u00da\u010delem inkubace je rozvinout my\u0161lenku a vypracovat obchodn\u00ed model za podpory zku\u0161en\u00e9ho mana\u017eera inkubace a \u0161irok\u00e9ho bal\u00ed\u010dku slu\u017eeb, kter\u00fd je p\u0159\u00edsn\u011b p\u0159izp\u016fsoben pot\u0159eb\u00e1m dan\u00e9ho podnikatele. Nejlep\u0161\u00ed za\u010d\u00ednaj\u00edc\u00ed podniky mohou ji\u017e od \u010dervence \u017e\u00e1dat o dotaci na dal\u0161\u00ed rozvoj sv\u00e9 \u010dinnosti - a\u017e 800 tis\u00edc PLN na jeden za\u010d\u00ednaj\u00edc\u00ed podnik (opat\u0159en\u00ed 1.1.2. Rozvoj za\u010d\u00ednaj\u00edc\u00edch podnik\u016f ve v\u00fdchodn\u00edm Polsku).<br>Podporu v r\u00e1mci programu dosud vyu\u017eilo 694 spole\u010dnost\u00ed. V oblasti rozvoje podnik\u00e1n\u00ed ve v\u00fdchodn\u00edm Polsku byly dosud podeps\u00e1ny smlouvy o financov\u00e1n\u00ed z Evropsk\u00e9ho fondu pro region\u00e1ln\u00ed rozvoj ve v\u00fd\u0161i 1 miliardy PLN.<br>V\u00fdb\u011brov\u00e1 \u0159\u00edzen\u00ed na financov\u00e1n\u00ed z programu V\u00fdchodn\u00ed Polsko bude prov\u00e1d\u011bt Polsk\u00e1 agentura pro rozvoj podnik\u00e1n\u00ed.<\/p>\n<p>&nbsp;<\/p>\n<p>N\u00ed\u017ee je uveden rozpis sout\u011b\u017e\u00ed:<\/p>\n<p><a href=\"https:\/\/marekkuchcinski.pl\/wp-content\/uploads\/2018\/12\/HARMONOGRAM_POPW_NA_2019_8112018.pdf\">2019<\/a><\/p>\n<p><em>Zdroj: Ministerstvo zem\u011bd\u011blstv\u00ed a rozvoje venkova<\/em><\/p>\n\n\n<figure class=\"wp-block-image\"><img fetchpriority=\"high\" decoding=\"async\" width=\"1024\" height=\"768\" src=\"https:\/\/marekkuchcinski.pl\/wp-content\/uploads\/2019\/04\/800-mln-z\u0142-3-1024x768.jpg\" alt=\"\" class=\"wp-image-14971\" srcset=\"https:\/\/marekkuchcinski.pl\/wp-content\/uploads\/2019\/04\/800-mln-z\u0142-3.jpg 1024w, https:\/\/marekkuchcinski.pl\/wp-content\/uploads\/2019\/04\/800-mln-z\u0142-3-300x225.jpg 300w, https:\/\/marekkuchcinski.pl\/wp-content\/uploads\/2019\/04\/800-mln-z\u0142-3-768x576.jpg 768w\" sizes=\"(max-width: 1024px) 100vw, 1024px\" \/><\/figure>","protected":false},"excerpt":{"rendered":"<p>Ponad 800 mln z\u0142otych czeka w 2019 roku na mikro-, ma\u0142ych i \u015brednich przedsi\u0119biorc\u00f3w, kt\u00f3rzy chc\u0105 zainwestowa\u0107 w Polsce Wschodniej. To \u015brodki przeznaczone zar\u00f3wno dla firm, kt\u00f3re chcia\u0142yby rozwin\u0105\u0107 swoj\u0105 dzia\u0142alno\u015b\u0107, jak i dla pocz\u0105tkuj\u0105cych &#8211; start-up\u00f3w. Znamy ju\u017c przysz\u0142oroczny harmonogram konkurs\u00f3w w Programie Polska Wschodnia.&#8222;Chcemy przede wszystkim wspiera\u0107 powstawanie innowacji \u2013 to one powoduj\u0105 [&hellip;]<\/p>","protected":false},"author":6,"featured_media":11456,"comment_status":"open","ping_status":"open","sticky":false,"template":"","format":"standard","meta":{"ngg_post_thumbnail":0,"footnotes":""},"categories":[49,82,3],"tags":[],"class_list":["post-11443","post","type-post","status-publish","format-standard","has-post-thumbnail","hentry","category-podkarpacie","category-prawo-i-sprawiedliwosc","category-wydarzenia"],"yoast_head":"<!-- This site is optimized with the Yoast SEO plugin v24.7 - https:\/\/yoast.com\/wordpress\/plugins\/seo\/ -->\n<title>Wielkie wsparcie dla Polski Wschodniej na rozw\u00f3j firm i start-up\u00f3w &#8211; Marek Kuchci\u0144ski<\/title>\n<meta name=\"robots\" content=\"index, follow, max-snippet:-1, max-image-preview:large, max-video-preview:-1\" \/>\n<link rel=\"canonical\" href=\"https:\/\/marekkuchcinski.pl\/cs\/wydarzenia\/wielkie-wsparcie-dla-polski-wschodniej-rozwoj-firm-start-upow\/\" \/>\n<meta property=\"og:locale\" content=\"cs_CZ\" \/>\n<meta property=\"og:type\" content=\"article\" \/>\n<meta property=\"og:title\" content=\"Wielkie wsparcie dla Polski Wschodniej na rozw\u00f3j firm i start-up\u00f3w &#8211; Marek Kuchci\u0144ski\" \/>\n<meta property=\"og:description\" content=\"Ponad 800 mln z\u0142otych czeka w 2019 roku na mikro-, ma\u0142ych i \u015brednich przedsi\u0119biorc\u00f3w, kt\u00f3rzy chc\u0105 zainwestowa\u0107 w Polsce Wschodniej. To \u015brodki przeznaczone zar\u00f3wno dla firm, kt\u00f3re chcia\u0142yby rozwin\u0105\u0107 swoj\u0105 dzia\u0142alno\u015b\u0107, jak i dla pocz\u0105tkuj\u0105cych &#8211; start-up\u00f3w. Znamy ju\u017c przysz\u0142oroczny harmonogram konkurs\u00f3w w Programie Polska Wschodnia.&#8222;Chcemy przede wszystkim wspiera\u0107 powstawanie innowacji \u2013 to one powoduj\u0105 [&hellip;]\" \/>\n<meta property=\"og:url\" content=\"https:\/\/marekkuchcinski.pl\/cs\/wydarzenia\/wielkie-wsparcie-dla-polski-wschodniej-rozwoj-firm-start-upow\/\" \/>\n<meta property=\"og:site_name\" content=\"Marek Kuchci\u0144ski\" \/>\n<meta property=\"article:published_time\" content=\"2018-12-04T09:06:33+00:00\" \/>\n<meta property=\"article:modified_time\" content=\"2019-04-19T10:58:53+00:00\" \/>\n<meta property=\"og:image\" content=\"https:\/\/marekkuchcinski.pl\/wp-content\/uploads\/2018\/12\/800-mln-z\u0142-3.jpg\" \/>\n\t<meta property=\"og:image:width\" content=\"1024\" \/>\n\t<meta property=\"og:image:height\" content=\"768\" \/>\n\t<meta property=\"og:image:type\" content=\"image\/jpeg\" \/>\n<meta name=\"author\" content=\"admin\" \/>\n<meta name=\"twitter:card\" content=\"summary_large_image\" \/>\n<meta name=\"twitter:label1\" content=\"Napsal(a)\" \/>\n\t<meta name=\"twitter:data1\" content=\"admin\" \/>\n\t<meta name=\"twitter:label2\" content=\"Odhadovan\u00e1 doba \u010dten\u00ed\" \/>\n\t<meta name=\"twitter:data2\" content=\"4 minuty\" \/>\n<script type=\"application\/ld+json\" class=\"yoast-schema-graph\">{\"@context\":\"https:\/\/schema.org\",\"@graph\":[{\"@type\":\"Article\",\"@id\":\"https:\/\/marekkuchcinski.pl\/hu\/wydarzenia\/wielkie-wsparcie-dla-polski-wschodniej-rozwoj-firm-start-upow\/#article\",\"isPartOf\":{\"@id\":\"https:\/\/marekkuchcinski.pl\/hu\/wydarzenia\/wielkie-wsparcie-dla-polski-wschodniej-rozwoj-firm-start-upow\/\"},\"author\":{\"name\":\"admin\",\"@id\":\"https:\/\/marekkuchcinski.pl\/#\/schema\/person\/6f62700996b4d950b6ea2d1183b6c6be\"},\"headline\":\"Wielkie wsparcie dla Polski Wschodniej na rozw\u00f3j firm i start-up\u00f3w\",\"datePublished\":\"2018-12-04T09:06:33+00:00\",\"dateModified\":\"2019-04-19T10:58:53+00:00\",\"mainEntityOfPage\":{\"@id\":\"https:\/\/marekkuchcinski.pl\/hu\/wydarzenia\/wielkie-wsparcie-dla-polski-wschodniej-rozwoj-firm-start-upow\/\"},\"wordCount\":803,\"commentCount\":0,\"publisher\":{\"@id\":\"https:\/\/marekkuchcinski.pl\/#organization\"},\"image\":{\"@id\":\"https:\/\/marekkuchcinski.pl\/hu\/wydarzenia\/wielkie-wsparcie-dla-polski-wschodniej-rozwoj-firm-start-upow\/#primaryimage\"},\"thumbnailUrl\":\"https:\/\/marekkuchcinski.pl\/wp-content\/uploads\/2018\/12\/800-mln-z\u0142-3.jpg\",\"articleSection\":[\"Podkarpacie\",\"Prawo i Sprawiedliwo\u015b\u0107\",\"Wydarzenia\"],\"inLanguage\":\"cs\",\"potentialAction\":[{\"@type\":\"CommentAction\",\"name\":\"Comment\",\"target\":[\"https:\/\/marekkuchcinski.pl\/hu\/wydarzenia\/wielkie-wsparcie-dla-polski-wschodniej-rozwoj-firm-start-upow\/#respond\"]}]},{\"@type\":\"WebPage\",\"@id\":\"https:\/\/marekkuchcinski.pl\/hu\/wydarzenia\/wielkie-wsparcie-dla-polski-wschodniej-rozwoj-firm-start-upow\/\",\"url\":\"https:\/\/marekkuchcinski.pl\/hu\/wydarzenia\/wielkie-wsparcie-dla-polski-wschodniej-rozwoj-firm-start-upow\/\",\"name\":\"Wielkie wsparcie dla Polski Wschodniej na rozw\u00f3j firm i start-up\u00f3w &#8211; Marek Kuchci\u0144ski\",\"isPartOf\":{\"@id\":\"https:\/\/marekkuchcinski.pl\/#website\"},\"primaryImageOfPage\":{\"@id\":\"https:\/\/marekkuchcinski.pl\/hu\/wydarzenia\/wielkie-wsparcie-dla-polski-wschodniej-rozwoj-firm-start-upow\/#primaryimage\"},\"image\":{\"@id\":\"https:\/\/marekkuchcinski.pl\/hu\/wydarzenia\/wielkie-wsparcie-dla-polski-wschodniej-rozwoj-firm-start-upow\/#primaryimage\"},\"thumbnailUrl\":\"https:\/\/marekkuchcinski.pl\/wp-content\/uploads\/2018\/12\/800-mln-z\u0142-3.jpg\",\"datePublished\":\"2018-12-04T09:06:33+00:00\",\"dateModified\":\"2019-04-19T10:58:53+00:00\",\"breadcrumb\":{\"@id\":\"https:\/\/marekkuchcinski.pl\/hu\/wydarzenia\/wielkie-wsparcie-dla-polski-wschodniej-rozwoj-firm-start-upow\/#breadcrumb\"},\"inLanguage\":\"cs\",\"potentialAction\":[{\"@type\":\"ReadAction\",\"target\":[\"https:\/\/marekkuchcinski.pl\/hu\/wydarzenia\/wielkie-wsparcie-dla-polski-wschodniej-rozwoj-firm-start-upow\/\"]}]},{\"@type\":\"ImageObject\",\"inLanguage\":\"cs\",\"@id\":\"https:\/\/marekkuchcinski.pl\/hu\/wydarzenia\/wielkie-wsparcie-dla-polski-wschodniej-rozwoj-firm-start-upow\/#primaryimage\",\"url\":\"https:\/\/marekkuchcinski.pl\/wp-content\/uploads\/2018\/12\/800-mln-z\u0142-3.jpg\",\"contentUrl\":\"https:\/\/marekkuchcinski.pl\/wp-content\/uploads\/2018\/12\/800-mln-z\u0142-3.jpg\",\"width\":1024,\"height\":768},{\"@type\":\"BreadcrumbList\",\"@id\":\"https:\/\/marekkuchcinski.pl\/hu\/wydarzenia\/wielkie-wsparcie-dla-polski-wschodniej-rozwoj-firm-start-upow\/#breadcrumb\",\"itemListElement\":[{\"@type\":\"ListItem\",\"position\":1,\"name\":\"Strona g\u0142\u00f3wna\",\"item\":\"https:\/\/marekkuchcinski.pl\/\"},{\"@type\":\"ListItem\",\"position\":2,\"name\":\"Wielkie wsparcie dla Polski Wschodniej na rozw\u00f3j firm i start-up\u00f3w\"}]},{\"@type\":\"WebSite\",\"@id\":\"https:\/\/marekkuchcinski.pl\/#website\",\"url\":\"https:\/\/marekkuchcinski.pl\/\",\"name\":\"Marek Kuchci\u0144ski\",\"description\":\"Pose\u0142 na sejm RP &ndash; okr\u0119g nr 22\",\"publisher\":{\"@id\":\"https:\/\/marekkuchcinski.pl\/#organization\"},\"potentialAction\":[{\"@type\":\"SearchAction\",\"target\":{\"@type\":\"EntryPoint\",\"urlTemplate\":\"https:\/\/marekkuchcinski.pl\/?s={search_term_string}\"},\"query-input\":{\"@type\":\"PropertyValueSpecification\",\"valueRequired\":true,\"valueName\":\"search_term_string\"}}],\"inLanguage\":\"cs\"},{\"@type\":\"Organization\",\"@id\":\"https:\/\/marekkuchcinski.pl\/#organization\",\"name\":\"Marek Kuchci\u0144ski\",\"url\":\"https:\/\/marekkuchcinski.pl\/\",\"logo\":{\"@type\":\"ImageObject\",\"inLanguage\":\"cs\",\"@id\":\"https:\/\/marekkuchcinski.pl\/#\/schema\/logo\/image\/\",\"url\":\"https:\/\/marekkuchcinski.pl\/wp-content\/uploads\/2022\/09\/Marek.jpg\",\"contentUrl\":\"https:\/\/marekkuchcinski.pl\/wp-content\/uploads\/2022\/09\/Marek.jpg\",\"width\":1600,\"height\":971,\"caption\":\"Marek Kuchci\u0144ski\"},\"image\":{\"@id\":\"https:\/\/marekkuchcinski.pl\/#\/schema\/logo\/image\/\"}},{\"@type\":\"Person\",\"@id\":\"https:\/\/marekkuchcinski.pl\/#\/schema\/person\/6f62700996b4d950b6ea2d1183b6c6be\",\"name\":\"admin\",\"image\":{\"@type\":\"ImageObject\",\"inLanguage\":\"cs\",\"@id\":\"https:\/\/marekkuchcinski.pl\/#\/schema\/person\/image\/\",\"url\":\"https:\/\/secure.gravatar.com\/avatar\/4bab693b9d55c3d6b52c0296a8765085?s=96&d=mm&r=g\",\"contentUrl\":\"https:\/\/secure.gravatar.com\/avatar\/4bab693b9d55c3d6b52c0296a8765085?s=96&d=mm&r=g\",\"caption\":\"admin\"},\"url\":\"https:\/\/marekkuchcinski.pl\/cs\/author\/marta-olejnik\/\"}]}<\/script>\n<!-- \/ Yoast SEO plugin. -->","yoast_head_json":{"title":"Wielkie wsparcie dla Polski Wschodniej na rozw\u00f3j firm i start-up\u00f3w &#8211; Marek Kuchci\u0144ski","robots":{"index":"index","follow":"follow","max-snippet":"max-snippet:-1","max-image-preview":"max-image-preview:large","max-video-preview":"max-video-preview:-1"},"canonical":"https:\/\/marekkuchcinski.pl\/cs\/wydarzenia\/wielkie-wsparcie-dla-polski-wschodniej-rozwoj-firm-start-upow\/","og_locale":"cs_CZ","og_type":"article","og_title":"Wielkie wsparcie dla Polski Wschodniej na rozw\u00f3j firm i start-up\u00f3w &#8211; Marek Kuchci\u0144ski","og_description":"Ponad 800 mln z\u0142otych czeka w 2019 roku na mikro-, ma\u0142ych i \u015brednich przedsi\u0119biorc\u00f3w, kt\u00f3rzy chc\u0105 zainwestowa\u0107 w Polsce Wschodniej. To \u015brodki przeznaczone zar\u00f3wno dla firm, kt\u00f3re chcia\u0142yby rozwin\u0105\u0107 swoj\u0105 dzia\u0142alno\u015b\u0107, jak i dla pocz\u0105tkuj\u0105cych &#8211; start-up\u00f3w. Znamy ju\u017c przysz\u0142oroczny harmonogram konkurs\u00f3w w Programie Polska Wschodnia.&#8222;Chcemy przede wszystkim wspiera\u0107 powstawanie innowacji \u2013 to one powoduj\u0105 [&hellip;]","og_url":"https:\/\/marekkuchcinski.pl\/cs\/wydarzenia\/wielkie-wsparcie-dla-polski-wschodniej-rozwoj-firm-start-upow\/","og_site_name":"Marek Kuchci\u0144ski","article_published_time":"2018-12-04T09:06:33+00:00","article_modified_time":"2019-04-19T10:58:53+00:00","og_image":[{"width":1024,"height":768,"url":"https:\/\/marekkuchcinski.pl\/wp-content\/uploads\/2018\/12\/800-mln-z\u0142-3.jpg","type":"image\/jpeg"}],"author":"admin","twitter_card":"summary_large_image","twitter_misc":{"Napsal(a)":"admin","Odhadovan\u00e1 doba \u010dten\u00ed":"4 minuty"},"schema":{"@context":"https:\/\/schema.org","@graph":[{"@type":"Article","@id":"https:\/\/marekkuchcinski.pl\/hu\/wydarzenia\/wielkie-wsparcie-dla-polski-wschodniej-rozwoj-firm-start-upow\/#article","isPartOf":{"@id":"https:\/\/marekkuchcinski.pl\/hu\/wydarzenia\/wielkie-wsparcie-dla-polski-wschodniej-rozwoj-firm-start-upow\/"},"author":{"name":"admin","@id":"https:\/\/marekkuchcinski.pl\/#\/schema\/person\/6f62700996b4d950b6ea2d1183b6c6be"},"headline":"Wielkie wsparcie dla Polski Wschodniej na rozw\u00f3j firm i start-up\u00f3w","datePublished":"2018-12-04T09:06:33+00:00","dateModified":"2019-04-19T10:58:53+00:00","mainEntityOfPage":{"@id":"https:\/\/marekkuchcinski.pl\/hu\/wydarzenia\/wielkie-wsparcie-dla-polski-wschodniej-rozwoj-firm-start-upow\/"},"wordCount":803,"commentCount":0,"publisher":{"@id":"https:\/\/marekkuchcinski.pl\/#organization"},"image":{"@id":"https:\/\/marekkuchcinski.pl\/hu\/wydarzenia\/wielkie-wsparcie-dla-polski-wschodniej-rozwoj-firm-start-upow\/#primaryimage"},"thumbnailUrl":"https:\/\/marekkuchcinski.pl\/wp-content\/uploads\/2018\/12\/800-mln-z\u0142-3.jpg","articleSection":["Podkarpacie","Prawo i Sprawiedliwo\u015b\u0107","Wydarzenia"],"inLanguage":"cs","potentialAction":[{"@type":"CommentAction","name":"Comment","target":["https:\/\/marekkuchcinski.pl\/hu\/wydarzenia\/wielkie-wsparcie-dla-polski-wschodniej-rozwoj-firm-start-upow\/#respond"]}]},{"@type":"WebPage","@id":"https:\/\/marekkuchcinski.pl\/hu\/wydarzenia\/wielkie-wsparcie-dla-polski-wschodniej-rozwoj-firm-start-upow\/","url":"https:\/\/marekkuchcinski.pl\/hu\/wydarzenia\/wielkie-wsparcie-dla-polski-wschodniej-rozwoj-firm-start-upow\/","name":"Wielkie wsparcie dla Polski Wschodniej na rozw\u00f3j firm i start-up\u00f3w &#8211; Marek Kuchci\u0144ski","isPartOf":{"@id":"https:\/\/marekkuchcinski.pl\/#website"},"primaryImageOfPage":{"@id":"https:\/\/marekkuchcinski.pl\/hu\/wydarzenia\/wielkie-wsparcie-dla-polski-wschodniej-rozwoj-firm-start-upow\/#primaryimage"},"image":{"@id":"https:\/\/marekkuchcinski.pl\/hu\/wydarzenia\/wielkie-wsparcie-dla-polski-wschodniej-rozwoj-firm-start-upow\/#primaryimage"},"thumbnailUrl":"https:\/\/marekkuchcinski.pl\/wp-content\/uploads\/2018\/12\/800-mln-z\u0142-3.jpg","datePublished":"2018-12-04T09:06:33+00:00","dateModified":"2019-04-19T10:58:53+00:00","breadcrumb":{"@id":"https:\/\/marekkuchcinski.pl\/hu\/wydarzenia\/wielkie-wsparcie-dla-polski-wschodniej-rozwoj-firm-start-upow\/#breadcrumb"},"inLanguage":"cs","potentialAction":[{"@type":"ReadAction","target":["https:\/\/marekkuchcinski.pl\/hu\/wydarzenia\/wielkie-wsparcie-dla-polski-wschodniej-rozwoj-firm-start-upow\/"]}]},{"@type":"ImageObject","inLanguage":"cs","@id":"https:\/\/marekkuchcinski.pl\/hu\/wydarzenia\/wielkie-wsparcie-dla-polski-wschodniej-rozwoj-firm-start-upow\/#primaryimage","url":"https:\/\/marekkuchcinski.pl\/wp-content\/uploads\/2018\/12\/800-mln-z\u0142-3.jpg","contentUrl":"https:\/\/marekkuchcinski.pl\/wp-content\/uploads\/2018\/12\/800-mln-z\u0142-3.jpg","width":1024,"height":768},{"@type":"BreadcrumbList","@id":"https:\/\/marekkuchcinski.pl\/hu\/wydarzenia\/wielkie-wsparcie-dla-polski-wschodniej-rozwoj-firm-start-upow\/#breadcrumb","itemListElement":[{"@type":"ListItem","position":1,"name":"Strona g\u0142\u00f3wna","item":"https:\/\/marekkuchcinski.pl\/"},{"@type":"ListItem","position":2,"name":"Wielkie wsparcie dla Polski Wschodniej na rozw\u00f3j firm i start-up\u00f3w"}]},{"@type":"WebSite","@id":"https:\/\/marekkuchcinski.pl\/#website","url":"https:\/\/marekkuchcinski.pl\/","name":"Marek Kuchci\u0144ski","description":"Pose\u0142 na sejm RP &ndash; okr\u0119g nr 22","publisher":{"@id":"https:\/\/marekkuchcinski.pl\/#organization"},"potentialAction":[{"@type":"SearchAction","target":{"@type":"EntryPoint","urlTemplate":"https:\/\/marekkuchcinski.pl\/?s={search_term_string}"},"query-input":{"@type":"PropertyValueSpecification","valueRequired":true,"valueName":"search_term_string"}}],"inLanguage":"cs"},{"@type":"Organization","@id":"https:\/\/marekkuchcinski.pl\/#organization","name":"Marek Kuchci\u0144ski","url":"https:\/\/marekkuchcinski.pl\/","logo":{"@type":"ImageObject","inLanguage":"cs","@id":"https:\/\/marekkuchcinski.pl\/#\/schema\/logo\/image\/","url":"https:\/\/marekkuchcinski.pl\/wp-content\/uploads\/2022\/09\/Marek.jpg","contentUrl":"https:\/\/marekkuchcinski.pl\/wp-content\/uploads\/2022\/09\/Marek.jpg","width":1600,"height":971,"caption":"Marek Kuchci\u0144ski"},"image":{"@id":"https:\/\/marekkuchcinski.pl\/#\/schema\/logo\/image\/"}},{"@type":"Person","@id":"https:\/\/marekkuchcinski.pl\/#\/schema\/person\/6f62700996b4d950b6ea2d1183b6c6be","name":"admin","image":{"@type":"ImageObject","inLanguage":"cs","@id":"https:\/\/marekkuchcinski.pl\/#\/schema\/person\/image\/","url":"https:\/\/secure.gravatar.com\/avatar\/4bab693b9d55c3d6b52c0296a8765085?s=96&d=mm&r=g","contentUrl":"https:\/\/secure.gravatar.com\/avatar\/4bab693b9d55c3d6b52c0296a8765085?s=96&d=mm&r=g","caption":"admin"},"url":"https:\/\/marekkuchcinski.pl\/cs\/author\/marta-olejnik\/"}]}},"_links":{"self":[{"href":"https:\/\/marekkuchcinski.pl\/cs\/wp-json\/wp\/v2\/posts\/11443","targetHints":{"allow":["GET"]}}],"collection":[{"href":"https:\/\/marekkuchcinski.pl\/cs\/wp-json\/wp\/v2\/posts"}],"about":[{"href":"https:\/\/marekkuchcinski.pl\/cs\/wp-json\/wp\/v2\/types\/post"}],"author":[{"embeddable":true,"href":"https:\/\/marekkuchcinski.pl\/cs\/wp-json\/wp\/v2\/users\/6"}],"replies":[{"embeddable":true,"href":"https:\/\/marekkuchcinski.pl\/cs\/wp-json\/wp\/v2\/comments?post=11443"}],"version-history":[{"count":8,"href":"https:\/\/marekkuchcinski.pl\/cs\/wp-json\/wp\/v2\/posts\/11443\/revisions"}],"predecessor-version":[{"id":14972,"href":"https:\/\/marekkuchcinski.pl\/cs\/wp-json\/wp\/v2\/posts\/11443\/revisions\/14972"}],"wp:featuredmedia":[{"embeddable":true,"href":"https:\/\/marekkuchcinski.pl\/cs\/wp-json\/wp\/v2\/media\/11456"}],"wp:attachment":[{"href":"https:\/\/marekkuchcinski.pl\/cs\/wp-json\/wp\/v2\/media?parent=11443"}],"wp:term":[{"taxonomy":"category","embeddable":true,"href":"https:\/\/marekkuchcinski.pl\/cs\/wp-json\/wp\/v2\/categories?post=11443"},{"taxonomy":"post_tag","embeddable":true,"href":"https:\/\/marekkuchcinski.pl\/cs\/wp-json\/wp\/v2\/tags?post=11443"}],"curies":[{"name":"wp","href":"https:\/\/api.w.org\/{rel}","templated":true}]}}