{"id":11358,"date":"2018-12-03T09:55:39","date_gmt":"2018-12-03T08:55:39","guid":{"rendered":"https:\/\/marekkuchcinski.pl\/?p=11358"},"modified":"2018-12-03T10:45:25","modified_gmt":"2018-12-03T09:45:25","slug":"marek-kuchcinski-terytorialsow-stoja-wami-wazkie-trudne-zadania-wobec-wspolczesnosci-wolnosciowego-dziedzictwa","status":"publish","type":"post","link":"https:\/\/marekkuchcinski.pl\/cs\/wydarzenia\/marek-kuchcinski-terytorialsow-stoja-wami-wazkie-trudne-zadania-wobec-wspolczesnosci-wolnosciowego-dziedzictwa\/","title":{"rendered":"Marek Kuchci\u0144ski na \"Territorials\": \u010cel\u00edte d\u016fle\u017eit\u00fdm a obt\u00ed\u017en\u00fdm \u00fakol\u016fm tv\u00e1\u0159\u00ed v tv\u00e1\u0159 modernosti, stejn\u011b jako d\u011bdictv\u00ed svobody."},"content":{"rendered":"<p>V Tarnobrzegu slo\u017eilo vojenskou p\u0159\u00edsahu 147 voj\u00e1k\u016f 3. brig\u00e1dy Podkarpatsk\u00e9 teritori\u00e1ln\u00ed obrany, kter\u00e1 nese jm\u00e9no plukovn\u00edka \u0141ukasze Ciepli\u0144sk\u00e9ho pseud. P\u0142ug. Dopis nov\u00fdm \"Terytorial\u016fm\" adresoval Marek Kuchci\u0144ski.<\/p>\n<p><em>Jsem p\u0159esv\u011bd\u010den, \u017ee pro voj\u00e1ky i jejich bl\u00edzk\u00e9 je p\u0159\u00edsaha jedine\u010dn\u00fdm \u017eivotn\u00edm okam\u017eikem, kter\u00fd v nich vyvol\u00e1v\u00e1 emoce, radost a hrdost a kter\u00fd jim nav\u017edy z\u016fstane v pam\u011bti. Bez ohledu na \u010das, m\u00edsto a okolnosti se slova p\u0159\u00edsahy hluboce vryj\u00ed do srdce. Jsou velk\u00fdm z\u00e1vazkem p\u0159ijat\u00fdm a\u017e do konce \u017eivota, z\u00e1vazkem v\u016f\u010di vlasti a n\u00e1rodu. P\u0159ed voj\u00e1ky 3. brig\u00e1dy Podkarpatsk\u00e9 Rusi stoj\u00ed d\u016fle\u017eit\u00e9 a obt\u00ed\u017en\u00e9 \u00fakoly t\u00fdkaj\u00edc\u00ed se sou\u010dasnosti i d\u011bdictv\u00ed svobody. Nepochybuji o tom, \u017ee je v\u0161echny provedete p\u0159\u00edkladn\u011b. Je\u0161t\u011b jednou srde\u010dn\u011b blahop\u0159eji nov\u011b slo\u017een\u00fdm p\u0159\u00edsah\u00e1m - napsal p\u0159edseda Sejmu.<\/em><\/p>\n<p><a href=\"https:\/\/marekkuchcinski.pl\/wp-content\/uploads\/2018\/12\/Terytorialsi-1.pdf\">SEZNAM<\/a><\/p>","protected":false},"excerpt":{"rendered":"<p>147 \u017co\u0142nierzy 3. Podkarpackiej Brygady Obrony Terytorialnej im. pu\u0142kownika \u0141ukasza Ciepli\u0144skiego ps. P\u0142ug,\u00a0z\u0142o\u017cy\u0142o w Tarnobrzegu przysi\u0119g\u0119 wojskow\u0105. List do nowych &#8222;Terytorials\u00f3w&#8221; skierowa\u0142 Marek Kuchci\u0144ski. Przekonany jestem, \u017ce zar\u00f3wno dla \u017co\u0142nierzy, jak i ich najbli\u017cszych przysi\u0119ga jest wyj\u0105tkowym momentem w \u017cyciu, chwil\u0105, kt\u00f3ra budzi wzruszenie, rado\u015b\u0107 i dum\u0119, jak r\u00f3wnie\u017c na zawsze pozostanie we wspomnieniach. Bez [&hellip;]<\/p>\n","protected":false},"author":6,"featured_media":11359,"comment_status":"open","ping_status":"open","sticky":false,"template":"","format":"standard","meta":{"ngg_post_thumbnail":0,"footnotes":""},"categories":[104,49,3],"tags":[],"class_list":["post-11358","post","type-post","status-publish","format-standard","has-post-thumbnail","hentry","category-lms","category-podkarpacie","category-wydarzenia"],"_links":{"self":[{"href":"https:\/\/marekkuchcinski.pl\/cs\/wp-json\/wp\/v2\/posts\/11358","targetHints":{"allow":["GET"]}}],"collection":[{"href":"https:\/\/marekkuchcinski.pl\/cs\/wp-json\/wp\/v2\/posts"}],"about":[{"href":"https:\/\/marekkuchcinski.pl\/cs\/wp-json\/wp\/v2\/types\/post"}],"author":[{"embeddable":true,"href":"https:\/\/marekkuchcinski.pl\/cs\/wp-json\/wp\/v2\/users\/6"}],"replies":[{"embeddable":true,"href":"https:\/\/marekkuchcinski.pl\/cs\/wp-json\/wp\/v2\/comments?post=11358"}],"version-history":[{"count":4,"href":"https:\/\/marekkuchcinski.pl\/cs\/wp-json\/wp\/v2\/posts\/11358\/revisions"}],"predecessor-version":[{"id":11373,"href":"https:\/\/marekkuchcinski.pl\/cs\/wp-json\/wp\/v2\/posts\/11358\/revisions\/11373"}],"wp:featuredmedia":[{"embeddable":true,"href":"https:\/\/marekkuchcinski.pl\/cs\/wp-json\/wp\/v2\/media\/11359"}],"wp:attachment":[{"href":"https:\/\/marekkuchcinski.pl\/cs\/wp-json\/wp\/v2\/media?parent=11358"}],"wp:term":[{"taxonomy":"category","embeddable":true,"href":"https:\/\/marekkuchcinski.pl\/cs\/wp-json\/wp\/v2\/categories?post=11358"},{"taxonomy":"post_tag","embeddable":true,"href":"https:\/\/marekkuchcinski.pl\/cs\/wp-json\/wp\/v2\/tags?post=11358"}],"curies":[{"name":"wp","href":"https:\/\/api.w.org\/{rel}","templated":true}]}}