{"id":11334,"date":"2018-12-03T12:12:30","date_gmt":"2018-12-03T11:12:30","guid":{"rendered":"https:\/\/marekkuchcinski.pl\/?p=11334"},"modified":"2018-12-04T15:58:56","modified_gmt":"2018-12-04T14:58:56","slug":"marek-kuchcinski-ryszard-terlecki-inni-o-historii-pamieci-sile-wartosciach-przemysla-miasta-o-niezlamanym-duchu-miasta-walecznego","status":"publish","type":"post","link":"https:\/\/marekkuchcinski.pl\/cs\/wydarzenia\/marek-kuchcinski-ryszard-terlecki-inni-o-historii-pamieci-sile-wartosciach-przemysla-miasta-o-niezlamanym-duchu-miasta-walecznego\/","title":{"rendered":"O historii, pam\u011bti, s\u00edle a hodnot\u00e1ch Przemy\u015blu - m\u011bsta s nezlomn\u00fdm duchem - p\u00ed\u0161\u00ed mimo jin\u00e9 p\u0159edseda a m\u00edstop\u0159edseda polsk\u00e9ho Sejmu."},"content":{"rendered":"<p style=\"text-align: left;\">V r\u00e1mci oslav 100. v\u00fdro\u010d\u00ed znovuz\u00edsk\u00e1n\u00ed nez\u00e1vislosti p\u0159ipravilo N\u00e1rodn\u00ed muzeum v Przemyslu ve spolupr\u00e1ci s nakladatelstv\u00edm Sejm publikaci v\u011bnovanou Przemyslu: \"M\u011bsto state\u010dnosti\". Mezi autory jsou Marek Kuchci\u0144ski a Ryszard Terlecki, kte\u0159\u00ed popisuj\u00ed ud\u00e1losti, jim\u017e muselo m\u011bsto v pr\u016fb\u011bhu stalet\u00ed \u010delit. N\u00ed\u017ee uv\u00e1d\u00edme \u00favodn\u00ed slovo p\u0159edsedy Sejmu:<\/p>\n<p style=\"text-align: center;\"><span style=\"color: #690303;\"><strong>Przemy\u015bl - moje m\u011bsto. \u00davahy o Przemy\u015blu u p\u0159\u00edle\u017eitosti 100. v\u00fdro\u010d\u00ed znovuz\u00edsk\u00e1n\u00ed nez\u00e1vislosti<br \/>\nMarek Kuchci\u0144ski<\/strong><\/span><\/p>\n<p>V dob\u011b, kdy si p\u0159ipom\u00edn\u00e1me 100. v\u00fdro\u010d\u00ed znovuzrozen\u00ed Polska a pod\u00edl obyvatel Przemy\u0161lska na tomto velk\u00e9m aktu nez\u00e1vislosti, se nelze vyhnout n\u011bkter\u00fdm \u00favah\u00e1m a srovn\u00e1n\u00edm mezi obdob\u00edm p\u0159ed prvn\u00ed sv\u011btovou v\u00e1lkou a po n\u00ed. Velk\u00e1 v\u00e1lka zp\u016fsobila obrovsk\u00e9 geopolitick\u00e9 zm\u011bny. Vznik mnoha n\u00e1rodn\u00edch st\u00e1t\u016f v na\u0161\u00ed \u010d\u00e1sti Evropy p\u0159inesl do spole\u010densko-politick\u00e9ho \u017eivota novou kvalitu. Nab\u00edz\u00ed se ot\u00e1zka, jak tyto zm\u011bny ovlivnily v\u00fdvoj Przemy\u0161lska a samotn\u00e9ho Przemy\u0161lu, jak\u00e9 byly jejich p\u0159\u00ed\u010diny a d\u016fsledky, jak\u00fd vliv m\u011bly na genera\u010dn\u00ed procesy transformace, co z\u00e1viselo na n\u00e1rodech a co bylo d\u00edlem jednotlivc\u016f a kdo stoj\u00ed za p\u0159ipomenut\u00ed. Tyto ot\u00e1zky se mohou t\u00fdkat nejen historie, ale tak\u00e9 lid\u00ed, formov\u00e1n\u00ed n\u00e1rod\u016f, udr\u017eiteln\u00e9ho rozvoje, kulturn\u00edho d\u011bdictv\u00ed, tedy v\u0161eho, \u010d\u00edm se v duchu v\u00fdro\u010d\u00ed zab\u00fdv\u00e1me.<\/p>\n<p><span style=\"font-weight: 400;\">Druh\u00e1 republika byla jako m\u00e1lokter\u00e1 zem\u011b v Evrop\u011b vystavena ur\u00e1\u017ek\u00e1m (slavn\u00e9 \"neman\u017eelsk\u00e9 d\u00edt\u011b Versaillesk\u00e9 smlouvy\"). - Molotov, \"ekonomick\u00e1 nemo\u017enost\" - Keynes, \"p\u0159eb\u011bhl\u00edk d\u011bjin\" - Lloyd George, pro zaj\u00edmavost, sou\u010dasn\u00e9 ur\u00e1\u017een\u00ed Pol\u00e1k\u016f cizinci nen\u00ed nic nov\u00e9ho) a politiky slou\u017e\u00edc\u00ed k likvidaci na\u0161\u00ed vlasti. Druh\u00e1 republika, kter\u00e1 formovala svou samostatnou existenci ve velmi obt\u00ed\u017en\u00fdch vn\u011bj\u0161\u00edch i vnit\u0159n\u00edch podm\u00ednk\u00e1ch, byla p\u0159esto velmi \u00fasp\u011b\u0161n\u00e1. Po dob\u00e1ch rozd\u011blen\u00ed, hospod\u00e1\u0159sk\u00e9ho a soci\u00e1ln\u00edho zaost\u00e1v\u00e1n\u00ed p\u0159inesla st\u00e1tn\u00ed politika ob\u010dan\u016fm zm\u011bny k lep\u0161\u00edmu. Zm\u00edrnil p\u0159elidn\u011bn\u00ed venkova a sn\u00ed\u017eil nezam\u011bstnanost ve m\u011bstech. Byla zavedena parlamentn\u00ed demokracie, volebn\u00ed pr\u00e1vo pro \u017eeny, bezplatn\u00e9 \u0161kolstv\u00ed a pracovn\u00ed z\u00e1konod\u00e1rstv\u00ed, kter\u00e9 bylo velmi p\u0159\u00edzniv\u00e9 pro d\u011bln\u00edky. Soci\u00e1ln\u00ed pokrok byl umo\u017en\u011bn \u0161irok\u00fdm vrstv\u00e1m spole\u010dnosti, co\u017e vedlo ke vzd\u011bl\u00e1n\u00ed statis\u00edc\u016f vysoce kvalifikovan\u00fdch odborn\u00edk\u016f a milion\u016f ob\u010dan\u016f, kte\u0159\u00ed si uv\u011bdomovali sv\u00e1 pr\u00e1va a povinnosti.<\/span><\/p>\n<p><span style=\"font-weight: 400;\">Identifikace s vlastn\u00edm st\u00e1tem a pocit s\u00edly vych\u00e1zej\u00edc\u00ed z n\u00e1rodn\u00edho spole\u010denstv\u00ed se staly faktory, kter\u00e9 rozhodly o na\u0161em n\u00e1rodn\u00edm p\u0159e\u017eit\u00ed ve st\u0159etu s nejv\u011bt\u0161\u00edmi d\u00e9mony 20. stolet\u00ed - nacion\u00e1ln\u00edm a internacionalistick\u00fdm socialismem.<\/span><\/p>\n<p><span style=\"font-weight: 400;\">\u00a0\u00a0\u00a0 <\/span><span style=\"font-weight: 400;\">\u00a0\u00a0\u00a0 <\/span><span style=\"font-weight: 400;\">\u00a0\u00a0\u00a0 <\/span><span style=\"font-weight: 400;\">\u00a0\u00a0\u00a0 <\/span><span style=\"font-weight: 400;\">\u00a0\u00a0\u00a0 <\/span><span style=\"font-weight: 400;\">***<\/span><\/p>\n<p><span style=\"font-weight: 400;\">P. Benedykt Chmielowski, autor prvn\u00ed polsk\u00e9 univerz\u00e1ln\u00ed encyklopedie Nowe Ateny, napsal, \u017ee Przemy\u015bl existoval ji\u017e v roce 758 (p\u0159ed 1260 lety!): <\/span><i><span style=\"font-weight: 400;\">\"PRZEMYS\u0141AW I, neboli LESZEK I, ze zlat\u00e9ho stavu Faber Fortunae Pol\u00e1k\u016f, pozlacen\u00e9 pah\u00fdly Ma\u010far\u016f a Moravan\u016f ani tak nevyd\u011bsily, jako sp\u00ed\u0161 odradily Polsko. \u017dil kolem roku 760 a zalo\u017eil Przemy\u015bl pod sv\u00fdm jm\u00e9nem\".<\/span><\/i><span style=\"font-weight: 400;\"> Tohoto panovn\u00edka si v\u0161iml i Ignacy Krasicki ve sv\u00e9m dvousvazkov\u00e9m d\u00edle \"Zbi\u00f3r potrzebnieyszych wiadomo\u015bci\". M\u011bsto, neboli gr\u00f3d, jak byl Przemy\u015bl ozna\u010dov\u00e1n v dob\u011b kronik\u00e1\u0159e Nestora, bylo s\u00eddlem L\u0119dzian\u016f - Lechit\u016f, kter\u00e9 v roce 881 obsadil rus\u00ednsk\u00fd kn\u00ed\u017ee Vladim\u00edr a kter\u00e9 zase dobyl Boleslav Chrobr\u00fd, pravd\u011bpodobn\u011b b\u011bhem sv\u00e9 v\u00edt\u011bzn\u00e9 v\u00fdpravy na Kyjev. Od po\u010d\u00e1tku 14. stolet\u00ed byl hrad Przemy\u015bl, postaven\u00fd na obranu jihov\u00fdchodn\u00edho pohrani\u010d\u00ed Polska, jedn\u00edm z n\u011bkolika des\u00edtek hrad\u016f, kter\u00e9 nechal postavit Kazim\u00edr Velik\u00fd.<\/span><\/p>\n<p><span style=\"font-weight: 400;\">Przemy\u015bl byl s\u00eddlem starosty a diec\u00e9ze. V katedr\u00e1le, v dne\u0161n\u00ed kapli Drohojowsk\u00fdch, se konaly \u0161lechtick\u00e9 sejmiky (takov\u00e9 byly zvyky), na nich\u017e ryt\u00ed\u0159i p\u0159ij\u00edmali d\u016fle\u017eit\u00e1 rozhodnut\u00ed o m\u00edstn\u00edch z\u00e1le\u017eitostech. Za zm\u00ednku stoj\u00ed nap\u0159\u00edklad Piotr Kmita a Stanis\u0142aw August Poniatowski, pozd\u011bj\u0161\u00ed polsk\u00fd kr\u00e1l.<\/span><\/p>\n<p><span style=\"font-weight: 400;\">M\u011bsto bylo hlavn\u00edm m\u011bstem zem\u011b P\u0159emyslovsk\u00e9, kde se v S\u0105dow\u00e9 Wi\u0161ni konalo valn\u00e9 shrom\u00e1\u017ed\u011bn\u00ed Rus\u00ednsk\u00e9ho vojvodstv\u00ed prvn\u00ed republiky. Tehdej\u0161\u00ed zem\u011b P\u0159emyslova byla rozlehl\u00e1 a t\u00e1hla se od Stryje po \u015awilczu za Rzeszowem a od S\u0142onsk\u00fdch hor po Tarnogrod. Zahrnovala okresy Przemysl, Jaroslaw, Le\u017eajsk, \u0141a\u0144cut, Rzesz\u00f3w, Moscis, Przeworsk, Sambork, Drohobycz, Tyczyn a Stryj. Bohu\u017eel po druh\u00e9 sv\u011btov\u00e9 v\u00e1lce do\u0161lo v d\u016fsledku stanoven\u00ed hranic mezi Polskou lidovou republikou a SSSR k rozd\u011blen\u00ed historick\u00e9 zem\u011b Przemysl. Dnes je jedna \u010d\u00e1st v Polsku a druh\u00e1 na Ukrajin\u011b.<\/span><\/p>\n<p><span style=\"font-weight: 400;\">Przemy\u015bl pamatuje svou sl\u00e1vu z dob Rakouska-Uherska. V t\u00e9 dob\u011b se stala jednou z nejv\u011bt\u0161\u00edch pevnost\u00ed s pos\u00e1dkou \u010d\u00edtaj\u00edc\u00ed v\u00edce ne\u017e sto tis\u00edc voj\u00e1k\u016f t\u00e9m\u011b\u0159 v\u0161ech n\u00e1rodnost\u00ed mnohon\u00e1rodnostn\u00ed \u0159\u00ed\u0161e. \u00a0<\/span><\/p>\n<p><span style=\"font-weight: 400;\">\u00a0\u00a0\u00a0 <\/span><span style=\"font-weight: 400;\">\u00a0\u00a0\u00a0 <\/span><span style=\"font-weight: 400;\">\u00a0\u00a0\u00a0 <\/span><span style=\"font-weight: 400;\">\u00a0\u00a0\u00a0 <\/span><span style=\"font-weight: 400;\">\u00a0\u00a0\u00a0 <\/span><span style=\"font-weight: 400;\">***<\/span><\/p>\n<p><span style=\"font-weight: 400;\">S P\u0159emy\u0161lem a P\u0159emy\u0161lskem bylo spojeno mnoho v\u00fdznamn\u00fdch a zn\u00e1m\u00fdch osobnost\u00ed, nap\u0159\u00edklad spisovatel Stanis\u0142aw Orzechowski, kanovn\u00edk (pozd\u011bji varmijsk\u00fd biskup) Ignacy Krasicki - far\u00e1\u0159 p\u0159emy\u0161lsk\u00e9 katedr\u00e1ly a autor knihy Monachomachia, Mar\u0161\u00e1lek Sejmu Andrzej Maksymilian Fredro - barokn\u00ed spisovatel, zn\u00e1m\u00fd jako polsk\u00fd Tacitus, zakladatel kl\u00e1\u0161tera Kalwaria Pac\u0142awska a jeho vzd\u00e1len\u00fd bratranec - b\u00e1sn\u00edk Aleksander Fredro z Rudek, Miko\u0142aj S\u0119p-Szarzy\u0144ski - jeden z nejv\u00fdznamn\u011bj\u0161\u00edch polsk\u00fdch b\u00e1sn\u00edk\u016f. Mezi uzn\u00e1van\u00e9 osobnosti pat\u0159\u00ed tak\u00e9 duchovn\u00ed: svat\u00fd Josef Pelczar (biskup z Przemy\u015blu na p\u0159elomu 19. a 20. stolet\u00ed, zakladatel Kongregace sester Nejsv\u011bt\u011bj\u0161\u00edho Srdce P\u00e1n\u011b a Przemy\u0161lsk\u00e9ho arcidiec\u00e9zn\u00edho muzea), blahoslaven\u00fd otec Jan Balicki, kardin\u00e1l Adam Stefan Sapieha z Krasiczyna a arcibiskup Ignacy Tokarczuk - n\u00e1\u0161 \"mluv\u010d\u00ed n\u00e1roda bojuj\u00edc\u00edho za svou suverenitu a nezlomn\u00fd biskup\", kter\u00e9ho si letos z rozhodnut\u00ed Sejmu p\u0159ipom\u00edn\u00e1me zvl\u00e1\u0161tn\u00edm zp\u016fsobem u p\u0159\u00edle\u017eitosti 100. v\u00fdro\u010d\u00ed jeho narozen\u00ed. Tento okruh v\u00fdznamn\u00fdch osobnost\u00ed roz\u0161i\u0159uj\u00ed: Kardin\u00e1l\u016fv synovec Leon Sapieha z Krasiczyna - statk\u00e1\u0159, poslanec Sejmu II. polsk\u00e9 republiky, voj\u00e1k polsko-sov\u011btsk\u00e9 v\u00e1lky a AK, poh\u0159ben na h\u0159bitov\u011b v \u0141\u0119towni u Przemy\u015blu; Jan Gwalbert Pawlikowski z Medyky - tv\u016frce ekologie, prvn\u00ed vydavatel S\u0142owack\u00e9ho \"Kr\u00e1lovsk\u00e9ho ducha\"; Jan Szczepanik - geni\u00e1ln\u00ed vyn\u00e1lezce z Rudniku u Mo\u015bciska; Henryk Jordan - l\u00e9ka\u0159, tv\u016frce zahrad pro d\u011bti a ml\u00e1de\u017e, pojmenovan\u00fdch po n\u011bm. Krom\u011b toho se narodil v Drohoby\u010di<\/span> <span style=\"font-weight: 400;\">Socialista, legion\u00e1\u0159 a pr\u00e1vn\u00edk Herman Lieberman, inici\u00e1tor v\u00fdstavby D\u011blnick\u00e9ho domu; pozoruhodn\u00e1 rodina Tarnawsk\u00fdch: Apolin\u00e1\u0159 - l\u00e9ka\u0159 a tv\u016frce l\u00e1zn\u00ed v Kosovu v Pokuci (Hucul), Leonard - povstalec z lednov\u00e9ho povst\u00e1n\u00ed, advok\u00e1t, poslanec z\u00e1konod\u00e1rn\u00e9ho sn\u011bmu, spoluzakladatel Spole\u010dnosti p\u0159\u00e1tel v\u011bdy a dramatick\u00e9ho spolku \"Fredreum\", jeho syn Wladyslaw - v\u00fdznamn\u00fd anglista, p\u0159ekladatel Shakespeara a z\u00e1rove\u0148 zakladatel prvn\u00edho think tanku - V\u00fdboru v\u00fdchodn\u00edch \u00fazem\u00ed, \u017eij\u00edc\u00ed v ulici Grodzka 4 (kr\u00e1sn\u00fd \u010din\u017eovn\u00ed d\u016fm s ark\u00fd\u0159em a dvojit\u00fdm znakem Litvy a Koruny); Karol Duldig - jeden z nejv\u011bt\u0161\u00edch australsk\u00fdch um\u011blc\u016f, socha\u0159 a zakladatel Australsk\u00e9 akademie um\u011bn\u00ed; Moj\u017cesz Schorr - sen\u00e1tor Druh\u00e9 polsk\u00e9 republiky, historik a orientalista; Zbigniew Brzezi\u0144ski - americk\u00fd politolog a diplomat polsk\u00e9ho p\u016fvodu, poradce americk\u00fdch prezident\u016f; Andrzej Gawro\u0144ski - jazykov\u011bdec a polyglot (znal 140 jazyk\u016f!), obr\u00e1nce Lvova v roce 1918; Jerzy Grotowski - divadeln\u00ed reform\u00e1tor, \u017eil tak\u00e9 v ulici Grodzka; Przemys\u0142aw Bystrzycki - spisovatel, tich\u00fd bojovn\u00edk; Ryszard Siwiec - voj\u00e1k AK, hrdinn\u00fd mu\u010dedn\u00edk za svobodu \u010ceskoslovenska v roce 1968.<\/span><\/p>\n<p><span style=\"font-weight: 400;\">\u00a0\u00a0\u00a0 <\/span><span style=\"font-weight: 400;\">\u00a0\u00a0\u00a0 <\/span><span style=\"font-weight: 400;\">\u00a0\u00a0\u00a0 <\/span><span style=\"font-weight: 400;\">\u00a0\u00a0\u00a0 <\/span><span style=\"font-weight: 400;\">\u00a0\u00a0\u00a0 <\/span><span style=\"font-weight: 400;\">***<\/span><\/p>\n<p><span style=\"font-weight: 400;\">V minulosti nebyl Przemy\u015bl jedin\u00fdm m\u00edstem, kde se sch\u00e1zely elity, a nebyl jedin\u00fdm m\u00edstem, kde se vym\u011b\u0148ovaly my\u0161lenky. Genera\u010dn\u00ed d\u011bdictv\u00ed a n\u00e1rodn\u00ed identita byly budov\u00e1ny v mnoha dal\u0161\u00edch m\u011bstech a obc\u00edch v P\u0159emy\u0161lsku, stejn\u011b jako v okoln\u00edch vesnic\u00edch, kter\u00e9 tehdy ob\u00fdvala drtiv\u00e1 v\u011bt\u0161ina Pol\u00e1k\u016f.<\/span><\/p>\n<p><span style=\"font-weight: 400;\">Mal\u00e9, ale v\u00fdznamn\u00e9 m\u011bsto Rudki z\u016fstalo v dr\u017een\u00ed rodiny Fredro a\u017e do vypuknut\u00ed druh\u00e9 sv\u011btov\u00e9 v\u00e1lky. Je zde tak\u00e9 poh\u0159ben Aleksander Fredro.<\/span><\/p>\n<p><span style=\"font-weight: 400;\">Drohoby\u010d, zn\u00e1m\u00e1 jako m\u011bsto p\u011bti rafineri\u00ed, je spojena nejen s Brunem Schulzem a Boryslav\u00ed, kde Jan Zeh a Ignacy Lukasiewicz v polovin\u011b 19. stolet\u00ed zap\u00e1lili prvn\u00ed petrolejovou lampu, ale tak\u00e9 s p\u0159edn\u00edmi v\u00edde\u0148sk\u00fdmi politiky, jako byl premi\u00e9r Kazimierz Badeni a poslanec Eustachy Sanguszko, d\u00e1le um\u011blci Artur Grottger, Maurice a Leopold Gottliebovi a voj\u00e1ci jako gener\u00e1l Stanis\u0142aw Maczek a legend\u00e1rn\u00ed b\u00edl\u00fd kur\u00fdr Tadeusz Chciuk-Celt. S Drohoby\u010dem byl spojen i Ivan Franko, jeden z nejv\u00fdznamn\u011bj\u0161\u00edch p\u0159edstavitel\u016f ukrajinsk\u00e9 literatury.<\/span><\/p>\n<p><span style=\"font-weight: 400;\">Hned vedle Drohoby\u010de se nach\u00e1z\u00ed Truskavec, jedny z nejzn\u00e1m\u011bj\u0161\u00edch a nejrychleji se rozv\u00edjej\u00edc\u00edch l\u00e1zn\u00ed druh\u00e9 polsk\u00e9 republiky (za 20 let zde bylo otev\u0159eno 286 nov\u00fdch hotel\u016f a penzion\u016f!). Zde se narodil Kazimierz Pelczar, zakladatel prvn\u00edho polsk\u00e9ho onkologick\u00e9ho centra.<\/span><\/p>\n<p><span style=\"font-weight: 400;\">V Medyce, neoby\u010dejn\u00e9m hn\u00edzd\u011b neoby\u010dejn\u00e9ho rodu Pawlikowsk\u00fdch, o n\u011bm\u017e m\u00e1lokdo v\u00ed, fungovala v 19. stolet\u00ed podzemn\u00ed tisk\u00e1rna, po n\u00ed\u017e musela rodina dne\u0161n\u00edho \u010desk\u00e9ho konzervativn\u00edho politologa Alexandra Tomsk\u00e9ho opustit Hali\u010d. <\/span><\/p>\n<p><span style=\"font-weight: 400;\">V arboretu v Bolestraszyc\u00edch u Przemy\u0161le (zalo\u017een\u00e9m v 70. letech 20. stolet\u00ed profesorem Jerzym Pi\u00f3reck\u00fdm) se naopak dodnes nach\u00e1z\u00ed z\u00e1me\u010dek Piotra Micha\u0142owsk\u00e9ho, v\u00fdznamn\u00e9ho mal\u00ed\u0159e, kter\u00fd b\u011bhem listopadov\u00e9ho povst\u00e1n\u00ed \u0159\u00eddil dod\u00e1vky zbran\u00ed povstalc\u016fm. <\/span><\/p>\n<p><span style=\"font-weight: 400;\">Vra\u0165me se do 17. stolet\u00ed a p\u0159ipome\u0148me, \u017ee dcera samborsk\u00e9ho starosty Ji\u0159\u00edho Mniszcha se stala man\u017eelkou cara Dmitrije. Byly to jedin\u00e9 dva roky v rusk\u00fdch d\u011bjin\u00e1ch, kdy Kreml ovl\u00e1dli Pol\u00e1ci (po p\u0159edchoz\u00edm v\u00edt\u011bzstv\u00ed v bitv\u011b u Klu\u0161ina). Car Vasilij \u0160ujskij a jeho brat\u0159i vzdali hold kr\u00e1li Zikmundovi III. ve Var\u0161av\u011b, jak p\u0159ipom\u00edn\u00e1 pam\u011btn\u00ed deska na Zikmundov\u011b sloupu. Nikdo pozd\u011bji tento v\u00fdkon nezopakoval.<\/span><\/p>\n<p><span style=\"font-weight: 400;\">Je to m\u011bsto a zem\u011b, kde vedle sebe po stalet\u00ed \u017eily r\u016fzn\u00e9 n\u00e1rody a kde p\u016fsobily r\u016fzn\u00e9 c\u00edrkve. N\u011bkdy se na na\u0161ich str\u00e1nk\u00e1ch m\u016f\u017eeme setkat s n\u00e1zorem, \u017ee jsou tavic\u00edm kotlem n\u00e1rod\u016f. To je zav\u00e1d\u011bj\u00edc\u00ed p\u0159edstava, kter\u00e1 se hod\u00ed sp\u00ed\u0161e pro Spojen\u00e9 st\u00e1ty jako tavic\u00ed kotel r\u016fzn\u00fdch etnick\u00fdch skupin. Na \u00fazem\u00ed Zem\u011b P\u0159emyslovc\u016f a b\u00fdval\u00e9ho v\u00fdchodn\u00edho pohrani\u010d\u00ed fungovaly n\u00e1rody (n\u00e1rody) jak nez\u00e1visle, tak i ve vz\u00e1jemn\u00e9 z\u00e1vislosti, ale suver\u00e9nn\u011b, i kdy\u017e \u010dasto konkuren\u010dn\u011b. Sp\u00ed\u0161e lze p\u0159edpokl\u00e1dat, \u017ee na\u0161e \u010d\u00e1st Evropy byla sp\u00ed\u0161e \"spojnic\u00ed d\u011bjin\", kde se prol\u00ednaly v\u00fdchodn\u00ed a z\u00e1padn\u00ed vlivy. Na\u0161e postaven\u00ed a charakter se utv\u00e1\u0159ely ve zlat\u00fdch \u010dasech prvn\u00ed republiky, kter\u00e1 vedla politiku \"mezi mo\u0159i\" s p\u016fsobivou razanc\u00ed. A vlastnost, kter\u00e1 n\u00e1s od t\u011bch dob charakterizuje - tolerance vyr\u016fstaj\u00edc\u00ed z libertari\u00e1nsk\u00fdch a republik\u00e1nsk\u00fdch tradic - m\u016f\u017ee nejl\u00e9pe zajistit sou\u017eit\u00ed r\u016fzn\u00fdch kultur na jednom \u00fazem\u00ed. \u017d\u00e1dn\u00fd fa\u0161ismus, \u017e\u00e1dn\u00fd komunismus, \u017e\u00e1dn\u00e9 etnick\u00e9 spory.<\/span><\/p>\n<p><span style=\"font-weight: 400;\">\u00a0\u00a0\u00a0 <\/span><span style=\"font-weight: 400;\">\u00a0\u00a0\u00a0 <\/span><span style=\"font-weight: 400;\">\u00a0\u00a0\u00a0 <\/span><span style=\"font-weight: 400;\">\u00a0\u00a0\u00a0 <\/span><span style=\"font-weight: 400;\">\u00a0\u00a0\u00a0 <\/span><span style=\"font-weight: 400;\">***<\/span><\/p>\n<p><span style=\"font-weight: 400;\">\"Je to proto, aby mu bylo teplo.\" - tato prost\u00e1 slova, kter\u00e1 pronesl otec Jan Balicki, dnes blahoslaven\u00fd katolick\u00e9 c\u00edrkve, na adresu seminaristy, kter\u00fd se ho zeptal, pro\u010d d\u00e1v\u00e1 sv\u016fj svetr chud\u00e9mu \u010dlov\u011bku, v\u00fdsti\u017en\u011b charakterizuj\u00ed mnoho podobn\u00fdch postoj\u016f. Lid\u00e9 jako otec Jan Balicki po stalet\u00ed formovali Przemy\u015bl a jeho obyvatele.\u00a0<\/span><span style=\"font-weight: 400;\">Blahoslaven\u00fd otec Jan Balicki se narodil 25. ledna 1869 ve Staromie\u015bcie u Rzeszowa. Kdybychom se pokusili pod\u00edvat na Przemy\u015bl o\u010dima mlad\u00e9ho Jana, vid\u011bli bychom militarizovan\u00e9 m\u011bsto. A\u010dkoli se mu ekonomicky da\u0159ilo, m\u011blo o\u0161unt\u011blou du\u0161i - du\u0161i ukrytou ve zdech star\u00fdch \u010din\u017e\u00e1k\u016f, kostel\u016f, ortodoxn\u00edch chr\u00e1m\u016f a synagog. O tuto du\u0161i pe\u010doval tak\u00e9 svat\u00fd biskup Jozef Sebastian Pelczar.<\/span><\/p>\n<p><span style=\"font-weight: 400;\">\u00a0\u00a0\u00a0 <\/span><span style=\"font-weight: 400;\">\u00a0\u00a0\u00a0 <\/span><span style=\"font-weight: 400;\">\u00a0\u00a0\u00a0 <\/span><span style=\"font-weight: 400;\">\u00a0\u00a0\u00a0 <\/span><span style=\"font-weight: 400;\">\u00a0\u00a0\u00a0 <\/span><span style=\"font-weight: 400;\">***<\/span><\/p>\n<p><span style=\"font-weight: 400;\">Raku\u0161an\u00e9 ocenili vojensk\u00fd v\u00fdznam polohy Przemy\u0161lu ji\u017e po v\u00fdprav\u011b vojsk Var\u0161avsk\u00e9ho kn\u00ed\u017eectv\u00ed pod veden\u00edm kn\u00ed\u017eete Poniatowsk\u00e9ho do Hali\u010de v roce 1809. O deset let pozd\u011bji se m\u011bsto za\u010dalo opev\u0148ovat. \u00a0<\/span><\/p>\n<p><span style=\"font-weight: 400;\">V historii m\u011bsta to nebylo nic nov\u00e9ho. Podle pramen\u016f chr\u00e1nily hradby Przemy\u015bl nejm\u00e9n\u011b od 14. stolet\u00ed. P\u0159emyslovsk\u00e1 br\u00e1na v \u00fadol\u00ed \u0159ek San a Wiar byla po stalet\u00ed p\u0159irozen\u00fdm p\u0159echodem ze Sandom\u011b\u0159sk\u00e9 kotliny do P\u0159emyslovsk\u00e9ho podh\u016f\u0159\u00ed, vedouc\u00edm na jih transevropsk\u00fdm karpatsk\u00fdm \u0159et\u011bzcem. Byla to obchodn\u00ed cesta spojuj\u00edc\u00ed v\u00fdchodn\u00ed a z\u00e1padn\u00ed Evropu. V m\u00e9n\u011b klidn\u00fdch dob\u00e1ch tudy t\u00e1hla velk\u00e1 vojska. <\/span><\/p>\n<p><span style=\"font-weight: 400;\">T\u0159i roky p\u0159ed listopadov\u00fdm povst\u00e1n\u00edm byla v Przemy\u015blu um\u00edst\u011bna st\u00e1l\u00e1 rakousk\u00e1 pos\u00e1dka a ve druh\u00e9 polovin\u011b 19. stolet\u00ed se Przemy\u015blsk\u00fd \"opevn\u011bn\u00fd t\u00e1bor\" prom\u011bnil ve strategickou a opera\u010dn\u00ed z\u00e1kladnu pro v\u00fdchodn\u00ed hranici Rakouska-Uherska. V\u011bnec p\u0159emy\u0161lsk\u00fdch kopc\u016f tvo\u0159ilo n\u011bkolik des\u00edtek hlavn\u00edch pevnost\u00ed a des\u00edtky pomocn\u00fdch pevnost\u00ed.<\/span><\/p>\n<p><span style=\"font-weight: 400;\">Na po\u010d\u00e1tku 20. stolet\u00ed se tento pl\u00e1n vyvinul v mohutn\u011b opevn\u011bnou linii Dn\u011bstr-San. Na za\u010d\u00e1tku Velk\u00e9 v\u00e1lky byl Przemy\u015bl ur\u010den jako centrum obrany t\u00e9to linie. \u00a0<\/span><\/p>\n<p><span style=\"font-weight: 400;\">\u00a0\u00a0\u00a0 <\/span><span style=\"font-weight: 400;\">\u00a0\u00a0\u00a0 <\/span><span style=\"font-weight: 400;\">\u00a0\u00a0\u00a0 <\/span><span style=\"font-weight: 400;\">\u00a0\u00a0\u00a0 <\/span><span style=\"font-weight: 400;\">\u00a0\u00a0\u00a0 <\/span><span style=\"font-weight: 400;\">***<\/span><\/p>\n<p><span style=\"font-weight: 400;\">V pr\u016fb\u011bhu 19. stolet\u00ed, a zejm\u00e9na v jeho posledn\u00ed \u010dtvrtin\u011b, pokra\u010dovala expanze m\u011bsta. Po\u010det obyvatel n\u011bkolikr\u00e1t p\u0159ekro\u010dil 50 000. Ve 30. letech 20. stolet\u00ed dos\u00e1hne podobn\u00e9ho po\u010dtu obyvatel a v roce 1938 p\u0159ekro\u010d\u00ed 68 000, co\u017e je stejn\u00fd po\u010det jako dnes. <\/span><\/p>\n<p><span style=\"font-weight: 400;\">Ma\u010fa\u0159i st\u00e1le vzpom\u00ednaj\u00ed na slu\u017ebu sv\u00fdch krajan\u016f a na bitvu o Przemy\u015bl. V Budape\u0161ti byli padl\u00ed uct\u011bni velkolep\u00fdm pomn\u00edkem nesouc\u00edm jm\u00e9no na\u0161eho m\u011bsta, kter\u00fd byl postaven v sam\u00e9m centru hlavn\u00edho m\u011bsta (nedaleko pomn\u00edku gener\u00e1la Jozefa B\u00e9ma, ma\u010farsk\u00e9ho hrdiny z Jara n\u00e1rod\u016f). Prarodi\u010de Jozefa Antalla, b\u00fdval\u00e9ho premi\u00e9ra, a L\u00e1szl\u00f3 K\u00f6v\u00e9ra, sou\u010dasn\u00e9ho p\u0159edsedy ma\u010farsk\u00e9ho N\u00e1rodn\u00edho shrom\u00e1\u017ed\u011bn\u00ed, slou\u017eili v pevnosti b\u011bhem prvn\u00ed v\u00e1lky. Nov\u00e9 pomn\u00edky ma\u010farsk\u00e9ho husara a uhersk\u00e9ho kopin\u00edka Beliniaka, kter\u00e9 byly odhaleny v roce 2016 na n\u00e1m\u011bst\u00ed Dominik\u00e1nsk\u00e9ho v Przemy\u015blu, maj\u00ed velmi symbolick\u00fd v\u00fdznam. Do t\u00e9to skupiny se sna\u017e\u00edme za\u0159adit i slavn\u00e9ho \u010desk\u00e9ho telegrafistu Vladim\u00edra S\u00fdkoru, jeho\u017e den\u00edky z t\u00e9 doby se dochovaly v \u010desk\u00fdch archivech. A kdybychom k tomu p\u0159idali je\u0161t\u011b slovensk\u00e9ho kolegu, vznikl by dal\u0161\u00ed symbol - spole\u010dn\u00fd pomn\u00edk pro celou Visegr\u00e1dskou skupinu. A to je historick\u00e1 politika, kterou by na\u0161e zem\u011b m\u011bly prov\u00e1d\u011bt. O vytvo\u0159en\u00ed tohoto symbolu se jakoby p\u0159edem postaraly \u00fa\u0159ady m\u011bsta Przemy\u015bl, kter\u00e9 jedno z n\u00e1m\u011bst\u00ed v Przemy\u015blu pojmenovaly Visegr\u00e1dsk\u00e9 n\u00e1m\u011bst\u00ed, jeho\u017e ofici\u00e1ln\u00ed vyhl\u00e1\u0161en\u00ed se uskute\u010dnilo b\u011bhem setk\u00e1n\u00ed p\u0159edsed\u016f parlament\u016f V4 v roce 2017.<\/span><\/p>\n<p><span style=\"font-weight: 400;\">V\u00e1lka nez\u0159\u00eddka zma\u0159ila odv\u011bk\u00e1 spojenectv\u00ed. Polsko-ma\u010farsk\u00e1 pam\u011b\u0165 v\u0161ak dnes p\u0159ipom\u00edn\u00e1 i dal\u0161\u00ed skute\u010dnosti, kter\u00e9 prakticky v ka\u017ed\u00e9m stolet\u00ed potvrzuj\u00ed \u00fazk\u00e9 vazby mezi ob\u011bma n\u00e1rody. Pokud se vr\u00e1t\u00edme do 19. stolet\u00ed, stoj\u00ed za to p\u0159ipomenout gener\u00e1ly Jozefa B\u00e9ma a Jozefa Wysock\u00e9ho, stejn\u011b jako v\u00edce ne\u017e 1 500 polsk\u00fdch dobrovoln\u00edk\u016f, kte\u0159\u00ed se z\u00fa\u010dastnili Uhersk\u00e9ho jara n\u00e1rod\u016f - mnoho z nich (n\u011bkolik stovek, v\u010detn\u011b gymnazist\u016f!), kte\u0159\u00ed se p\u0159ihl\u00e1sili do polsk\u00e9ho legionu, poch\u00e1zelo z P\u0159emy\u0161lska, v\u010detn\u011b jednoho zv\u011b\u010dn\u011bn\u00e9ho ve filmu <\/span><i><span style=\"font-weight: 400;\">Listopadov\u00e1 noc <\/span><\/i><span style=\"font-weight: 400;\">Wyspia\u0144ski, listopadov\u00fd a lednov\u00fd povstalec, plukovn\u00edk Leon Czechowski (v Jaroslawi m\u00e1 a\u017e dv\u011b pam\u011btn\u00ed m\u00edsta: kr\u00e1sn\u00fd n\u00e1hrobn\u00ed pomn\u00edk na Star\u00e9m h\u0159bitov\u011b a d\u0159ev\u011bn\u00fd Szekler\u016fv sloup - Kopijnik u b\u00fdval\u00e9 synagogy). Zm\u00ednil se o nich v\u00fdznamn\u00fd ma\u010farsk\u00fd historik a diplomat Istv\u00e1n Kov\u00e1cs ve sv\u00e9 ned\u00e1vno vydan\u00e9 knize. <\/span><i><span style=\"font-weight: 400;\">Biografick\u00fd slovn\u00edk polsk\u00fdch \u00fa\u010dastn\u00edk\u016f Jara n\u00e1rod\u016f v Ma\u010farsku<\/span><\/i><span style=\"font-weight: 400;\">. Z p\u0159edstavitel\u016f n\u00e1sleduj\u00edc\u00edch generac\u00ed jmenujme na prvn\u00edm m\u00edst\u011b - u\u017e z ma\u010farsk\u00e9 strany - G\u00e9zu Gyoniho, sap\u00e9ra z pevnosti Przemy\u015bl, vynikaj\u00edc\u00edho b\u00e1sn\u00edka sv\u00e9 doby a n\u00e1roda, \"v\u011bzn\u011b poezie\", kter\u00fd \"po\u010d\u00edtal dny\/ v zemi Lechit\u016f\/ v\u011brn\u011b \u010dekaj\u00edc\u00ed\/ na \u0161\u0165astn\u011bj\u0161\u00ed sv\u00edt\u00e1n\u00ed\", a Ference Moln\u00e1ra, autora knihy \"B\u00e1sn\u00edk\". <\/span><i><span style=\"font-weight: 400;\">Chlapci z bronzov\u00e9ho n\u00e1m\u011bst\u00ed<\/span><\/i><span style=\"font-weight: 400;\">V arm\u00e1d\u011b p\u016fsobil mimo jin\u00e9 jako v\u00e1le\u010dn\u00fd zpravodaj z Przemy\u015blu. Za p\u0159ipomenut\u00ed stoj\u00ed tak\u00e9 slu\u017eba v\u00edce ne\u017e stovky Ma\u010far\u016f v druh\u00e9 brig\u00e1d\u011b polsk\u00fdch legi\u00ed, kter\u00e1 se b\u011bhem prvn\u00ed v\u00e1lky probila p\u0159es Karpaty do Polska. Je\u0161t\u011b \u017eiv\u011bj\u0161\u00ed je vzpom\u00ednka na ma\u010farskou pomoc (v podob\u011b milion\u016f n\u00e1boj\u016f) polsk\u00e9 arm\u00e1d\u011b bojuj\u00edc\u00ed proti bol\u0161evik\u016fm v roce 1920, bez n\u00ed\u017e by osud t\u00e9to v\u00e1lky mohl b\u00fdt zcela jin\u00fd. Tato pomoc p\u0159i\u0161la pro Ma\u010fary v dramatick\u00e9 dob\u011b, kdy podle podm\u00ednek smlouvy podepsan\u00e9 v Trianonsk\u00e9m pal\u00e1ci ve Versailles p\u0159i\u0161li o 2\/3 sv\u00e9ho \u00fazem\u00ed a 1\/3 n\u00e1roda z\u016fstala mimo vlastn\u00ed st\u00e1t. A je t\u0159eba p\u0159ipomenout, \u017ee pl\u00e1novan\u00e1 ma\u010farsk\u00e1 pomoc byla mnohem v\u011bt\u0161\u00ed, v\u010detn\u011b zbran\u00ed a voj\u00e1k\u016f. Zastavily ji v\u0161ak jin\u00e9 st\u00e1ty, kter\u00e9 se zdr\u00e1haly vzk\u0159\u00edsit Polsko a sympatizovaly s bol\u0161evickou revoluc\u00ed. <\/span><\/p>\n<p><span style=\"font-weight: 400;\">Symbolem polsko-ma\u010farsk\u00e9 spolupr\u00e1ce v dal\u0161\u00ed generaci (ji\u017e za druh\u00e9 sv\u011btov\u00e9 v\u00e1lky) byla spolupr\u00e1ce Jozefa Antalla a Henryka Slawika - hrdin\u016f t\u0159\u00ed n\u00e1rod\u016f (polsk\u00e9ho, ma\u010farsk\u00e9ho a \u017eidovsk\u00e9ho), kte\u0159\u00ed b\u011bhem okupace zachr\u00e1nili 30 000(!) polsk\u00fdch ob\u010dan\u016f, z toho 5 000 \u017did\u016f. Henryk Slawik byl v Polsku odsouzen k zapomn\u011bn\u00ed prakticky a\u017e do druh\u00e9ho desetilet\u00ed tohoto stolet\u00ed, kdy se o n\u011bm - p\u0159edev\u0161\u00edm d\u00edky \u00fasil\u00ed man\u017eel\u016f Krystyny a Grzegorze \u0141ubczykov\u00fdch - objevily publikace a ob\u011bma hrdin\u016fm jsme odhalili dvoj\u00ed pomn\u00edky (v roce 2016 ve Var\u0161av\u011b a o rok pozd\u011bji v Budape\u0161ti) v podob\u011b lavi\u010dky Antall a Slawik. <\/span><\/p>\n<p><span style=\"font-weight: 400;\">Vzpom\u00edn\u00e1me tak\u00e9 na povst\u00e1n\u00ed v \u010dervnu a \u0159\u00edjnu 1956 v obou zem\u00edch, kter\u00e1 byla velk\u00fdm symbolem solidarity. V t\u00e9 dob\u011b se od Przemy\u015blu po \u0160t\u011bt\u00edn darovala krev pro povstalce.  Nejnov\u011bj\u0161\u00ed p\u0159ipom\u00ednkou dal\u0161\u00ed symbolick\u00e9 postavy polsko-ma\u010farsk\u00e9 spolupr\u00e1ce je Polsk\u00fd institut pojmenovan\u00fd po Waclawu Felczakovi, slavn\u00e9m kur\u00fdrovi polsk\u00e9 exilov\u00e9 vl\u00e1dy, kter\u00fd byl zalo\u017een v roce 2018 (v Ma\u010farsku je obdobou institutu Nadace W. Felczaka).<\/span><\/p>\n<p><span style=\"font-weight: 400;\">\u00a0\u00a0\u00a0 <\/span><span style=\"font-weight: 400;\">\u00a0\u00a0\u00a0 <\/span><span style=\"font-weight: 400;\">\u00a0\u00a0\u00a0 <\/span><span style=\"font-weight: 400;\">\u00a0\u00a0\u00a0 <\/span><span style=\"font-weight: 400;\">\u00a0\u00a0\u00a0 <\/span><span style=\"font-weight: 400;\">***<\/span><\/p>\n<p><span style=\"font-weight: 400;\">P\u0159i psan\u00ed o fenom\u00e9nu Przemy\u0161lu je t\u0159eba zm\u00ednit n\u011bkter\u00e9 instituce, kter\u00e9 obohatily spole\u010densk\u00fd a kulturn\u00ed \u017eivot jeho obyvatel, zejm\u00e9na v 19. stolet\u00ed. Tehdy, v roce 1869, byl zalo\u017een nejstar\u0161\u00ed polsk\u00fd divadeln\u00ed spolek, Spole\u010dnost Alexandra Fredra \"Fredreum\", nep\u0159etr\u017eit\u011b p\u016fsob\u00edc\u00ed amat\u00e9rsk\u00e9 divadlo, kter\u00e9 dodnes s\u00eddl\u00ed na stejn\u00e9m m\u00edst\u011b, na z\u00e1mku Przemy\u015bl, co\u017e je fenom\u00e9n evropsk\u00e9ho rozsahu.<\/span><\/p>\n<p><span style=\"font-weight: 400;\">Hudebn\u00ed spole\u010dnost vznikla v listopadu 1865. Prvn\u00edmi p\u0159edsedy p\u0159edstavenstva byli Aleksander Dworski a Walery Waygart. Jedn\u00edm z v\u00fdznamn\u00fdch p\u0159edstavitel\u016f hudebn\u00edho sv\u011bta z Przemy\u015blu byl Artur Malawski (narozen v roce 1904 na ulici W\u0142adycze). Jeho jm\u00e9no dnes nese Podkarpatsk\u00e1 filharmonie a komplex St\u00e1tn\u00ed hudebn\u00ed \u0161koly v Przemy\u015blu.<\/span><\/p>\n<p><span style=\"font-weight: 400;\">Intelektu\u00e1ln\u00ed aktivita obyvatel Przemy\u0161le se projevila tak\u00e9 ve Spole\u010dnosti p\u0159\u00e1tel v\u011bdy, kter\u00e1 byla zalo\u017eena v \u00fanoru 1909. Spolek, kter\u00fd funguje dodnes a \u0159ad\u00ed se mezi nejstar\u0161\u00ed instituce sv\u00e9ho druhu v Polsku, vznikl mimo jin\u00e9 z iniciativy bratr\u016f Kazimierze Marii a Tadeusze Osi\u0144sk\u00fdch, kte\u0159\u00ed byli tak\u00e9 jedn\u011bmi z inici\u00e1tor\u016f zalo\u017een\u00ed N\u00e1rodn\u00edho muzea Przemy\u0161lska a jejich\u017e rodinn\u00fd d\u016fm stoj\u00ed na ulici Kmity.<\/span><\/p>\n<p><span style=\"font-weight: 400;\">\u00a0\u00a0\u00a0 <\/span><span style=\"font-weight: 400;\">\u00a0\u00a0\u00a0 <\/span><span style=\"font-weight: 400;\">\u00a0\u00a0\u00a0 <\/span><span style=\"font-weight: 400;\">\u00a0\u00a0\u00a0 <\/span><span style=\"font-weight: 400;\">\u00a0\u00a0\u00a0 <\/span><span style=\"font-weight: 400;\">***<\/span><\/p>\n<p><span style=\"font-weight: 400;\">Za n\u00e1mi je p\u0159\u00edb\u011bh Przemy\u0161lu, drcen\u00e9ho vojenskou z\u00e1t\u011b\u017e\u00ed rakousko-uhersk\u00e9 arm\u00e1dy, hospod\u00e1\u0159sky bohat\u0161\u00edho, ale bez sv\u011btl\u00e9 budoucnosti. V roce 1918, kdy Polsko z\u00edskalo nez\u00e1vislost, se Przemy\u015bl tak\u00e9 - a jako jeden z prvn\u00edch - zapojil do boje. Bojov\u00e9ho ducha podpo\u0159il kapit\u00e1n Jozef Pana\u015b. Tentokr\u00e1t proti Ukrajinc\u016fm. Obyvatel\u00e9 Przemy\u015blu bojovali od za\u010d\u00e1tku listopadu 1918 o mosty p\u0159es \u0159eku San, o okresy a prov\u00e1d\u011bli proti\u00fatoky od Zasanu a\u017e po prav\u00fd b\u0159eh m\u011bsta. 11. listopadu byl Przemy\u015bl svobodn\u00fd! Pol\u00e1ci v\u0161ak v Nizankowic\u00edch a dal\u0161\u00edch lokalit\u00e1ch bojovali d\u00e1l. Boj\u016f se z\u00fa\u010dastnili z\u00e1stupci v\u0161ech generac\u00ed, v\u010detn\u011b orl\u016f - student\u016f p\u0159emy\u0161lsk\u00fdch gymn\u00e1zi\u00ed (padl\u00ed byli poh\u0159beni ve velk\u00e9m symbolick\u00e9m hrob\u011b orl\u016f na hlavn\u00edm h\u0159bitov\u011b). To by v\u0161ak nebylo mo\u017en\u00e9, kdyby se po generace nevytv\u00e1\u0159el hodnotov\u00fd z\u00e1klad vznikaj\u00edc\u00edho n\u00e1rodn\u00edho a nadn\u00e1rodn\u00edho spole\u010denstv\u00ed. V\u017edy\u0165 Przemy\u015bl, stejn\u011b jako mnoho podobn\u00fdch m\u011bst v Polsko-litevsk\u00e9 Rzeczpospolit\u00e9, byl m\u011bstem Pol\u00e1k\u016f r\u016fzn\u00fdch n\u00e1bo\u017eenstv\u00ed a n\u00e1rodnost\u00ed a identitu cel\u00e9 zem\u011b Przemy\u015blsk\u00e9 budovali nejen Pol\u00e1ci, ale tak\u00e9 \u017did\u00e9, Rus\u00edni, Ukrajinci, Ma\u010fa\u0159i, Raku\u0161an\u00e9, \u010ce\u0161i, N\u011bmci a Arm\u00e9ni. Tuto rozmanitost a vrstven\u00ed generac\u00ed a kultur lze vid\u011bt nap\u0159\u00edklad v architektu\u0159e katedr\u00e1ly v Przemy\u015blu. Ve sv\u00e9 sou\u010dasn\u00e9 podob\u011b nese stopy gotiky, renesance, baroka, rokoka a pozd\u011bj\u0161\u00edch sloh\u016f. Stoj\u00ed na z\u00e1kladech d\u0159\u00edv\u011bj\u0161\u00edch kostel\u016f: rom\u00e1nsk\u00e9ho a snad i ran\u011b rom\u00e1nsk\u00e9ho z doby Velkomoravsk\u00e9 \u0159\u00ed\u0161e a pra\u017esk\u00e9ho biskupstv\u00ed. Przemy\u015bl je dodnes s\u00eddlem arcidiec\u00e9ze \u0159\u00edmskokatolick\u00e9 c\u00edrkve a \u0159eckokatolick\u00e9 c\u00edrkve.<\/span><\/p>\n<p><span style=\"font-weight: 400;\">\u00a0\u00a0\u00a0 <\/span><span style=\"font-weight: 400;\">\u00a0\u00a0\u00a0 <\/span><span style=\"font-weight: 400;\">\u00a0\u00a0\u00a0 <\/span><span style=\"font-weight: 400;\">\u00a0\u00a0\u00a0 <\/span><span style=\"font-weight: 400;\">\u00a0\u00a0\u00a0 <\/span><span style=\"font-weight: 400;\">***<\/span><\/p>\n<p><span style=\"font-weight: 400;\">Z dramatick\u00fdch \u010das\u016f druh\u00e9 sv\u011btov\u00e9 v\u00e1lky a n\u00e1sleduj\u00edc\u00edch desetilet\u00ed existence Przemy\u0161lu si m\u016f\u017eeme p\u0159ipomenout t\u00e9m\u011b\u0159 symbolick\u00e9 postavy, potvrzuj\u00edc\u00ed personalistickou tezi, \u017ee \u010dlov\u011bk je hodnota a d\u016fkazem toho je l\u00e1ska ke svobod\u011b. P\u0159\u00edkladem m\u016f\u017ee b\u00fdt postoj dvacetilet\u00e9 Stefanie Podg\u00f3rsk\u00e9 (dnes ocen\u011bn\u00e9 medail\u00ed Spravedliv\u00fd mezi n\u00e1rody), kter\u00e1 b\u011bhem n\u011bmeck\u00e9 okupace s nasazen\u00edm \u017eivota ve sv\u00e9m rodinn\u00e9m dom\u011b ukryla (v \u00fakrytu o rozloze 8 m2) 13 \u017eidovsk\u00fdch obyvatel Przemy\u0161le. <\/span><\/p>\n<p><span style=\"font-weight: 400;\">Za p\u0159ipomenut\u00ed stoj\u00ed tak\u00e9 \u0159ada vojensk\u00fdch d\u016fstojn\u00edk\u016f, mezi nimi\u017e byli i p\u0159edkov\u00e9 sou\u010dasn\u00e9ho ministra spravedlnosti Zbigniewa Ziobry. Jeho prad\u011bde\u010dek, plukovn\u00edk W\u0142adys\u0142aw Kornicki, byl ve 20. letech 20. stolet\u00ed velitelem Technick\u00e9ho vojska a velitelstv\u00ed X. sboru v Przemy\u015blu a z\u00e1rove\u0148 p\u0159edn\u00e1\u0161el na Lvovsk\u00e9 polytechnice (byl zavra\u017ed\u011bn Sov\u011bty; jeho jm\u00e9no figuruje na tzv. ukrajinsk\u00e9m katy\u0148sk\u00e9m seznamu). Jeho d\u011bde\u010dek Ryszard Kornicki bydlel v ulici Waygarta; za okupace vedl kontrarozv\u011bdku AK v okrese Przemy\u015bl, pot\u00e9 se stal vedouc\u00edm inspektor\u00e1tu WIN. <\/span><\/p>\n<p><span style=\"font-weight: 400;\">Po\u010det rodin (\u010dasto v\u00edcegenera\u010dn\u00edch), kter\u00e9 se pod\u00edlely na aktu osamostatn\u011bn\u00ed, byl v P\u0159emy\u0161lsk\u00e9 zemi velmi vysok\u00fd. P\u0159ipome\u0148me si n\u011bkolik dal\u0161\u00edch \u010dlen\u016f podsv\u011bt\u00ed. Prvn\u00edm z nich je velitel Rzeszowsk\u00e9ho okrsku WIN major W\u0142adys\u0142awa Koba, jeho\u017e poh\u0159eb se konal a\u017e v roce 2016 na h\u0159bitov\u011b Przemy\u015bl v Zasa\u0144i. P\u0159edev\u0161\u00edm je v\u0161ak t\u0159eba zm\u00ednit \u00fa\u017easnou, hrdinnou podporu\u010dici Alicju Wnorowskou ze zpravodajsk\u00fdch brig\u00e1d AK (to jm\u00e9no mluv\u00ed za v\u0161e!) a pozd\u011bji WIN, kter\u00e1 bydlela v ulici Matejki. Byla zat\u010dena v osm\u00e9m m\u011bs\u00edci t\u011bhotenstv\u00ed a v cele smrti porodila syna Stanislava, pozd\u011bj\u0161\u00edho przemy\u015blsk\u00e9ho radn\u00edho z 90. let. Teprve v roce 2018 p\u0159ijal Sejm z\u00e1kon, kter\u00fd zaji\u0161\u0165uje, \u017ee d\u011bti narozen\u00e9 v komunistick\u00fdch v\u011bznic\u00edch (bylo jich 40) maj\u00ed n\u00e1rok na od\u0161kodn\u011bn\u00ed. Je tak\u00e9 symbolick\u00e9, \u017ee tento z\u00e1kon v Sejmu \"pilotoval\" poslanec za Przemysl Andrzej Matusiewicz, zku\u0161en\u00fd pr\u00e1vn\u00edk a obh\u00e1jce v politick\u00fdch procesech z dob komunismu. <\/span><\/p>\n<p><span style=\"font-weight: 400;\">Pan\u00ed Alicju si budeme nav\u017edy pamatovat z obchodu se staro\u017eitnostmi, kde pracovala v 17. letech v podloub\u00ed na n\u00e1m\u011bst\u00ed v Przemy\u015blu. Chodili jsme tam po \u0161kole a hledali knihy, kter\u00e9 by n\u00e1m pomohly v na\u0161em mladick\u00e9m hled\u00e1n\u00ed hrdin\u016f a jejich dobrodru\u017estv\u00ed. A n\u011bkdy se \"\u00faplnou n\u00e1hodou\" na dlouh\u00e9m, letit\u00e9m pultu knihkupectv\u00ed, ale jakoby na dosah ruky, objevil star\u00fd rom\u00e1n Ossendowsk\u00e9ho(!), Paw\u0142a Jasienicy, report\u00e1\u017e Melchiora Wa\u0144kowicze nebo zachoval\u00fd \"jak\u00fdsi\" p\u0159edv\u00e1le\u010dn\u00fd \u017eivotopis. Tehdy se n\u00e1m zd\u00e1lo, \u017ee jde o pouh\u00e9 n\u00e1hody, ale fascinuj\u00edc\u00ed, proto\u017ee reg\u00e1ly staro\u017eitnictv\u00ed vypadaly jako \u0159\u00ed\u0161e div\u016f. Dnes v\u00edme, \u017ee za laskavost\u00ed pan\u00ed Alicji, sousedky z ulice, byl p\u0159irozen\u00fd impuls p\u0159edat dal\u0161\u00ed generaci znaky, symboly a zdroje, kter\u00e9 jsou d\u016fle\u017eit\u00e9 pro ka\u017ed\u00e9ho mlad\u00e9ho \u010dlov\u011bka. <\/span><\/p>\n<p><span style=\"font-weight: 400;\">Dal\u0161\u00edm p\u0159\u00edkladem je rodina Mech\u016f ze \u017burawice. Mnoho jej\u00edch \u010dlen\u016f bojovalo v ilegalit\u011b, nejprve proti N\u011bmc\u016fm a pot\u00e9 proti Sov\u011bt\u016fm. Hrob Szymona Mecha, velitele Kedywu v \u017burawici, udan\u00e9ho v posledn\u00edch dnech n\u011bmeck\u00e9 okupace, nebyl dodnes nalezen. Jeho dcera Czeslawa (\"Niezapominajka\") byla sty\u010dnou d\u016fstojnic\u00ed dom\u00e1c\u00ed arm\u00e1dy. Jeho syn Jan byl polsk\u00fdm prezidentem Lechem Kaczy\u0144sk\u00fdm vyznamen\u00e1n Zlat\u00fdm k\u0159\u00ed\u017eem za z\u00e1sluhy za slu\u017ebu ve WIN. <\/span><\/p>\n<p><span style=\"font-weight: 400;\">Vzpom\u00edn\u00e1me (a st\u00e1le vzpom\u00edn\u00e1me, i kdy\u017e od t\u00e9 doby uplynulo 50 let!) na neuv\u011b\u0159iteln\u011b dramatick\u00fd \u010din Ryszarda Siwiece, kter\u00fd se 8. z\u00e1\u0159\u00ed b\u011bhem n\u00e1rodn\u00edch do\u017e\u00ednek p\u0159ed zraky desetitis\u00edc\u016f lid\u00ed na var\u0161avsk\u00e9m stadionu na protest proti invazi vojsk Var\u0161avsk\u00e9 smlouvy do \u010ceskoslovenska - s pln\u00fdm v\u011bdom\u00edm a za hranic\u00ed hrdinstv\u00ed - up\u00e1lil. Dodnes se tento \u010din v Praze p\u0159ipom\u00edn\u00e1 a P\u0159emyslovec, jemu\u017e zde byl postaven pomn\u00edk, se stal spolu s \u010cechy Janem Palachem a Janem Zaj\u00edcem a Ma\u010fary S\u00e1ndorem Bauerem a M\u00e1rtonem Moysesem symbolem boje za svobodu. V\u0161ichni si zvolili smrt, proto\u017ee v\u011b\u0159ili, \u017ee v boji za svobodu nen\u00ed \u017e\u00e1dn\u00e1 ob\u011b\u0165 p\u0159\u00edli\u0161 velk\u00e1 a \u017ee pouze takov\u00fd radik\u00e1ln\u00ed protest m\u016f\u017ee ot\u0159\u00e1st spole\u010dnost\u00ed v obran\u011b solidarity a podn\u00edtit akci. Tak\u00e9 rodina pana Ryszarda se o 20 let pozd\u011bji zapojila do zm\u011bn, kter\u00e9 vyvrcholily velk\u00fdm hnut\u00edm Solidarita.<\/span><\/p>\n<p><span style=\"font-weight: 400;\">V\u0161imn\u011bme si b\u0159eznov\u00fdch studentsk\u00fdch protest\u016f, kter\u00e9 se konaly o n\u011bkolik m\u011bs\u00edc\u016f d\u0159\u00edve na univerzit\u00e1ch v nejv\u011bt\u0161\u00edch polsk\u00fdch m\u011bstech a m\u011bly tak\u00e9 sv\u016fj p\u0159emy\u0161lsk\u00fd akcent. Zalo\u017eili je st\u0159edo\u0161kol\u0161t\u00ed studenti, pro kter\u00e9 byl b\u0159ezen 68 jiskrou k vyj\u00e1d\u0159en\u00ed nesouhlasu s komunistickou moc\u00ed a nespravedlivou vl\u00e1dou. Akce a protesty organizovali mimo jin\u00e9 Damian Zegarski, student strojn\u00ed pr\u016fmyslov\u00e9 \u0161koly, inici\u00e1tor r\u016fzn\u00fdch forem protest\u016f, mimo jin\u00e9 i u pomn\u00edku Adama Mickiewicze na p\u0159emy\u0161lsk\u00e9m n\u00e1m\u011bst\u00ed, Ryszard G\u00f3ral, dnes pr\u00e1vn\u00ed poradce, ale v t\u00e9 dob\u011b aktivista nez\u00e1visl\u00e9 ml\u00e1de\u017enick\u00e9 organizace zd\u016fraz\u0148uj\u00edc\u00ed polskou identitu P\u0159emy\u0161lu, pozd\u011bji spojen\u00fd s podzemn\u00edm hnut\u00edm Solidarita, nebo Andrzej Mazur, tehdy \u0161estn\u00e1ctilet\u00fd student p\u0159emy\u0161lsk\u00fdch \u0161kol (v\u010detn\u011b 1. gymn\u00e1zia Jana S\u0142owack\u00e9ho v P\u0159emy\u0161lu), uzn\u00e1van\u00fd jako nejmlad\u0161\u00ed organiz\u00e1tor studentsk\u00e9ho povst\u00e1n\u00ed v roce 1968. J. S\u0142owack\u00e9ho) Andrzej Mazur, jeden z tv\u016frc\u016f parate\u00e1tru ve studentsk\u00e9m hnut\u00ed v Polsku v 70. letech (na Katolick\u00e9 univerzit\u011b v Lublinu) a aktivista Solidarity v Kujav\u00e1ch, nyn\u00ed b\u00e1sn\u00edk, publicista a ekolog. Zm\u00edn\u011bn\u00fd pam\u00e1tn\u00edk Adama Mickiewicze v Przemy\u015blu byl po mnoho let st\u00e1le kultovn\u00edm m\u00edstem pro r\u016fzn\u00e9 nez\u00e1visl\u00e9 iniciativy.<\/span><\/p>\n<p><span style=\"font-weight: 400;\">Ji\u017e zm\u00edn\u011bn\u00e1 ulice Matejki je tak\u00e9 zaj\u00edmav\u00fdm p\u0159\u00edkladem koncentrace v\u00fdznam\u016f a symbol\u016f z historie m\u011bsta zaznamenan\u00fdch v \u017eivot\u011b jeho obyvatel. Na jeho vrcholu, t\u011bsn\u011b pod hradem, stoj\u00ed osam\u011bl\u00fd vysok\u00fd obelisk, poch\u00e1zej\u00edc\u00ed t\u00e9m\u011b\u0159 z dob posledn\u00edch Jagellonc\u016f - legend\u00e1rn\u00ed symbol \u00fa\u010dinn\u00e9 obrany m\u011bsta p\u0159ed tatarsk\u00fdmi n\u00e1jezdy. D\u0159\u00edve, p\u0159ed v\u00e1lkou, se j\u00ed \u0159\u00edkalo \"Ptasia\" a byla to jedna z nejstar\u0161\u00edch ulic. Mal\u00fd (takov\u00e9 jsou ve Star\u00e9m M\u011bst\u011b v\u0161echny), bl\u00edzko hradu, m\u00e1 13 \u010d\u00edsel, ale t\u00e9m\u011b\u0159 pod ka\u017ed\u00fdm z nich se odehr\u00e1la n\u011bjak\u00e1 v\u00fdznamn\u00e1 ud\u00e1lost nebo \u017eili zaj\u00edmav\u00ed lid\u00e9. Krom\u011b ji\u017e zm\u00edn\u011bn\u00e9 Alicje Wnorowsk\u00e9 zde \u017eil legend\u00e1rn\u00ed Marian Stro\u0144ski - jeden z nejv\u011bt\u0161\u00edch polsk\u00fdch mal\u00ed\u0159\u016f 20. stolet\u00ed. V sousedstv\u00ed hradn\u00edho vrchu vytvo\u0159il mnoho skv\u011bl\u00fdch krajin Przemy\u0161lu, pohled\u016f na star\u00e9 ulice, \u010d\u00e1sti hradu, kr\u00e1sn\u00e9 ka\u0161tany a l\u00edpy. Na terase sv\u00e9ho domu mal\u00ed\u0159 zachytil kubistick\u00e9 pohledy na Zasanie na obrazech. Ve vedlej\u0161\u00edm dom\u011b bydlel Kazimierz Cieszy\u0144ski, posledn\u00ed p\u0159edseda p\u0159edv\u00e1le\u010dn\u00e9ho Sokola, sousedem byl Zbigniew Kuchci\u0144ski, prvn\u00ed p\u0159edseda (a spoluzakladatel) p\u0159emy\u0161lsk\u00e9 pobo\u010dky Lvovsk\u00e9ho spolku milovn\u00edk\u016f, a vedle nich vyr\u016fstal Artur J\u0119druch, pozd\u011bj\u0161\u00ed zemsk\u00fd policejn\u00ed n\u00e1\u010deln\u00edk. Na ulici Matejki dnes bydl\u00ed tak\u00e9 p\u0159edseda rady m\u011bsta Przemy\u015bl Bogus\u0142aw Zaleszczyk - potomek jednoho z p\u0159emyslovsk\u00fdch Orl\u0105t\u016f. Z domu v t\u00e9to ulici (v podkrov\u00ed) se v roce 1986 vys\u00edlal nez\u00e1visl\u00fd program podzemn\u00ed rozhlasov\u00e9 stanice Solidarita. V ulici Matejki se nach\u00e1zej\u00ed tak\u00e9 dva k\u0159es\u0165ansk\u00e9 kostely r\u016fzn\u00fdch denominac\u00ed. A na sam\u00e9m za\u010d\u00e1tku ulice, v domku s kr\u00e1sn\u00fdm d\u0159ev\u011bn\u00fdm balkonem, \u017eil pan Emil Siara, kter\u00fd se svou rodinou ukr\u00fdval b\u011bhem n\u011bmeck\u00e9 okupace n\u011bkolik \u017eidovsk\u00fdch rodin v Ujkovic\u00edch u Przemy\u0161le a zachr\u00e1nil je p\u0159ed smrt\u00ed. <\/span><\/p>\n<p><span style=\"font-weight: 400;\">Podobn\u00fdch ulic, m\u00edst a lid\u00ed je zde v\u00edce. Architektura takov\u00e9 star\u00e9 m\u011bstsk\u00e9 ulice, obvykle spojen\u00e1 s pam\u011bt\u00ed generac\u00ed lid\u00ed, kte\u0159\u00ed zde \u017eili, zanech\u00e1v\u00e1 jedine\u010dn\u00e9, sentiment\u00e1ln\u00ed kouzlo jak\u00e9si tajemn\u00e9, neobjeven\u00e9 minulosti, kter\u00e1 se s \u010dasem st\u00e1v\u00e1 st\u00e1le v\u00fdznamn\u011bj\u0161\u00ed.<\/span><\/p>\n<p><span style=\"font-weight: 400;\">Prakticky v ka\u017ed\u00e9m desetilet\u00ed minul\u00e9ho stolet\u00ed se v Przemy\u015blu a na b\u00fdval\u00e9m Przemy\u0161lsku odehr\u00e1valy ud\u00e1losti, p\u0159i nich\u017e lid\u00e9 h\u00e1jili svobodu, v\u010detn\u011b n\u00e1bo\u017eensk\u00e9 svobody, nez\u00e1vislosti a z\u00e1kladn\u00edch pr\u00e1v ob\u010dan\u016f a pr\u00e1va na vyj\u00e1d\u0159en\u00ed vlastn\u00edch n\u00e1zor\u016f. Do historie se zapsaly pouli\u010dn\u00ed boje a barik\u00e1dy na obranu salesi\u00e1nsk\u00e9 varhanick\u00e9 \u0161koly v roce 1963 a v\u00fdstavba n\u011bkolika set kostel\u016f bez povolen\u00ed komunistick\u00fdch \u00fa\u0159ad\u016f v cel\u00e9 diec\u00e9zi Przemy\u015bl pod veden\u00edm biskupa Tokarczuka v letech 1965-93. P\u0159i t\u00e9to p\u0159\u00edle\u017eitosti vznikaly v\u00fdbory na obranu v\u011b\u0159\u00edc\u00edch, jako nap\u0159\u00edklad v\u00fdbor, kter\u00fd se proslavil \"bitvami\" o kostel na ulici Kmiecie v Przemy\u015blu pod veden\u00edm far\u00e1\u0159e Adama Michalsk\u00e9ho, Stanis\u0142awa Sudo\u0142a a Wita Siwiece, syna Ryszarda, nebo v\u00fdbor ve Stalow\u00e9 Woli za p\u016fsoben\u00ed far\u00e1\u0159e otce Edwarda Frankowsk\u00e9ho, pozd\u011bj\u0161\u00edho pomocn\u00e9ho biskupa diec\u00e9ze Przemy\u015bl a po administrativn\u00edm rozd\u011blen\u00ed c\u00edrkve v Polsku v roce 1992 i Sandom\u011b\u0159. <\/span><\/p>\n<p><span style=\"font-weight: 400;\">Mimo\u0159\u00e1dn\u011b d\u016fle\u017eit\u00e1 byla tak\u00e9 \u010dinnost mal\u00e9 skupiny odv\u00e1\u017en\u00fdch mlad\u00fdch lid\u00ed z Przemy\u015blu, kte\u0159\u00ed spolupracovali s V\u00fdborem na obranu d\u011bln\u00edk\u016f (KOR), jeho\u017e kontaktn\u00ed m\u00edsto v Przemy\u015blu na Przemyslov\u00e9 ulici vedl v 70. letech Stanis\u0142aw Kusi\u0144ski, kter\u00fd z\u00e1rove\u0148 spolupracoval s Hnut\u00edm na obranu lidsk\u00fdch a ob\u010dansk\u00fdch pr\u00e1v (ROBCIO), v n\u011bm\u017e p\u016fsobil mimo jin\u00e9 Janusz Czarski - tehdy student Katolick\u00e9 univerzity v Lublinu, dnes \u0159editel Kulturn\u00edho centra. <\/span><\/p>\n<p><span style=\"font-weight: 400;\">Od osmdes\u00e1t\u00fdch let minul\u00e9ho stolet\u00ed jsme za\u017eili \u010dasy, kter\u00e9 jsou zn\u00e1m\u011bj\u0161\u00ed a l\u00e9pe zapamatovateln\u00e9: \u010dasy siln\u00e9ho hnut\u00ed \"Solidarita\" a od prosince 1981 podzemn\u00ed aktivity r\u016fzn\u00fdch kruh\u016f: d\u011bln\u00edk\u016f, zem\u011bd\u011blc\u016f nebo nez\u00e1visl\u00e9 kultury, stejn\u011b jako nesm\u00edrn\u011b d\u016fle\u017eitou pastora\u010dn\u00ed \u010dinnost ve m\u011bst\u011b a na venkov\u011b, p\u0159edev\u0161\u00edm v Krasiczyn\u011b s otcem Stanislavem Bartminsk\u00fdm. <\/span><\/p>\n<p><span style=\"font-weight: 400;\">\u00a0\u00a0\u00a0 <\/span><span style=\"font-weight: 400;\">\u00a0\u00a0\u00a0 <\/span><span style=\"font-weight: 400;\">\u00a0\u00a0\u00a0 <\/span><span style=\"font-weight: 400;\">\u00a0\u00a0\u00a0 <\/span><span style=\"font-weight: 400;\">\u00a0\u00a0\u00a0 <\/span><span style=\"font-weight: 400;\">***<\/span><\/p>\n<p><span style=\"font-weight: 400;\">Z t\u00e9to perspektivy m\u016f\u017eeme l\u00e9pe porozum\u011bt dne\u0161n\u00edmu Przemy\u015blu. M\u011bsto lid\u00ed, kte\u0159\u00ed miluj\u00ed svobodu, jsou odv\u00e1\u017en\u00ed, dob\u0159e rozum\u00ed vlasteneck\u00fdm postoj\u016fm a n\u011bkdy jsou nekonven\u010dn\u00ed. M\u011bsto tolerantn\u00edch a otev\u0159en\u00fdch lid\u00ed.  M\u011bsto, jeho\u017e d\u011bjinami proch\u00e1z\u00ed cel\u00e1 historie Polska. Je t\u0159eba p\u0159ipomenout, \u017ee je\u0161t\u011b p\u0159ed 300 lety se nach\u00e1zelo v jihoz\u00e1padn\u00ed \u010d\u00e1sti Rzeczpospolit\u00e9 a Hranice byly um\u00edst\u011bny \u00fapln\u011b jinde. Ne n\u00e1hodou se p\u0159emyslovsk\u00e9 nekropole (civiln\u00ed i vojensk\u00e9) vyzna\u010duj\u00ed n\u00e1rodnostn\u00ed a kulturn\u00ed rozmanitost\u00ed poh\u0159b\u016f. Jsou to pam\u00e1tn\u00edky historie, uchov\u00e1vaj\u00edc\u00ed pam\u00e1tku listopadov\u00fdch a lednov\u00fdch povstalc\u016f, legion\u00e1\u0159\u016f, orl\u016f, domobrany nebo voj\u00e1k\u016f tzv. zak\u00e1zan\u00fdch (nezlomen\u00fdch). Przemy\u015bl je m\u011bsto hodnot a mo\u017enost\u00ed, kr\u00e1sn\u00e9 historie a fascinuj\u00edc\u00ed budoucnosti. Je to m\u011bsto, kter\u00e9 si zaslou\u017e\u00ed, aby cel\u00e9 jeho star\u00e9 m\u011bsto a soubor pevnostn\u00ed architektury byly zaps\u00e1ny na Seznam sv\u011btov\u00e9ho d\u011bdictv\u00ed UNESCO.<\/span><\/p>\n<p><span style=\"font-weight: 400;\">Przemy\u015bl je sou\u010d\u00e1st\u00ed Polska a Polsko je sou\u010d\u00e1st\u00ed Evropy. Otev\u0159enost Przemy\u0161lu znamen\u00e1, \u017ee se zde mohou rodit a rozv\u00edjet iniciativy, jako je \"Evropa Karpat\", kter\u00e1 spojuje zem\u011b poznamenan\u00e9 slo\u017eitou histori\u00ed, ale z\u00e1rove\u0148 po stalet\u00ed propojen\u00e9. Mezi tyto iniciativy pat\u0159\u00ed diskusn\u00ed setk\u00e1n\u00ed, kter\u00e1 se ji\u017e n\u011bkolik let konaj\u00ed v Krynici, Krasiczyn\u011b a Przemy\u015blu pro lidi, kte\u0159\u00ed cht\u011bj\u00ed hovo\u0159it o budoucnosti na\u0161\u00ed \u010d\u00e1sti Evropy, o aktu\u00e1ln\u00edch ot\u00e1zk\u00e1ch politiky, hospod\u00e1\u0159stv\u00ed, vzd\u011bl\u00e1v\u00e1n\u00ed a kultury. Diskutuj\u00ed o probl\u00e9mech, kter\u00e9 st\u00e1le p\u0159edstavuj\u00ed p\u0159ek\u00e1\u017eky r\u016fzn\u00e9ho druhu, jako je nedostate\u010dn\u011b rozvinut\u00e1 infrastruktura nebo rozd\u00edly v \u017eivotn\u00ed \u00farovni jednotliv\u00fdch zem\u00ed. <\/span><\/p>\n<p><span style=\"font-weight: 400;\">Diskutuj\u00ed tak\u00e9 o z\u00e1sadn\u00edch ot\u00e1zk\u00e1ch na\u0161\u00ed civilizace, jako je volba z\u00e1klad\u016f, na nich\u017e by m\u011bla b\u00fdt postavena budoucnost spole\u010denstv\u00ed. Na t\u011bchto setk\u00e1n\u00edch se hled\u00e1 \u0159e\u0161en\u00ed, jak opustit syst\u00e9m z\u00e1kladn\u00edch k\u0159es\u0165ansk\u00fdch hodnot m\u00f3dn\u00edch v z\u00e1padn\u00ed Evrop\u011b a prosadit federalistickou multikulturu lid\u00ed a zvyk\u016f nam\u00edsto Evropy solidarity mezi st\u00e1ty.<\/span><\/p>\n<p><span style=\"font-weight: 400;\">\"Evropa Karpat\" je f\u00f3rum pro ty, kte\u0159\u00ed \u010derpaj\u00ed z d\u011bdictv\u00ed sv\u00fdch p\u0159edk\u016f a z bohatstv\u00ed jedine\u010dn\u00e9ho prostoru, pro ty, kte\u0159\u00ed se zasazuj\u00ed o udr\u017eiteln\u00fd rozvoj a podporuj\u00ed akce, kter\u00e9 slou\u017e\u00ed zem\u00edm a n\u00e1rod\u016fm cel\u00e9 Evropy, pro ty, kte\u0159\u00ed se odva\u017euj\u00ed p\u0159em\u00fd\u0161let, a to pozitivn\u011b, o budoucnosti i v m\u00edstech, jako je P\u0159emy\u0161lsko.<\/span><\/p>\n<p><span style=\"font-weight: 400;\">\"Karpatsk\u00e1 Evropa\" je kone\u010dn\u011b m\u00edstem pro jednotlivce i cel\u00e9 rodiny, kter\u00e9 \u010dasto v nesm\u00edrn\u011b t\u011b\u017ek\u00fdch podm\u00ednk\u00e1ch posilovaly na\u0161e n\u00e1rodn\u00ed v\u011bdom\u00ed a element\u00e1rn\u00ed slu\u0161nost. Kte\u0159\u00ed d\u00edky axiologick\u00e9mu rozm\u011bru, ekonomick\u00e9mu rozvoji a dokonce i uspokojov\u00e1n\u00ed ka\u017edodenn\u00edch pot\u0159eb sp\u00ed\u0161e stav\u011bli, ne\u017e bo\u0159ili. A pokud bojovali, bylo to na obranu z\u00e1kladn\u00edch pr\u00e1v a p\u0159ed\u00e1vali z generace na generaci z\u00e1sady a normy dru\u017estevn\u00edho \u017eivota v rozmanit\u00e9m bohatstv\u00ed na\u0161\u00ed republiky. N\u011bkter\u00e9 z t\u011bchto osobnost\u00ed p\u0159ipom\u00edn\u00e1me zde.<\/span><\/p>\n<p><em>\u00a0Fotografie ze sb\u00edrky N\u00e1rodn\u00edho muzea v P\u0159emy\u0161lu<\/em><\/p>\n<p><a href=\"https:\/\/marekkuchcinski.pl\/wp-content\/uploads\/2018\/12\/PSX_20181202_102016.jpg\"><img fetchpriority=\"high\" decoding=\"async\" class=\"alignnone size-full wp-image-11337\" src=\"https:\/\/marekkuchcinski.pl\/wp-content\/uploads\/2018\/12\/PSX_20181202_102016.jpg\" alt=\"PSX_20181202_102016\" width=\"3024\" height=\"4032\" srcset=\"https:\/\/marekkuchcinski.pl\/wp-content\/uploads\/2018\/12\/PSX_20181202_102016.jpg 1536w, https:\/\/marekkuchcinski.pl\/wp-content\/uploads\/2018\/12\/PSX_20181202_102016-225x300.jpg 225w, https:\/\/marekkuchcinski.pl\/wp-content\/uploads\/2018\/12\/PSX_20181202_102016-768x1024.jpg 768w\" sizes=\"(max-width: 3024px) 100vw, 3024px\" \/><\/a><\/p>\n<p><a href=\"https:\/\/marekkuchcinski.pl\/wp-content\/uploads\/2018\/12\/1_Obraz_0001-1.jpg\"><img decoding=\"async\" class=\"alignnone size-full wp-image-11401\" src=\"https:\/\/marekkuchcinski.pl\/wp-content\/uploads\/2018\/12\/1_Obraz_0001-1.jpg\" alt=\"_1_Obraz_0001\" width=\"1419\" height=\"1041\" srcset=\"https:\/\/marekkuchcinski.pl\/wp-content\/uploads\/2018\/12\/1_Obraz_0001-1.jpg 1419w, https:\/\/marekkuchcinski.pl\/wp-content\/uploads\/2018\/12\/1_Obraz_0001-1-300x220.jpg 300w, https:\/\/marekkuchcinski.pl\/wp-content\/uploads\/2018\/12\/1_Obraz_0001-1-768x563.jpg 768w, https:\/\/marekkuchcinski.pl\/wp-content\/uploads\/2018\/12\/1_Obraz_0001-1-1024x751.jpg 1024w\" sizes=\"(max-width: 1419px) 100vw, 1419px\" \/><\/a> <a href=\"https:\/\/marekkuchcinski.pl\/wp-content\/uploads\/2018\/12\/1_Obraz_0002.jpg\"><img decoding=\"async\" class=\"alignnone size-full wp-image-11402\" src=\"https:\/\/marekkuchcinski.pl\/wp-content\/uploads\/2018\/12\/1_Obraz_0002.jpg\" alt=\"_1_Obraz_0002\" width=\"1422\" height=\"882\" srcset=\"https:\/\/marekkuchcinski.pl\/wp-content\/uploads\/2018\/12\/1_Obraz_0002.jpg 1422w, https:\/\/marekkuchcinski.pl\/wp-content\/uploads\/2018\/12\/1_Obraz_0002-300x186.jpg 300w, https:\/\/marekkuchcinski.pl\/wp-content\/uploads\/2018\/12\/1_Obraz_0002-768x476.jpg 768w, https:\/\/marekkuchcinski.pl\/wp-content\/uploads\/2018\/12\/1_Obraz_0002-1024x635.jpg 1024w\" sizes=\"(max-width: 1422px) 100vw, 1422px\" \/><\/a>Kamenn\u00fd Most, oblast t\u011b\u017ek\u00fdch boj\u016f polsk\u00fdch p\u0159emyslovsk\u00fdch jednotek 11. listopadu 1918.\u00a0<a href=\"https:\/\/marekkuchcinski.pl\/wp-content\/uploads\/2018\/12\/1_Obraz_0003-1.jpg\"><img loading=\"lazy\" decoding=\"async\" class=\"alignnone size-full wp-image-11403\" src=\"https:\/\/marekkuchcinski.pl\/wp-content\/uploads\/2018\/12\/1_Obraz_0003-1.jpg\" alt=\"_1_Obraz_0003\" width=\"1419\" height=\"969\" srcset=\"https:\/\/marekkuchcinski.pl\/wp-content\/uploads\/2018\/12\/1_Obraz_0003-1.jpg 1419w, https:\/\/marekkuchcinski.pl\/wp-content\/uploads\/2018\/12\/1_Obraz_0003-1-300x205.jpg 300w, https:\/\/marekkuchcinski.pl\/wp-content\/uploads\/2018\/12\/1_Obraz_0003-1-768x524.jpg 768w, https:\/\/marekkuchcinski.pl\/wp-content\/uploads\/2018\/12\/1_Obraz_0003-1-1024x699.jpg 1024w\" sizes=\"(max-width: 1419px) 100vw, 1419px\" \/><\/a> <a href=\"https:\/\/marekkuchcinski.pl\/wp-content\/uploads\/2018\/12\/1_Obraz_0004.jpg\"><img loading=\"lazy\" decoding=\"async\" class=\"alignnone size-full wp-image-11404\" src=\"https:\/\/marekkuchcinski.pl\/wp-content\/uploads\/2018\/12\/1_Obraz_0004.jpg\" alt=\"_1_Obraz_0004\" width=\"1418\" height=\"2099\" srcset=\"https:\/\/marekkuchcinski.pl\/wp-content\/uploads\/2018\/12\/1_Obraz_0004.jpg 1384w, https:\/\/marekkuchcinski.pl\/wp-content\/uploads\/2018\/12\/1_Obraz_0004-203x300.jpg 203w, https:\/\/marekkuchcinski.pl\/wp-content\/uploads\/2018\/12\/1_Obraz_0004-768x1137.jpg 768w, https:\/\/marekkuchcinski.pl\/wp-content\/uploads\/2018\/12\/1_Obraz_0004-692x1024.jpg 692w\" sizes=\"(max-width: 1418px) 100vw, 1418px\" \/><\/a> <a href=\"https:\/\/marekkuchcinski.pl\/wp-content\/uploads\/2018\/12\/1_Obraz_0005.jpg\"><img loading=\"lazy\" decoding=\"async\" class=\"alignnone size-full wp-image-11405\" src=\"https:\/\/marekkuchcinski.pl\/wp-content\/uploads\/2018\/12\/1_Obraz_0005.jpg\" alt=\"_1_Obraz_0005\" width=\"1419\" height=\"1121\" srcset=\"https:\/\/marekkuchcinski.pl\/wp-content\/uploads\/2018\/12\/1_Obraz_0005.jpg 1419w, https:\/\/marekkuchcinski.pl\/wp-content\/uploads\/2018\/12\/1_Obraz_0005-300x237.jpg 300w, https:\/\/marekkuchcinski.pl\/wp-content\/uploads\/2018\/12\/1_Obraz_0005-768x607.jpg 768w, https:\/\/marekkuchcinski.pl\/wp-content\/uploads\/2018\/12\/1_Obraz_0005-1024x809.jpg 1024w\" sizes=\"(max-width: 1419px) 100vw, 1419px\" \/><\/a> <a href=\"https:\/\/marekkuchcinski.pl\/wp-content\/uploads\/2018\/12\/1_Obraz_0006.jpg\"><img loading=\"lazy\" decoding=\"async\" class=\"alignnone size-full wp-image-11406\" src=\"https:\/\/marekkuchcinski.pl\/wp-content\/uploads\/2018\/12\/1_Obraz_0006.jpg\" alt=\"_1_Obraz_0006\" width=\"1418\" height=\"913\" srcset=\"https:\/\/marekkuchcinski.pl\/wp-content\/uploads\/2018\/12\/1_Obraz_0006.jpg 1418w, https:\/\/marekkuchcinski.pl\/wp-content\/uploads\/2018\/12\/1_Obraz_0006-300x193.jpg 300w, https:\/\/marekkuchcinski.pl\/wp-content\/uploads\/2018\/12\/1_Obraz_0006-768x494.jpg 768w, https:\/\/marekkuchcinski.pl\/wp-content\/uploads\/2018\/12\/1_Obraz_0006-1024x659.jpg 1024w\" sizes=\"(max-width: 1418px) 100vw, 1418px\" \/><\/a> <a href=\"https:\/\/marekkuchcinski.pl\/wp-content\/uploads\/2018\/12\/1_Obraz_0007.jpg\"><img loading=\"lazy\" decoding=\"async\" class=\"alignnone size-full wp-image-11407\" src=\"https:\/\/marekkuchcinski.pl\/wp-content\/uploads\/2018\/12\/1_Obraz_0007.jpg\" alt=\"_1_Obraz_0007\" width=\"1418\" height=\"2106\" srcset=\"https:\/\/marekkuchcinski.pl\/wp-content\/uploads\/2018\/12\/1_Obraz_0007.jpg 1379w, https:\/\/marekkuchcinski.pl\/wp-content\/uploads\/2018\/12\/1_Obraz_0007-202x300.jpg 202w, https:\/\/marekkuchcinski.pl\/wp-content\/uploads\/2018\/12\/1_Obraz_0007-768x1141.jpg 768w, https:\/\/marekkuchcinski.pl\/wp-content\/uploads\/2018\/12\/1_Obraz_0007-689x1024.jpg 689w\" sizes=\"(max-width: 1418px) 100vw, 1418px\" \/><\/a>\u00a0J\u00f3zef Klugman - zabit v listopadu 1918 v kas\u00e1rn\u00e1ch 37. p\u011b\u0161\u00edho pluku v Zasa\u0144i<a href=\"https:\/\/marekkuchcinski.pl\/wp-content\/uploads\/2018\/12\/1_Obraz_0008.jpg\"><img loading=\"lazy\" decoding=\"async\" class=\"alignnone size-full wp-image-11408\" src=\"https:\/\/marekkuchcinski.pl\/wp-content\/uploads\/2018\/12\/1_Obraz_0008.jpg\" alt=\"_1_Obraz_0008\" width=\"1429\" height=\"2106\" srcset=\"https:\/\/marekkuchcinski.pl\/wp-content\/uploads\/2018\/12\/1_Obraz_0008.jpg 1390w, https:\/\/marekkuchcinski.pl\/wp-content\/uploads\/2018\/12\/1_Obraz_0008-204x300.jpg 204w, https:\/\/marekkuchcinski.pl\/wp-content\/uploads\/2018\/12\/1_Obraz_0008-768x1132.jpg 768w, https:\/\/marekkuchcinski.pl\/wp-content\/uploads\/2018\/12\/1_Obraz_0008-695x1024.jpg 695w\" sizes=\"(max-width: 1429px) 100vw, 1429px\" \/><\/a> <a href=\"https:\/\/marekkuchcinski.pl\/wp-content\/uploads\/2018\/12\/2_Obraz_0001-1.jpg\"><img loading=\"lazy\" decoding=\"async\" class=\"alignnone size-full wp-image-11409\" src=\"https:\/\/marekkuchcinski.pl\/wp-content\/uploads\/2018\/12\/2_Obraz_0001-1.jpg\" alt=\"_2_Obraz_0001\" width=\"1419\" height=\"975\" srcset=\"https:\/\/marekkuchcinski.pl\/wp-content\/uploads\/2018\/12\/2_Obraz_0001-1.jpg 1419w, https:\/\/marekkuchcinski.pl\/wp-content\/uploads\/2018\/12\/2_Obraz_0001-1-300x206.jpg 300w, https:\/\/marekkuchcinski.pl\/wp-content\/uploads\/2018\/12\/2_Obraz_0001-1-768x528.jpg 768w, https:\/\/marekkuchcinski.pl\/wp-content\/uploads\/2018\/12\/2_Obraz_0001-1-1024x704.jpg 1024w\" sizes=\"(max-width: 1419px) 100vw, 1419px\" \/><\/a> <a href=\"https:\/\/marekkuchcinski.pl\/wp-content\/uploads\/2018\/12\/2_Obraz_0002.jpg\"><img loading=\"lazy\" decoding=\"async\" class=\"alignnone size-full wp-image-11410\" src=\"https:\/\/marekkuchcinski.pl\/wp-content\/uploads\/2018\/12\/2_Obraz_0002.jpg\" alt=\"_2_Obraz_0002\" width=\"1418\" height=\"886\" srcset=\"https:\/\/marekkuchcinski.pl\/wp-content\/uploads\/2018\/12\/2_Obraz_0002.jpg 1418w, https:\/\/marekkuchcinski.pl\/wp-content\/uploads\/2018\/12\/2_Obraz_0002-300x187.jpg 300w, https:\/\/marekkuchcinski.pl\/wp-content\/uploads\/2018\/12\/2_Obraz_0002-768x480.jpg 768w, https:\/\/marekkuchcinski.pl\/wp-content\/uploads\/2018\/12\/2_Obraz_0002-1024x640.jpg 1024w\" sizes=\"(max-width: 1418px) 100vw, 1418px\" \/><\/a> <a href=\"https:\/\/marekkuchcinski.pl\/wp-content\/uploads\/2018\/12\/2_Obraz_0003-1.jpg\"><img loading=\"lazy\" decoding=\"async\" class=\"alignnone size-full wp-image-11411\" src=\"https:\/\/marekkuchcinski.pl\/wp-content\/uploads\/2018\/12\/2_Obraz_0003-1.jpg\" alt=\"_2_Obraz_0003\" width=\"1426\" height=\"925\" srcset=\"https:\/\/marekkuchcinski.pl\/wp-content\/uploads\/2018\/12\/2_Obraz_0003-1.jpg 1426w, https:\/\/marekkuchcinski.pl\/wp-content\/uploads\/2018\/12\/2_Obraz_0003-1-300x195.jpg 300w, https:\/\/marekkuchcinski.pl\/wp-content\/uploads\/2018\/12\/2_Obraz_0003-1-768x498.jpg 768w, https:\/\/marekkuchcinski.pl\/wp-content\/uploads\/2018\/12\/2_Obraz_0003-1-1024x664.jpg 1024w\" sizes=\"(max-width: 1426px) 100vw, 1426px\" \/><\/a> <a href=\"https:\/\/marekkuchcinski.pl\/wp-content\/uploads\/2018\/12\/2_Obraz_0004.jpg\"><img loading=\"lazy\" decoding=\"async\" class=\"alignnone size-full wp-image-11412\" src=\"https:\/\/marekkuchcinski.pl\/wp-content\/uploads\/2018\/12\/2_Obraz_0004.jpg\" alt=\"_2_Obraz_0004\" width=\"1471\" height=\"1087\" srcset=\"https:\/\/marekkuchcinski.pl\/wp-content\/uploads\/2018\/12\/2_Obraz_0004.jpg 1471w, https:\/\/marekkuchcinski.pl\/wp-content\/uploads\/2018\/12\/2_Obraz_0004-300x222.jpg 300w, https:\/\/marekkuchcinski.pl\/wp-content\/uploads\/2018\/12\/2_Obraz_0004-768x568.jpg 768w, https:\/\/marekkuchcinski.pl\/wp-content\/uploads\/2018\/12\/2_Obraz_0004-1024x757.jpg 1024w\" sizes=\"(max-width: 1471px) 100vw, 1471px\" \/><\/a> <a href=\"https:\/\/marekkuchcinski.pl\/wp-content\/uploads\/2018\/12\/2_Obraz_0005.jpg\"><img loading=\"lazy\" decoding=\"async\" class=\"alignnone size-full wp-image-11413\" src=\"https:\/\/marekkuchcinski.pl\/wp-content\/uploads\/2018\/12\/2_Obraz_0005.jpg\" alt=\"_2_Obraz_0005\" width=\"1419\" height=\"1541\" srcset=\"https:\/\/marekkuchcinski.pl\/wp-content\/uploads\/2018\/12\/2_Obraz_0005.jpg 1419w, https:\/\/marekkuchcinski.pl\/wp-content\/uploads\/2018\/12\/2_Obraz_0005-276x300.jpg 276w, https:\/\/marekkuchcinski.pl\/wp-content\/uploads\/2018\/12\/2_Obraz_0005-768x834.jpg 768w, https:\/\/marekkuchcinski.pl\/wp-content\/uploads\/2018\/12\/2_Obraz_0005-943x1024.jpg 943w\" sizes=\"(max-width: 1419px) 100vw, 1419px\" \/><\/a> <a href=\"https:\/\/marekkuchcinski.pl\/wp-content\/uploads\/2018\/12\/2_Obraz_0006-1.jpg\"><img loading=\"lazy\" decoding=\"async\" class=\"alignnone size-full wp-image-11414\" src=\"https:\/\/marekkuchcinski.pl\/wp-content\/uploads\/2018\/12\/2_Obraz_0006-1.jpg\" alt=\"_2_Obraz_0006\" width=\"1419\" height=\"853\" srcset=\"https:\/\/marekkuchcinski.pl\/wp-content\/uploads\/2018\/12\/2_Obraz_0006-1.jpg 1419w, https:\/\/marekkuchcinski.pl\/wp-content\/uploads\/2018\/12\/2_Obraz_0006-1-300x180.jpg 300w, https:\/\/marekkuchcinski.pl\/wp-content\/uploads\/2018\/12\/2_Obraz_0006-1-768x462.jpg 768w, https:\/\/marekkuchcinski.pl\/wp-content\/uploads\/2018\/12\/2_Obraz_0006-1-1024x616.jpg 1024w\" sizes=\"(max-width: 1419px) 100vw, 1419px\" \/><\/a> <a href=\"https:\/\/marekkuchcinski.pl\/wp-content\/uploads\/2018\/12\/2_Obraz_0007.jpg\"><img loading=\"lazy\" decoding=\"async\" class=\"alignnone size-full wp-image-11415\" src=\"https:\/\/marekkuchcinski.pl\/wp-content\/uploads\/2018\/12\/2_Obraz_0007.jpg\" alt=\"_2_Obraz_0007\" width=\"1418\" height=\"1019\" srcset=\"https:\/\/marekkuchcinski.pl\/wp-content\/uploads\/2018\/12\/2_Obraz_0007.jpg 1418w, https:\/\/marekkuchcinski.pl\/wp-content\/uploads\/2018\/12\/2_Obraz_0007-300x216.jpg 300w, https:\/\/marekkuchcinski.pl\/wp-content\/uploads\/2018\/12\/2_Obraz_0007-768x552.jpg 768w, https:\/\/marekkuchcinski.pl\/wp-content\/uploads\/2018\/12\/2_Obraz_0007-1024x736.jpg 1024w\" sizes=\"(max-width: 1418px) 100vw, 1418px\" \/><\/a> <a href=\"https:\/\/marekkuchcinski.pl\/wp-content\/uploads\/2018\/12\/2_Obraz_0008.jpg\"><img loading=\"lazy\" decoding=\"async\" class=\"alignnone size-full wp-image-11416\" src=\"https:\/\/marekkuchcinski.pl\/wp-content\/uploads\/2018\/12\/2_Obraz_0008.jpg\" alt=\"_2_Obraz_0008\" width=\"1418\" height=\"1043\" srcset=\"https:\/\/marekkuchcinski.pl\/wp-content\/uploads\/2018\/12\/2_Obraz_0008.jpg 1418w, https:\/\/marekkuchcinski.pl\/wp-content\/uploads\/2018\/12\/2_Obraz_0008-300x221.jpg 300w, https:\/\/marekkuchcinski.pl\/wp-content\/uploads\/2018\/12\/2_Obraz_0008-768x565.jpg 768w, https:\/\/marekkuchcinski.pl\/wp-content\/uploads\/2018\/12\/2_Obraz_0008-1024x753.jpg 1024w\" sizes=\"(max-width: 1418px) 100vw, 1418px\" \/><\/a> <a href=\"https:\/\/marekkuchcinski.pl\/wp-content\/uploads\/2018\/12\/3_Obraz_0001-1.jpg\"><img loading=\"lazy\" decoding=\"async\" class=\"alignnone size-full wp-image-11417\" src=\"https:\/\/marekkuchcinski.pl\/wp-content\/uploads\/2018\/12\/3_Obraz_0001-1.jpg\" alt=\"_3_Obraz_0001\" width=\"1418\" height=\"1971\" srcset=\"https:\/\/marekkuchcinski.pl\/wp-content\/uploads\/2018\/12\/3_Obraz_0001-1.jpg 1418w, https:\/\/marekkuchcinski.pl\/wp-content\/uploads\/2018\/12\/3_Obraz_0001-1-216x300.jpg 216w, https:\/\/marekkuchcinski.pl\/wp-content\/uploads\/2018\/12\/3_Obraz_0001-1-768x1068.jpg 768w, https:\/\/marekkuchcinski.pl\/wp-content\/uploads\/2018\/12\/3_Obraz_0001-1-737x1024.jpg 737w\" sizes=\"(max-width: 1418px) 100vw, 1418px\" \/><\/a> <a href=\"https:\/\/marekkuchcinski.pl\/wp-content\/uploads\/2018\/12\/3_Obraz_0002.jpg\"><img loading=\"lazy\" decoding=\"async\" class=\"alignnone size-full wp-image-11418\" src=\"https:\/\/marekkuchcinski.pl\/wp-content\/uploads\/2018\/12\/3_Obraz_0002.jpg\" alt=\"_3_Obraz_0002\" width=\"1418\" height=\"1951\" srcset=\"https:\/\/marekkuchcinski.pl\/wp-content\/uploads\/2018\/12\/3_Obraz_0002.jpg 1418w, https:\/\/marekkuchcinski.pl\/wp-content\/uploads\/2018\/12\/3_Obraz_0002-218x300.jpg 218w, https:\/\/marekkuchcinski.pl\/wp-content\/uploads\/2018\/12\/3_Obraz_0002-768x1057.jpg 768w, https:\/\/marekkuchcinski.pl\/wp-content\/uploads\/2018\/12\/3_Obraz_0002-744x1024.jpg 744w\" sizes=\"(max-width: 1418px) 100vw, 1418px\" \/><\/a> <a href=\"https:\/\/marekkuchcinski.pl\/wp-content\/uploads\/2018\/12\/4_Obraz_0001.jpg\"><img loading=\"lazy\" decoding=\"async\" class=\"alignnone size-full wp-image-11419\" src=\"https:\/\/marekkuchcinski.pl\/wp-content\/uploads\/2018\/12\/4_Obraz_0001.jpg\" alt=\"_4_Obraz_0001\" width=\"1418\" height=\"2106\" srcset=\"https:\/\/marekkuchcinski.pl\/wp-content\/uploads\/2018\/12\/4_Obraz_0001.jpg 1379w, https:\/\/marekkuchcinski.pl\/wp-content\/uploads\/2018\/12\/4_Obraz_0001-202x300.jpg 202w, https:\/\/marekkuchcinski.pl\/wp-content\/uploads\/2018\/12\/4_Obraz_0001-768x1141.jpg 768w, https:\/\/marekkuchcinski.pl\/wp-content\/uploads\/2018\/12\/4_Obraz_0001-689x1024.jpg 689w\" sizes=\"(max-width: 1418px) 100vw, 1418px\" \/><\/a> <a href=\"https:\/\/marekkuchcinski.pl\/wp-content\/uploads\/2018\/12\/4_Obraz_0002.jpg\"><img loading=\"lazy\" decoding=\"async\" class=\"alignnone size-full wp-image-11420\" src=\"https:\/\/marekkuchcinski.pl\/wp-content\/uploads\/2018\/12\/4_Obraz_0002.jpg\" alt=\"_4_Obraz_0002\" width=\"1443\" height=\"1179\" srcset=\"https:\/\/marekkuchcinski.pl\/wp-content\/uploads\/2018\/12\/4_Obraz_0002.jpg 1443w, https:\/\/marekkuchcinski.pl\/wp-content\/uploads\/2018\/12\/4_Obraz_0002-300x245.jpg 300w, https:\/\/marekkuchcinski.pl\/wp-content\/uploads\/2018\/12\/4_Obraz_0002-768x627.jpg 768w, https:\/\/marekkuchcinski.pl\/wp-content\/uploads\/2018\/12\/4_Obraz_0002-1024x837.jpg 1024w\" sizes=\"(max-width: 1443px) 100vw, 1443px\" \/><\/a><a href=\"https:\/\/marekkuchcinski.pl\/wp-content\/uploads\/2018\/12\/5_Obraz_0001.jpg\"><img loading=\"lazy\" decoding=\"async\" class=\"alignnone size-full wp-image-11421\" src=\"https:\/\/marekkuchcinski.pl\/wp-content\/uploads\/2018\/12\/5_Obraz_0001.jpg\" alt=\"_5_Obraz_0001\" width=\"1428\" height=\"2104\" srcset=\"https:\/\/marekkuchcinski.pl\/wp-content\/uploads\/2018\/12\/5_Obraz_0001.jpg 1390w, https:\/\/marekkuchcinski.pl\/wp-content\/uploads\/2018\/12\/5_Obraz_0001-204x300.jpg 204w, https:\/\/marekkuchcinski.pl\/wp-content\/uploads\/2018\/12\/5_Obraz_0001-768x1132.jpg 768w, https:\/\/marekkuchcinski.pl\/wp-content\/uploads\/2018\/12\/5_Obraz_0001-695x1024.jpg 695w\" sizes=\"(max-width: 1428px) 100vw, 1428px\" \/><\/a>\u00a0Major Julian Stachiewicz, velitel odleh\u010dovac\u00ed operace v Krakov\u011b, vrchn\u00ed velitel v bitv\u011b u Przemy\u0161lu 11.-12. listopadu 1918.<a href=\"https:\/\/marekkuchcinski.pl\/wp-content\/uploads\/2018\/12\/6_Obraz_0002.jpg\"><img loading=\"lazy\" decoding=\"async\" class=\"alignnone size-full wp-image-11430\" src=\"https:\/\/marekkuchcinski.pl\/wp-content\/uploads\/2018\/12\/6_Obraz_0002.jpg\" alt=\"_6_Obraz_0002\" width=\"1424\" height=\"1973\" srcset=\"https:\/\/marekkuchcinski.pl\/wp-content\/uploads\/2018\/12\/6_Obraz_0002.jpg 1424w, https:\/\/marekkuchcinski.pl\/wp-content\/uploads\/2018\/12\/6_Obraz_0002-217x300.jpg 217w, https:\/\/marekkuchcinski.pl\/wp-content\/uploads\/2018\/12\/6_Obraz_0002-768x1064.jpg 768w, https:\/\/marekkuchcinski.pl\/wp-content\/uploads\/2018\/12\/6_Obraz_0002-739x1024.jpg 739w\" sizes=\"(max-width: 1424px) 100vw, 1424px\" \/><\/a><a href=\"https:\/\/marekkuchcinski.pl\/wp-content\/uploads\/2018\/12\/5_Obraz_0002.jpg\"><img loading=\"lazy\" decoding=\"async\" class=\"alignnone wp-image-11422\" src=\"https:\/\/marekkuchcinski.pl\/wp-content\/uploads\/2018\/12\/5_Obraz_0002.jpg\" alt=\"_5_Obraz_0002\" width=\"1207\" height=\"1608\" srcset=\"https:\/\/marekkuchcinski.pl\/wp-content\/uploads\/2018\/12\/5_Obraz_0002.jpg 1430w, https:\/\/marekkuchcinski.pl\/wp-content\/uploads\/2018\/12\/5_Obraz_0002-225x300.jpg 225w, https:\/\/marekkuchcinski.pl\/wp-content\/uploads\/2018\/12\/5_Obraz_0002-768x1023.jpg 768w, https:\/\/marekkuchcinski.pl\/wp-content\/uploads\/2018\/12\/5_Obraz_0002-769x1024.jpg 769w\" sizes=\"(max-width: 1207px) 100vw, 1207px\" \/><\/a> <a href=\"https:\/\/marekkuchcinski.pl\/wp-content\/uploads\/2018\/12\/5_Obraz_0003.jpg\"><img loading=\"lazy\" decoding=\"async\" class=\"alignnone size-full wp-image-11423\" src=\"https:\/\/marekkuchcinski.pl\/wp-content\/uploads\/2018\/12\/5_Obraz_0003.jpg\" alt=\"_5_Obraz_0003\" width=\"1445\" height=\"1183\" srcset=\"https:\/\/marekkuchcinski.pl\/wp-content\/uploads\/2018\/12\/5_Obraz_0003.jpg 1445w, https:\/\/marekkuchcinski.pl\/wp-content\/uploads\/2018\/12\/5_Obraz_0003-300x246.jpg 300w, https:\/\/marekkuchcinski.pl\/wp-content\/uploads\/2018\/12\/5_Obraz_0003-768x629.jpg 768w, https:\/\/marekkuchcinski.pl\/wp-content\/uploads\/2018\/12\/5_Obraz_0003-1024x838.jpg 1024w\" sizes=\"(max-width: 1445px) 100vw, 1445px\" \/><\/a> <a href=\"https:\/\/marekkuchcinski.pl\/wp-content\/uploads\/2018\/12\/5_Obraz_0004.jpg\"><img loading=\"lazy\" decoding=\"async\" class=\"alignnone size-full wp-image-11424\" src=\"https:\/\/marekkuchcinski.pl\/wp-content\/uploads\/2018\/12\/5_Obraz_0004.jpg\" alt=\"_5_Obraz_0004\" width=\"1427\" height=\"1079\" srcset=\"https:\/\/marekkuchcinski.pl\/wp-content\/uploads\/2018\/12\/5_Obraz_0004.jpg 1427w, https:\/\/marekkuchcinski.pl\/wp-content\/uploads\/2018\/12\/5_Obraz_0004-300x227.jpg 300w, https:\/\/marekkuchcinski.pl\/wp-content\/uploads\/2018\/12\/5_Obraz_0004-768x581.jpg 768w, https:\/\/marekkuchcinski.pl\/wp-content\/uploads\/2018\/12\/5_Obraz_0004-1024x774.jpg 1024w\" sizes=\"(max-width: 1427px) 100vw, 1427px\" \/><\/a> <a href=\"https:\/\/marekkuchcinski.pl\/wp-content\/uploads\/2018\/12\/5_Obraz_0005.jpg\"><img loading=\"lazy\" decoding=\"async\" class=\"alignnone size-full wp-image-11425\" src=\"https:\/\/marekkuchcinski.pl\/wp-content\/uploads\/2018\/12\/5_Obraz_0005.jpg\" alt=\"_5_Obraz_0005\" width=\"5027\" height=\"4089\" srcset=\"https:\/\/marekkuchcinski.pl\/wp-content\/uploads\/2018\/12\/5_Obraz_0005.jpg 2048w, https:\/\/marekkuchcinski.pl\/wp-content\/uploads\/2018\/12\/5_Obraz_0005-300x244.jpg 300w, https:\/\/marekkuchcinski.pl\/wp-content\/uploads\/2018\/12\/5_Obraz_0005-768x625.jpg 768w, https:\/\/marekkuchcinski.pl\/wp-content\/uploads\/2018\/12\/5_Obraz_0005-1024x833.jpg 1024w\" sizes=\"(max-width: 5027px) 100vw, 5027px\" \/><\/a> <a href=\"https:\/\/marekkuchcinski.pl\/wp-content\/uploads\/2018\/12\/5_Obraz_0006.jpg\"><img loading=\"lazy\" decoding=\"async\" class=\"alignnone size-full wp-image-11426\" src=\"https:\/\/marekkuchcinski.pl\/wp-content\/uploads\/2018\/12\/5_Obraz_0006.jpg\" alt=\"_5_Obraz_0006\" width=\"4058\" height=\"6238\" srcset=\"https:\/\/marekkuchcinski.pl\/wp-content\/uploads\/2018\/12\/5_Obraz_0006.jpg 1332w, https:\/\/marekkuchcinski.pl\/wp-content\/uploads\/2018\/12\/5_Obraz_0006-195x300.jpg 195w, https:\/\/marekkuchcinski.pl\/wp-content\/uploads\/2018\/12\/5_Obraz_0006-768x1181.jpg 768w, https:\/\/marekkuchcinski.pl\/wp-content\/uploads\/2018\/12\/5_Obraz_0006-666x1024.jpg 666w\" sizes=\"(max-width: 4058px) 100vw, 4058px\" \/><\/a> <a href=\"https:\/\/marekkuchcinski.pl\/wp-content\/uploads\/2018\/12\/5_Obraz_0007.jpg\"><img loading=\"lazy\" decoding=\"async\" class=\"alignnone size-full wp-image-11427\" src=\"https:\/\/marekkuchcinski.pl\/wp-content\/uploads\/2018\/12\/5_Obraz_0007.jpg\" alt=\"_5_Obraz_0007\" width=\"1418\" height=\"1857\" srcset=\"https:\/\/marekkuchcinski.pl\/wp-content\/uploads\/2018\/12\/5_Obraz_0007.jpg 1418w, https:\/\/marekkuchcinski.pl\/wp-content\/uploads\/2018\/12\/5_Obraz_0007-229x300.jpg 229w, https:\/\/marekkuchcinski.pl\/wp-content\/uploads\/2018\/12\/5_Obraz_0007-768x1006.jpg 768w, https:\/\/marekkuchcinski.pl\/wp-content\/uploads\/2018\/12\/5_Obraz_0007-782x1024.jpg 782w\" sizes=\"(max-width: 1418px) 100vw, 1418px\" \/><\/a> <a href=\"https:\/\/marekkuchcinski.pl\/wp-content\/uploads\/2018\/12\/5_Obraz_0008.jpg\"><img loading=\"lazy\" decoding=\"async\" class=\"alignnone size-full wp-image-11428\" src=\"https:\/\/marekkuchcinski.pl\/wp-content\/uploads\/2018\/12\/5_Obraz_0008.jpg\" alt=\"_5_Obraz_0008\" width=\"1427\" height=\"2106\" srcset=\"https:\/\/marekkuchcinski.pl\/wp-content\/uploads\/2018\/12\/5_Obraz_0008.jpg 1388w, https:\/\/marekkuchcinski.pl\/wp-content\/uploads\/2018\/12\/5_Obraz_0008-203x300.jpg 203w, https:\/\/marekkuchcinski.pl\/wp-content\/uploads\/2018\/12\/5_Obraz_0008-768x1133.jpg 768w, https:\/\/marekkuchcinski.pl\/wp-content\/uploads\/2018\/12\/5_Obraz_0008-694x1024.jpg 694w\" sizes=\"(max-width: 1427px) 100vw, 1427px\" \/><\/a> <a href=\"https:\/\/marekkuchcinski.pl\/wp-content\/uploads\/2018\/12\/6_Obraz_0001.jpg\"><img loading=\"lazy\" decoding=\"async\" class=\"alignnone size-full wp-image-11429\" src=\"https:\/\/marekkuchcinski.pl\/wp-content\/uploads\/2018\/12\/6_Obraz_0001.jpg\" alt=\"_6_Obraz_0001\" width=\"1418\" height=\"890\" srcset=\"https:\/\/marekkuchcinski.pl\/wp-content\/uploads\/2018\/12\/6_Obraz_0001.jpg 1418w, https:\/\/marekkuchcinski.pl\/wp-content\/uploads\/2018\/12\/6_Obraz_0001-300x188.jpg 300w, https:\/\/marekkuchcinski.pl\/wp-content\/uploads\/2018\/12\/6_Obraz_0001-768x482.jpg 768w, https:\/\/marekkuchcinski.pl\/wp-content\/uploads\/2018\/12\/6_Obraz_0001-1024x643.jpg 1024w\" sizes=\"(max-width: 1418px) 100vw, 1418px\" \/><\/a> <a href=\"https:\/\/marekkuchcinski.pl\/wp-content\/uploads\/2018\/12\/6_Obraz_0003.jpg\"><img loading=\"lazy\" decoding=\"async\" class=\"alignnone size-full wp-image-11431\" src=\"https:\/\/marekkuchcinski.pl\/wp-content\/uploads\/2018\/12\/6_Obraz_0003.jpg\" alt=\"_6_Obraz_0003\" width=\"1418\" height=\"2106\" srcset=\"https:\/\/marekkuchcinski.pl\/wp-content\/uploads\/2018\/12\/6_Obraz_0003.jpg 1379w, https:\/\/marekkuchcinski.pl\/wp-content\/uploads\/2018\/12\/6_Obraz_0003-202x300.jpg 202w, https:\/\/marekkuchcinski.pl\/wp-content\/uploads\/2018\/12\/6_Obraz_0003-768x1141.jpg 768w, https:\/\/marekkuchcinski.pl\/wp-content\/uploads\/2018\/12\/6_Obraz_0003-689x1024.jpg 689w\" sizes=\"(max-width: 1418px) 100vw, 1418px\" \/><\/a> <a href=\"https:\/\/marekkuchcinski.pl\/wp-content\/uploads\/2018\/12\/6_Obraz_0004.jpg\"><img loading=\"lazy\" decoding=\"async\" class=\"alignnone size-full wp-image-11432\" src=\"https:\/\/marekkuchcinski.pl\/wp-content\/uploads\/2018\/12\/6_Obraz_0004.jpg\" alt=\"_6_Obraz_0004\" width=\"1418\" height=\"2101\" srcset=\"https:\/\/marekkuchcinski.pl\/wp-content\/uploads\/2018\/12\/6_Obraz_0004.jpg 1382w, https:\/\/marekkuchcinski.pl\/wp-content\/uploads\/2018\/12\/6_Obraz_0004-202x300.jpg 202w, https:\/\/marekkuchcinski.pl\/wp-content\/uploads\/2018\/12\/6_Obraz_0004-768x1138.jpg 768w, https:\/\/marekkuchcinski.pl\/wp-content\/uploads\/2018\/12\/6_Obraz_0004-691x1024.jpg 691w\" sizes=\"(max-width: 1418px) 100vw, 1418px\" \/><\/a> <a href=\"https:\/\/marekkuchcinski.pl\/wp-content\/uploads\/2018\/12\/6_Obraz_0005.jpg\"><img loading=\"lazy\" decoding=\"async\" class=\"alignnone size-full wp-image-11433\" src=\"https:\/\/marekkuchcinski.pl\/wp-content\/uploads\/2018\/12\/6_Obraz_0005.jpg\" alt=\"_6_Obraz_0005\" width=\"1418\" height=\"2101\" srcset=\"https:\/\/marekkuchcinski.pl\/wp-content\/uploads\/2018\/12\/6_Obraz_0005.jpg 1382w, https:\/\/marekkuchcinski.pl\/wp-content\/uploads\/2018\/12\/6_Obraz_0005-202x300.jpg 202w, https:\/\/marekkuchcinski.pl\/wp-content\/uploads\/2018\/12\/6_Obraz_0005-768x1138.jpg 768w, https:\/\/marekkuchcinski.pl\/wp-content\/uploads\/2018\/12\/6_Obraz_0005-691x1024.jpg 691w\" sizes=\"(max-width: 1418px) 100vw, 1418px\" \/><\/a> <a href=\"https:\/\/marekkuchcinski.pl\/wp-content\/uploads\/2018\/12\/6_Obraz_0006.jpg\"><img loading=\"lazy\" decoding=\"async\" class=\"alignnone size-full wp-image-11434\" src=\"https:\/\/marekkuchcinski.pl\/wp-content\/uploads\/2018\/12\/6_Obraz_0006.jpg\" alt=\"_6_Obraz_0006\" width=\"1449\" height=\"1172\" srcset=\"https:\/\/marekkuchcinski.pl\/wp-content\/uploads\/2018\/12\/6_Obraz_0006.jpg 1449w, https:\/\/marekkuchcinski.pl\/wp-content\/uploads\/2018\/12\/6_Obraz_0006-300x243.jpg 300w, https:\/\/marekkuchcinski.pl\/wp-content\/uploads\/2018\/12\/6_Obraz_0006-768x621.jpg 768w, https:\/\/marekkuchcinski.pl\/wp-content\/uploads\/2018\/12\/6_Obraz_0006-1024x828.jpg 1024w\" sizes=\"(max-width: 1449px) 100vw, 1449px\" \/><\/a> <a href=\"https:\/\/marekkuchcinski.pl\/wp-content\/uploads\/2018\/12\/6_Obraz_0007.jpg\"><img loading=\"lazy\" decoding=\"async\" class=\"alignnone size-full wp-image-11435\" src=\"https:\/\/marekkuchcinski.pl\/wp-content\/uploads\/2018\/12\/6_Obraz_0007.jpg\" alt=\"_6_Obraz_0007\" width=\"1428\" height=\"1079\" srcset=\"https:\/\/marekkuchcinski.pl\/wp-content\/uploads\/2018\/12\/6_Obraz_0007.jpg 1428w, https:\/\/marekkuchcinski.pl\/wp-content\/uploads\/2018\/12\/6_Obraz_0007-300x227.jpg 300w, https:\/\/marekkuchcinski.pl\/wp-content\/uploads\/2018\/12\/6_Obraz_0007-768x580.jpg 768w, https:\/\/marekkuchcinski.pl\/wp-content\/uploads\/2018\/12\/6_Obraz_0007-1024x774.jpg 1024w\" sizes=\"(max-width: 1428px) 100vw, 1428px\" \/><\/a><\/p>","protected":false},"excerpt":{"rendered":"<p>Muzeum Narodowe Ziemi Przemyskiej we wsp\u00f3\u0142pracy z Wydawnictwem Sejmowym, w ramach obchod\u00f3w 100. rocznicy odzyskania niepodleg\u0142o\u015bci, przygotowa\u0142o publikacj\u0119 po\u015bwi\u0119con\u0105 Przemy\u015blowi: &#8222;Miasto waleczne&#8221;. W\u015br\u00f3d autor\u00f3w m.in. Marek Kuchci\u0144ski i Ryszard Terlecki, kt\u00f3rzy\u00a0zarysowuj\u0105 wydarzenia, z jakimi na przestrzeni wiek\u00f3w musia\u0142o zmierzy\u0107 si\u0119 miasto. Poni\u017cej wst\u0119p marsza\u0142ka Sejmu: Przemy\u015bl &#8211; moje miasto. Refleksje o Przemy\u015blu w 100. rocznic\u0119 [&hellip;]<\/p>","protected":false},"author":6,"featured_media":11394,"comment_status":"open","ping_status":"open","sticky":false,"template":"","format":"standard","meta":{"ngg_post_thumbnail":0,"footnotes":""},"categories":[49,77,3],"tags":[],"class_list":["post-11334","post","type-post","status-publish","format-standard","has-post-thumbnail","hentry","category-podkarpacie","category-wazne-daty","category-wydarzenia"],"yoast_head":"<!-- This site is optimized with the Yoast SEO plugin v24.7 - https:\/\/yoast.com\/wordpress\/plugins\/seo\/ -->\n<title>O historii, pami\u0119ci, sile i warto\u015bciach Przemy\u015bla - miasta o niez\u0142amanym duchu - pisz\u0105 m.in. marsza\u0142ek i wicemarsza\u0142ek Sejmu RP &#8211; Marek Kuchci\u0144ski<\/title>\n<meta name=\"robots\" content=\"index, follow, max-snippet:-1, max-image-preview:large, max-video-preview:-1\" \/>\n<link rel=\"canonical\" href=\"https:\/\/marekkuchcinski.pl\/cs\/wydarzenia\/marek-kuchcinski-ryszard-terlecki-inni-o-historii-pamieci-sile-wartosciach-przemysla-miasta-o-niezlamanym-duchu-miasta-walecznego\/\" \/>\n<meta property=\"og:locale\" content=\"cs_CZ\" \/>\n<meta property=\"og:type\" content=\"article\" \/>\n<meta property=\"og:title\" content=\"O historii, pami\u0119ci, sile i warto\u015bciach Przemy\u015bla - miasta o niez\u0142amanym duchu - pisz\u0105 m.in. marsza\u0142ek i wicemarsza\u0142ek Sejmu RP &#8211; Marek Kuchci\u0144ski\" \/>\n<meta property=\"og:description\" content=\"Muzeum Narodowe Ziemi Przemyskiej we wsp\u00f3\u0142pracy z Wydawnictwem Sejmowym, w ramach obchod\u00f3w 100. rocznicy odzyskania niepodleg\u0142o\u015bci, przygotowa\u0142o publikacj\u0119 po\u015bwi\u0119con\u0105 Przemy\u015blowi: &#8222;Miasto waleczne&#8221;. W\u015br\u00f3d autor\u00f3w m.in. Marek Kuchci\u0144ski i Ryszard Terlecki, kt\u00f3rzy\u00a0zarysowuj\u0105 wydarzenia, z jakimi na przestrzeni wiek\u00f3w musia\u0142o zmierzy\u0107 si\u0119 miasto. Poni\u017cej wst\u0119p marsza\u0142ka Sejmu: Przemy\u015bl &#8211; moje miasto. Refleksje o Przemy\u015blu w 100. rocznic\u0119 [&hellip;]\" \/>\n<meta property=\"og:url\" content=\"https:\/\/marekkuchcinski.pl\/cs\/wydarzenia\/marek-kuchcinski-ryszard-terlecki-inni-o-historii-pamieci-sile-wartosciach-przemysla-miasta-o-niezlamanym-duchu-miasta-walecznego\/\" \/>\n<meta property=\"og:site_name\" content=\"Marek Kuchci\u0144ski\" \/>\n<meta property=\"article:published_time\" content=\"2018-12-03T11:12:30+00:00\" \/>\n<meta property=\"article:modified_time\" content=\"2018-12-04T14:58:56+00:00\" \/>\n<meta property=\"og:image\" content=\"https:\/\/marekkuchcinski.pl\/wp-content\/uploads\/2018\/12\/PSX_20181203_123353.jpg\" \/>\n\t<meta property=\"og:image:width\" content=\"1915\" \/>\n\t<meta property=\"og:image:height\" content=\"1395\" \/>\n\t<meta property=\"og:image:type\" content=\"image\/jpeg\" \/>\n<meta name=\"author\" content=\"admin\" \/>\n<meta name=\"twitter:card\" content=\"summary_large_image\" \/>\n<meta name=\"twitter:label1\" content=\"Napsal(a)\" \/>\n\t<meta name=\"twitter:data1\" content=\"admin\" \/>\n\t<meta name=\"twitter:label2\" content=\"Odhadovan\u00e1 doba \u010dten\u00ed\" \/>\n\t<meta name=\"twitter:data2\" content=\"27 minut\" \/>\n<script type=\"application\/ld+json\" class=\"yoast-schema-graph\">{\"@context\":\"https:\/\/schema.org\",\"@graph\":[{\"@type\":\"Article\",\"@id\":\"https:\/\/marekkuchcinski.pl\/sk\/wydarzenia\/marek-kuchcinski-ryszard-terlecki-inni-o-historii-pamieci-sile-wartosciach-przemysla-miasta-o-niezlamanym-duchu-miasta-walecznego\/#article\",\"isPartOf\":{\"@id\":\"https:\/\/marekkuchcinski.pl\/sk\/wydarzenia\/marek-kuchcinski-ryszard-terlecki-inni-o-historii-pamieci-sile-wartosciach-przemysla-miasta-o-niezlamanym-duchu-miasta-walecznego\/\"},\"author\":{\"name\":\"admin\",\"@id\":\"https:\/\/marekkuchcinski.pl\/#\/schema\/person\/6f62700996b4d950b6ea2d1183b6c6be\"},\"headline\":\"O historii, pami\u0119ci, sile i warto\u015bciach Przemy\u015bla &#8211; miasta o niez\u0142amanym duchu &#8211; pisz\u0105 m.in. marsza\u0142ek i wicemarsza\u0142ek Sejmu RP\",\"datePublished\":\"2018-12-03T11:12:30+00:00\",\"dateModified\":\"2018-12-04T14:58:56+00:00\",\"mainEntityOfPage\":{\"@id\":\"https:\/\/marekkuchcinski.pl\/sk\/wydarzenia\/marek-kuchcinski-ryszard-terlecki-inni-o-historii-pamieci-sile-wartosciach-przemysla-miasta-o-niezlamanym-duchu-miasta-walecznego\/\"},\"wordCount\":5459,\"commentCount\":0,\"publisher\":{\"@id\":\"https:\/\/marekkuchcinski.pl\/#organization\"},\"image\":{\"@id\":\"https:\/\/marekkuchcinski.pl\/sk\/wydarzenia\/marek-kuchcinski-ryszard-terlecki-inni-o-historii-pamieci-sile-wartosciach-przemysla-miasta-o-niezlamanym-duchu-miasta-walecznego\/#primaryimage\"},\"thumbnailUrl\":\"https:\/\/marekkuchcinski.pl\/wp-content\/uploads\/2018\/12\/PSX_20181203_123353.jpg\",\"articleSection\":[\"Podkarpacie\",\"Wa\u017cne daty\",\"Wydarzenia\"],\"inLanguage\":\"cs\",\"potentialAction\":[{\"@type\":\"CommentAction\",\"name\":\"Comment\",\"target\":[\"https:\/\/marekkuchcinski.pl\/sk\/wydarzenia\/marek-kuchcinski-ryszard-terlecki-inni-o-historii-pamieci-sile-wartosciach-przemysla-miasta-o-niezlamanym-duchu-miasta-walecznego\/#respond\"]}]},{\"@type\":\"WebPage\",\"@id\":\"https:\/\/marekkuchcinski.pl\/sk\/wydarzenia\/marek-kuchcinski-ryszard-terlecki-inni-o-historii-pamieci-sile-wartosciach-przemysla-miasta-o-niezlamanym-duchu-miasta-walecznego\/\",\"url\":\"https:\/\/marekkuchcinski.pl\/sk\/wydarzenia\/marek-kuchcinski-ryszard-terlecki-inni-o-historii-pamieci-sile-wartosciach-przemysla-miasta-o-niezlamanym-duchu-miasta-walecznego\/\",\"name\":\"O historii, pami\u0119ci, sile i warto\u015bciach Przemy\u015bla - miasta o niez\u0142amanym duchu - pisz\u0105 m.in. marsza\u0142ek i wicemarsza\u0142ek Sejmu RP &#8211; Marek Kuchci\u0144ski\",\"isPartOf\":{\"@id\":\"https:\/\/marekkuchcinski.pl\/#website\"},\"primaryImageOfPage\":{\"@id\":\"https:\/\/marekkuchcinski.pl\/sk\/wydarzenia\/marek-kuchcinski-ryszard-terlecki-inni-o-historii-pamieci-sile-wartosciach-przemysla-miasta-o-niezlamanym-duchu-miasta-walecznego\/#primaryimage\"},\"image\":{\"@id\":\"https:\/\/marekkuchcinski.pl\/sk\/wydarzenia\/marek-kuchcinski-ryszard-terlecki-inni-o-historii-pamieci-sile-wartosciach-przemysla-miasta-o-niezlamanym-duchu-miasta-walecznego\/#primaryimage\"},\"thumbnailUrl\":\"https:\/\/marekkuchcinski.pl\/wp-content\/uploads\/2018\/12\/PSX_20181203_123353.jpg\",\"datePublished\":\"2018-12-03T11:12:30+00:00\",\"dateModified\":\"2018-12-04T14:58:56+00:00\",\"breadcrumb\":{\"@id\":\"https:\/\/marekkuchcinski.pl\/sk\/wydarzenia\/marek-kuchcinski-ryszard-terlecki-inni-o-historii-pamieci-sile-wartosciach-przemysla-miasta-o-niezlamanym-duchu-miasta-walecznego\/#breadcrumb\"},\"inLanguage\":\"cs\",\"potentialAction\":[{\"@type\":\"ReadAction\",\"target\":[\"https:\/\/marekkuchcinski.pl\/sk\/wydarzenia\/marek-kuchcinski-ryszard-terlecki-inni-o-historii-pamieci-sile-wartosciach-przemysla-miasta-o-niezlamanym-duchu-miasta-walecznego\/\"]}]},{\"@type\":\"ImageObject\",\"inLanguage\":\"cs\",\"@id\":\"https:\/\/marekkuchcinski.pl\/sk\/wydarzenia\/marek-kuchcinski-ryszard-terlecki-inni-o-historii-pamieci-sile-wartosciach-przemysla-miasta-o-niezlamanym-duchu-miasta-walecznego\/#primaryimage\",\"url\":\"https:\/\/marekkuchcinski.pl\/wp-content\/uploads\/2018\/12\/PSX_20181203_123353.jpg\",\"contentUrl\":\"https:\/\/marekkuchcinski.pl\/wp-content\/uploads\/2018\/12\/PSX_20181203_123353.jpg\",\"width\":1915,\"height\":1395},{\"@type\":\"BreadcrumbList\",\"@id\":\"https:\/\/marekkuchcinski.pl\/sk\/wydarzenia\/marek-kuchcinski-ryszard-terlecki-inni-o-historii-pamieci-sile-wartosciach-przemysla-miasta-o-niezlamanym-duchu-miasta-walecznego\/#breadcrumb\",\"itemListElement\":[{\"@type\":\"ListItem\",\"position\":1,\"name\":\"Strona g\u0142\u00f3wna\",\"item\":\"https:\/\/marekkuchcinski.pl\/\"},{\"@type\":\"ListItem\",\"position\":2,\"name\":\"O historii, pami\u0119ci, sile i warto\u015bciach Przemy\u015bla &#8211; miasta o niez\u0142amanym duchu &#8211; pisz\u0105 m.in. marsza\u0142ek i wicemarsza\u0142ek Sejmu RP\"}]},{\"@type\":\"WebSite\",\"@id\":\"https:\/\/marekkuchcinski.pl\/#website\",\"url\":\"https:\/\/marekkuchcinski.pl\/\",\"name\":\"Marek Kuchci\u0144ski\",\"description\":\"Pose\u0142 na sejm RP &ndash; okr\u0119g nr 22\",\"publisher\":{\"@id\":\"https:\/\/marekkuchcinski.pl\/#organization\"},\"potentialAction\":[{\"@type\":\"SearchAction\",\"target\":{\"@type\":\"EntryPoint\",\"urlTemplate\":\"https:\/\/marekkuchcinski.pl\/?s={search_term_string}\"},\"query-input\":{\"@type\":\"PropertyValueSpecification\",\"valueRequired\":true,\"valueName\":\"search_term_string\"}}],\"inLanguage\":\"cs\"},{\"@type\":\"Organization\",\"@id\":\"https:\/\/marekkuchcinski.pl\/#organization\",\"name\":\"Marek Kuchci\u0144ski\",\"url\":\"https:\/\/marekkuchcinski.pl\/\",\"logo\":{\"@type\":\"ImageObject\",\"inLanguage\":\"cs\",\"@id\":\"https:\/\/marekkuchcinski.pl\/#\/schema\/logo\/image\/\",\"url\":\"https:\/\/marekkuchcinski.pl\/wp-content\/uploads\/2022\/09\/Marek.jpg\",\"contentUrl\":\"https:\/\/marekkuchcinski.pl\/wp-content\/uploads\/2022\/09\/Marek.jpg\",\"width\":1600,\"height\":971,\"caption\":\"Marek Kuchci\u0144ski\"},\"image\":{\"@id\":\"https:\/\/marekkuchcinski.pl\/#\/schema\/logo\/image\/\"}},{\"@type\":\"Person\",\"@id\":\"https:\/\/marekkuchcinski.pl\/#\/schema\/person\/6f62700996b4d950b6ea2d1183b6c6be\",\"name\":\"admin\",\"image\":{\"@type\":\"ImageObject\",\"inLanguage\":\"cs\",\"@id\":\"https:\/\/marekkuchcinski.pl\/#\/schema\/person\/image\/\",\"url\":\"https:\/\/secure.gravatar.com\/avatar\/4bab693b9d55c3d6b52c0296a8765085?s=96&d=mm&r=g\",\"contentUrl\":\"https:\/\/secure.gravatar.com\/avatar\/4bab693b9d55c3d6b52c0296a8765085?s=96&d=mm&r=g\",\"caption\":\"admin\"},\"url\":\"https:\/\/marekkuchcinski.pl\/cs\/author\/marta-olejnik\/\"}]}<\/script>\n<!-- \/ Yoast SEO plugin. -->","yoast_head_json":{"title":"O historii, pami\u0119ci, sile i warto\u015bciach Przemy\u015bla - miasta o niez\u0142amanym duchu - pisz\u0105 m.in. marsza\u0142ek i wicemarsza\u0142ek Sejmu RP &#8211; Marek Kuchci\u0144ski","robots":{"index":"index","follow":"follow","max-snippet":"max-snippet:-1","max-image-preview":"max-image-preview:large","max-video-preview":"max-video-preview:-1"},"canonical":"https:\/\/marekkuchcinski.pl\/cs\/wydarzenia\/marek-kuchcinski-ryszard-terlecki-inni-o-historii-pamieci-sile-wartosciach-przemysla-miasta-o-niezlamanym-duchu-miasta-walecznego\/","og_locale":"cs_CZ","og_type":"article","og_title":"O historii, pami\u0119ci, sile i warto\u015bciach Przemy\u015bla - miasta o niez\u0142amanym duchu - pisz\u0105 m.in. marsza\u0142ek i wicemarsza\u0142ek Sejmu RP &#8211; Marek Kuchci\u0144ski","og_description":"Muzeum Narodowe Ziemi Przemyskiej we wsp\u00f3\u0142pracy z Wydawnictwem Sejmowym, w ramach obchod\u00f3w 100. rocznicy odzyskania niepodleg\u0142o\u015bci, przygotowa\u0142o publikacj\u0119 po\u015bwi\u0119con\u0105 Przemy\u015blowi: &#8222;Miasto waleczne&#8221;. W\u015br\u00f3d autor\u00f3w m.in. Marek Kuchci\u0144ski i Ryszard Terlecki, kt\u00f3rzy\u00a0zarysowuj\u0105 wydarzenia, z jakimi na przestrzeni wiek\u00f3w musia\u0142o zmierzy\u0107 si\u0119 miasto. Poni\u017cej wst\u0119p marsza\u0142ka Sejmu: Przemy\u015bl &#8211; moje miasto. Refleksje o Przemy\u015blu w 100. rocznic\u0119 [&hellip;]","og_url":"https:\/\/marekkuchcinski.pl\/cs\/wydarzenia\/marek-kuchcinski-ryszard-terlecki-inni-o-historii-pamieci-sile-wartosciach-przemysla-miasta-o-niezlamanym-duchu-miasta-walecznego\/","og_site_name":"Marek Kuchci\u0144ski","article_published_time":"2018-12-03T11:12:30+00:00","article_modified_time":"2018-12-04T14:58:56+00:00","og_image":[{"width":1915,"height":1395,"url":"https:\/\/marekkuchcinski.pl\/wp-content\/uploads\/2018\/12\/PSX_20181203_123353.jpg","type":"image\/jpeg"}],"author":"admin","twitter_card":"summary_large_image","twitter_misc":{"Napsal(a)":"admin","Odhadovan\u00e1 doba \u010dten\u00ed":"27 minut"},"schema":{"@context":"https:\/\/schema.org","@graph":[{"@type":"Article","@id":"https:\/\/marekkuchcinski.pl\/sk\/wydarzenia\/marek-kuchcinski-ryszard-terlecki-inni-o-historii-pamieci-sile-wartosciach-przemysla-miasta-o-niezlamanym-duchu-miasta-walecznego\/#article","isPartOf":{"@id":"https:\/\/marekkuchcinski.pl\/sk\/wydarzenia\/marek-kuchcinski-ryszard-terlecki-inni-o-historii-pamieci-sile-wartosciach-przemysla-miasta-o-niezlamanym-duchu-miasta-walecznego\/"},"author":{"name":"admin","@id":"https:\/\/marekkuchcinski.pl\/#\/schema\/person\/6f62700996b4d950b6ea2d1183b6c6be"},"headline":"O historii, pami\u0119ci, sile i warto\u015bciach Przemy\u015bla &#8211; miasta o niez\u0142amanym duchu &#8211; pisz\u0105 m.in. marsza\u0142ek i wicemarsza\u0142ek Sejmu RP","datePublished":"2018-12-03T11:12:30+00:00","dateModified":"2018-12-04T14:58:56+00:00","mainEntityOfPage":{"@id":"https:\/\/marekkuchcinski.pl\/sk\/wydarzenia\/marek-kuchcinski-ryszard-terlecki-inni-o-historii-pamieci-sile-wartosciach-przemysla-miasta-o-niezlamanym-duchu-miasta-walecznego\/"},"wordCount":5459,"commentCount":0,"publisher":{"@id":"https:\/\/marekkuchcinski.pl\/#organization"},"image":{"@id":"https:\/\/marekkuchcinski.pl\/sk\/wydarzenia\/marek-kuchcinski-ryszard-terlecki-inni-o-historii-pamieci-sile-wartosciach-przemysla-miasta-o-niezlamanym-duchu-miasta-walecznego\/#primaryimage"},"thumbnailUrl":"https:\/\/marekkuchcinski.pl\/wp-content\/uploads\/2018\/12\/PSX_20181203_123353.jpg","articleSection":["Podkarpacie","Wa\u017cne daty","Wydarzenia"],"inLanguage":"cs","potentialAction":[{"@type":"CommentAction","name":"Comment","target":["https:\/\/marekkuchcinski.pl\/sk\/wydarzenia\/marek-kuchcinski-ryszard-terlecki-inni-o-historii-pamieci-sile-wartosciach-przemysla-miasta-o-niezlamanym-duchu-miasta-walecznego\/#respond"]}]},{"@type":"WebPage","@id":"https:\/\/marekkuchcinski.pl\/sk\/wydarzenia\/marek-kuchcinski-ryszard-terlecki-inni-o-historii-pamieci-sile-wartosciach-przemysla-miasta-o-niezlamanym-duchu-miasta-walecznego\/","url":"https:\/\/marekkuchcinski.pl\/sk\/wydarzenia\/marek-kuchcinski-ryszard-terlecki-inni-o-historii-pamieci-sile-wartosciach-przemysla-miasta-o-niezlamanym-duchu-miasta-walecznego\/","name":"O historii, pami\u0119ci, sile i warto\u015bciach Przemy\u015bla - miasta o niez\u0142amanym duchu - pisz\u0105 m.in. marsza\u0142ek i wicemarsza\u0142ek Sejmu RP &#8211; Marek Kuchci\u0144ski","isPartOf":{"@id":"https:\/\/marekkuchcinski.pl\/#website"},"primaryImageOfPage":{"@id":"https:\/\/marekkuchcinski.pl\/sk\/wydarzenia\/marek-kuchcinski-ryszard-terlecki-inni-o-historii-pamieci-sile-wartosciach-przemysla-miasta-o-niezlamanym-duchu-miasta-walecznego\/#primaryimage"},"image":{"@id":"https:\/\/marekkuchcinski.pl\/sk\/wydarzenia\/marek-kuchcinski-ryszard-terlecki-inni-o-historii-pamieci-sile-wartosciach-przemysla-miasta-o-niezlamanym-duchu-miasta-walecznego\/#primaryimage"},"thumbnailUrl":"https:\/\/marekkuchcinski.pl\/wp-content\/uploads\/2018\/12\/PSX_20181203_123353.jpg","datePublished":"2018-12-03T11:12:30+00:00","dateModified":"2018-12-04T14:58:56+00:00","breadcrumb":{"@id":"https:\/\/marekkuchcinski.pl\/sk\/wydarzenia\/marek-kuchcinski-ryszard-terlecki-inni-o-historii-pamieci-sile-wartosciach-przemysla-miasta-o-niezlamanym-duchu-miasta-walecznego\/#breadcrumb"},"inLanguage":"cs","potentialAction":[{"@type":"ReadAction","target":["https:\/\/marekkuchcinski.pl\/sk\/wydarzenia\/marek-kuchcinski-ryszard-terlecki-inni-o-historii-pamieci-sile-wartosciach-przemysla-miasta-o-niezlamanym-duchu-miasta-walecznego\/"]}]},{"@type":"ImageObject","inLanguage":"cs","@id":"https:\/\/marekkuchcinski.pl\/sk\/wydarzenia\/marek-kuchcinski-ryszard-terlecki-inni-o-historii-pamieci-sile-wartosciach-przemysla-miasta-o-niezlamanym-duchu-miasta-walecznego\/#primaryimage","url":"https:\/\/marekkuchcinski.pl\/wp-content\/uploads\/2018\/12\/PSX_20181203_123353.jpg","contentUrl":"https:\/\/marekkuchcinski.pl\/wp-content\/uploads\/2018\/12\/PSX_20181203_123353.jpg","width":1915,"height":1395},{"@type":"BreadcrumbList","@id":"https:\/\/marekkuchcinski.pl\/sk\/wydarzenia\/marek-kuchcinski-ryszard-terlecki-inni-o-historii-pamieci-sile-wartosciach-przemysla-miasta-o-niezlamanym-duchu-miasta-walecznego\/#breadcrumb","itemListElement":[{"@type":"ListItem","position":1,"name":"Strona g\u0142\u00f3wna","item":"https:\/\/marekkuchcinski.pl\/"},{"@type":"ListItem","position":2,"name":"O historii, pami\u0119ci, sile i warto\u015bciach Przemy\u015bla &#8211; miasta o niez\u0142amanym duchu &#8211; pisz\u0105 m.in. marsza\u0142ek i wicemarsza\u0142ek Sejmu RP"}]},{"@type":"WebSite","@id":"https:\/\/marekkuchcinski.pl\/#website","url":"https:\/\/marekkuchcinski.pl\/","name":"Marek Kuchci\u0144ski","description":"Pose\u0142 na sejm RP &ndash; okr\u0119g nr 22","publisher":{"@id":"https:\/\/marekkuchcinski.pl\/#organization"},"potentialAction":[{"@type":"SearchAction","target":{"@type":"EntryPoint","urlTemplate":"https:\/\/marekkuchcinski.pl\/?s={search_term_string}"},"query-input":{"@type":"PropertyValueSpecification","valueRequired":true,"valueName":"search_term_string"}}],"inLanguage":"cs"},{"@type":"Organization","@id":"https:\/\/marekkuchcinski.pl\/#organization","name":"Marek Kuchci\u0144ski","url":"https:\/\/marekkuchcinski.pl\/","logo":{"@type":"ImageObject","inLanguage":"cs","@id":"https:\/\/marekkuchcinski.pl\/#\/schema\/logo\/image\/","url":"https:\/\/marekkuchcinski.pl\/wp-content\/uploads\/2022\/09\/Marek.jpg","contentUrl":"https:\/\/marekkuchcinski.pl\/wp-content\/uploads\/2022\/09\/Marek.jpg","width":1600,"height":971,"caption":"Marek Kuchci\u0144ski"},"image":{"@id":"https:\/\/marekkuchcinski.pl\/#\/schema\/logo\/image\/"}},{"@type":"Person","@id":"https:\/\/marekkuchcinski.pl\/#\/schema\/person\/6f62700996b4d950b6ea2d1183b6c6be","name":"admin","image":{"@type":"ImageObject","inLanguage":"cs","@id":"https:\/\/marekkuchcinski.pl\/#\/schema\/person\/image\/","url":"https:\/\/secure.gravatar.com\/avatar\/4bab693b9d55c3d6b52c0296a8765085?s=96&d=mm&r=g","contentUrl":"https:\/\/secure.gravatar.com\/avatar\/4bab693b9d55c3d6b52c0296a8765085?s=96&d=mm&r=g","caption":"admin"},"url":"https:\/\/marekkuchcinski.pl\/cs\/author\/marta-olejnik\/"}]}},"_links":{"self":[{"href":"https:\/\/marekkuchcinski.pl\/cs\/wp-json\/wp\/v2\/posts\/11334","targetHints":{"allow":["GET"]}}],"collection":[{"href":"https:\/\/marekkuchcinski.pl\/cs\/wp-json\/wp\/v2\/posts"}],"about":[{"href":"https:\/\/marekkuchcinski.pl\/cs\/wp-json\/wp\/v2\/types\/post"}],"author":[{"embeddable":true,"href":"https:\/\/marekkuchcinski.pl\/cs\/wp-json\/wp\/v2\/users\/6"}],"replies":[{"embeddable":true,"href":"https:\/\/marekkuchcinski.pl\/cs\/wp-json\/wp\/v2\/comments?post=11334"}],"version-history":[{"count":40,"href":"https:\/\/marekkuchcinski.pl\/cs\/wp-json\/wp\/v2\/posts\/11334\/revisions"}],"predecessor-version":[{"id":11483,"href":"https:\/\/marekkuchcinski.pl\/cs\/wp-json\/wp\/v2\/posts\/11334\/revisions\/11483"}],"wp:featuredmedia":[{"embeddable":true,"href":"https:\/\/marekkuchcinski.pl\/cs\/wp-json\/wp\/v2\/media\/11394"}],"wp:attachment":[{"href":"https:\/\/marekkuchcinski.pl\/cs\/wp-json\/wp\/v2\/media?parent=11334"}],"wp:term":[{"taxonomy":"category","embeddable":true,"href":"https:\/\/marekkuchcinski.pl\/cs\/wp-json\/wp\/v2\/categories?post=11334"},{"taxonomy":"post_tag","embeddable":true,"href":"https:\/\/marekkuchcinski.pl\/cs\/wp-json\/wp\/v2\/tags?post=11334"}],"curies":[{"name":"wp","href":"https:\/\/api.w.org\/{rel}","templated":true}]}}