{"id":11255,"date":"2018-11-26T09:33:00","date_gmt":"2018-11-26T08:33:00","guid":{"rendered":"https:\/\/marekkuchcinski.pl\/?p=11255"},"modified":"2018-11-26T09:33:00","modified_gmt":"2018-11-26T08:33:00","slug":"krasiczyn-spotkanie-marszalka-sejmu-przewodniczacym-zgromadzenia-narodowego-wegier","status":"publish","type":"post","link":"https:\/\/marekkuchcinski.pl\/cs\/wspolpraca-miedzynarodowa\/krasiczyn-spotkanie-marszalka-sejmu-przewodniczacym-zgromadzenia-narodowego-wegier\/","title":{"rendered":"Krasiczyn: Setk\u00e1n\u00ed p\u0159edsedy Sejmu s p\u0159edsedou ma\u010farsk\u00e9ho N\u00e1rodn\u00edho shrom\u00e1\u017ed\u011bn\u00ed"},"content":{"rendered":"<p dir=\"ltr\">P\u0159edseda Sejmu Marek Kuchci\u0144ski se v sobotu 24. listopadu v Krasiczynu setkal s p\u0159edsedou ma\u010farsk\u00e9ho N\u00e1rodn\u00edho shrom\u00e1\u017ed\u011bn\u00ed L\u00e1szl\u00f3 K\u00f6v\u00e9rem. Jedn\u00e1n\u00ed se t\u00fdkala spolupr\u00e1ce obou parlament\u016f. Diskutovalo se tak\u00e9 o spole\u010dn\u00fdch aktivit\u00e1ch Visegr\u00e1dsk\u00e9 skupiny v r\u00e1mci Evropsk\u00e9 unie. - Tradice polsko-ma\u010farsk\u00e9 spolupr\u00e1ce sah\u00e1 mnoho stalet\u00ed do minulosti. Dnes \u010del\u00edme v\u00fdzv\u00e1m, kter\u00e9 n\u00e1s nav\u00edc vyb\u00edzej\u00ed ke spojen\u00ed sil - \u0159ekl Marek Kuchci\u0144ski p\u0159i zah\u00e1jen\u00ed setk\u00e1n\u00ed.<\/p>\n<p dir=\"ltr\">P\u0159edseda Sejmu rovn\u011b\u017e zd\u016fraznil pot\u0159ebu hledat nov\u00e9 formy pos\u00edlen\u00ed spolupr\u00e1ce. Prezident K\u00f6v\u00e9r souhlasil a prohl\u00e1sil, \u017ee parlamentn\u00ed diplomacie i spolupr\u00e1ce mezi polsko-ma\u010farsk\u00fdmi institucemi je d\u016fle\u017eit\u00fdm dopl\u0148kem vl\u00e1dn\u00edch aktivit v oblasti p\u00e9\u010de o vz\u00e1jemn\u00e9 vztahy. - Parlamenty a instituce podporuj\u00edc\u00ed polsko-ma\u010farskou kulturu mohou v tomto ohledu slou\u017eit jako z\u00e1kladna pro vl\u00e1du, kter\u00e1 uk\u00e1\u017ee, kter\u00e9 z\u00e1vazky stoj\u00ed za to podniknout, aby se budovalo budouc\u00ed polsko-ma\u010farsk\u00e9 p\u0159\u00e1telstv\u00ed a propagovalo se na f\u00f3ru EU jako model evropsk\u00e9 spolupr\u00e1ce,\" zhodnotil L\u00e1szl\u00f3 K\u00f6v\u00e9r.<\/p>\n<p dir=\"ltr\">Prof. Maciej Szymanowski, \u0159editel Institutu Wac\u0142awa Felczaka pro polsko-ma\u010farskou spolupr\u00e1ci a poradce p\u0159edsedy Sejmu, a Karol Biernacki, prezident Nadace Wac\u0142awa Felczaka p\u016fsob\u00edc\u00ed v Ma\u010farsku, p\u0159edstavili projekty spole\u010dn\u00fdch iniciativ podporuj\u00edc\u00edch rozvoj vzd\u011bl\u00e1vac\u00ed a kulturn\u00ed spolupr\u00e1ce. Jak zd\u016fraznil profesor Szymanowski, c\u00edlem iniciativy je uk\u00e1zat, \u017ee v na\u0161\u00ed spole\u010dn\u00e9 historii existuje mnoho moment\u016f, kter\u00e9 dokl\u00e1daj\u00ed siln\u00e9 vazby mezi ob\u011bma zem\u011bmi.<\/p>\n<p dir=\"ltr\">Instituty pl\u00e1nuj\u00ed podniknout kroky k zapojen\u00ed polsk\u00fdch a ma\u010farsk\u00fdch m\u00e9di\u00ed do propagace Dne polsko-ma\u010farsk\u00e9ho p\u0159\u00e1telstv\u00ed. Jednali tak\u00e9 o my\u0161lence vypracovat spole\u010dn\u00e9 materi\u00e1ly pro v\u00fduku d\u011bjepisu na polsk\u00fdch a ma\u010farsk\u00fdch \u0161kol\u00e1ch, kter\u00e9 by zd\u016fraznily v\u00fdznam tis\u00edcilet\u00e9ho p\u0159\u00e1telstv\u00ed mezi zem\u011bmi. Bylo tak\u00e9 deklarov\u00e1no, \u017ee bude podporovat v\u00fduku pol\u0161tiny v Ma\u010farsku a ma\u010far\u0161tiny v Polsku na st\u0159edn\u00edch a vysok\u00fdch \u0161kol\u00e1ch a \u017ee zah\u00e1j\u00ed p\u0159ekladatelsk\u00e9 programy, kter\u00e9 umo\u017en\u00ed zdvojn\u00e1sobit po\u010det vydan\u00fdch p\u0159eklad\u016f knih a monografick\u00fdch studi\u00ed o Polsku a Ma\u010farsku.<\/p>\n<p dir=\"ltr\">Dal\u0161\u00ed d\u016fle\u017eitou iniciativou bude vytvo\u0159en\u00ed koncepce spole\u010dn\u00e9 v\u00fdstavy, kter\u00e1 by p\u0159edstavila po\u010d\u00e1tky v\u00fdvoje parlamentarismu v Polsku a Ma\u010farsku a byla vystavena na evropsk\u00e9m f\u00f3ru. Jak upozornil S\u00e1ndor \u0150ze, d\u011bkan Historick\u00e9 fakulty Katolick\u00e9 univerzity v Budape\u0161ti, d\u011bjiny polsk\u00e9ho a ma\u010farsk\u00e9ho parlamentarismu maj\u00ed mnoho spole\u010dn\u00e9ho. - Zlatou bulu Ond\u0159eje II. vydanou v roce 1222 lze interpretovat jako po\u010d\u00e1tek formov\u00e1n\u00ed parlamentarismu v Uhr\u00e1ch. Obsahuje ustanoven\u00ed omezuj\u00edc\u00ed kr\u00e1lovskou moc podobn\u011b jako privilegia vydan\u00e1 v Polsku, kter\u00e1 se stala z\u00e1kladem pro vznik \u0161lechtick\u00e9ho parlamentarismu,\" vysv\u011btlil ma\u010farsk\u00fd historik. Jak dodal, Pol\u00e1ky a Ma\u010fary v\u017edy spojovala my\u0161lenka boje za svobodu a nez\u00e1vislost, co\u017e dokl\u00e1daj\u00ed postavy gener\u00e1la J\u00f3zefa Bema a Tadeusze Ko\u015bciuszka, kte\u0159\u00ed se \u00fa\u010dastnili boj\u016f o nez\u00e1vislost Spojen\u00fdch st\u00e1t\u016f. P\u0159edseda Nadace Wac\u0142awa Felczaka v Ma\u010farsku Karol Biernacki rovn\u011b\u017e ozn\u00e1mil otev\u0159en\u00ed v\u00fdstavy v Budape\u0161ti v\u011bnovan\u00e9 polsk\u00fdm matematik\u016fm, kte\u0159\u00ed rozlu\u0161tili \u0161ifru Enigma. \u010cestnou z\u00e1\u0161titu nad v\u00fdstavou p\u0159evzal polsk\u00fd velvyslanec v Ma\u010farsku Jerzy Snopek.<\/p>\n<p dir=\"ltr\">Po jedn\u00e1n\u00ed polsko-ma\u010farsk\u00e9 delegace n\u00e1sledovalo setk\u00e1n\u00ed Marka Kuchci\u0144sk\u00e9ho a L\u00e1szl\u00f3 K\u00f6v\u00e9ra s \u00fa\u010dastn\u00edky 1. polsko-ma\u010farsk\u00e9 \u0161koly vedouc\u00edch pracovn\u00edk\u016f. Akci po\u0159\u00e1dal Institut Wac\u0142awa Felczaka a z\u00fa\u010dastnilo se j\u00ed t\u00e9m\u011b\u0159 200 mlad\u00fdch lid\u00ed, p\u0159edev\u0161\u00edm student\u016f z obou zem\u00ed. Mar\u0161\u00e1l Kuchci\u0144ski zd\u016fraznil, \u017ee \u0160kola l\u00eddr\u016f je skv\u011blou p\u0159\u00edle\u017eitost\u00ed hovo\u0159it s mlad\u00fdmi lidmi o spole\u010dn\u00fdch hodnot\u00e1ch a p\u0159\u00e1telstv\u00ed, kter\u00e9 spojuje na\u0161e n\u00e1rody a trv\u00e1 ji\u017e mnoho stalet\u00ed. - Pokud se pod\u00edv\u00e1me na na\u0161e spole\u010dn\u00e9 d\u011bjiny, neexistuje generace, v n\u00ed\u017e by se neobjevily v\u00fdznamn\u00e9 ud\u00e1losti spojen\u00e9 s boji za nez\u00e1vislost za spole\u010dn\u00e9 \u00fa\u010dasti v\u00fdznamn\u00fdch Ma\u010far\u016f a Pol\u00e1k\u016f. To v n\u00e1s posiluje pocit spole\u010dn\u00e9 historie a d\u00e1v\u00e1 nad\u011bji na pozitivn\u00ed v\u00fdvoj spolupr\u00e1ce v budoucnosti,\" je p\u0159esv\u011bd\u010den.<\/p>\n<p dir=\"ltr\">L\u00e1szl\u00f3 K\u00f6v\u00e9r zase uvedl, \u017ee polsko-ma\u010farsk\u00e1 bilater\u00e1ln\u00ed spolupr\u00e1ce a spolupr\u00e1ce v r\u00e1mci Visegr\u00e1dsk\u00e9 skupiny bude v nadch\u00e1zej\u00edc\u00edm obdob\u00ed v\u00fdznamn\u00fdm prvkem ud\u00e1vaj\u00edc\u00edm t\u00f3n reformn\u00edmu procesu v Evropsk\u00e9 unii, zejm\u00e9na s ohledem na hospod\u00e1\u0159sk\u00e9 v\u00fdsledky, kter\u00fdch zem\u011b V4 v posledn\u00ed dob\u011b dos\u00e1hly. - Mus\u00edme se k sob\u011b chovat jako rovn\u00fd k rovn\u00e9mu a svobodn\u011b. Takov\u00fd postoj je vzhledem ke slo\u017eitosti d\u011bjin n\u011bkdy velkou v\u00fdzvou, ale je to nejrozumn\u011bj\u0161\u00ed cesta, proto\u017ee vede p\u0159es vz\u00e1jemnou spolupr\u00e1ci, kter\u00e1 n\u00e1m d\u00e1v\u00e1 \u0161anci br\u00e1nit se negativn\u00edm trend\u016fm z V\u00fdchodu i Z\u00e1padu a z\u00e1rove\u0148 se m\u016f\u017ee st\u00e1t inspirac\u00ed pro budov\u00e1n\u00ed siln\u011bj\u0161\u00ed a lep\u0161\u00ed Evropy,\" uzav\u0159el Marek Kuchci\u0144ski.<\/p>\n<p dir=\"ltr\">Setk\u00e1n\u00ed vyvrcholilo spole\u010dn\u00fdm rozhovorem p\u0159edsed\u016f polsk\u00e9ho a ma\u010farsk\u00e9ho parlamentu pro po\u0159ad Host do zpr\u00e1v.<\/p>\n<p dir=\"ltr\">B\u011bhem bilater\u00e1ln\u00edch rozhovor\u016f polskou stranu zastupovali tak\u00e9 m\u00edstop\u0159edsedkyn\u011b Sejmu Beata Mazurek a star\u0161\u00ed p\u0159edseda Sejmu Kornel Morawiecki, poslanec a st\u00e1tn\u00ed tajemn\u00edk v Kancel\u00e1\u0159i p\u0159edsedy vl\u00e1dy Piotr Naimski a z\u00e1stupce vedouc\u00edho Kancel\u00e1\u0159e p\u0159edsedy vl\u00e1dy Pawe\u0142 Szrot. Ma\u010farskou delegaci tvo\u0159ili m\u00edstop\u0159edsedov\u00e9 ma\u010farsk\u00e9ho N\u00e1rodn\u00edho shrom\u00e1\u017ed\u011bn\u00ed Janos Latorcai a S\u00e1ndor Lezsak, ma\u010farsk\u00fd poslanec Rich\u00e1rd H\u00f6rscik, ma\u010farsk\u00e1 velvyslankyn\u011b v Polsku Orsolya Zsuzanna Kov\u00e1cs, polsk\u00e1 n\u00e1rodn\u00ed mluv\u010d\u00ed Halina Cs\u00facs a Adrienne K\u00f6rmendy, gener\u00e1ln\u00ed konzulka Ma\u010farska.<\/p>\n<p dir=\"ltr\"><a href=\"https:\/\/marekkuchcinski.pl\/wp-content\/uploads\/2018\/11\/Dsx_LZsXcAEzZT6.jpg\"><img fetchpriority=\"high\" decoding=\"async\" class=\"alignnone size-full wp-image-11256\" src=\"https:\/\/marekkuchcinski.pl\/wp-content\/uploads\/2018\/11\/Dsx_LZsXcAEzZT6.jpg\" alt=\"Dsx_LZsXcAEzZT6\" width=\"1200\" height=\"800\" srcset=\"https:\/\/marekkuchcinski.pl\/wp-content\/uploads\/2018\/11\/Dsx_LZsXcAEzZT6.jpg 1200w, https:\/\/marekkuchcinski.pl\/wp-content\/uploads\/2018\/11\/Dsx_LZsXcAEzZT6-300x200.jpg 300w, https:\/\/marekkuchcinski.pl\/wp-content\/uploads\/2018\/11\/Dsx_LZsXcAEzZT6-768x512.jpg 768w, https:\/\/marekkuchcinski.pl\/wp-content\/uploads\/2018\/11\/Dsx_LZsXcAEzZT6-1024x683.jpg 1024w\" sizes=\"(max-width: 1200px) 100vw, 1200px\" \/><\/a> <a href=\"https:\/\/marekkuchcinski.pl\/wp-content\/uploads\/2018\/11\/DsxewlwWwAELmge.jpg\"><img decoding=\"async\" class=\"alignnone size-full wp-image-11257\" src=\"https:\/\/marekkuchcinski.pl\/wp-content\/uploads\/2018\/11\/DsxewlwWwAELmge.jpg\" alt=\"DsxewlwWwAELmge\" width=\"1200\" height=\"800\" srcset=\"https:\/\/marekkuchcinski.pl\/wp-content\/uploads\/2018\/11\/DsxewlwWwAELmge.jpg 1200w, https:\/\/marekkuchcinski.pl\/wp-content\/uploads\/2018\/11\/DsxewlwWwAELmge-300x200.jpg 300w, https:\/\/marekkuchcinski.pl\/wp-content\/uploads\/2018\/11\/DsxewlwWwAELmge-768x512.jpg 768w, https:\/\/marekkuchcinski.pl\/wp-content\/uploads\/2018\/11\/DsxewlwWwAELmge-1024x683.jpg 1024w\" sizes=\"(max-width: 1200px) 100vw, 1200px\" \/><\/a> <a href=\"https:\/\/marekkuchcinski.pl\/wp-content\/uploads\/2018\/11\/LB1_0179.jpg\"><img decoding=\"async\" class=\"alignnone size-full wp-image-11258\" src=\"https:\/\/marekkuchcinski.pl\/wp-content\/uploads\/2018\/11\/LB1_0179.jpg\" alt=\"LB1_0179\" width=\"1620\" height=\"1080\" srcset=\"https:\/\/marekkuchcinski.pl\/wp-content\/uploads\/2018\/11\/LB1_0179.jpg 1620w, https:\/\/marekkuchcinski.pl\/wp-content\/uploads\/2018\/11\/LB1_0179-300x200.jpg 300w, https:\/\/marekkuchcinski.pl\/wp-content\/uploads\/2018\/11\/LB1_0179-768x512.jpg 768w, https:\/\/marekkuchcinski.pl\/wp-content\/uploads\/2018\/11\/LB1_0179-1024x683.jpg 1024w\" sizes=\"(max-width: 1620px) 100vw, 1620px\" \/><\/a> <a href=\"https:\/\/marekkuchcinski.pl\/wp-content\/uploads\/2018\/11\/LB1_0180.jpg\"><img loading=\"lazy\" decoding=\"async\" class=\"alignnone size-full wp-image-11259\" src=\"https:\/\/marekkuchcinski.pl\/wp-content\/uploads\/2018\/11\/LB1_0180.jpg\" alt=\"LB1_0180\" width=\"1620\" height=\"1080\" srcset=\"https:\/\/marekkuchcinski.pl\/wp-content\/uploads\/2018\/11\/LB1_0180.jpg 1620w, https:\/\/marekkuchcinski.pl\/wp-content\/uploads\/2018\/11\/LB1_0180-300x200.jpg 300w, https:\/\/marekkuchcinski.pl\/wp-content\/uploads\/2018\/11\/LB1_0180-768x512.jpg 768w, https:\/\/marekkuchcinski.pl\/wp-content\/uploads\/2018\/11\/LB1_0180-1024x683.jpg 1024w\" sizes=\"(max-width: 1620px) 100vw, 1620px\" \/><\/a> <a href=\"https:\/\/marekkuchcinski.pl\/wp-content\/uploads\/2018\/11\/LB1_0445.jpg\"><img loading=\"lazy\" decoding=\"async\" class=\"alignnone size-full wp-image-11260\" src=\"https:\/\/marekkuchcinski.pl\/wp-content\/uploads\/2018\/11\/LB1_0445.jpg\" alt=\"LB1_0445\" width=\"1620\" height=\"1080\" srcset=\"https:\/\/marekkuchcinski.pl\/wp-content\/uploads\/2018\/11\/LB1_0445.jpg 1620w, https:\/\/marekkuchcinski.pl\/wp-content\/uploads\/2018\/11\/LB1_0445-300x200.jpg 300w, https:\/\/marekkuchcinski.pl\/wp-content\/uploads\/2018\/11\/LB1_0445-768x512.jpg 768w, https:\/\/marekkuchcinski.pl\/wp-content\/uploads\/2018\/11\/LB1_0445-1024x683.jpg 1024w\" sizes=\"(max-width: 1620px) 100vw, 1620px\" \/><\/a> <a href=\"https:\/\/marekkuchcinski.pl\/wp-content\/uploads\/2018\/11\/LB1_0520.jpg\"><img loading=\"lazy\" decoding=\"async\" class=\"alignnone size-full wp-image-11261\" src=\"https:\/\/marekkuchcinski.pl\/wp-content\/uploads\/2018\/11\/LB1_0520.jpg\" alt=\"LB1_0520\" width=\"1620\" height=\"1080\" srcset=\"https:\/\/marekkuchcinski.pl\/wp-content\/uploads\/2018\/11\/LB1_0520.jpg 1620w, https:\/\/marekkuchcinski.pl\/wp-content\/uploads\/2018\/11\/LB1_0520-300x200.jpg 300w, https:\/\/marekkuchcinski.pl\/wp-content\/uploads\/2018\/11\/LB1_0520-768x512.jpg 768w, https:\/\/marekkuchcinski.pl\/wp-content\/uploads\/2018\/11\/LB1_0520-1024x683.jpg 1024w\" sizes=\"(max-width: 1620px) 100vw, 1620px\" \/><\/a> <a href=\"https:\/\/marekkuchcinski.pl\/wp-content\/uploads\/2018\/11\/LB1_0622_1.jpg\"><img loading=\"lazy\" decoding=\"async\" class=\"alignnone size-full wp-image-11262\" src=\"https:\/\/marekkuchcinski.pl\/wp-content\/uploads\/2018\/11\/LB1_0622_1.jpg\" alt=\"LB1_0622_1\" width=\"1620\" height=\"1080\" srcset=\"https:\/\/marekkuchcinski.pl\/wp-content\/uploads\/2018\/11\/LB1_0622_1.jpg 1620w, https:\/\/marekkuchcinski.pl\/wp-content\/uploads\/2018\/11\/LB1_0622_1-300x200.jpg 300w, https:\/\/marekkuchcinski.pl\/wp-content\/uploads\/2018\/11\/LB1_0622_1-768x512.jpg 768w, https:\/\/marekkuchcinski.pl\/wp-content\/uploads\/2018\/11\/LB1_0622_1-1024x683.jpg 1024w\" sizes=\"(max-width: 1620px) 100vw, 1620px\" \/><\/a><\/p>\n<p dir=\"ltr\"><em>Foto KS\/ \u0141ukasz B\u0142asikiewicz<\/em><\/p>","protected":false},"excerpt":{"rendered":"<p>W sobot\u0119 24 listopada w Krasiczynie marsza\u0142ek Sejmu Marek Kuchci\u0144ski spotka\u0142 si\u0119 z przewodnicz\u0105cym Zgromadzenia Narodowego W\u0119gier L\u00e1szl\u00f3 K\u00f6v\u00e9rem. Rozmowy dotyczy\u0142y\u00a0 wsp\u00f3\u0142pracy obu parlament\u00f3w. Dyskutowano tak\u017ce nad wsp\u00f3lnymi dzia\u0142aniami Grupy Wyszehradzkiej w ramach Unii Europejskiej. &#8211; Tradycja wsp\u00f3\u0142pracy polsko-w\u0119gierskiej si\u0119ga wielu wiek\u00f3w. Dzisiaj stoj\u0105 przed nami wyzwania, kt\u00f3re dodatkowo zach\u0119caj\u0105 nas do \u0142\u0105czenia si\u0142 &#8211; [&hellip;]<\/p>","protected":false},"author":6,"featured_media":11260,"comment_status":"open","ping_status":"open","sticky":false,"template":"","format":"standard","meta":{"ngg_post_thumbnail":0,"footnotes":""},"categories":[50],"tags":[],"class_list":["post-11255","post","type-post","status-publish","format-standard","has-post-thumbnail","hentry","category-wspolpraca-miedzynarodowa"],"yoast_head":"<!-- This site is optimized with the Yoast SEO plugin v24.7 - https:\/\/yoast.com\/wordpress\/plugins\/seo\/ -->\n<title>Krasiczyn: Spotkanie Marsza\u0142ka Sejmu z Przewodnicz\u0105cym Zgromadzenia Narodowego W\u0119gier &#8211; Marek Kuchci\u0144ski<\/title>\n<meta name=\"robots\" content=\"index, follow, max-snippet:-1, max-image-preview:large, max-video-preview:-1\" \/>\n<link rel=\"canonical\" href=\"https:\/\/marekkuchcinski.pl\/cs\/wspolpraca-miedzynarodowa\/krasiczyn-spotkanie-marszalka-sejmu-przewodniczacym-zgromadzenia-narodowego-wegier\/\" \/>\n<meta property=\"og:locale\" content=\"cs_CZ\" \/>\n<meta property=\"og:type\" content=\"article\" \/>\n<meta property=\"og:title\" content=\"Krasiczyn: Spotkanie Marsza\u0142ka Sejmu z Przewodnicz\u0105cym Zgromadzenia Narodowego W\u0119gier &#8211; Marek Kuchci\u0144ski\" \/>\n<meta property=\"og:description\" content=\"W sobot\u0119 24 listopada w Krasiczynie marsza\u0142ek Sejmu Marek Kuchci\u0144ski spotka\u0142 si\u0119 z przewodnicz\u0105cym Zgromadzenia Narodowego W\u0119gier L\u00e1szl\u00f3 K\u00f6v\u00e9rem. Rozmowy dotyczy\u0142y\u00a0 wsp\u00f3\u0142pracy obu parlament\u00f3w. Dyskutowano tak\u017ce nad wsp\u00f3lnymi dzia\u0142aniami Grupy Wyszehradzkiej w ramach Unii Europejskiej. &#8211; Tradycja wsp\u00f3\u0142pracy polsko-w\u0119gierskiej si\u0119ga wielu wiek\u00f3w. Dzisiaj stoj\u0105 przed nami wyzwania, kt\u00f3re dodatkowo zach\u0119caj\u0105 nas do \u0142\u0105czenia si\u0142 &#8211; [&hellip;]\" \/>\n<meta property=\"og:url\" content=\"https:\/\/marekkuchcinski.pl\/cs\/wspolpraca-miedzynarodowa\/krasiczyn-spotkanie-marszalka-sejmu-przewodniczacym-zgromadzenia-narodowego-wegier\/\" \/>\n<meta property=\"og:site_name\" content=\"Marek Kuchci\u0144ski\" \/>\n<meta property=\"article:published_time\" content=\"2018-11-26T08:33:00+00:00\" \/>\n<meta property=\"og:image\" content=\"https:\/\/marekkuchcinski.pl\/wp-content\/uploads\/2018\/11\/LB1_0445.jpg\" \/>\n\t<meta property=\"og:image:width\" content=\"1620\" \/>\n\t<meta property=\"og:image:height\" content=\"1080\" \/>\n\t<meta property=\"og:image:type\" content=\"image\/jpeg\" \/>\n<meta name=\"author\" content=\"admin\" \/>\n<meta name=\"twitter:card\" content=\"summary_large_image\" \/>\n<meta name=\"twitter:label1\" content=\"Napsal(a)\" \/>\n\t<meta name=\"twitter:data1\" content=\"admin\" \/>\n\t<meta name=\"twitter:label2\" content=\"Odhadovan\u00e1 doba \u010dten\u00ed\" \/>\n\t<meta name=\"twitter:data2\" content=\"5 minut\" \/>\n<script type=\"application\/ld+json\" class=\"yoast-schema-graph\">{\"@context\":\"https:\/\/schema.org\",\"@graph\":[{\"@type\":\"Article\",\"@id\":\"https:\/\/marekkuchcinski.pl\/en\/wspolpraca-miedzynarodowa\/krasiczyn-spotkanie-marszalka-sejmu-przewodniczacym-zgromadzenia-narodowego-wegier\/#article\",\"isPartOf\":{\"@id\":\"https:\/\/marekkuchcinski.pl\/en\/wspolpraca-miedzynarodowa\/krasiczyn-spotkanie-marszalka-sejmu-przewodniczacym-zgromadzenia-narodowego-wegier\/\"},\"author\":{\"name\":\"admin\",\"@id\":\"https:\/\/marekkuchcinski.pl\/#\/schema\/person\/6f62700996b4d950b6ea2d1183b6c6be\"},\"headline\":\"Krasiczyn: Spotkanie Marsza\u0142ka Sejmu z Przewodnicz\u0105cym Zgromadzenia Narodowego W\u0119gier\",\"datePublished\":\"2018-11-26T08:33:00+00:00\",\"mainEntityOfPage\":{\"@id\":\"https:\/\/marekkuchcinski.pl\/en\/wspolpraca-miedzynarodowa\/krasiczyn-spotkanie-marszalka-sejmu-przewodniczacym-zgromadzenia-narodowego-wegier\/\"},\"wordCount\":984,\"commentCount\":0,\"publisher\":{\"@id\":\"https:\/\/marekkuchcinski.pl\/#organization\"},\"image\":{\"@id\":\"https:\/\/marekkuchcinski.pl\/en\/wspolpraca-miedzynarodowa\/krasiczyn-spotkanie-marszalka-sejmu-przewodniczacym-zgromadzenia-narodowego-wegier\/#primaryimage\"},\"thumbnailUrl\":\"https:\/\/marekkuchcinski.pl\/wp-content\/uploads\/2018\/11\/LB1_0445.jpg\",\"articleSection\":[\"Wsp\u00f3\u0142praca mi\u0119dzynarodowa\"],\"inLanguage\":\"cs\",\"potentialAction\":[{\"@type\":\"CommentAction\",\"name\":\"Comment\",\"target\":[\"https:\/\/marekkuchcinski.pl\/en\/wspolpraca-miedzynarodowa\/krasiczyn-spotkanie-marszalka-sejmu-przewodniczacym-zgromadzenia-narodowego-wegier\/#respond\"]}]},{\"@type\":\"WebPage\",\"@id\":\"https:\/\/marekkuchcinski.pl\/en\/wspolpraca-miedzynarodowa\/krasiczyn-spotkanie-marszalka-sejmu-przewodniczacym-zgromadzenia-narodowego-wegier\/\",\"url\":\"https:\/\/marekkuchcinski.pl\/en\/wspolpraca-miedzynarodowa\/krasiczyn-spotkanie-marszalka-sejmu-przewodniczacym-zgromadzenia-narodowego-wegier\/\",\"name\":\"Krasiczyn: Spotkanie Marsza\u0142ka Sejmu z Przewodnicz\u0105cym Zgromadzenia Narodowego W\u0119gier &#8211; Marek Kuchci\u0144ski\",\"isPartOf\":{\"@id\":\"https:\/\/marekkuchcinski.pl\/#website\"},\"primaryImageOfPage\":{\"@id\":\"https:\/\/marekkuchcinski.pl\/en\/wspolpraca-miedzynarodowa\/krasiczyn-spotkanie-marszalka-sejmu-przewodniczacym-zgromadzenia-narodowego-wegier\/#primaryimage\"},\"image\":{\"@id\":\"https:\/\/marekkuchcinski.pl\/en\/wspolpraca-miedzynarodowa\/krasiczyn-spotkanie-marszalka-sejmu-przewodniczacym-zgromadzenia-narodowego-wegier\/#primaryimage\"},\"thumbnailUrl\":\"https:\/\/marekkuchcinski.pl\/wp-content\/uploads\/2018\/11\/LB1_0445.jpg\",\"datePublished\":\"2018-11-26T08:33:00+00:00\",\"breadcrumb\":{\"@id\":\"https:\/\/marekkuchcinski.pl\/en\/wspolpraca-miedzynarodowa\/krasiczyn-spotkanie-marszalka-sejmu-przewodniczacym-zgromadzenia-narodowego-wegier\/#breadcrumb\"},\"inLanguage\":\"cs\",\"potentialAction\":[{\"@type\":\"ReadAction\",\"target\":[\"https:\/\/marekkuchcinski.pl\/en\/wspolpraca-miedzynarodowa\/krasiczyn-spotkanie-marszalka-sejmu-przewodniczacym-zgromadzenia-narodowego-wegier\/\"]}]},{\"@type\":\"ImageObject\",\"inLanguage\":\"cs\",\"@id\":\"https:\/\/marekkuchcinski.pl\/en\/wspolpraca-miedzynarodowa\/krasiczyn-spotkanie-marszalka-sejmu-przewodniczacym-zgromadzenia-narodowego-wegier\/#primaryimage\",\"url\":\"https:\/\/marekkuchcinski.pl\/wp-content\/uploads\/2018\/11\/LB1_0445.jpg\",\"contentUrl\":\"https:\/\/marekkuchcinski.pl\/wp-content\/uploads\/2018\/11\/LB1_0445.jpg\",\"width\":1620,\"height\":1080},{\"@type\":\"BreadcrumbList\",\"@id\":\"https:\/\/marekkuchcinski.pl\/en\/wspolpraca-miedzynarodowa\/krasiczyn-spotkanie-marszalka-sejmu-przewodniczacym-zgromadzenia-narodowego-wegier\/#breadcrumb\",\"itemListElement\":[{\"@type\":\"ListItem\",\"position\":1,\"name\":\"Strona g\u0142\u00f3wna\",\"item\":\"https:\/\/marekkuchcinski.pl\/\"},{\"@type\":\"ListItem\",\"position\":2,\"name\":\"Krasiczyn: Spotkanie Marsza\u0142ka Sejmu z Przewodnicz\u0105cym Zgromadzenia Narodowego W\u0119gier\"}]},{\"@type\":\"WebSite\",\"@id\":\"https:\/\/marekkuchcinski.pl\/#website\",\"url\":\"https:\/\/marekkuchcinski.pl\/\",\"name\":\"Marek Kuchci\u0144ski\",\"description\":\"Pose\u0142 na sejm RP &ndash; okr\u0119g nr 22\",\"publisher\":{\"@id\":\"https:\/\/marekkuchcinski.pl\/#organization\"},\"potentialAction\":[{\"@type\":\"SearchAction\",\"target\":{\"@type\":\"EntryPoint\",\"urlTemplate\":\"https:\/\/marekkuchcinski.pl\/?s={search_term_string}\"},\"query-input\":{\"@type\":\"PropertyValueSpecification\",\"valueRequired\":true,\"valueName\":\"search_term_string\"}}],\"inLanguage\":\"cs\"},{\"@type\":\"Organization\",\"@id\":\"https:\/\/marekkuchcinski.pl\/#organization\",\"name\":\"Marek Kuchci\u0144ski\",\"url\":\"https:\/\/marekkuchcinski.pl\/\",\"logo\":{\"@type\":\"ImageObject\",\"inLanguage\":\"cs\",\"@id\":\"https:\/\/marekkuchcinski.pl\/#\/schema\/logo\/image\/\",\"url\":\"https:\/\/marekkuchcinski.pl\/wp-content\/uploads\/2022\/09\/Marek.jpg\",\"contentUrl\":\"https:\/\/marekkuchcinski.pl\/wp-content\/uploads\/2022\/09\/Marek.jpg\",\"width\":1600,\"height\":971,\"caption\":\"Marek Kuchci\u0144ski\"},\"image\":{\"@id\":\"https:\/\/marekkuchcinski.pl\/#\/schema\/logo\/image\/\"}},{\"@type\":\"Person\",\"@id\":\"https:\/\/marekkuchcinski.pl\/#\/schema\/person\/6f62700996b4d950b6ea2d1183b6c6be\",\"name\":\"admin\",\"image\":{\"@type\":\"ImageObject\",\"inLanguage\":\"cs\",\"@id\":\"https:\/\/marekkuchcinski.pl\/#\/schema\/person\/image\/\",\"url\":\"https:\/\/secure.gravatar.com\/avatar\/4bab693b9d55c3d6b52c0296a8765085?s=96&d=mm&r=g\",\"contentUrl\":\"https:\/\/secure.gravatar.com\/avatar\/4bab693b9d55c3d6b52c0296a8765085?s=96&d=mm&r=g\",\"caption\":\"admin\"},\"url\":\"https:\/\/marekkuchcinski.pl\/cs\/author\/marta-olejnik\/\"}]}<\/script>\n<!-- \/ Yoast SEO plugin. -->","yoast_head_json":{"title":"Krasiczyn: Spotkanie Marsza\u0142ka Sejmu z Przewodnicz\u0105cym Zgromadzenia Narodowego W\u0119gier &#8211; Marek Kuchci\u0144ski","robots":{"index":"index","follow":"follow","max-snippet":"max-snippet:-1","max-image-preview":"max-image-preview:large","max-video-preview":"max-video-preview:-1"},"canonical":"https:\/\/marekkuchcinski.pl\/cs\/wspolpraca-miedzynarodowa\/krasiczyn-spotkanie-marszalka-sejmu-przewodniczacym-zgromadzenia-narodowego-wegier\/","og_locale":"cs_CZ","og_type":"article","og_title":"Krasiczyn: Spotkanie Marsza\u0142ka Sejmu z Przewodnicz\u0105cym Zgromadzenia Narodowego W\u0119gier &#8211; Marek Kuchci\u0144ski","og_description":"W sobot\u0119 24 listopada w Krasiczynie marsza\u0142ek Sejmu Marek Kuchci\u0144ski spotka\u0142 si\u0119 z przewodnicz\u0105cym Zgromadzenia Narodowego W\u0119gier L\u00e1szl\u00f3 K\u00f6v\u00e9rem. Rozmowy dotyczy\u0142y\u00a0 wsp\u00f3\u0142pracy obu parlament\u00f3w. Dyskutowano tak\u017ce nad wsp\u00f3lnymi dzia\u0142aniami Grupy Wyszehradzkiej w ramach Unii Europejskiej. &#8211; Tradycja wsp\u00f3\u0142pracy polsko-w\u0119gierskiej si\u0119ga wielu wiek\u00f3w. Dzisiaj stoj\u0105 przed nami wyzwania, kt\u00f3re dodatkowo zach\u0119caj\u0105 nas do \u0142\u0105czenia si\u0142 &#8211; [&hellip;]","og_url":"https:\/\/marekkuchcinski.pl\/cs\/wspolpraca-miedzynarodowa\/krasiczyn-spotkanie-marszalka-sejmu-przewodniczacym-zgromadzenia-narodowego-wegier\/","og_site_name":"Marek Kuchci\u0144ski","article_published_time":"2018-11-26T08:33:00+00:00","og_image":[{"width":1620,"height":1080,"url":"https:\/\/marekkuchcinski.pl\/wp-content\/uploads\/2018\/11\/LB1_0445.jpg","type":"image\/jpeg"}],"author":"admin","twitter_card":"summary_large_image","twitter_misc":{"Napsal(a)":"admin","Odhadovan\u00e1 doba \u010dten\u00ed":"5 minut"},"schema":{"@context":"https:\/\/schema.org","@graph":[{"@type":"Article","@id":"https:\/\/marekkuchcinski.pl\/en\/wspolpraca-miedzynarodowa\/krasiczyn-spotkanie-marszalka-sejmu-przewodniczacym-zgromadzenia-narodowego-wegier\/#article","isPartOf":{"@id":"https:\/\/marekkuchcinski.pl\/en\/wspolpraca-miedzynarodowa\/krasiczyn-spotkanie-marszalka-sejmu-przewodniczacym-zgromadzenia-narodowego-wegier\/"},"author":{"name":"admin","@id":"https:\/\/marekkuchcinski.pl\/#\/schema\/person\/6f62700996b4d950b6ea2d1183b6c6be"},"headline":"Krasiczyn: Spotkanie Marsza\u0142ka Sejmu z Przewodnicz\u0105cym Zgromadzenia Narodowego W\u0119gier","datePublished":"2018-11-26T08:33:00+00:00","mainEntityOfPage":{"@id":"https:\/\/marekkuchcinski.pl\/en\/wspolpraca-miedzynarodowa\/krasiczyn-spotkanie-marszalka-sejmu-przewodniczacym-zgromadzenia-narodowego-wegier\/"},"wordCount":984,"commentCount":0,"publisher":{"@id":"https:\/\/marekkuchcinski.pl\/#organization"},"image":{"@id":"https:\/\/marekkuchcinski.pl\/en\/wspolpraca-miedzynarodowa\/krasiczyn-spotkanie-marszalka-sejmu-przewodniczacym-zgromadzenia-narodowego-wegier\/#primaryimage"},"thumbnailUrl":"https:\/\/marekkuchcinski.pl\/wp-content\/uploads\/2018\/11\/LB1_0445.jpg","articleSection":["Wsp\u00f3\u0142praca mi\u0119dzynarodowa"],"inLanguage":"cs","potentialAction":[{"@type":"CommentAction","name":"Comment","target":["https:\/\/marekkuchcinski.pl\/en\/wspolpraca-miedzynarodowa\/krasiczyn-spotkanie-marszalka-sejmu-przewodniczacym-zgromadzenia-narodowego-wegier\/#respond"]}]},{"@type":"WebPage","@id":"https:\/\/marekkuchcinski.pl\/en\/wspolpraca-miedzynarodowa\/krasiczyn-spotkanie-marszalka-sejmu-przewodniczacym-zgromadzenia-narodowego-wegier\/","url":"https:\/\/marekkuchcinski.pl\/en\/wspolpraca-miedzynarodowa\/krasiczyn-spotkanie-marszalka-sejmu-przewodniczacym-zgromadzenia-narodowego-wegier\/","name":"Krasiczyn: Spotkanie Marsza\u0142ka Sejmu z Przewodnicz\u0105cym Zgromadzenia Narodowego W\u0119gier &#8211; Marek Kuchci\u0144ski","isPartOf":{"@id":"https:\/\/marekkuchcinski.pl\/#website"},"primaryImageOfPage":{"@id":"https:\/\/marekkuchcinski.pl\/en\/wspolpraca-miedzynarodowa\/krasiczyn-spotkanie-marszalka-sejmu-przewodniczacym-zgromadzenia-narodowego-wegier\/#primaryimage"},"image":{"@id":"https:\/\/marekkuchcinski.pl\/en\/wspolpraca-miedzynarodowa\/krasiczyn-spotkanie-marszalka-sejmu-przewodniczacym-zgromadzenia-narodowego-wegier\/#primaryimage"},"thumbnailUrl":"https:\/\/marekkuchcinski.pl\/wp-content\/uploads\/2018\/11\/LB1_0445.jpg","datePublished":"2018-11-26T08:33:00+00:00","breadcrumb":{"@id":"https:\/\/marekkuchcinski.pl\/en\/wspolpraca-miedzynarodowa\/krasiczyn-spotkanie-marszalka-sejmu-przewodniczacym-zgromadzenia-narodowego-wegier\/#breadcrumb"},"inLanguage":"cs","potentialAction":[{"@type":"ReadAction","target":["https:\/\/marekkuchcinski.pl\/en\/wspolpraca-miedzynarodowa\/krasiczyn-spotkanie-marszalka-sejmu-przewodniczacym-zgromadzenia-narodowego-wegier\/"]}]},{"@type":"ImageObject","inLanguage":"cs","@id":"https:\/\/marekkuchcinski.pl\/en\/wspolpraca-miedzynarodowa\/krasiczyn-spotkanie-marszalka-sejmu-przewodniczacym-zgromadzenia-narodowego-wegier\/#primaryimage","url":"https:\/\/marekkuchcinski.pl\/wp-content\/uploads\/2018\/11\/LB1_0445.jpg","contentUrl":"https:\/\/marekkuchcinski.pl\/wp-content\/uploads\/2018\/11\/LB1_0445.jpg","width":1620,"height":1080},{"@type":"BreadcrumbList","@id":"https:\/\/marekkuchcinski.pl\/en\/wspolpraca-miedzynarodowa\/krasiczyn-spotkanie-marszalka-sejmu-przewodniczacym-zgromadzenia-narodowego-wegier\/#breadcrumb","itemListElement":[{"@type":"ListItem","position":1,"name":"Strona g\u0142\u00f3wna","item":"https:\/\/marekkuchcinski.pl\/"},{"@type":"ListItem","position":2,"name":"Krasiczyn: Spotkanie Marsza\u0142ka Sejmu z Przewodnicz\u0105cym Zgromadzenia Narodowego W\u0119gier"}]},{"@type":"WebSite","@id":"https:\/\/marekkuchcinski.pl\/#website","url":"https:\/\/marekkuchcinski.pl\/","name":"Marek Kuchci\u0144ski","description":"Pose\u0142 na sejm RP &ndash; okr\u0119g nr 22","publisher":{"@id":"https:\/\/marekkuchcinski.pl\/#organization"},"potentialAction":[{"@type":"SearchAction","target":{"@type":"EntryPoint","urlTemplate":"https:\/\/marekkuchcinski.pl\/?s={search_term_string}"},"query-input":{"@type":"PropertyValueSpecification","valueRequired":true,"valueName":"search_term_string"}}],"inLanguage":"cs"},{"@type":"Organization","@id":"https:\/\/marekkuchcinski.pl\/#organization","name":"Marek Kuchci\u0144ski","url":"https:\/\/marekkuchcinski.pl\/","logo":{"@type":"ImageObject","inLanguage":"cs","@id":"https:\/\/marekkuchcinski.pl\/#\/schema\/logo\/image\/","url":"https:\/\/marekkuchcinski.pl\/wp-content\/uploads\/2022\/09\/Marek.jpg","contentUrl":"https:\/\/marekkuchcinski.pl\/wp-content\/uploads\/2022\/09\/Marek.jpg","width":1600,"height":971,"caption":"Marek Kuchci\u0144ski"},"image":{"@id":"https:\/\/marekkuchcinski.pl\/#\/schema\/logo\/image\/"}},{"@type":"Person","@id":"https:\/\/marekkuchcinski.pl\/#\/schema\/person\/6f62700996b4d950b6ea2d1183b6c6be","name":"admin","image":{"@type":"ImageObject","inLanguage":"cs","@id":"https:\/\/marekkuchcinski.pl\/#\/schema\/person\/image\/","url":"https:\/\/secure.gravatar.com\/avatar\/4bab693b9d55c3d6b52c0296a8765085?s=96&d=mm&r=g","contentUrl":"https:\/\/secure.gravatar.com\/avatar\/4bab693b9d55c3d6b52c0296a8765085?s=96&d=mm&r=g","caption":"admin"},"url":"https:\/\/marekkuchcinski.pl\/cs\/author\/marta-olejnik\/"}]}},"_links":{"self":[{"href":"https:\/\/marekkuchcinski.pl\/cs\/wp-json\/wp\/v2\/posts\/11255","targetHints":{"allow":["GET"]}}],"collection":[{"href":"https:\/\/marekkuchcinski.pl\/cs\/wp-json\/wp\/v2\/posts"}],"about":[{"href":"https:\/\/marekkuchcinski.pl\/cs\/wp-json\/wp\/v2\/types\/post"}],"author":[{"embeddable":true,"href":"https:\/\/marekkuchcinski.pl\/cs\/wp-json\/wp\/v2\/users\/6"}],"replies":[{"embeddable":true,"href":"https:\/\/marekkuchcinski.pl\/cs\/wp-json\/wp\/v2\/comments?post=11255"}],"version-history":[{"count":1,"href":"https:\/\/marekkuchcinski.pl\/cs\/wp-json\/wp\/v2\/posts\/11255\/revisions"}],"predecessor-version":[{"id":11263,"href":"https:\/\/marekkuchcinski.pl\/cs\/wp-json\/wp\/v2\/posts\/11255\/revisions\/11263"}],"wp:featuredmedia":[{"embeddable":true,"href":"https:\/\/marekkuchcinski.pl\/cs\/wp-json\/wp\/v2\/media\/11260"}],"wp:attachment":[{"href":"https:\/\/marekkuchcinski.pl\/cs\/wp-json\/wp\/v2\/media?parent=11255"}],"wp:term":[{"taxonomy":"category","embeddable":true,"href":"https:\/\/marekkuchcinski.pl\/cs\/wp-json\/wp\/v2\/categories?post=11255"},{"taxonomy":"post_tag","embeddable":true,"href":"https:\/\/marekkuchcinski.pl\/cs\/wp-json\/wp\/v2\/tags?post=11255"}],"curies":[{"name":"wp","href":"https:\/\/api.w.org\/{rel}","templated":true}]}}