{"id":11237,"date":"2018-11-26T15:38:16","date_gmt":"2018-11-26T14:38:16","guid":{"rendered":"https:\/\/marekkuchcinski.pl\/?p=11237"},"modified":"2018-11-26T16:04:56","modified_gmt":"2018-11-26T15:04:56","slug":"przemysl-o-polskiej-tradycji-parlamentarnej-550-rocznice-powstania-polskiego-parlamentaryzmu","status":"publish","type":"post","link":"https:\/\/marekkuchcinski.pl\/cs\/wydarzenia\/przemysl-o-polskiej-tradycji-parlamentarnej-550-rocznice-powstania-polskiego-parlamentaryzmu\/","title":{"rendered":"Przemy\u015bl: O polsk\u00e9 parlamentn\u00ed tradici u p\u0159\u00edle\u017eitosti 550. v\u00fdro\u010d\u00ed polsk\u00e9ho parlamentarismu"},"content":{"rendered":"<p>Letos slav\u00edme 550 let parlamentn\u00edho syst\u00e9mu Polsk\u00e9 republiky. V roce 1468 byl ustaven Sejm Polsk\u00e9ho kr\u00e1lovstv\u00ed ve dvoukomorov\u00e9 podob\u011b: Sen\u00e1t a Poslaneck\u00e1 sn\u011bmovna. Kr\u00e1l Kazim\u00edr Jagellonsk\u00fd, v\u00fdznamn\u00fd p\u0159edstavitel Jagellonc\u016f - velk\u00e9 st\u0159edoevropsk\u00e9 dynastie - pozval poslance zvolen\u00e9 na zemsk\u00fdch sn\u011bmech, aby projednali z\u00e1le\u017eitosti t\u00fdkaj\u00edc\u00ed se tehdej\u0161\u00edho st\u00e1tu - na\u0161\u00ed republiky,\" p\u0159ipomn\u011bl p\u0159edseda Sejmu Marek Kuchci\u0144ski b\u011bhem oslav 550. v\u00fdro\u010d\u00ed polsk\u00e9ho parlamentarismu.<\/p>\n<p>Mar\u0161\u00e1l zd\u016fraznil, \u017ee takto byl ustaven polsk\u00fd parlamentarismus, kter\u00fd se skl\u00e1dal z kr\u00e1le, Sen\u00e1tu a Poslaneck\u00e9 sn\u011bmovny. Trval po stalet\u00ed a Sejm vyjad\u0159oval z\u00e1jmy st\u00e1tu a vykon\u00e1val jeho svrchovanost, tj. vyd\u00e1val z\u00e1kony a p\u0159ij\u00edmal nejd\u016fle\u017eit\u011bj\u0161\u00ed rozhodnut\u00ed, v\u010detn\u011b t\u011bch, kter\u00e1 se t\u00fdkala v\u00e1lky a dan\u00ed. Stal se m\u00edstem kompromisu mezi kr\u00e1lem a politick\u00fdm lidem, kter\u00fd zastupoval v\u016fli lidu, tj. obyvatel v\u0161ech zem\u00ed.<\/p>\n<p>Polsk\u00e1 parlamentn\u00ed tradice se utv\u00e1\u0159ela v oblasti, kde se prol\u00ednalo mnoho etnick\u00fdch skupin a kultur, n\u00e1bo\u017eenstv\u00ed a v\u00edry, zvyk\u016f a tradic. Stal se inspirac\u00ed pro obyvatele mnoha zem\u00ed: polsk\u00e9, rus\u00ednsk\u00e9 - B\u00edl\u00e9, \u010cern\u00e9 a \u010cerven\u00e9 Rusi, litevsk\u00e9, kurlandsk\u00e9, livonsk\u00e9, moldavsk\u00e9 a prusk\u00e9.<\/p>\n<p>Ve m\u011bst\u011b S\u0105dowa Wisznia, le\u017e\u00edc\u00edm v\u00fdchodn\u011b od Przemy\u015blu, se se\u0161el sejmik Lvovsk\u00e9, P\u0159emy\u0161lsk\u00e9 a Sanock\u00e9 oblasti.<\/p>\n<p>Z Przemy\u0161lska poch\u00e1zeli politici, kte\u0159\u00ed se v\u00fdznamn\u011b zapsali do na\u0161ich n\u00e1rodn\u00edch d\u011bjin. Byli to mimo jin\u00e9: Andrzej Maksymilian Fredro - mar\u0161\u00e1lek poslaneck\u00e9 sn\u011bmovny, v\u00fdznamn\u00fd filozof, zakladatel kl\u00e1\u0161tera a kostela v Kalwarii Pac\u0142awsk\u00e9; Stanis\u0142aw Jan Jab\u0142onowski - sen\u00e1tor, velk\u00fd hejtman Koruny a vojvoda rus\u00ednsk\u00fd; Stanis\u0142aw Sarnowski - biskup a velk\u00fd referent Koruny. V Przemy\u015blu p\u016fsobili vynikaj\u00edc\u00ed humanist\u00e9: Jan Herburt, autor mnoha d\u011bl o diplomacii pova\u017eovan\u00fdch v Evrop\u011b za klasick\u00e1, a Stanis\u0142aw Orzechowski, kter\u00fd psal o Pol\u00e1c\u00edch jako o orlech, pro n\u011b\u017e je svoboda synonymem polskosti, z\u00e1kladem politick\u00e9ho syst\u00e9mu a z\u00e1kladn\u00ed hodnotou.<\/p>\n<p>Konference po\u0159\u00e1dan\u00e9 k 550. v\u00fdro\u010d\u00ed polsk\u00e9ho parlamentarismu ukazuj\u00ed jedine\u010dnost Sejmu v jeho po\u010d\u00e1tc\u00edch, kter\u00fd m\u011bl trval\u00fd vliv na n\u00e1rodn\u00ed identitu nejen Pol\u00e1k\u016f, ale i ostatn\u00edch obyvatel na\u0161\u00ed \u010d\u00e1sti Evropy. Marek Kuchci\u0144ski zd\u016fraznil, \u017ee parlamentarismus se stal z\u00e1kladem politick\u00e9 kultury st\u0159edn\u00ed Evropy a umo\u017enil formovat politickou subjektivitu zalo\u017eenou na svobod\u011b ch\u00e1pan\u00e9 republik\u00e1nsky, tj. na \u00fa\u010dasti na politick\u00e9m \u017eivot\u011b.<\/p>\n<p>Mar\u0161\u00e1l p\u0159ipomn\u011bl, \u017ee v roce 1505 byla p\u0159ijata politick\u00e1 z\u00e1sada \"Nic o n\u00e1s bez n\u00e1s\". \u00dasp\u011bchy Rzeczpospolit\u00e9 polsko-litevsk\u00e9 - jedine\u010dn\u00e9ho civiliza\u010dn\u00edho prostoru v Evrop\u011b - sv\u011bd\u010d\u00ed o tom, jak pevn\u00fd z\u00e1klad to byl. - Jej\u00ed osud ur\u010dil identitu jak novodob\u00e9 polsk\u00e9 st\u00e1tnosti znovuzrozen\u00e9 p\u0159ed 100 lety, tak dne\u0161n\u00edho Polska - \u0159ekl Kuchci\u0144ski.<\/p>\n<p>Za historickou obec konferenci zah\u00e1jil profesor Dariusz Kupisz z Univerzity Marie Curie-Sk\u0142odowsk\u00e9 v Lublinu. Historik upozornil na skute\u010dnost, \u017ee podle v\u00fdzkum\u016f profesora Wac\u0142awa Urszczuka je rok 1468 vyvrcholen\u00edm dlouh\u00e9ho procesu formov\u00e1n\u00ed parlamentn\u00ed reprezentace s pravomoc\u00ed rozhodovat jm\u00e9nem voli\u010d\u016f. - Sejmy se konaly ji\u017e n\u011bkolik desetilet\u00ed p\u0159ed rokem 1468, ale a\u010dkoli se jich \u0161lechta \u00fa\u010dastnila v hojn\u00e9m po\u010dtu, nezastupovala voli\u010de. Mechanismus volby poslanc\u016f vznikl a\u017e pozd\u011bji - vysv\u011btlil profesor Kupisz.<\/p>\n<p dir=\"ltr\">Profesor Zbigniew Rau z univerzity v Lod\u017ei hovo\u0159il o v\u00fdznamu politick\u00e9ho my\u0161len\u00ed 17. stolet\u00ed pro n\u00e1rodn\u00ed identitu Pol\u00e1k\u016f. Podle n\u011bj se tehdej\u0161\u00ed politika vyzna\u010dovala subjektivitou a suverenitou. - Byla to politika, kterou prov\u00e1d\u011bli ob\u010dan\u00e9 Polsk\u00e9 republiky, nikoliv ciz\u00ed mocnosti, a slou\u017eila st\u00e1tn\u00edmu z\u00e1m\u011bru Rzeczpospolit\u00e9 Polsko-litevsk\u00e9. V pozd\u011bj\u0161\u00edch generac\u00edch se polsk\u00e1 politika z\u00fa\u017eila bu\u010f na snahu o nez\u00e1vislost, nebo na politiku sm\u00edru - upozornil profesor Rau.<\/p>\n<p dir=\"ltr\">Dr. Marek Tracz-Tryniecki z Lod\u017esk\u00e9 univerzity hovo\u0159il o \u00fa\u010dasti Andrzeje Maksymiliana Fredra na prvn\u00edm Sejmu v roce 1652 a zd\u016fraznil, \u017ee Fredro byl jedn\u00edm z t\u011bch, kte\u0159\u00ed protestovali proti p\u0159eru\u0161en\u00ed zased\u00e1n\u00ed. - Byl nejv\u011bt\u0161\u00ed osobnost\u00ed a nejv\u011bt\u0161\u00edm p\u0159edsedou Sejmu za vl\u00e1dy Jana Kazim\u00edra. U\u017e jako p\u0159edseda osudn\u00e9ho Sejmu v roce 1652 proslul Fredro jako mimo\u0159\u00e1dn\u011b kvalitn\u00ed poslanec. Dok\u00e1zal spojit republik\u00e1nsk\u00e9 my\u0161lenky s ur\u010ditou nez\u00e1vislost\u00ed, a to jak v\u016f\u010di dvoru, tak v\u016f\u010di radik\u00e1ln\u00ed opozici, s touhou pozvednout politick\u00e9 postaven\u00ed Sejmu na vy\u0161\u0161\u00ed \u00farove\u0148.<\/p>\n<p dir=\"ltr\">Dr. Lucjan Fac, z\u00e1stupce N\u00e1rodn\u00edho muzea v Przemy\u015blu, ve sv\u00e9m projevu p\u0159ipomn\u011bl, \u017ee mar\u0161\u00e1l Kuchci\u0144ski polo\u017eil kv\u011btiny u pam\u011btn\u00ed desky Andrzeje Maksymiliana Fredry v kostele svat\u00e9ho Anton\u00edna Padu\u00e1nsk\u00e9ho v Przemy\u015blu. - Kdy\u017e jsem st\u00e1l u hrobu Andrzeje Fredry, c\u00edtil jsem se jako historik velmi napln\u011bn\u00fd. Mar\u0161\u00e1lsk\u00e1 garda Sejmu Polsk\u00e9 republiky stoj\u00edc\u00ed u tohoto epitafu je kr\u00e1sn\u00fdm obrazem, kter\u00fd se zaslou\u017eil o na\u0161eho krajana,\" \u0159ekl.<\/p>\n<p dir=\"ltr\">Parlamentn\u00ed \u010dinnost z\u00e1stupc\u016f rodiny Herburt\u016f p\u0159edstavila Justyna Ga\u0142uszko z Jagellonsk\u00e9 univerzity. -Na formov\u00e1n\u00ed politick\u00fdch princip\u016f Rzeczpospolit\u00e9 se aktivn\u011b pod\u00edleli obyvatel\u00e9 p\u0159emyslovsk\u00e9 zem\u011b z rodu Herburk\u016f, kte\u0159\u00ed se za dv\u011b stolet\u00ed sv\u00e9 existence proslavili vzd\u011blanost\u00ed, ryt\u00ed\u0159stv\u00edm a oddanost\u00ed katolick\u00e9 v\u00ed\u0159e,\" zd\u016fraznil Ga\u0142uszko.<\/p>\n<p dir=\"ltr\">Politick\u00e9 my\u0161len\u00ed Stanis\u0142awa Orzechowsk\u00e9ho bylo p\u0159edm\u011btem prezentace Dr. Jana Musia\u0142a z V\u00fdchodoevropsk\u00e9 st\u00e1tn\u00ed \u0161koly v Przemy\u015blu. - Byl jedn\u00edm z hlavn\u00edch tv\u016frc\u016f koncepce \u0161lechtick\u00e9 svobody a hnut\u00ed na obranu pr\u00e1v \u0161lechty. O Pol\u00e1c\u00edch psal jako o orlech, pro kter\u00e9 je svoboda synonymem polskosti, z\u00e1kladem syst\u00e9mu a z\u00e1kladn\u00ed hodnotou - \u0159ekl Dr. Musia\u0142.<\/p>\n<p dir=\"ltr\">Mechanismus fungov\u00e1n\u00ed pre-sejmik\u016f v S\u0105dowej Wiszni v 17. stolet\u00ed p\u0159edstavil Dr. Andrzej Kr\u00f3l ze Spole\u010dnosti p\u0159\u00e1tel v\u011bdy v Przemy\u015blu. - Jedn\u00e1n\u00ed wiszowsk\u00e9ho sejmiku, kter\u00fd zastupoval sejmiky zem\u00ed Lvov, Przemy\u015bl a Sanok, se podobalo pravidl\u016fm ostatn\u00edch korunn\u00edch sejmik\u016f. Absence psan\u00fdch pravidel upravuj\u00edc\u00edch jeho fungov\u00e1n\u00ed sv\u011bd\u010d\u00ed o dominantn\u00ed roli praxe a zvyklost\u00ed - zd\u016fraznil dr.Kr\u00f3l.<\/p>\n<p dir=\"ltr\">Profesor Wies\u0142aw Bondyra z Univerzity Marie Curie-Sk\u0142odowsk\u00e9 (UMCS), kter\u00fd hovo\u0159il o parlamentn\u00edm zastoupen\u00ed Przemy\u0161lska v sask\u00fdch dob\u00e1ch, zd\u016fraznil, \u017ee a\u010dkoli se v tomto obdob\u00ed nepoda\u0159ilo prosadit model zlep\u0161en\u00ed parlamentn\u00edho \u017eivota, objevily se prvn\u00ed postul\u00e1ty o nutnosti zaveden\u00ed v\u011bt\u0161inov\u00e9ho volebn\u00edho syst\u00e9mu. - Hesla svobody neopustili, ale kdy\u017e vid\u011bli postupuj\u00edc\u00ed rozpad polsk\u00e9ho st\u00e1tu, tak\u00e9 poslanci z Przemy\u0161lu byli pro v\u011bt\u0161\u00ed centralizaci st\u00e1tn\u00ed moci a reformu debat - vysv\u011btlil.<\/p>\n<p dir=\"ltr\">Posledn\u00edm \u0159e\u010dn\u00edkem byl profesor Adam Per\u0142akowski z Jagellonsk\u00e9 univerzity, kter\u00fd ve sv\u00e9m vystoupen\u00ed hledal odpov\u011b\u010f na ot\u00e1zku, zda byl parlamentarismus stanislavsk\u00e9 \u00e9ry novou kvalitou, nebo tv\u016fr\u010d\u00edm pokra\u010dov\u00e1n\u00edm. Profesor Per\u0142akowski upozornil, \u017ee doba stanis\u0142awovsk\u00e1 byla dobou konfederac\u00ed, a kdy\u017e se debaty konaly touto formou, \u017e\u00e1dn\u00fd ze sejm\u016f nebyl p\u0159eru\u0161en a skon\u010dil legislativn\u00edm \u00fasp\u011bchem. - Stanislavovsk\u00e1 doba je skv\u011bl\u00fdm p\u0159\u00edkladem vzniku nov\u00e9ho ob\u010dansk\u00e9ho c\u00edt\u011bn\u00ed. V\u00fdzkumy uk\u00e1zaly, \u017ee od dob \u010dty\u0159let\u00e9ho Sejmu, kter\u00fd zavedl \u0159adu reforem, roste v Polsku pov\u011bdom\u00ed o tom, \u017ee kl\u00ed\u010dov\u00e9 zm\u011bny nelze v zemi zav\u00e1d\u011bt bez \u00fa\u010dasti Sejmu, nebo\u0165 s\u00edla n\u00e1roda spo\u010d\u00edv\u00e1 v moudr\u00fdch a odpov\u011bdn\u00fdch poslanc\u00edch, kte\u0159\u00ed se \u0159\u00edd\u00ed spole\u010dn\u00fdm dobrem,\" \u0159ekl profesor Per\u0142akowski.<\/p>\n<p dir=\"ltr\">B\u011bhem konference p\u0159edstavil \u0159editel Zemsk\u00e9ho muzea v Przemyslu Jan Jarosz autory publikace \"M\u011bsto state\u010dnosti. Przemy\u015bl u p\u0159\u00edle\u017eitosti 100. v\u00fdro\u010d\u00ed z\u00edsk\u00e1n\u00ed nez\u00e1vislosti\" - obnoven\u00e1 v\u00fdstava z roku 1918 Hv\u011bzda z Przemyslu jako pod\u011bkov\u00e1n\u00ed za jejich pod\u00edl na vzniku knihy. Publikaci vydalo Wydawnictwo Sejmowe a jej\u00edmi spoluautory jsou Marek Kuchci\u0144ski a m\u00edstop\u0159edseda Sejmu Ryszard Terlecki.<\/p>\n<p dir=\"ltr\">Konferenci p\u0159edch\u00e1zela m\u0161e svat\u00e1 v arcikathedr\u00e1ln\u00ed bazilice sv. Jana K\u0159titele a Nanebevzet\u00ed Panny Marie. Na z\u00e1v\u011br dne se v Kulturn\u00edm centru v Przemy\u015blu uskute\u010dnil koncert nez\u00e1visl\u00fdch p\u00edsn\u00ed od Sarmacie po legie.<\/p>\n<p dir=\"ltr\">Akce se z\u00fa\u010dastnili poslanci, \u00fa\u0159edn\u00edci m\u00edstn\u00ed samospr\u00e1vy, historici a muzejn\u00edci. Mezi hosty byli Adrienne K\u00f6rmendy, gener\u00e1ln\u00ed konzulka Ma\u010farska, podkarpatsk\u00e1 hejtmanka Ewa Leniart a n\u00e1m\u011bstek mar\u0161\u00e1lka Podkarpatsk\u00e9 Rusi Piotr Pilch.<\/p>\n<p dir=\"ltr\"><a href=\"https:\/\/marekkuchcinski.pl\/wp-content\/uploads\/2018\/11\/DSCF1925-1.jpg\"><img fetchpriority=\"high\" decoding=\"async\" class=\"alignnone size-full wp-image-11278\" src=\"https:\/\/marekkuchcinski.pl\/wp-content\/uploads\/2018\/11\/DSCF1925-1.jpg\" alt=\"DSCF1925 (1)\" width=\"4146\" height=\"2782\" srcset=\"https:\/\/marekkuchcinski.pl\/wp-content\/uploads\/2018\/11\/DSCF1925-1.jpg 2048w, https:\/\/marekkuchcinski.pl\/wp-content\/uploads\/2018\/11\/DSCF1925-1-300x201.jpg 300w, https:\/\/marekkuchcinski.pl\/wp-content\/uploads\/2018\/11\/DSCF1925-1-768x515.jpg 768w, https:\/\/marekkuchcinski.pl\/wp-content\/uploads\/2018\/11\/DSCF1925-1-1024x687.jpg 1024w\" sizes=\"(max-width: 4146px) 100vw, 4146px\" \/><\/a> <a href=\"https:\/\/marekkuchcinski.pl\/wp-content\/uploads\/2018\/11\/DSCF1924.jpg\"><img decoding=\"async\" class=\"alignnone size-full wp-image-11295\" src=\"https:\/\/marekkuchcinski.pl\/wp-content\/uploads\/2018\/11\/DSCF1924.jpg\" alt=\"DSCF1924\" width=\"4470\" height=\"2904\" srcset=\"https:\/\/marekkuchcinski.pl\/wp-content\/uploads\/2018\/11\/DSCF1924.jpg 2048w, https:\/\/marekkuchcinski.pl\/wp-content\/uploads\/2018\/11\/DSCF1924-300x195.jpg 300w, https:\/\/marekkuchcinski.pl\/wp-content\/uploads\/2018\/11\/DSCF1924-768x499.jpg 768w, https:\/\/marekkuchcinski.pl\/wp-content\/uploads\/2018\/11\/DSCF1924-1024x665.jpg 1024w\" sizes=\"(max-width: 4470px) 100vw, 4470px\" \/><\/a><a href=\"https:\/\/marekkuchcinski.pl\/wp-content\/uploads\/2018\/11\/DSCF1962-1-23.jpg\"><img decoding=\"async\" class=\"alignnone size-full wp-image-11314\" src=\"https:\/\/marekkuchcinski.pl\/wp-content\/uploads\/2018\/11\/DSCF1962-1-23.jpg\" alt=\"DSCF1962 (1) 23\" width=\"3714\" height=\"2702\" srcset=\"https:\/\/marekkuchcinski.pl\/wp-content\/uploads\/2018\/11\/DSCF1962-1-23.jpg 2048w, https:\/\/marekkuchcinski.pl\/wp-content\/uploads\/2018\/11\/DSCF1962-1-23-300x218.jpg 300w, https:\/\/marekkuchcinski.pl\/wp-content\/uploads\/2018\/11\/DSCF1962-1-23-768x559.jpg 768w, https:\/\/marekkuchcinski.pl\/wp-content\/uploads\/2018\/11\/DSCF1962-1-23-1024x745.jpg 1024w\" sizes=\"(max-width: 3714px) 100vw, 3714px\" \/><\/a> <a href=\"https:\/\/marekkuchcinski.pl\/wp-content\/uploads\/2018\/11\/DSCF1965.jpg\"><img loading=\"lazy\" decoding=\"async\" class=\"alignnone size-full wp-image-11282\" src=\"https:\/\/marekkuchcinski.pl\/wp-content\/uploads\/2018\/11\/DSCF1965.jpg\" alt=\"DSCF1965\" width=\"4896\" height=\"3264\" srcset=\"https:\/\/marekkuchcinski.pl\/wp-content\/uploads\/2018\/11\/DSCF1965.jpg 2048w, https:\/\/marekkuchcinski.pl\/wp-content\/uploads\/2018\/11\/DSCF1965-300x200.jpg 300w, https:\/\/marekkuchcinski.pl\/wp-content\/uploads\/2018\/11\/DSCF1965-768x512.jpg 768w, https:\/\/marekkuchcinski.pl\/wp-content\/uploads\/2018\/11\/DSCF1965-1024x683.jpg 1024w\" sizes=\"(max-width: 4896px) 100vw, 4896px\" \/><\/a> <a href=\"https:\/\/marekkuchcinski.pl\/wp-content\/uploads\/2018\/11\/DSCF1973.jpg\"><img loading=\"lazy\" decoding=\"async\" class=\"alignnone size-full wp-image-11283\" src=\"https:\/\/marekkuchcinski.pl\/wp-content\/uploads\/2018\/11\/DSCF1973.jpg\" alt=\"DSCF1973\" width=\"4896\" height=\"3264\" srcset=\"https:\/\/marekkuchcinski.pl\/wp-content\/uploads\/2018\/11\/DSCF1973.jpg 2048w, https:\/\/marekkuchcinski.pl\/wp-content\/uploads\/2018\/11\/DSCF1973-300x200.jpg 300w, https:\/\/marekkuchcinski.pl\/wp-content\/uploads\/2018\/11\/DSCF1973-768x512.jpg 768w, https:\/\/marekkuchcinski.pl\/wp-content\/uploads\/2018\/11\/DSCF1973-1024x683.jpg 1024w\" sizes=\"(max-width: 4896px) 100vw, 4896px\" \/><\/a> <a href=\"https:\/\/marekkuchcinski.pl\/wp-content\/uploads\/2018\/11\/DSCF1996-1.jpg\"><img loading=\"lazy\" decoding=\"async\" class=\"alignnone size-full wp-image-11284\" src=\"https:\/\/marekkuchcinski.pl\/wp-content\/uploads\/2018\/11\/DSCF1996-1.jpg\" alt=\"DSCF1996 (1)\" width=\"4239\" height=\"2648\" srcset=\"https:\/\/marekkuchcinski.pl\/wp-content\/uploads\/2018\/11\/DSCF1996-1.jpg 2048w, https:\/\/marekkuchcinski.pl\/wp-content\/uploads\/2018\/11\/DSCF1996-1-300x187.jpg 300w, https:\/\/marekkuchcinski.pl\/wp-content\/uploads\/2018\/11\/DSCF1996-1-768x480.jpg 768w, https:\/\/marekkuchcinski.pl\/wp-content\/uploads\/2018\/11\/DSCF1996-1-1024x640.jpg 1024w\" sizes=\"(max-width: 4239px) 100vw, 4239px\" \/><\/a><a href=\"https:\/\/marekkuchcinski.pl\/wp-content\/uploads\/2018\/11\/PSX_20181126_154800.jpg\"><img loading=\"lazy\" decoding=\"async\" class=\"alignnone size-full wp-image-11305\" src=\"https:\/\/marekkuchcinski.pl\/wp-content\/uploads\/2018\/11\/PSX_20181126_154800.jpg\" alt=\"PSX_20181126_154800\" width=\"3092\" height=\"2637\" srcset=\"https:\/\/marekkuchcinski.pl\/wp-content\/uploads\/2018\/11\/PSX_20181126_154800.jpg 2048w, https:\/\/marekkuchcinski.pl\/wp-content\/uploads\/2018\/11\/PSX_20181126_154800-300x256.jpg 300w, https:\/\/marekkuchcinski.pl\/wp-content\/uploads\/2018\/11\/PSX_20181126_154800-768x655.jpg 768w, https:\/\/marekkuchcinski.pl\/wp-content\/uploads\/2018\/11\/PSX_20181126_154800-1024x873.jpg 1024w\" sizes=\"(max-width: 3092px) 100vw, 3092px\" \/><\/a><\/p>\n<p dir=\"ltr\"><em>Foto: M. Olejnik<\/em><\/p>","protected":false},"excerpt":{"rendered":"<p>W tym roku obchodzimy 550-lecie Parlamentaryzmu Rzeczypospolitej. W 1468 roku powsta\u0142 Sejm Kr\u00f3lestwa Polskiego w postaci dwuizbowej: senat i izba poselska. Kr\u00f3l Kazimierz Jagiello\u0144czyk, wybitny przedstawiciel Jagiellon\u00f3w \u2013 wielkiej \u015brodkowoeuropejskiej dynastii, zaprosi\u0142 pos\u0142\u00f3w wybranych na sejmikach ziemskich, \u017ceby naradza\u0107 si\u0119 nad sprawami \u00f3wczesnego pa\u0144stwa \u2013 naszej Rzeczypospolitej &#8211; przypomnia\u0142 marsza\u0142ek Sejmu Marek Kuchci\u0144ski podczas obchod\u00f3w [&hellip;]<\/p>","protected":false},"author":6,"featured_media":11315,"comment_status":"open","ping_status":"open","sticky":false,"template":"","format":"standard","meta":{"ngg_post_thumbnail":0,"footnotes":""},"categories":[49,77,81,3],"tags":[],"class_list":["post-11237","post","type-post","status-publish","format-standard","has-post-thumbnail","hentry","category-podkarpacie","category-wazne-daty","category-wiesci-z-sejmu","category-wydarzenia"],"yoast_head":"<!-- This site is optimized with the Yoast SEO plugin v24.7 - https:\/\/yoast.com\/wordpress\/plugins\/seo\/ -->\n<title>Przemy\u015bl: O polskiej tradycji parlamentarnej w 550. rocznic\u0119 powstania polskiego parlamentaryzmu &#8211; Marek Kuchci\u0144ski<\/title>\n<meta name=\"robots\" content=\"index, follow, max-snippet:-1, max-image-preview:large, max-video-preview:-1\" \/>\n<link rel=\"canonical\" href=\"https:\/\/marekkuchcinski.pl\/cs\/wydarzenia\/przemysl-o-polskiej-tradycji-parlamentarnej-550-rocznice-powstania-polskiego-parlamentaryzmu\/\" \/>\n<meta property=\"og:locale\" content=\"cs_CZ\" \/>\n<meta property=\"og:type\" content=\"article\" \/>\n<meta property=\"og:title\" content=\"Przemy\u015bl: O polskiej tradycji parlamentarnej w 550. rocznic\u0119 powstania polskiego parlamentaryzmu &#8211; Marek Kuchci\u0144ski\" \/>\n<meta property=\"og:description\" content=\"W tym roku obchodzimy 550-lecie Parlamentaryzmu Rzeczypospolitej. W 1468 roku powsta\u0142 Sejm Kr\u00f3lestwa Polskiego w postaci dwuizbowej: senat i izba poselska. Kr\u00f3l Kazimierz Jagiello\u0144czyk, wybitny przedstawiciel Jagiellon\u00f3w \u2013 wielkiej \u015brodkowoeuropejskiej dynastii, zaprosi\u0142 pos\u0142\u00f3w wybranych na sejmikach ziemskich, \u017ceby naradza\u0107 si\u0119 nad sprawami \u00f3wczesnego pa\u0144stwa \u2013 naszej Rzeczypospolitej &#8211; przypomnia\u0142 marsza\u0142ek Sejmu Marek Kuchci\u0144ski podczas obchod\u00f3w [&hellip;]\" \/>\n<meta property=\"og:url\" content=\"https:\/\/marekkuchcinski.pl\/cs\/wydarzenia\/przemysl-o-polskiej-tradycji-parlamentarnej-550-rocznice-powstania-polskiego-parlamentaryzmu\/\" \/>\n<meta property=\"og:site_name\" content=\"Marek Kuchci\u0144ski\" \/>\n<meta property=\"article:published_time\" content=\"2018-11-26T14:38:16+00:00\" \/>\n<meta property=\"article:modified_time\" content=\"2018-11-26T15:04:56+00:00\" \/>\n<meta property=\"og:image\" content=\"https:\/\/marekkuchcinski.pl\/wp-content\/uploads\/2018\/11\/DSCF1973-2.jpg\" \/>\n\t<meta property=\"og:image:width\" content=\"2048\" \/>\n\t<meta property=\"og:image:height\" content=\"1318\" \/>\n\t<meta property=\"og:image:type\" content=\"image\/jpeg\" \/>\n<meta name=\"author\" content=\"admin\" \/>\n<meta name=\"twitter:card\" content=\"summary_large_image\" \/>\n<meta name=\"twitter:label1\" content=\"Napsal(a)\" \/>\n\t<meta name=\"twitter:data1\" content=\"admin\" \/>\n\t<meta name=\"twitter:label2\" content=\"Odhadovan\u00e1 doba \u010dten\u00ed\" \/>\n\t<meta name=\"twitter:data2\" content=\"7 minut\" \/>\n<script type=\"application\/ld+json\" class=\"yoast-schema-graph\">{\"@context\":\"https:\/\/schema.org\",\"@graph\":[{\"@type\":\"Article\",\"@id\":\"https:\/\/marekkuchcinski.pl\/uk\/wydarzenia\/przemysl-o-polskiej-tradycji-parlamentarnej-550-rocznice-powstania-polskiego-parlamentaryzmu\/#article\",\"isPartOf\":{\"@id\":\"https:\/\/marekkuchcinski.pl\/uk\/wydarzenia\/przemysl-o-polskiej-tradycji-parlamentarnej-550-rocznice-powstania-polskiego-parlamentaryzmu\/\"},\"author\":{\"name\":\"admin\",\"@id\":\"https:\/\/marekkuchcinski.pl\/#\/schema\/person\/6f62700996b4d950b6ea2d1183b6c6be\"},\"headline\":\"Przemy\u015bl: O polskiej tradycji parlamentarnej w 550. rocznic\u0119 powstania polskiego parlamentaryzmu\",\"datePublished\":\"2018-11-26T14:38:16+00:00\",\"dateModified\":\"2018-11-26T15:04:56+00:00\",\"mainEntityOfPage\":{\"@id\":\"https:\/\/marekkuchcinski.pl\/uk\/wydarzenia\/przemysl-o-polskiej-tradycji-parlamentarnej-550-rocznice-powstania-polskiego-parlamentaryzmu\/\"},\"wordCount\":1387,\"commentCount\":0,\"publisher\":{\"@id\":\"https:\/\/marekkuchcinski.pl\/#organization\"},\"image\":{\"@id\":\"https:\/\/marekkuchcinski.pl\/uk\/wydarzenia\/przemysl-o-polskiej-tradycji-parlamentarnej-550-rocznice-powstania-polskiego-parlamentaryzmu\/#primaryimage\"},\"thumbnailUrl\":\"https:\/\/marekkuchcinski.pl\/wp-content\/uploads\/2018\/11\/DSCF1973-2.jpg\",\"articleSection\":[\"Podkarpacie\",\"Wa\u017cne daty\",\"Wie\u015bci z Sejmu\",\"Wydarzenia\"],\"inLanguage\":\"cs\",\"potentialAction\":[{\"@type\":\"CommentAction\",\"name\":\"Comment\",\"target\":[\"https:\/\/marekkuchcinski.pl\/uk\/wydarzenia\/przemysl-o-polskiej-tradycji-parlamentarnej-550-rocznice-powstania-polskiego-parlamentaryzmu\/#respond\"]}]},{\"@type\":\"WebPage\",\"@id\":\"https:\/\/marekkuchcinski.pl\/uk\/wydarzenia\/przemysl-o-polskiej-tradycji-parlamentarnej-550-rocznice-powstania-polskiego-parlamentaryzmu\/\",\"url\":\"https:\/\/marekkuchcinski.pl\/uk\/wydarzenia\/przemysl-o-polskiej-tradycji-parlamentarnej-550-rocznice-powstania-polskiego-parlamentaryzmu\/\",\"name\":\"Przemy\u015bl: O polskiej tradycji parlamentarnej w 550. rocznic\u0119 powstania polskiego parlamentaryzmu &#8211; Marek Kuchci\u0144ski\",\"isPartOf\":{\"@id\":\"https:\/\/marekkuchcinski.pl\/#website\"},\"primaryImageOfPage\":{\"@id\":\"https:\/\/marekkuchcinski.pl\/uk\/wydarzenia\/przemysl-o-polskiej-tradycji-parlamentarnej-550-rocznice-powstania-polskiego-parlamentaryzmu\/#primaryimage\"},\"image\":{\"@id\":\"https:\/\/marekkuchcinski.pl\/uk\/wydarzenia\/przemysl-o-polskiej-tradycji-parlamentarnej-550-rocznice-powstania-polskiego-parlamentaryzmu\/#primaryimage\"},\"thumbnailUrl\":\"https:\/\/marekkuchcinski.pl\/wp-content\/uploads\/2018\/11\/DSCF1973-2.jpg\",\"datePublished\":\"2018-11-26T14:38:16+00:00\",\"dateModified\":\"2018-11-26T15:04:56+00:00\",\"breadcrumb\":{\"@id\":\"https:\/\/marekkuchcinski.pl\/uk\/wydarzenia\/przemysl-o-polskiej-tradycji-parlamentarnej-550-rocznice-powstania-polskiego-parlamentaryzmu\/#breadcrumb\"},\"inLanguage\":\"cs\",\"potentialAction\":[{\"@type\":\"ReadAction\",\"target\":[\"https:\/\/marekkuchcinski.pl\/uk\/wydarzenia\/przemysl-o-polskiej-tradycji-parlamentarnej-550-rocznice-powstania-polskiego-parlamentaryzmu\/\"]}]},{\"@type\":\"ImageObject\",\"inLanguage\":\"cs\",\"@id\":\"https:\/\/marekkuchcinski.pl\/uk\/wydarzenia\/przemysl-o-polskiej-tradycji-parlamentarnej-550-rocznice-powstania-polskiego-parlamentaryzmu\/#primaryimage\",\"url\":\"https:\/\/marekkuchcinski.pl\/wp-content\/uploads\/2018\/11\/DSCF1973-2.jpg\",\"contentUrl\":\"https:\/\/marekkuchcinski.pl\/wp-content\/uploads\/2018\/11\/DSCF1973-2.jpg\",\"width\":2048,\"height\":1318},{\"@type\":\"BreadcrumbList\",\"@id\":\"https:\/\/marekkuchcinski.pl\/uk\/wydarzenia\/przemysl-o-polskiej-tradycji-parlamentarnej-550-rocznice-powstania-polskiego-parlamentaryzmu\/#breadcrumb\",\"itemListElement\":[{\"@type\":\"ListItem\",\"position\":1,\"name\":\"Strona g\u0142\u00f3wna\",\"item\":\"https:\/\/marekkuchcinski.pl\/\"},{\"@type\":\"ListItem\",\"position\":2,\"name\":\"Przemy\u015bl: O polskiej tradycji parlamentarnej w 550. rocznic\u0119 powstania polskiego parlamentaryzmu\"}]},{\"@type\":\"WebSite\",\"@id\":\"https:\/\/marekkuchcinski.pl\/#website\",\"url\":\"https:\/\/marekkuchcinski.pl\/\",\"name\":\"Marek Kuchci\u0144ski\",\"description\":\"Pose\u0142 na sejm RP &ndash; okr\u0119g nr 22\",\"publisher\":{\"@id\":\"https:\/\/marekkuchcinski.pl\/#organization\"},\"potentialAction\":[{\"@type\":\"SearchAction\",\"target\":{\"@type\":\"EntryPoint\",\"urlTemplate\":\"https:\/\/marekkuchcinski.pl\/?s={search_term_string}\"},\"query-input\":{\"@type\":\"PropertyValueSpecification\",\"valueRequired\":true,\"valueName\":\"search_term_string\"}}],\"inLanguage\":\"cs\"},{\"@type\":\"Organization\",\"@id\":\"https:\/\/marekkuchcinski.pl\/#organization\",\"name\":\"Marek Kuchci\u0144ski\",\"url\":\"https:\/\/marekkuchcinski.pl\/\",\"logo\":{\"@type\":\"ImageObject\",\"inLanguage\":\"cs\",\"@id\":\"https:\/\/marekkuchcinski.pl\/#\/schema\/logo\/image\/\",\"url\":\"https:\/\/marekkuchcinski.pl\/wp-content\/uploads\/2022\/09\/Marek.jpg\",\"contentUrl\":\"https:\/\/marekkuchcinski.pl\/wp-content\/uploads\/2022\/09\/Marek.jpg\",\"width\":1600,\"height\":971,\"caption\":\"Marek Kuchci\u0144ski\"},\"image\":{\"@id\":\"https:\/\/marekkuchcinski.pl\/#\/schema\/logo\/image\/\"}},{\"@type\":\"Person\",\"@id\":\"https:\/\/marekkuchcinski.pl\/#\/schema\/person\/6f62700996b4d950b6ea2d1183b6c6be\",\"name\":\"admin\",\"image\":{\"@type\":\"ImageObject\",\"inLanguage\":\"cs\",\"@id\":\"https:\/\/marekkuchcinski.pl\/#\/schema\/person\/image\/\",\"url\":\"https:\/\/secure.gravatar.com\/avatar\/4bab693b9d55c3d6b52c0296a8765085?s=96&d=mm&r=g\",\"contentUrl\":\"https:\/\/secure.gravatar.com\/avatar\/4bab693b9d55c3d6b52c0296a8765085?s=96&d=mm&r=g\",\"caption\":\"admin\"},\"url\":\"https:\/\/marekkuchcinski.pl\/cs\/author\/marta-olejnik\/\"}]}<\/script>\n<!-- \/ Yoast SEO plugin. -->","yoast_head_json":{"title":"Przemy\u015bl: O polskiej tradycji parlamentarnej w 550. rocznic\u0119 powstania polskiego parlamentaryzmu &#8211; Marek Kuchci\u0144ski","robots":{"index":"index","follow":"follow","max-snippet":"max-snippet:-1","max-image-preview":"max-image-preview:large","max-video-preview":"max-video-preview:-1"},"canonical":"https:\/\/marekkuchcinski.pl\/cs\/wydarzenia\/przemysl-o-polskiej-tradycji-parlamentarnej-550-rocznice-powstania-polskiego-parlamentaryzmu\/","og_locale":"cs_CZ","og_type":"article","og_title":"Przemy\u015bl: O polskiej tradycji parlamentarnej w 550. rocznic\u0119 powstania polskiego parlamentaryzmu &#8211; Marek Kuchci\u0144ski","og_description":"W tym roku obchodzimy 550-lecie Parlamentaryzmu Rzeczypospolitej. W 1468 roku powsta\u0142 Sejm Kr\u00f3lestwa Polskiego w postaci dwuizbowej: senat i izba poselska. Kr\u00f3l Kazimierz Jagiello\u0144czyk, wybitny przedstawiciel Jagiellon\u00f3w \u2013 wielkiej \u015brodkowoeuropejskiej dynastii, zaprosi\u0142 pos\u0142\u00f3w wybranych na sejmikach ziemskich, \u017ceby naradza\u0107 si\u0119 nad sprawami \u00f3wczesnego pa\u0144stwa \u2013 naszej Rzeczypospolitej &#8211; przypomnia\u0142 marsza\u0142ek Sejmu Marek Kuchci\u0144ski podczas obchod\u00f3w [&hellip;]","og_url":"https:\/\/marekkuchcinski.pl\/cs\/wydarzenia\/przemysl-o-polskiej-tradycji-parlamentarnej-550-rocznice-powstania-polskiego-parlamentaryzmu\/","og_site_name":"Marek Kuchci\u0144ski","article_published_time":"2018-11-26T14:38:16+00:00","article_modified_time":"2018-11-26T15:04:56+00:00","og_image":[{"width":2048,"height":1318,"url":"https:\/\/marekkuchcinski.pl\/wp-content\/uploads\/2018\/11\/DSCF1973-2.jpg","type":"image\/jpeg"}],"author":"admin","twitter_card":"summary_large_image","twitter_misc":{"Napsal(a)":"admin","Odhadovan\u00e1 doba \u010dten\u00ed":"7 minut"},"schema":{"@context":"https:\/\/schema.org","@graph":[{"@type":"Article","@id":"https:\/\/marekkuchcinski.pl\/uk\/wydarzenia\/przemysl-o-polskiej-tradycji-parlamentarnej-550-rocznice-powstania-polskiego-parlamentaryzmu\/#article","isPartOf":{"@id":"https:\/\/marekkuchcinski.pl\/uk\/wydarzenia\/przemysl-o-polskiej-tradycji-parlamentarnej-550-rocznice-powstania-polskiego-parlamentaryzmu\/"},"author":{"name":"admin","@id":"https:\/\/marekkuchcinski.pl\/#\/schema\/person\/6f62700996b4d950b6ea2d1183b6c6be"},"headline":"Przemy\u015bl: O polskiej tradycji parlamentarnej w 550. rocznic\u0119 powstania polskiego parlamentaryzmu","datePublished":"2018-11-26T14:38:16+00:00","dateModified":"2018-11-26T15:04:56+00:00","mainEntityOfPage":{"@id":"https:\/\/marekkuchcinski.pl\/uk\/wydarzenia\/przemysl-o-polskiej-tradycji-parlamentarnej-550-rocznice-powstania-polskiego-parlamentaryzmu\/"},"wordCount":1387,"commentCount":0,"publisher":{"@id":"https:\/\/marekkuchcinski.pl\/#organization"},"image":{"@id":"https:\/\/marekkuchcinski.pl\/uk\/wydarzenia\/przemysl-o-polskiej-tradycji-parlamentarnej-550-rocznice-powstania-polskiego-parlamentaryzmu\/#primaryimage"},"thumbnailUrl":"https:\/\/marekkuchcinski.pl\/wp-content\/uploads\/2018\/11\/DSCF1973-2.jpg","articleSection":["Podkarpacie","Wa\u017cne daty","Wie\u015bci z Sejmu","Wydarzenia"],"inLanguage":"cs","potentialAction":[{"@type":"CommentAction","name":"Comment","target":["https:\/\/marekkuchcinski.pl\/uk\/wydarzenia\/przemysl-o-polskiej-tradycji-parlamentarnej-550-rocznice-powstania-polskiego-parlamentaryzmu\/#respond"]}]},{"@type":"WebPage","@id":"https:\/\/marekkuchcinski.pl\/uk\/wydarzenia\/przemysl-o-polskiej-tradycji-parlamentarnej-550-rocznice-powstania-polskiego-parlamentaryzmu\/","url":"https:\/\/marekkuchcinski.pl\/uk\/wydarzenia\/przemysl-o-polskiej-tradycji-parlamentarnej-550-rocznice-powstania-polskiego-parlamentaryzmu\/","name":"Przemy\u015bl: O polskiej tradycji parlamentarnej w 550. rocznic\u0119 powstania polskiego parlamentaryzmu &#8211; Marek Kuchci\u0144ski","isPartOf":{"@id":"https:\/\/marekkuchcinski.pl\/#website"},"primaryImageOfPage":{"@id":"https:\/\/marekkuchcinski.pl\/uk\/wydarzenia\/przemysl-o-polskiej-tradycji-parlamentarnej-550-rocznice-powstania-polskiego-parlamentaryzmu\/#primaryimage"},"image":{"@id":"https:\/\/marekkuchcinski.pl\/uk\/wydarzenia\/przemysl-o-polskiej-tradycji-parlamentarnej-550-rocznice-powstania-polskiego-parlamentaryzmu\/#primaryimage"},"thumbnailUrl":"https:\/\/marekkuchcinski.pl\/wp-content\/uploads\/2018\/11\/DSCF1973-2.jpg","datePublished":"2018-11-26T14:38:16+00:00","dateModified":"2018-11-26T15:04:56+00:00","breadcrumb":{"@id":"https:\/\/marekkuchcinski.pl\/uk\/wydarzenia\/przemysl-o-polskiej-tradycji-parlamentarnej-550-rocznice-powstania-polskiego-parlamentaryzmu\/#breadcrumb"},"inLanguage":"cs","potentialAction":[{"@type":"ReadAction","target":["https:\/\/marekkuchcinski.pl\/uk\/wydarzenia\/przemysl-o-polskiej-tradycji-parlamentarnej-550-rocznice-powstania-polskiego-parlamentaryzmu\/"]}]},{"@type":"ImageObject","inLanguage":"cs","@id":"https:\/\/marekkuchcinski.pl\/uk\/wydarzenia\/przemysl-o-polskiej-tradycji-parlamentarnej-550-rocznice-powstania-polskiego-parlamentaryzmu\/#primaryimage","url":"https:\/\/marekkuchcinski.pl\/wp-content\/uploads\/2018\/11\/DSCF1973-2.jpg","contentUrl":"https:\/\/marekkuchcinski.pl\/wp-content\/uploads\/2018\/11\/DSCF1973-2.jpg","width":2048,"height":1318},{"@type":"BreadcrumbList","@id":"https:\/\/marekkuchcinski.pl\/uk\/wydarzenia\/przemysl-o-polskiej-tradycji-parlamentarnej-550-rocznice-powstania-polskiego-parlamentaryzmu\/#breadcrumb","itemListElement":[{"@type":"ListItem","position":1,"name":"Strona g\u0142\u00f3wna","item":"https:\/\/marekkuchcinski.pl\/"},{"@type":"ListItem","position":2,"name":"Przemy\u015bl: O polskiej tradycji parlamentarnej w 550. rocznic\u0119 powstania polskiego parlamentaryzmu"}]},{"@type":"WebSite","@id":"https:\/\/marekkuchcinski.pl\/#website","url":"https:\/\/marekkuchcinski.pl\/","name":"Marek Kuchci\u0144ski","description":"Pose\u0142 na sejm RP &ndash; okr\u0119g nr 22","publisher":{"@id":"https:\/\/marekkuchcinski.pl\/#organization"},"potentialAction":[{"@type":"SearchAction","target":{"@type":"EntryPoint","urlTemplate":"https:\/\/marekkuchcinski.pl\/?s={search_term_string}"},"query-input":{"@type":"PropertyValueSpecification","valueRequired":true,"valueName":"search_term_string"}}],"inLanguage":"cs"},{"@type":"Organization","@id":"https:\/\/marekkuchcinski.pl\/#organization","name":"Marek Kuchci\u0144ski","url":"https:\/\/marekkuchcinski.pl\/","logo":{"@type":"ImageObject","inLanguage":"cs","@id":"https:\/\/marekkuchcinski.pl\/#\/schema\/logo\/image\/","url":"https:\/\/marekkuchcinski.pl\/wp-content\/uploads\/2022\/09\/Marek.jpg","contentUrl":"https:\/\/marekkuchcinski.pl\/wp-content\/uploads\/2022\/09\/Marek.jpg","width":1600,"height":971,"caption":"Marek Kuchci\u0144ski"},"image":{"@id":"https:\/\/marekkuchcinski.pl\/#\/schema\/logo\/image\/"}},{"@type":"Person","@id":"https:\/\/marekkuchcinski.pl\/#\/schema\/person\/6f62700996b4d950b6ea2d1183b6c6be","name":"admin","image":{"@type":"ImageObject","inLanguage":"cs","@id":"https:\/\/marekkuchcinski.pl\/#\/schema\/person\/image\/","url":"https:\/\/secure.gravatar.com\/avatar\/4bab693b9d55c3d6b52c0296a8765085?s=96&d=mm&r=g","contentUrl":"https:\/\/secure.gravatar.com\/avatar\/4bab693b9d55c3d6b52c0296a8765085?s=96&d=mm&r=g","caption":"admin"},"url":"https:\/\/marekkuchcinski.pl\/cs\/author\/marta-olejnik\/"}]}},"_links":{"self":[{"href":"https:\/\/marekkuchcinski.pl\/cs\/wp-json\/wp\/v2\/posts\/11237","targetHints":{"allow":["GET"]}}],"collection":[{"href":"https:\/\/marekkuchcinski.pl\/cs\/wp-json\/wp\/v2\/posts"}],"about":[{"href":"https:\/\/marekkuchcinski.pl\/cs\/wp-json\/wp\/v2\/types\/post"}],"author":[{"embeddable":true,"href":"https:\/\/marekkuchcinski.pl\/cs\/wp-json\/wp\/v2\/users\/6"}],"replies":[{"embeddable":true,"href":"https:\/\/marekkuchcinski.pl\/cs\/wp-json\/wp\/v2\/comments?post=11237"}],"version-history":[{"count":17,"href":"https:\/\/marekkuchcinski.pl\/cs\/wp-json\/wp\/v2\/posts\/11237\/revisions"}],"predecessor-version":[{"id":11316,"href":"https:\/\/marekkuchcinski.pl\/cs\/wp-json\/wp\/v2\/posts\/11237\/revisions\/11316"}],"wp:featuredmedia":[{"embeddable":true,"href":"https:\/\/marekkuchcinski.pl\/cs\/wp-json\/wp\/v2\/media\/11315"}],"wp:attachment":[{"href":"https:\/\/marekkuchcinski.pl\/cs\/wp-json\/wp\/v2\/media?parent=11237"}],"wp:term":[{"taxonomy":"category","embeddable":true,"href":"https:\/\/marekkuchcinski.pl\/cs\/wp-json\/wp\/v2\/categories?post=11237"},{"taxonomy":"post_tag","embeddable":true,"href":"https:\/\/marekkuchcinski.pl\/cs\/wp-json\/wp\/v2\/tags?post=11237"}],"curies":[{"name":"wp","href":"https:\/\/api.w.org\/{rel}","templated":true}]}}