{"id":11224,"date":"2020-08-10T21:15:00","date_gmt":"2020-08-10T19:15:00","guid":{"rendered":"https:\/\/marekkuchcinski.pl\/?p=11224"},"modified":"2020-08-13T14:01:35","modified_gmt":"2020-08-13T12:01:35","slug":"marek-kuchcinski-nad-naszym-bezpieczenstwem-gorach-czuwaja-najlepsi-najlepszych","status":"publish","type":"post","link":"https:\/\/marekkuchcinski.pl\/cs\/wydarzenia\/marek-kuchcinski-nad-naszym-bezpieczenstwem-gorach-czuwaja-najlepsi-najlepszych\/","title":{"rendered":"Marek Kuchci\u0144ski: Na na\u0161i bezpe\u010dnost v hor\u00e1ch dohl\u00ed\u017eej\u00ed ti nejlep\u0161\u00ed z nejlep\u0161\u00edch"},"content":{"rendered":"<p>- Bez t\u011bchto state\u010dn\u00fdch lid\u00ed by na\u0161e kr\u00e1sn\u00e9 hory nebyly tak p\u0159\u00e1telsk\u00e9. Jsou to pr\u016fvodci a hor\u0161t\u00ed z\u00e1chran\u00e1\u0159i, kte\u0159\u00ed n\u00e1s s nasazen\u00edm \u017eivota \u010din\u00ed bezpe\u010dn\u011bj\u0161\u00edmi. Ka\u017ed\u00fd rok je den, kdy nov\u00ed z\u00e1chran\u00e1\u0159i skl\u00e1daj\u00ed p\u0159\u00edsahu na Modr\u00fd k\u0159\u00ed\u017e. Jejich p\u0159\u00edsaha se od roku 1909 nezm\u011bnila. M\u016f\u017eeme si b\u00fdt jisti, \u017ee dodr\u017e\u00ed sv\u00e9 slovo a zareaguj\u00ed na ka\u017ed\u00e9 vol\u00e1n\u00ed bez ohledu na ro\u010dn\u00ed obdob\u00ed, den nebo pov\u011btrnostn\u00ed podm\u00ednky. Mezi stovkami polsk\u00fdch GOPR jsou lid\u00e9 v\u0161ech profes\u00ed, v\u011bdci i lid\u00e9 \u017eiv\u00edc\u00ed se t\u011b\u017ekou fyzickou prac\u00ed, um\u011blci i lesn\u00edci. V\u0161echny spojuje posl\u00e1n\u00ed p\u0159in\u00e9st pomoc a v okam\u017eiku, kdy se vyd\u00e1vaj\u00ed na z\u00e1chrannou akci, jsou si v\u0161ichni rovni. Den horsk\u00fdch v\u016fdc\u016f a z\u00e1chran\u00e1\u0159\u016f p\u0159ipad\u00e1 v kalend\u00e1\u0159i na 10. srpna, tedy na sv\u00e1tek jejich patrona svat\u00e9ho Vav\u0159ince. Sv\u00e1tky jsou obdob\u00edm zintenzivn\u011bn\u00e9 pr\u00e1ce, tak\u017ee \u010das na oslavy a shrnut\u00ed roku p\u0159ich\u00e1z\u00ed a\u017e po sez\u00f3n\u011b. Vzpome\u0148me na ty, kte\u0159\u00ed n\u00e1s po cel\u00fd rok nezapom\u00ednaj\u00ed chr\u00e1nit - Marek Kuchci\u0144ski.<\/p>\n<p><a href=\"https:\/\/marekkuchcinski.pl\/wp-content\/uploads\/2018\/11\/M-go\u0301ry-RG.jpg\"><img fetchpriority=\"high\" decoding=\"async\" class=\"alignnone size-full wp-image-11228\" src=\"https:\/\/marekkuchcinski.pl\/wp-content\/uploads\/2018\/11\/M-go\u0301ry-RG.jpg\" alt=\"M go\u0301ry RG\" width=\"1056\" height=\"721\" srcset=\"https:\/\/marekkuchcinski.pl\/wp-content\/uploads\/2018\/11\/M-go\u0301ry-RG.jpg 1056w, https:\/\/marekkuchcinski.pl\/wp-content\/uploads\/2018\/11\/M-go\u0301ry-RG-300x205.jpg 300w, https:\/\/marekkuchcinski.pl\/wp-content\/uploads\/2018\/11\/M-go\u0301ry-RG-768x524.jpg 768w, https:\/\/marekkuchcinski.pl\/wp-content\/uploads\/2018\/11\/M-go\u0301ry-RG-1024x699.jpg 1024w\" sizes=\"(max-width: 1056px) 100vw, 1056px\" \/><\/a><\/p>\n<p><em>Foto: Marek Kuchci\u0144ski b\u011bhem jedn\u00e9 ze sv\u00fdch horsk\u00fdch v\u00fdprav. <\/em><em>V b\u0159eznu 2020 se stal p\u0159edsedou parlamentn\u00edho t\u00fdmu horsk\u00e9 slu\u017eby.<\/em><\/p>","protected":false},"excerpt":{"rendered":"<p>\u2013 Bez tych dzielnych ludzi nasze pi\u0119kne g\u00f3ry nie by\u0142yby tak przyjazne. To przewodnicy i ratownicy g\u00f3rscy, kt\u00f3rzy nara\u017caj\u0105c \u017cycie, sprawiaj\u0105, \u017ce jeste\u015bmy bezpieczniejsi. Co roku jest taki dzie\u0144, gdy nowi ratownicy \u015blubuj\u0105 na b\u0142\u0119kitny krzy\u017c. Ich przysi\u0119ga jest niezmienna od 1909 roku. Mo\u017cemy by\u0107 pewni, \u017ce dotrzymaj\u0105 jej s\u0142\u00f3w i stawi\u0105 si\u0119 na ka\u017cde [&hellip;]<\/p>","protected":false},"author":6,"featured_media":11228,"comment_status":"open","ping_status":"open","sticky":false,"template":"","format":"standard","meta":{"ngg_post_thumbnail":0,"footnotes":""},"categories":[49,77,3],"tags":[],"class_list":["post-11224","post","type-post","status-publish","format-standard","has-post-thumbnail","hentry","category-podkarpacie","category-wazne-daty","category-wydarzenia"],"yoast_head":"<!-- This site is optimized with the Yoast SEO plugin v24.7 - https:\/\/yoast.com\/wordpress\/plugins\/seo\/ -->\n<title>Marek Kuchci\u0144ski: Nad naszym bezpiecze\u0144stwem w g\u00f3rach czuwaj\u0105 najlepsi z najlepszych &#8211; Marek Kuchci\u0144ski<\/title>\n<meta name=\"robots\" content=\"index, follow, max-snippet:-1, max-image-preview:large, max-video-preview:-1\" \/>\n<link rel=\"canonical\" href=\"https:\/\/marekkuchcinski.pl\/cs\/wydarzenia\/marek-kuchcinski-nad-naszym-bezpieczenstwem-gorach-czuwaja-najlepsi-najlepszych\/\" \/>\n<meta property=\"og:locale\" content=\"cs_CZ\" \/>\n<meta property=\"og:type\" content=\"article\" \/>\n<meta property=\"og:title\" content=\"Marek Kuchci\u0144ski: Nad naszym bezpiecze\u0144stwem w g\u00f3rach czuwaj\u0105 najlepsi z najlepszych &#8211; Marek Kuchci\u0144ski\" \/>\n<meta property=\"og:description\" content=\"\u2013 Bez tych dzielnych ludzi nasze pi\u0119kne g\u00f3ry nie by\u0142yby tak przyjazne. To przewodnicy i ratownicy g\u00f3rscy, kt\u00f3rzy nara\u017caj\u0105c \u017cycie, sprawiaj\u0105, \u017ce jeste\u015bmy bezpieczniejsi. Co roku jest taki dzie\u0144, gdy nowi ratownicy \u015blubuj\u0105 na b\u0142\u0119kitny krzy\u017c. Ich przysi\u0119ga jest niezmienna od 1909 roku. Mo\u017cemy by\u0107 pewni, \u017ce dotrzymaj\u0105 jej s\u0142\u00f3w i stawi\u0105 si\u0119 na ka\u017cde [&hellip;]\" \/>\n<meta property=\"og:url\" content=\"https:\/\/marekkuchcinski.pl\/cs\/wydarzenia\/marek-kuchcinski-nad-naszym-bezpieczenstwem-gorach-czuwaja-najlepsi-najlepszych\/\" \/>\n<meta property=\"og:site_name\" content=\"Marek Kuchci\u0144ski\" \/>\n<meta property=\"article:published_time\" content=\"2020-08-10T19:15:00+00:00\" \/>\n<meta property=\"article:modified_time\" content=\"2020-08-13T12:01:35+00:00\" \/>\n<meta property=\"og:image\" content=\"https:\/\/marekkuchcinski.pl\/wp-content\/uploads\/2018\/11\/M-go\u0301ry-RG.jpg\" \/>\n\t<meta property=\"og:image:width\" content=\"1056\" \/>\n\t<meta property=\"og:image:height\" content=\"721\" \/>\n\t<meta property=\"og:image:type\" content=\"image\/jpeg\" \/>\n<meta name=\"author\" content=\"admin\" \/>\n<meta name=\"twitter:card\" content=\"summary_large_image\" \/>\n<meta name=\"twitter:label1\" content=\"Napsal(a)\" \/>\n\t<meta name=\"twitter:data1\" content=\"admin\" \/>\n\t<meta name=\"twitter:label2\" content=\"Odhadovan\u00e1 doba \u010dten\u00ed\" \/>\n\t<meta name=\"twitter:data2\" content=\"1 minuta\" \/>\n<script type=\"application\/ld+json\" class=\"yoast-schema-graph\">{\"@context\":\"https:\/\/schema.org\",\"@graph\":[{\"@type\":\"Article\",\"@id\":\"https:\/\/marekkuchcinski.pl\/cs\/wydarzenia\/marek-kuchcinski-nad-naszym-bezpieczenstwem-gorach-czuwaja-najlepsi-najlepszych\/#article\",\"isPartOf\":{\"@id\":\"https:\/\/marekkuchcinski.pl\/cs\/wydarzenia\/marek-kuchcinski-nad-naszym-bezpieczenstwem-gorach-czuwaja-najlepsi-najlepszych\/\"},\"author\":{\"name\":\"admin\",\"@id\":\"https:\/\/marekkuchcinski.pl\/#\/schema\/person\/6f62700996b4d950b6ea2d1183b6c6be\"},\"headline\":\"Marek Kuchci\u0144ski: Nad naszym bezpiecze\u0144stwem w g\u00f3rach czuwaj\u0105 najlepsi z najlepszych\",\"datePublished\":\"2020-08-10T19:15:00+00:00\",\"dateModified\":\"2020-08-13T12:01:35+00:00\",\"mainEntityOfPage\":{\"@id\":\"https:\/\/marekkuchcinski.pl\/cs\/wydarzenia\/marek-kuchcinski-nad-naszym-bezpieczenstwem-gorach-czuwaja-najlepsi-najlepszych\/\"},\"wordCount\":214,\"commentCount\":0,\"publisher\":{\"@id\":\"https:\/\/marekkuchcinski.pl\/#organization\"},\"image\":{\"@id\":\"https:\/\/marekkuchcinski.pl\/cs\/wydarzenia\/marek-kuchcinski-nad-naszym-bezpieczenstwem-gorach-czuwaja-najlepsi-najlepszych\/#primaryimage\"},\"thumbnailUrl\":\"https:\/\/marekkuchcinski.pl\/wp-content\/uploads\/2018\/11\/M-go\u0301ry-RG.jpg\",\"articleSection\":[\"Podkarpacie\",\"Wa\u017cne daty\",\"Wydarzenia\"],\"inLanguage\":\"cs\",\"potentialAction\":[{\"@type\":\"CommentAction\",\"name\":\"Comment\",\"target\":[\"https:\/\/marekkuchcinski.pl\/cs\/wydarzenia\/marek-kuchcinski-nad-naszym-bezpieczenstwem-gorach-czuwaja-najlepsi-najlepszych\/#respond\"]}]},{\"@type\":\"WebPage\",\"@id\":\"https:\/\/marekkuchcinski.pl\/cs\/wydarzenia\/marek-kuchcinski-nad-naszym-bezpieczenstwem-gorach-czuwaja-najlepsi-najlepszych\/\",\"url\":\"https:\/\/marekkuchcinski.pl\/cs\/wydarzenia\/marek-kuchcinski-nad-naszym-bezpieczenstwem-gorach-czuwaja-najlepsi-najlepszych\/\",\"name\":\"Marek Kuchci\u0144ski: Nad naszym bezpiecze\u0144stwem w g\u00f3rach czuwaj\u0105 najlepsi z najlepszych &#8211; Marek Kuchci\u0144ski\",\"isPartOf\":{\"@id\":\"https:\/\/marekkuchcinski.pl\/#website\"},\"primaryImageOfPage\":{\"@id\":\"https:\/\/marekkuchcinski.pl\/cs\/wydarzenia\/marek-kuchcinski-nad-naszym-bezpieczenstwem-gorach-czuwaja-najlepsi-najlepszych\/#primaryimage\"},\"image\":{\"@id\":\"https:\/\/marekkuchcinski.pl\/cs\/wydarzenia\/marek-kuchcinski-nad-naszym-bezpieczenstwem-gorach-czuwaja-najlepsi-najlepszych\/#primaryimage\"},\"thumbnailUrl\":\"https:\/\/marekkuchcinski.pl\/wp-content\/uploads\/2018\/11\/M-go\u0301ry-RG.jpg\",\"datePublished\":\"2020-08-10T19:15:00+00:00\",\"dateModified\":\"2020-08-13T12:01:35+00:00\",\"breadcrumb\":{\"@id\":\"https:\/\/marekkuchcinski.pl\/cs\/wydarzenia\/marek-kuchcinski-nad-naszym-bezpieczenstwem-gorach-czuwaja-najlepsi-najlepszych\/#breadcrumb\"},\"inLanguage\":\"cs\",\"potentialAction\":[{\"@type\":\"ReadAction\",\"target\":[\"https:\/\/marekkuchcinski.pl\/cs\/wydarzenia\/marek-kuchcinski-nad-naszym-bezpieczenstwem-gorach-czuwaja-najlepsi-najlepszych\/\"]}]},{\"@type\":\"ImageObject\",\"inLanguage\":\"cs\",\"@id\":\"https:\/\/marekkuchcinski.pl\/cs\/wydarzenia\/marek-kuchcinski-nad-naszym-bezpieczenstwem-gorach-czuwaja-najlepsi-najlepszych\/#primaryimage\",\"url\":\"https:\/\/marekkuchcinski.pl\/wp-content\/uploads\/2018\/11\/M-go\u0301ry-RG.jpg\",\"contentUrl\":\"https:\/\/marekkuchcinski.pl\/wp-content\/uploads\/2018\/11\/M-go\u0301ry-RG.jpg\",\"width\":1056,\"height\":721},{\"@type\":\"BreadcrumbList\",\"@id\":\"https:\/\/marekkuchcinski.pl\/cs\/wydarzenia\/marek-kuchcinski-nad-naszym-bezpieczenstwem-gorach-czuwaja-najlepsi-najlepszych\/#breadcrumb\",\"itemListElement\":[{\"@type\":\"ListItem\",\"position\":1,\"name\":\"Strona g\u0142\u00f3wna\",\"item\":\"https:\/\/marekkuchcinski.pl\/\"},{\"@type\":\"ListItem\",\"position\":2,\"name\":\"Marek Kuchci\u0144ski: Nad naszym bezpiecze\u0144stwem w g\u00f3rach czuwaj\u0105 najlepsi z najlepszych\"}]},{\"@type\":\"WebSite\",\"@id\":\"https:\/\/marekkuchcinski.pl\/#website\",\"url\":\"https:\/\/marekkuchcinski.pl\/\",\"name\":\"Marek Kuchci\u0144ski\",\"description\":\"Pose\u0142 na sejm RP &ndash; okr\u0119g nr 22\",\"publisher\":{\"@id\":\"https:\/\/marekkuchcinski.pl\/#organization\"},\"potentialAction\":[{\"@type\":\"SearchAction\",\"target\":{\"@type\":\"EntryPoint\",\"urlTemplate\":\"https:\/\/marekkuchcinski.pl\/?s={search_term_string}\"},\"query-input\":{\"@type\":\"PropertyValueSpecification\",\"valueRequired\":true,\"valueName\":\"search_term_string\"}}],\"inLanguage\":\"cs\"},{\"@type\":\"Organization\",\"@id\":\"https:\/\/marekkuchcinski.pl\/#organization\",\"name\":\"Marek Kuchci\u0144ski\",\"url\":\"https:\/\/marekkuchcinski.pl\/\",\"logo\":{\"@type\":\"ImageObject\",\"inLanguage\":\"cs\",\"@id\":\"https:\/\/marekkuchcinski.pl\/#\/schema\/logo\/image\/\",\"url\":\"https:\/\/marekkuchcinski.pl\/wp-content\/uploads\/2022\/09\/Marek.jpg\",\"contentUrl\":\"https:\/\/marekkuchcinski.pl\/wp-content\/uploads\/2022\/09\/Marek.jpg\",\"width\":1600,\"height\":971,\"caption\":\"Marek Kuchci\u0144ski\"},\"image\":{\"@id\":\"https:\/\/marekkuchcinski.pl\/#\/schema\/logo\/image\/\"}},{\"@type\":\"Person\",\"@id\":\"https:\/\/marekkuchcinski.pl\/#\/schema\/person\/6f62700996b4d950b6ea2d1183b6c6be\",\"name\":\"admin\",\"image\":{\"@type\":\"ImageObject\",\"inLanguage\":\"cs\",\"@id\":\"https:\/\/marekkuchcinski.pl\/#\/schema\/person\/image\/\",\"url\":\"https:\/\/secure.gravatar.com\/avatar\/4bab693b9d55c3d6b52c0296a8765085?s=96&d=mm&r=g\",\"contentUrl\":\"https:\/\/secure.gravatar.com\/avatar\/4bab693b9d55c3d6b52c0296a8765085?s=96&d=mm&r=g\",\"caption\":\"admin\"},\"url\":\"https:\/\/marekkuchcinski.pl\/cs\/author\/marta-olejnik\/\"}]}<\/script>\n<!-- \/ Yoast SEO plugin. -->","yoast_head_json":{"title":"Marek Kuchci\u0144ski: Nad naszym bezpiecze\u0144stwem w g\u00f3rach czuwaj\u0105 najlepsi z najlepszych &#8211; Marek Kuchci\u0144ski","robots":{"index":"index","follow":"follow","max-snippet":"max-snippet:-1","max-image-preview":"max-image-preview:large","max-video-preview":"max-video-preview:-1"},"canonical":"https:\/\/marekkuchcinski.pl\/cs\/wydarzenia\/marek-kuchcinski-nad-naszym-bezpieczenstwem-gorach-czuwaja-najlepsi-najlepszych\/","og_locale":"cs_CZ","og_type":"article","og_title":"Marek Kuchci\u0144ski: Nad naszym bezpiecze\u0144stwem w g\u00f3rach czuwaj\u0105 najlepsi z najlepszych &#8211; Marek Kuchci\u0144ski","og_description":"\u2013 Bez tych dzielnych ludzi nasze pi\u0119kne g\u00f3ry nie by\u0142yby tak przyjazne. To przewodnicy i ratownicy g\u00f3rscy, kt\u00f3rzy nara\u017caj\u0105c \u017cycie, sprawiaj\u0105, \u017ce jeste\u015bmy bezpieczniejsi. Co roku jest taki dzie\u0144, gdy nowi ratownicy \u015blubuj\u0105 na b\u0142\u0119kitny krzy\u017c. Ich przysi\u0119ga jest niezmienna od 1909 roku. Mo\u017cemy by\u0107 pewni, \u017ce dotrzymaj\u0105 jej s\u0142\u00f3w i stawi\u0105 si\u0119 na ka\u017cde [&hellip;]","og_url":"https:\/\/marekkuchcinski.pl\/cs\/wydarzenia\/marek-kuchcinski-nad-naszym-bezpieczenstwem-gorach-czuwaja-najlepsi-najlepszych\/","og_site_name":"Marek Kuchci\u0144ski","article_published_time":"2020-08-10T19:15:00+00:00","article_modified_time":"2020-08-13T12:01:35+00:00","og_image":[{"width":1056,"height":721,"url":"https:\/\/marekkuchcinski.pl\/wp-content\/uploads\/2018\/11\/M-go\u0301ry-RG.jpg","type":"image\/jpeg"}],"author":"admin","twitter_card":"summary_large_image","twitter_misc":{"Napsal(a)":"admin","Odhadovan\u00e1 doba \u010dten\u00ed":"1 minuta"},"schema":{"@context":"https:\/\/schema.org","@graph":[{"@type":"Article","@id":"https:\/\/marekkuchcinski.pl\/cs\/wydarzenia\/marek-kuchcinski-nad-naszym-bezpieczenstwem-gorach-czuwaja-najlepsi-najlepszych\/#article","isPartOf":{"@id":"https:\/\/marekkuchcinski.pl\/cs\/wydarzenia\/marek-kuchcinski-nad-naszym-bezpieczenstwem-gorach-czuwaja-najlepsi-najlepszych\/"},"author":{"name":"admin","@id":"https:\/\/marekkuchcinski.pl\/#\/schema\/person\/6f62700996b4d950b6ea2d1183b6c6be"},"headline":"Marek Kuchci\u0144ski: Nad naszym bezpiecze\u0144stwem w g\u00f3rach czuwaj\u0105 najlepsi z najlepszych","datePublished":"2020-08-10T19:15:00+00:00","dateModified":"2020-08-13T12:01:35+00:00","mainEntityOfPage":{"@id":"https:\/\/marekkuchcinski.pl\/cs\/wydarzenia\/marek-kuchcinski-nad-naszym-bezpieczenstwem-gorach-czuwaja-najlepsi-najlepszych\/"},"wordCount":214,"commentCount":0,"publisher":{"@id":"https:\/\/marekkuchcinski.pl\/#organization"},"image":{"@id":"https:\/\/marekkuchcinski.pl\/cs\/wydarzenia\/marek-kuchcinski-nad-naszym-bezpieczenstwem-gorach-czuwaja-najlepsi-najlepszych\/#primaryimage"},"thumbnailUrl":"https:\/\/marekkuchcinski.pl\/wp-content\/uploads\/2018\/11\/M-go\u0301ry-RG.jpg","articleSection":["Podkarpacie","Wa\u017cne daty","Wydarzenia"],"inLanguage":"cs","potentialAction":[{"@type":"CommentAction","name":"Comment","target":["https:\/\/marekkuchcinski.pl\/cs\/wydarzenia\/marek-kuchcinski-nad-naszym-bezpieczenstwem-gorach-czuwaja-najlepsi-najlepszych\/#respond"]}]},{"@type":"WebPage","@id":"https:\/\/marekkuchcinski.pl\/cs\/wydarzenia\/marek-kuchcinski-nad-naszym-bezpieczenstwem-gorach-czuwaja-najlepsi-najlepszych\/","url":"https:\/\/marekkuchcinski.pl\/cs\/wydarzenia\/marek-kuchcinski-nad-naszym-bezpieczenstwem-gorach-czuwaja-najlepsi-najlepszych\/","name":"Marek Kuchci\u0144ski: Nad naszym bezpiecze\u0144stwem w g\u00f3rach czuwaj\u0105 najlepsi z najlepszych &#8211; Marek Kuchci\u0144ski","isPartOf":{"@id":"https:\/\/marekkuchcinski.pl\/#website"},"primaryImageOfPage":{"@id":"https:\/\/marekkuchcinski.pl\/cs\/wydarzenia\/marek-kuchcinski-nad-naszym-bezpieczenstwem-gorach-czuwaja-najlepsi-najlepszych\/#primaryimage"},"image":{"@id":"https:\/\/marekkuchcinski.pl\/cs\/wydarzenia\/marek-kuchcinski-nad-naszym-bezpieczenstwem-gorach-czuwaja-najlepsi-najlepszych\/#primaryimage"},"thumbnailUrl":"https:\/\/marekkuchcinski.pl\/wp-content\/uploads\/2018\/11\/M-go\u0301ry-RG.jpg","datePublished":"2020-08-10T19:15:00+00:00","dateModified":"2020-08-13T12:01:35+00:00","breadcrumb":{"@id":"https:\/\/marekkuchcinski.pl\/cs\/wydarzenia\/marek-kuchcinski-nad-naszym-bezpieczenstwem-gorach-czuwaja-najlepsi-najlepszych\/#breadcrumb"},"inLanguage":"cs","potentialAction":[{"@type":"ReadAction","target":["https:\/\/marekkuchcinski.pl\/cs\/wydarzenia\/marek-kuchcinski-nad-naszym-bezpieczenstwem-gorach-czuwaja-najlepsi-najlepszych\/"]}]},{"@type":"ImageObject","inLanguage":"cs","@id":"https:\/\/marekkuchcinski.pl\/cs\/wydarzenia\/marek-kuchcinski-nad-naszym-bezpieczenstwem-gorach-czuwaja-najlepsi-najlepszych\/#primaryimage","url":"https:\/\/marekkuchcinski.pl\/wp-content\/uploads\/2018\/11\/M-go\u0301ry-RG.jpg","contentUrl":"https:\/\/marekkuchcinski.pl\/wp-content\/uploads\/2018\/11\/M-go\u0301ry-RG.jpg","width":1056,"height":721},{"@type":"BreadcrumbList","@id":"https:\/\/marekkuchcinski.pl\/cs\/wydarzenia\/marek-kuchcinski-nad-naszym-bezpieczenstwem-gorach-czuwaja-najlepsi-najlepszych\/#breadcrumb","itemListElement":[{"@type":"ListItem","position":1,"name":"Strona g\u0142\u00f3wna","item":"https:\/\/marekkuchcinski.pl\/"},{"@type":"ListItem","position":2,"name":"Marek Kuchci\u0144ski: Nad naszym bezpiecze\u0144stwem w g\u00f3rach czuwaj\u0105 najlepsi z najlepszych"}]},{"@type":"WebSite","@id":"https:\/\/marekkuchcinski.pl\/#website","url":"https:\/\/marekkuchcinski.pl\/","name":"Marek Kuchci\u0144ski","description":"Pose\u0142 na sejm RP &ndash; okr\u0119g nr 22","publisher":{"@id":"https:\/\/marekkuchcinski.pl\/#organization"},"potentialAction":[{"@type":"SearchAction","target":{"@type":"EntryPoint","urlTemplate":"https:\/\/marekkuchcinski.pl\/?s={search_term_string}"},"query-input":{"@type":"PropertyValueSpecification","valueRequired":true,"valueName":"search_term_string"}}],"inLanguage":"cs"},{"@type":"Organization","@id":"https:\/\/marekkuchcinski.pl\/#organization","name":"Marek Kuchci\u0144ski","url":"https:\/\/marekkuchcinski.pl\/","logo":{"@type":"ImageObject","inLanguage":"cs","@id":"https:\/\/marekkuchcinski.pl\/#\/schema\/logo\/image\/","url":"https:\/\/marekkuchcinski.pl\/wp-content\/uploads\/2022\/09\/Marek.jpg","contentUrl":"https:\/\/marekkuchcinski.pl\/wp-content\/uploads\/2022\/09\/Marek.jpg","width":1600,"height":971,"caption":"Marek Kuchci\u0144ski"},"image":{"@id":"https:\/\/marekkuchcinski.pl\/#\/schema\/logo\/image\/"}},{"@type":"Person","@id":"https:\/\/marekkuchcinski.pl\/#\/schema\/person\/6f62700996b4d950b6ea2d1183b6c6be","name":"admin","image":{"@type":"ImageObject","inLanguage":"cs","@id":"https:\/\/marekkuchcinski.pl\/#\/schema\/person\/image\/","url":"https:\/\/secure.gravatar.com\/avatar\/4bab693b9d55c3d6b52c0296a8765085?s=96&d=mm&r=g","contentUrl":"https:\/\/secure.gravatar.com\/avatar\/4bab693b9d55c3d6b52c0296a8765085?s=96&d=mm&r=g","caption":"admin"},"url":"https:\/\/marekkuchcinski.pl\/cs\/author\/marta-olejnik\/"}]}},"_links":{"self":[{"href":"https:\/\/marekkuchcinski.pl\/cs\/wp-json\/wp\/v2\/posts\/11224","targetHints":{"allow":["GET"]}}],"collection":[{"href":"https:\/\/marekkuchcinski.pl\/cs\/wp-json\/wp\/v2\/posts"}],"about":[{"href":"https:\/\/marekkuchcinski.pl\/cs\/wp-json\/wp\/v2\/types\/post"}],"author":[{"embeddable":true,"href":"https:\/\/marekkuchcinski.pl\/cs\/wp-json\/wp\/v2\/users\/6"}],"replies":[{"embeddable":true,"href":"https:\/\/marekkuchcinski.pl\/cs\/wp-json\/wp\/v2\/comments?post=11224"}],"version-history":[{"count":18,"href":"https:\/\/marekkuchcinski.pl\/cs\/wp-json\/wp\/v2\/posts\/11224\/revisions"}],"predecessor-version":[{"id":19566,"href":"https:\/\/marekkuchcinski.pl\/cs\/wp-json\/wp\/v2\/posts\/11224\/revisions\/19566"}],"wp:featuredmedia":[{"embeddable":true,"href":"https:\/\/marekkuchcinski.pl\/cs\/wp-json\/wp\/v2\/media\/11228"}],"wp:attachment":[{"href":"https:\/\/marekkuchcinski.pl\/cs\/wp-json\/wp\/v2\/media?parent=11224"}],"wp:term":[{"taxonomy":"category","embeddable":true,"href":"https:\/\/marekkuchcinski.pl\/cs\/wp-json\/wp\/v2\/categories?post=11224"},{"taxonomy":"post_tag","embeddable":true,"href":"https:\/\/marekkuchcinski.pl\/cs\/wp-json\/wp\/v2\/tags?post=11224"}],"curies":[{"name":"wp","href":"https:\/\/api.w.org\/{rel}","templated":true}]}}