{"id":11217,"date":"2018-11-25T11:22:52","date_gmt":"2018-11-25T10:22:52","guid":{"rendered":"https:\/\/marekkuchcinski.pl\/?p=11217"},"modified":"2018-11-26T11:33:47","modified_gmt":"2018-11-26T10:33:47","slug":"kolejarze-pelnili-swoja-sluzbe-najwyzszym-oddaniem-dajac-wielokrotne-dowody-patriotyzmu-profesjonalizmu-odpowiedzialnosci-list-marszalka-sejmu","status":"publish","type":"post","link":"https:\/\/marekkuchcinski.pl\/cs\/wydarzenia\/kolejarze-pelnili-swoja-sluzbe-najwyzszym-oddaniem-dajac-wielokrotne-dowody-patriotyzmu-profesjonalizmu-odpowiedzialnosci-list-marszalka-sejmu\/","title":{"rendered":"\u017delezni\u010d\u00e1\u0159i vykon\u00e1vali svou slu\u017ebu s maxim\u00e1ln\u00ed oddanost\u00ed a opakovan\u011b prok\u00e1zali vlastenectv\u00ed, profesionalitu a odpov\u011bdnost - Dopis p\u0159edsedy Sejmu"},"content":{"rendered":"<p class=\"p2\" style=\"text-align: left;\"><span class=\"s9\">Profese co<\/span>lejarz obklopen <span class=\"s10\">je v <\/span>na\u0161e k<span class=\"s4\">r\u00e1j <\/span>velk\u00fd respekt. <span class=\"s2\">Na adrese <\/span><span class=\"s9\">dobr\u00e9 <\/span><span class=\"s4\">n\u00e1zev\u00a0<\/span><span class=\"s4\">cel\u00e9ho sv\u011bta<\/span><span class=\"s9\">kruhy <\/span><span class=\"s2\">pracoval <\/span><span class=\"s9\">generace <\/span><span class=\"s11\">lid\u00e9 <\/span>zapojen\u00e9 <span class=\"s1\">ne <\/span><span class=\"s11\">pouze\u00a0<\/span><span class=\"s2\">w <\/span>prov\u00e1d\u011bn\u00ed ka\u017edodenn\u00edch <span class=\"s9\">povinnosti, ale <\/span><span class=\"s8\">tak\u00e9 <\/span><span class=\"s11\">w <\/span><span class=\"s9\">aktivity <\/span>nez\u00e1vislost. <span class=\"s2\">Byly to <\/span><span class=\"s9\">jeho\u00a0<\/span>slu\u017eba\u00a0<span class=\"s7\">z <\/span><span class=\"s1\">nejvy\u0161\u0161\u00ed <\/span>vracen\u00ed pen\u011bz, <span class=\"s3\">poskytov\u00e1n\u00ed <\/span><span class=\"s1\">v\u00edce <\/span>d\u016fkaz vlastenectv\u00ed, <span class=\"s4\">profesionalita\u00a0<\/span><span class=\"s1\">i <\/span>odpov\u011bdnost.<\/p>\n<p class=\"p2\">\u017deleznice <span class=\"s9\">jednotn\u00fd <\/span><span class=\"s3\">je <\/span>tak\u017ee <span class=\"s4\">symbol <\/span><span class=\"s9\">kr\u00e1sn\u00e9 <\/span>tradice, mnoho <span class=\"s9\">\u00fasp\u011bchy, <\/span><span class=\"s4\">kter\u00fd\u00a0<\/span><span class=\"s9\">jsou\u00a0<\/span>d\u016fle\u017eit\u00e9\u00a0<span class=\"s9\">karta\u00a0<\/span><span class=\"s2\">w <\/span>historie obnovy <span class=\"s1\">svobody <\/span>na\u0161e <span class=\"s6\">Vlast. <\/span><span class=\"s1\">Pat\u0159\u00ed k <\/span>jejich aktivn\u00ed \u00fa\u010dast <span class=\"s10\">w <\/span><span class=\"s9\">bojuje <\/span>nez\u00e1vislost, <span class=\"s3\">jako <\/span><span class=\"s9\">se tak\u00e9 pod\u00edlely\u00a0<\/span><span class=\"s10\">w <\/span>f\u00faze <span class=\"s6\">pozemky\u00a0<\/span>roztrhan\u00e9 p\u0159\u00ed\u010dkami. <span class=\"s1\">Ethos <\/span>obsluha <span class=\"s1\">Domovina <\/span>zviditeln\u011bn\u00ed\u00a0<span class=\"s10\">z\u00edskejte\u00a0<\/span><span class=\"s4\">tak\u00e9 <\/span>p\u0159es <span class=\"s1\">\u010dinnost\u00a0<\/span><span class=\"s9\">spiknut\u00ed, <\/span><span class=\"s11\">a <\/span>pak <span class=\"s11\">w <\/span>pov\u00e1le\u010dn\u00e1 l\u00e9ta. Jako d\u011bdicov\u00e9 <span class=\"s1\">tyto <\/span><span class=\"s6\">chv\u00e1lyhodn\u00e9\u00a0<\/span><span class=\"s9\">tradice, <\/span>pokra\u010dov\u00e1n\u00ed\u00a0<span class=\"s2\">je <\/span><span class=\"s1\">dnes\u00a0<\/span>St\u00e1t prost\u0159ednictv\u00edm slu\u017eby\u00a0<span class=\"s8\">spole\u010dnost.\u00a0<\/span><span class=\"s3\">Z <\/span>svtysfakcjq <span class=\"s9\">p\u0159ijato <\/span><span class=\"s1\">tak\u017ee zpr\u00e1va, <\/span>2e <span class=\"s1\">zapnuto <\/span><span class=\"s9\">sig <\/span>St\u00e1t v jubilejn\u00edch oslav\u00e1ch st\u00e9ho v\u00fdro\u010d\u00ed zalo\u017een\u00ed republiky <span class=\"s4\">zotaven\u00ed <\/span><span class=\"s1\">nez\u00e1vislost. <\/span><span class=\"s6\">V\u0161em <\/span>Podkarpatsko <span class=\"s4\">\u017eelezni\u010d\u00e1\u0159i\u00a0<\/span><span class=\"s2\">Cht\u011bl bych pop\u0159\u00e1t<\/span><span class=\"s1\">\u00a0<\/span><span class=\"s10\">mnoho <\/span><span class=\"s4\">\u00fasp\u011bch <\/span><span class=\"s12\">w <\/span>d\u00e1le <span class=\"s2\">pr\u00e1ce. \u017b<\/span>P\u0159eji v\u00e1m, <span class=\"s11\">podle <\/span><span class=\"s4\">dne\u0161n\u00ed <\/span>ud\u00e1losti <span class=\"s4\">b\u00fdval\u00fd\u00a0<\/span><span class=\"s1\">pro <\/span>Va\u0161e p\u0159\u00edle\u017eitost\u00a0<span class=\"s9\">podn\u011bt k zamy\u0161len\u00ed <\/span>nad <span class=\"s6\">cenn\u00e9 <\/span>\u00fasp\u011bchy a <span class=\"s6\">pob\u00eddka\u00a0<\/span><span class=\"s9\">na <\/span>vytvo\u0159en\u00ed <span class=\"s8\">nov\u00fd,\u00a0<\/span>ambici\u00f3zn\u00ed <span class=\"s4\">pl\u00e1ny.<\/span><\/p>\n<p class=\"p5\"><span class=\"s13\">St\u00e1le <\/span><span class=\"s6\">jednou <\/span>up\u0159\u00edmn\u011b <span class=\"s4\">s pozdravem <\/span><span class=\"s9\">a j\u00e1 odkazuji<\/span>\u00a0<span class=\"s6\">v\u00fdrazy <\/span>respektovat.<\/p>\n<p class=\"p5\"><em>Marek Kuchci\u0144ski<\/em><\/p>\n<p class=\"p5\" style=\"padding-left: 30px;\"><a href=\"https:\/\/marekkuchcinski.pl\/wp-content\/uploads\/2018\/11\/DSCF1814-1-1.jpg\"><img fetchpriority=\"high\" decoding=\"async\" class=\"alignnone size-full wp-image-11249\" src=\"https:\/\/marekkuchcinski.pl\/wp-content\/uploads\/2018\/11\/DSCF1814-1-1.jpg\" alt=\"DSCF1814-1\" width=\"3441\" height=\"1951\" srcset=\"https:\/\/marekkuchcinski.pl\/wp-content\/uploads\/2018\/11\/DSCF1814-1-1.jpg 2048w, https:\/\/marekkuchcinski.pl\/wp-content\/uploads\/2018\/11\/DSCF1814-1-1-300x170.jpg 300w, https:\/\/marekkuchcinski.pl\/wp-content\/uploads\/2018\/11\/DSCF1814-1-1-768x435.jpg 768w, https:\/\/marekkuchcinski.pl\/wp-content\/uploads\/2018\/11\/DSCF1814-1-1-1024x581.jpg 1024w\" sizes=\"(max-width: 3441px) 100vw, 3441px\" \/><\/a><!--more--><\/p>\n<p class=\"p5\">Most v Przemy\u015blu navr\u017een\u00fd Gustavem Eiffelem, autorem pa\u0159\u00ed\u017esk\u00e9 v\u011b\u017ee<\/p>\n<p class=\"p5\"><em>Foto: M. Olejnik<\/em><\/p>","protected":false},"excerpt":{"rendered":"<p>Zaw\u00f3d kolejarza otoczony jest w naszym kraju du\u017cym szacunkiem. Na dobre imi\u0119\u00a0ca\u0142ego \u015brodowiska pracowa\u0142y pokolenia ludzi zaanga\u017cowanych nie tylko\u00a0w wykonywanie codziennych obowi\u0105zk\u00f3w, lecz tak\u017ce w dzia\u0142ania niepodleglo\u015bciowe. Pe\u0142nili swoj\u0105\u00a0s\u0142u\u017cb\u0119\u00a0z najwy\u017cszym oddaniem, daj\u0105c wielokrotne dowody patriotyzmu, profesjonalizmu\u00a0i odpowiedzialno\u015bci. Kolejarski mundur jest wi\u0119c symbolem pi\u0119knych tradycji, wielu dokona\u0144, kt\u00f3re\u00a0stanowi\u0105\u00a0wa\u017cn\u0105\u00a0kart\u0119\u00a0w dziejach odzyskiwania wolno\u015bci naszej Ojczyzny. Nale\u017cy do nich [&hellip;]<\/p>\n","protected":false},"author":6,"featured_media":11252,"comment_status":"open","ping_status":"open","sticky":false,"template":"","format":"standard","meta":{"ngg_post_thumbnail":0,"footnotes":""},"categories":[104,49,77,3],"tags":[],"class_list":["post-11217","post","type-post","status-publish","format-standard","has-post-thumbnail","hentry","category-lms","category-podkarpacie","category-wazne-daty","category-wydarzenia"],"_links":{"self":[{"href":"https:\/\/marekkuchcinski.pl\/cs\/wp-json\/wp\/v2\/posts\/11217","targetHints":{"allow":["GET"]}}],"collection":[{"href":"https:\/\/marekkuchcinski.pl\/cs\/wp-json\/wp\/v2\/posts"}],"about":[{"href":"https:\/\/marekkuchcinski.pl\/cs\/wp-json\/wp\/v2\/types\/post"}],"author":[{"embeddable":true,"href":"https:\/\/marekkuchcinski.pl\/cs\/wp-json\/wp\/v2\/users\/6"}],"replies":[{"embeddable":true,"href":"https:\/\/marekkuchcinski.pl\/cs\/wp-json\/wp\/v2\/comments?post=11217"}],"version-history":[{"count":10,"href":"https:\/\/marekkuchcinski.pl\/cs\/wp-json\/wp\/v2\/posts\/11217\/revisions"}],"predecessor-version":[{"id":11275,"href":"https:\/\/marekkuchcinski.pl\/cs\/wp-json\/wp\/v2\/posts\/11217\/revisions\/11275"}],"wp:featuredmedia":[{"embeddable":true,"href":"https:\/\/marekkuchcinski.pl\/cs\/wp-json\/wp\/v2\/media\/11252"}],"wp:attachment":[{"href":"https:\/\/marekkuchcinski.pl\/cs\/wp-json\/wp\/v2\/media?parent=11217"}],"wp:term":[{"taxonomy":"category","embeddable":true,"href":"https:\/\/marekkuchcinski.pl\/cs\/wp-json\/wp\/v2\/categories?post=11217"},{"taxonomy":"post_tag","embeddable":true,"href":"https:\/\/marekkuchcinski.pl\/cs\/wp-json\/wp\/v2\/tags?post=11217"}],"curies":[{"name":"wp","href":"https:\/\/api.w.org\/{rel}","templated":true}]}}