{"id":11157,"date":"2018-11-23T16:18:34","date_gmt":"2018-11-23T15:18:34","guid":{"rendered":"https:\/\/marekkuchcinski.pl\/?p=11157"},"modified":"2018-11-23T16:18:10","modified_gmt":"2018-11-23T15:18:10","slug":"marek-kuchcinski-o-abp-tokarczuku-ziemia-podkarpacka-sprawa-metropolity-stala-sie-miejscem-niezaleznej-wolnosciowej-mysli-promieniujacej-cala-polske","status":"publish","type":"post","link":"https:\/\/marekkuchcinski.pl\/cs\/wydarzenia\/marek-kuchcinski-o-abp-tokarczuku-ziemia-podkarpacka-sprawa-metropolity-stala-sie-miejscem-niezaleznej-wolnosciowej-mysli-promieniujacej-cala-polske\/","title":{"rendered":"Marek Kuchci\u0144ski o arcibiskupu Tokarczukovi: D\u00edky metropolitovi se Podkarpatsko stalo m\u00edstem nez\u00e1visl\u00e9ho a svobodn\u00e9ho my\u0161len\u00ed, kter\u00e9 se roz\u0161\u00ed\u0159ilo do cel\u00e9ho Polska."},"content":{"rendered":"<p>U p\u0159\u00edle\u017eitosti 100. v\u00fdro\u010d\u00ed narozen\u00ed arcibiskupa Ignace Tokarczuka polsk\u00fd parlament ustanovil metropolitu z Przemy\u0161lu jedn\u00edm ze svat\u00fdch patron\u016f roku 2018.<\/p>\n<p>B\u011bhem konference \"Arcibiskup Ignacy Tokarczuk - sv\u011bdek d\u011bjin, sv\u011bdek v\u00edry\" mar\u0161\u00e1l Kuchci\u0144ski zd\u016fraznil, \u017ee arcibiskup Tokarczuk byl jedn\u00edm z hrdin\u016f, kte\u0159\u00ed se natrvalo zapsali do polsk\u00fdch snah o nez\u00e1vislost, byl<strong>\u00a0<\/strong>Byl to v\u00fdjime\u010dn\u00fd \u010dlov\u011bk, neochv\u011bjn\u00fd zast\u00e1nce nez\u00e1visl\u00e9ho Polska. Otev\u0159en\u011b odhaloval pokrytectv\u00ed a akce nam\u00ed\u0159en\u00e9 proti poru\u0161ov\u00e1n\u00ed lidsk\u00fdch pr\u00e1v a c\u00edrkvi. Ve sv\u00fdch k\u00e1z\u00e1n\u00edch zd\u016fraz\u0148oval, \u017ee \"polsk\u00fd n\u00e1rod \u017eije v nenorm\u00e1ln\u00ed dob\u011b a syst\u00e9m, kter\u00fd zavedli komunist\u00e9, je bezpr\u00e1v\u00ed p\u0159evle\u010den\u00e9 do roucha z\u00e1kona\".<\/p>\n<p>Mar\u0161\u00e1l p\u0159ipomn\u011bl, \u017ee metropolita hlasit\u011b h\u00e1jil d\u016fstojnost a pr\u00e1va v\u011b\u0159\u00edc\u00edch, byl vzorem odvahy a nekompromisn\u00edho postoje, prolomil bari\u00e9ru strachu z komunistick\u00e9ho bezpe\u010dnostn\u00edho apar\u00e1tu a d\u00edky n\u011bmu mnoz\u00ed opozi\u010dn\u00ed aktivist\u00e9 na\u0161li nejen duchovn\u00ed a materi\u00e1ln\u00ed pomoc, ale tak\u00e9 inspiraci k dal\u0161\u00ed \u010dinnosti.<\/p>\n<p>Tam, v Przemy\u015blu, se s arcibiskupem zrodila my\u0161lenka nez\u00e1visl\u00e9ho rolnick\u00e9ho hnut\u00ed. A d\u00e1 se \u0159\u00edci, \u017ee d\u00edky metropolitovi se Podkarpatsko stalo m\u00edstem nez\u00e1visl\u00e9ho a svobodn\u00e9ho my\u0161len\u00ed, kter\u00e9 se \u0161\u00ed\u0159ilo po cel\u00e9m Polsku.<\/p>\n<p>Marek Kuchci\u0144ski zd\u016fraznil, \u017ee otec biskup hluboce v\u0161t\u00edpil do srdc\u00ed a mysl\u00ed touhu po nez\u00e1visl\u00e9 a demokratick\u00e9 vlasti. Tyto touhy rozv\u00edjel zvl\u00e1\u0161tn\u00edm zp\u016fsobem, kdy\u017e podporoval nez\u00e1vislou kulturu a nez\u00e1vislou vydavatelskou \u010dinnost. Poskytoval pomoc utla\u010dovan\u00fdm a jejich rodin\u00e1m. M\u011bl pravdu, kdy\u017e od roku 1982 tvrdil, \u017ee stann\u00e9 pr\u00e1vo je po\u010d\u00e1tkem zhroucen\u00ed totalitn\u00edho syst\u00e9mu.<\/p>\n<p>- Mysl\u00edm, \u017ee jedn\u00edm z jeho nejv\u00fdznamn\u011bj\u0161\u00edch po\u010din\u016f v tehdej\u0161\u00ed diec\u00e9zi Przemy\u015bl, kter\u00e1 p\u0159esahuje hranice dne\u0161n\u00edho Podkarpatsk\u00e9ho vojvodstv\u00ed, byla v\u00fdstavba v\u00edce ne\u017e 400 kostel\u016f. T\u00edmto zp\u016fsobem otec opat nejen usnadnil lidem \u00fa\u010dast na m\u0161\u00edch svat\u00fdch a na rozvoji univerz\u00e1ln\u00ed c\u00edrkve, ale tak\u00e9 nav\u017edy pos\u00edlil \u0159\u00edmskokatolick\u00fd ritus na cel\u00e9m Podkarpatsku,\" uzav\u0159el p\u0159edseda Sejmu.<\/p>\n<p>Mezi \u0159e\u010dn\u00edky byli\u00a0<strong>\u00a0<\/strong>Rev. Franciszek Rz\u0105sa (\"Arcibiskup Ignacy Tokarczuk - z pohledu duchovn\u00edho otce kn\u011b\u017e\u00ed przemysk\u00e9 diec\u00e9ze - vzpom\u00ednky\"), P. Prof. J\u00f3zef Wo\u0142cza\u0144ski (\"Pastora\u010dn\u00ed a organiza\u010dn\u00ed \u010dinnost arcibiskupa Ignacyho Tokarczuka v przemysk\u00e9 c\u00edrkvi\") a Dr. Mariusz Krzysztofi\u0144ski (\"Arcibiskup Ignacy Tokarczuk - obh\u00e1jce pravdy, pr\u00e1v v\u011b\u0159\u00edc\u00edch, zast\u00e1nce \"Solidarity\"). Cel\u00e1 akce byla obohacena \u00faryvky z homili\u00ed a den\u00edk\u016f arcibiskupa Ignacyho Tokarczuka formou dokument\u00e1rn\u00ed projek\u010dn\u00ed mont\u00e1\u017ee a hereckou interpretac\u00ed Waldemara Czyszaka - herce Divadla Wandy Siemaszkov\u00e9 v Rzeszow\u011b. Akci doprov\u00e1zela tematick\u00e1 v\u00fdstava \"Arcibiskup Ignacy Tokarczuk - c\u00edrkev, autorita - soci\u00e1ln\u00ed odpor\", kterou p\u0159ipravila pobo\u010dka Institutu n\u00e1rodn\u00ed pam\u011bti v Rzeszow\u011b.<\/p>\n<p>Nad konferenc\u00ed p\u0159evzali \u010destnou z\u00e1\u0161titu mar\u0161\u00e1lek Sejmu Marek Kuchci\u0144ski, p\u0159edseda Polsk\u00e9 biskupsk\u00e9 konference arcibiskup Stanis\u0142aw G\u0105decki a p\u0159emy\u0161lsk\u00fd arcibiskup metropolita Adam Szal. Vznikl z iniciativy podkarpatsk\u00e9 vojvodkyn\u011b Ewy Leniart a mar\u0161\u00e1lka vojvodstv\u00ed W\u0142adys\u0142awa Ortyla.<\/p>\n<p><strong>Dal\u0161\u00ed materi\u00e1ly o arcibiskupovi Ignaci Tokarczukovi:<\/strong><\/p>\n<p><a href=\"https:\/\/marekkuchcinski.pl\/cs\/wydarzenia\/marszalek-sejmu-ideologie-xx-xxi-wieku-wciaz-wzywaja-nas-dawania-swiadectwa-wiary-boga-szacunku-czlowieka-odwagi-wiernosci-dzielu-naszych-przodkow\/\">https:\/\/marekkuchcinski.pl\/wydarzenia\/marszalek-sejmu-ideologie-xx-xxi-wieku-wciaz-wzywaja-nas-dawania-swiadectwa-wiary-boga-szacunku-czlowieka-odwagi-wiernosci-dzielu-naszych-przodkow\/<\/a><\/p>\n<p><a href=\"https:\/\/marekkuchcinski.pl\/wp-content\/uploads\/2018\/11\/18920583_1921884804694406_2246382630926971964_n.jpg\"><img fetchpriority=\"high\" decoding=\"async\" class=\"alignnone size-full wp-image-11198\" src=\"https:\/\/marekkuchcinski.pl\/wp-content\/uploads\/2018\/11\/18920583_1921884804694406_2246382630926971964_n.jpg\" alt=\"18920583_1921884804694406_2246382630926971964_n\" width=\"329\" height=\"226\" srcset=\"https:\/\/marekkuchcinski.pl\/wp-content\/uploads\/2018\/11\/18920583_1921884804694406_2246382630926971964_n.jpg 329w, https:\/\/marekkuchcinski.pl\/wp-content\/uploads\/2018\/11\/18920583_1921884804694406_2246382630926971964_n-300x206.jpg 300w\" sizes=\"(max-width: 329px) 100vw, 329px\" \/><\/a><\/p>\n<blockquote class=\"wp-embedded-content\" data-secret=\"nOJkXXSFFC\"><p><a href=\"https:\/\/marekkuchcinski.pl\/cs\/wydarzenia\/odszedl-do-pana-niezlomny\/\">Zem\u0159el arcibiskup Ignacy Marcin Tokarczuk<\/a><\/p><\/blockquote>\n<p><iframe class=\"wp-embedded-content\" sandbox=\"allow-scripts\" security=\"restricted\" style=\"position: absolute; clip: rect(1px, 1px, 1px, 1px);\" title=\"&quot;Arcibiskup Ignacy Marcin Tokarczuk ode\u0161el k P\u00e1nu&quot; - Marek Kuchci\u0144ski\" src=\"https:\/\/marekkuchcinski.pl\/wydarzenia\/odszedl-do-pana-niezlomny\/embed\/#?secret=nOJkXXSFFC\" data-secret=\"nOJkXXSFFC\" width=\"600\" height=\"338\" frameborder=\"0\" marginwidth=\"0\" marginheight=\"0\" scrolling=\"no\"><\/iframe><\/p>\n<blockquote class=\"wp-embedded-content\" data-secret=\"SB7IlgsBtJ\"><p><a href=\"https:\/\/marekkuchcinski.pl\/cs\/wydarzenia\/sesja-naukowa-poswiecona-abp-ignacemu-tokarczukowi\/\">V\u011bdeck\u00e9 zased\u00e1n\u00ed v\u011bnovan\u00e9 arcibiskupovi metropolitovi Przemy\u0161lu, arcibiskupovi Ignacymu Tokarczukovi<\/a><\/p><\/blockquote>\n<p><iframe class=\"wp-embedded-content\" sandbox=\"allow-scripts\" security=\"restricted\" style=\"position: absolute; clip: rect(1px, 1px, 1px, 1px);\" title=\"&quot;V\u011bdeck\u00e9 zased\u00e1n\u00ed v\u011bnovan\u00e9 arcibiskupovi metropolitovi Przemy\u0161lu, arcibiskupovi Ignacymu Tokarczukovi&quot; - Marek Kuchci\u0144ski\" src=\"https:\/\/marekkuchcinski.pl\/wydarzenia\/sesja-naukowa-poswiecona-abp-ignacemu-tokarczukowi\/embed\/#?secret=SB7IlgsBtJ\" data-secret=\"SB7IlgsBtJ\" width=\"600\" height=\"338\" frameborder=\"0\" marginwidth=\"0\" marginheight=\"0\" scrolling=\"no\"><\/iframe><\/p>\n<p><em>Foto: M. Olejnik<\/em><\/p>\n<p><a href=\"https:\/\/marekkuchcinski.pl\/wp-content\/uploads\/2018\/11\/tok6.jpg\"><img decoding=\"async\" class=\"alignnone size-full wp-image-11158\" src=\"https:\/\/marekkuchcinski.pl\/wp-content\/uploads\/2018\/11\/tok6.jpg\" alt=\"tok6\" width=\"3918\" height=\"2615\" srcset=\"https:\/\/marekkuchcinski.pl\/wp-content\/uploads\/2018\/11\/tok6.jpg 2048w, https:\/\/marekkuchcinski.pl\/wp-content\/uploads\/2018\/11\/tok6-300x200.jpg 300w, https:\/\/marekkuchcinski.pl\/wp-content\/uploads\/2018\/11\/tok6-768x513.jpg 768w, https:\/\/marekkuchcinski.pl\/wp-content\/uploads\/2018\/11\/tok6-1024x683.jpg 1024w\" sizes=\"(max-width: 3918px) 100vw, 3918px\" \/><\/a>\u00a0Zvon nez\u00e1vislosti - dar mar\u0161\u00e1lka Podkarpatsk\u00e9 Rusi W\u0142adys\u0142awa Ortyla<a href=\"https:\/\/marekkuchcinski.pl\/wp-content\/uploads\/2018\/11\/tok.jpg\"><img decoding=\"async\" class=\"alignnone size-full wp-image-11162\" src=\"https:\/\/marekkuchcinski.pl\/wp-content\/uploads\/2018\/11\/tok.jpg\" alt=\"tok\" width=\"4436\" height=\"3121\" srcset=\"https:\/\/marekkuchcinski.pl\/wp-content\/uploads\/2018\/11\/tok.jpg 2048w, https:\/\/marekkuchcinski.pl\/wp-content\/uploads\/2018\/11\/tok-300x211.jpg 300w, https:\/\/marekkuchcinski.pl\/wp-content\/uploads\/2018\/11\/tok-768x540.jpg 768w, https:\/\/marekkuchcinski.pl\/wp-content\/uploads\/2018\/11\/tok-1024x720.jpg 1024w\" sizes=\"(max-width: 4436px) 100vw, 4436px\" \/><\/a><\/p>\n<p><em>Foto: M. Marchlewska<\/em><\/p>\n<p><a href=\"https:\/\/marekkuchcinski.pl\/wp-content\/uploads\/2018\/11\/MMA_4703.jpg\"><img loading=\"lazy\" decoding=\"async\" class=\"alignnone size-full wp-image-11202\" src=\"https:\/\/marekkuchcinski.pl\/wp-content\/uploads\/2018\/11\/MMA_4703.jpg\" alt=\"MMA_4703\" width=\"6189\" height=\"4126\" srcset=\"https:\/\/marekkuchcinski.pl\/wp-content\/uploads\/2018\/11\/MMA_4703.jpg 2048w, https:\/\/marekkuchcinski.pl\/wp-content\/uploads\/2018\/11\/MMA_4703-300x200.jpg 300w, https:\/\/marekkuchcinski.pl\/wp-content\/uploads\/2018\/11\/MMA_4703-768x512.jpg 768w, https:\/\/marekkuchcinski.pl\/wp-content\/uploads\/2018\/11\/MMA_4703-1024x683.jpg 1024w\" sizes=\"(max-width: 6189px) 100vw, 6189px\" \/><\/a><\/p>\n<p>Sejm: V\u00fdstava v\u011bnovan\u00e1 arcibiskupovi Ignacimu Tokarczukovi, IPN Rzesz\u00f3w<\/p>\n<p><a href=\"https:\/\/marekkuchcinski.pl\/wp-content\/uploads\/2018\/11\/000_tokarczuk-1.jpg\"><img loading=\"lazy\" decoding=\"async\" class=\"alignnone size-full wp-image-11194\" src=\"https:\/\/marekkuchcinski.pl\/wp-content\/uploads\/2018\/11\/000_tokarczuk-1.jpg\" alt=\"000_tokarczuk\" width=\"2549\" height=\"4725\" srcset=\"https:\/\/marekkuchcinski.pl\/wp-content\/uploads\/2018\/11\/000_tokarczuk-1.jpg 1105w, https:\/\/marekkuchcinski.pl\/wp-content\/uploads\/2018\/11\/000_tokarczuk-1-162x300.jpg 162w, https:\/\/marekkuchcinski.pl\/wp-content\/uploads\/2018\/11\/000_tokarczuk-1-768x1424.jpg 768w, https:\/\/marekkuchcinski.pl\/wp-content\/uploads\/2018\/11\/000_tokarczuk-1-552x1024.jpg 552w\" sizes=\"(max-width: 2549px) 100vw, 2549px\" \/><\/a> <a href=\"https:\/\/marekkuchcinski.pl\/wp-content\/uploads\/2018\/11\/001_tokarczuk.jpg\"><img loading=\"lazy\" decoding=\"async\" class=\"alignnone size-full wp-image-11172\" src=\"https:\/\/marekkuchcinski.pl\/wp-content\/uploads\/2018\/11\/001_tokarczuk.jpg\" alt=\"001_tokarczuk\" width=\"2549\" height=\"4725\" srcset=\"https:\/\/marekkuchcinski.pl\/wp-content\/uploads\/2018\/11\/001_tokarczuk.jpg 1105w, https:\/\/marekkuchcinski.pl\/wp-content\/uploads\/2018\/11\/001_tokarczuk-162x300.jpg 162w, https:\/\/marekkuchcinski.pl\/wp-content\/uploads\/2018\/11\/001_tokarczuk-768x1424.jpg 768w, https:\/\/marekkuchcinski.pl\/wp-content\/uploads\/2018\/11\/001_tokarczuk-552x1024.jpg 552w\" sizes=\"(max-width: 2549px) 100vw, 2549px\" \/><\/a> <a href=\"https:\/\/marekkuchcinski.pl\/wp-content\/uploads\/2018\/11\/002_tokarczuk.jpg\"><img loading=\"lazy\" decoding=\"async\" class=\"alignnone size-full wp-image-11173\" src=\"https:\/\/marekkuchcinski.pl\/wp-content\/uploads\/2018\/11\/002_tokarczuk.jpg\" alt=\"002_tokarczuk\" width=\"2549\" height=\"4725\" srcset=\"https:\/\/marekkuchcinski.pl\/wp-content\/uploads\/2018\/11\/002_tokarczuk.jpg 1105w, https:\/\/marekkuchcinski.pl\/wp-content\/uploads\/2018\/11\/002_tokarczuk-162x300.jpg 162w, https:\/\/marekkuchcinski.pl\/wp-content\/uploads\/2018\/11\/002_tokarczuk-768x1424.jpg 768w, https:\/\/marekkuchcinski.pl\/wp-content\/uploads\/2018\/11\/002_tokarczuk-552x1024.jpg 552w\" sizes=\"(max-width: 2549px) 100vw, 2549px\" \/><\/a> <a href=\"https:\/\/marekkuchcinski.pl\/wp-content\/uploads\/2018\/11\/003_tokarczuk.jpg\"><img loading=\"lazy\" decoding=\"async\" class=\"alignnone size-full wp-image-11174\" src=\"https:\/\/marekkuchcinski.pl\/wp-content\/uploads\/2018\/11\/003_tokarczuk.jpg\" alt=\"003_tokarczuk\" width=\"2549\" height=\"4725\" srcset=\"https:\/\/marekkuchcinski.pl\/wp-content\/uploads\/2018\/11\/003_tokarczuk.jpg 1105w, https:\/\/marekkuchcinski.pl\/wp-content\/uploads\/2018\/11\/003_tokarczuk-162x300.jpg 162w, https:\/\/marekkuchcinski.pl\/wp-content\/uploads\/2018\/11\/003_tokarczuk-768x1424.jpg 768w, https:\/\/marekkuchcinski.pl\/wp-content\/uploads\/2018\/11\/003_tokarczuk-552x1024.jpg 552w\" sizes=\"(max-width: 2549px) 100vw, 2549px\" \/><\/a> <a href=\"https:\/\/marekkuchcinski.pl\/wp-content\/uploads\/2018\/11\/004_tokarczuk.jpg\"><img loading=\"lazy\" decoding=\"async\" class=\"alignnone size-full wp-image-11175\" src=\"https:\/\/marekkuchcinski.pl\/wp-content\/uploads\/2018\/11\/004_tokarczuk.jpg\" alt=\"004_tokarczuk\" width=\"2549\" height=\"4725\" srcset=\"https:\/\/marekkuchcinski.pl\/wp-content\/uploads\/2018\/11\/004_tokarczuk.jpg 1105w, https:\/\/marekkuchcinski.pl\/wp-content\/uploads\/2018\/11\/004_tokarczuk-162x300.jpg 162w, https:\/\/marekkuchcinski.pl\/wp-content\/uploads\/2018\/11\/004_tokarczuk-768x1424.jpg 768w, https:\/\/marekkuchcinski.pl\/wp-content\/uploads\/2018\/11\/004_tokarczuk-552x1024.jpg 552w\" sizes=\"(max-width: 2549px) 100vw, 2549px\" \/><\/a> <a href=\"https:\/\/marekkuchcinski.pl\/wp-content\/uploads\/2018\/11\/005_tokarczuk.jpg\"><img loading=\"lazy\" decoding=\"async\" class=\"alignnone size-full wp-image-11176\" src=\"https:\/\/marekkuchcinski.pl\/wp-content\/uploads\/2018\/11\/005_tokarczuk.jpg\" alt=\"005_tokarczuk\" width=\"2549\" height=\"4725\" srcset=\"https:\/\/marekkuchcinski.pl\/wp-content\/uploads\/2018\/11\/005_tokarczuk.jpg 1105w, https:\/\/marekkuchcinski.pl\/wp-content\/uploads\/2018\/11\/005_tokarczuk-162x300.jpg 162w, https:\/\/marekkuchcinski.pl\/wp-content\/uploads\/2018\/11\/005_tokarczuk-768x1424.jpg 768w, https:\/\/marekkuchcinski.pl\/wp-content\/uploads\/2018\/11\/005_tokarczuk-552x1024.jpg 552w\" sizes=\"(max-width: 2549px) 100vw, 2549px\" \/><\/a> <a href=\"https:\/\/marekkuchcinski.pl\/wp-content\/uploads\/2018\/11\/006_tokarczuk.jpg\"><img loading=\"lazy\" decoding=\"async\" class=\"alignnone size-full wp-image-11177\" src=\"https:\/\/marekkuchcinski.pl\/wp-content\/uploads\/2018\/11\/006_tokarczuk.jpg\" alt=\"006_tokarczuk\" width=\"2549\" height=\"4725\" srcset=\"https:\/\/marekkuchcinski.pl\/wp-content\/uploads\/2018\/11\/006_tokarczuk.jpg 1105w, https:\/\/marekkuchcinski.pl\/wp-content\/uploads\/2018\/11\/006_tokarczuk-162x300.jpg 162w, https:\/\/marekkuchcinski.pl\/wp-content\/uploads\/2018\/11\/006_tokarczuk-768x1424.jpg 768w, https:\/\/marekkuchcinski.pl\/wp-content\/uploads\/2018\/11\/006_tokarczuk-552x1024.jpg 552w\" sizes=\"(max-width: 2549px) 100vw, 2549px\" \/><\/a> <a href=\"https:\/\/marekkuchcinski.pl\/wp-content\/uploads\/2018\/11\/007_tokarczuk.jpg\"><img loading=\"lazy\" decoding=\"async\" class=\"alignnone size-full wp-image-11178\" src=\"https:\/\/marekkuchcinski.pl\/wp-content\/uploads\/2018\/11\/007_tokarczuk.jpg\" alt=\"007_tokarczuk\" width=\"2549\" height=\"4725\" srcset=\"https:\/\/marekkuchcinski.pl\/wp-content\/uploads\/2018\/11\/007_tokarczuk.jpg 1105w, https:\/\/marekkuchcinski.pl\/wp-content\/uploads\/2018\/11\/007_tokarczuk-162x300.jpg 162w, https:\/\/marekkuchcinski.pl\/wp-content\/uploads\/2018\/11\/007_tokarczuk-768x1424.jpg 768w, https:\/\/marekkuchcinski.pl\/wp-content\/uploads\/2018\/11\/007_tokarczuk-552x1024.jpg 552w\" sizes=\"(max-width: 2549px) 100vw, 2549px\" \/><\/a> <a href=\"https:\/\/marekkuchcinski.pl\/wp-content\/uploads\/2018\/11\/008_tokarczuk.jpg\"><img loading=\"lazy\" decoding=\"async\" class=\"alignnone size-full wp-image-11179\" src=\"https:\/\/marekkuchcinski.pl\/wp-content\/uploads\/2018\/11\/008_tokarczuk.jpg\" alt=\"008_tokarczuk\" width=\"2549\" height=\"4725\" srcset=\"https:\/\/marekkuchcinski.pl\/wp-content\/uploads\/2018\/11\/008_tokarczuk.jpg 1105w, https:\/\/marekkuchcinski.pl\/wp-content\/uploads\/2018\/11\/008_tokarczuk-162x300.jpg 162w, https:\/\/marekkuchcinski.pl\/wp-content\/uploads\/2018\/11\/008_tokarczuk-768x1424.jpg 768w, https:\/\/marekkuchcinski.pl\/wp-content\/uploads\/2018\/11\/008_tokarczuk-552x1024.jpg 552w\" sizes=\"(max-width: 2549px) 100vw, 2549px\" \/><\/a> <a href=\"https:\/\/marekkuchcinski.pl\/wp-content\/uploads\/2018\/11\/009_tokarczuk.jpg\"><img loading=\"lazy\" decoding=\"async\" class=\"alignnone size-full wp-image-11180\" src=\"https:\/\/marekkuchcinski.pl\/wp-content\/uploads\/2018\/11\/009_tokarczuk.jpg\" alt=\"009_tokarczuk\" width=\"2549\" height=\"4725\" srcset=\"https:\/\/marekkuchcinski.pl\/wp-content\/uploads\/2018\/11\/009_tokarczuk.jpg 1105w, https:\/\/marekkuchcinski.pl\/wp-content\/uploads\/2018\/11\/009_tokarczuk-162x300.jpg 162w, https:\/\/marekkuchcinski.pl\/wp-content\/uploads\/2018\/11\/009_tokarczuk-768x1424.jpg 768w, https:\/\/marekkuchcinski.pl\/wp-content\/uploads\/2018\/11\/009_tokarczuk-552x1024.jpg 552w\" sizes=\"(max-width: 2549px) 100vw, 2549px\" \/><\/a> <a href=\"https:\/\/marekkuchcinski.pl\/wp-content\/uploads\/2018\/11\/010_tokarczuk.jpg\"><img loading=\"lazy\" decoding=\"async\" class=\"alignnone size-full wp-image-11181\" src=\"https:\/\/marekkuchcinski.pl\/wp-content\/uploads\/2018\/11\/010_tokarczuk.jpg\" alt=\"010_tokarczuk\" width=\"2549\" height=\"4725\" srcset=\"https:\/\/marekkuchcinski.pl\/wp-content\/uploads\/2018\/11\/010_tokarczuk.jpg 1105w, https:\/\/marekkuchcinski.pl\/wp-content\/uploads\/2018\/11\/010_tokarczuk-162x300.jpg 162w, https:\/\/marekkuchcinski.pl\/wp-content\/uploads\/2018\/11\/010_tokarczuk-768x1424.jpg 768w, https:\/\/marekkuchcinski.pl\/wp-content\/uploads\/2018\/11\/010_tokarczuk-552x1024.jpg 552w\" sizes=\"(max-width: 2549px) 100vw, 2549px\" \/><\/a> <a href=\"https:\/\/marekkuchcinski.pl\/wp-content\/uploads\/2018\/11\/011_tokarczuk.jpg\"><img loading=\"lazy\" decoding=\"async\" class=\"alignnone size-full wp-image-11182\" src=\"https:\/\/marekkuchcinski.pl\/wp-content\/uploads\/2018\/11\/011_tokarczuk.jpg\" alt=\"011_tokarczuk\" width=\"2549\" height=\"4725\" srcset=\"https:\/\/marekkuchcinski.pl\/wp-content\/uploads\/2018\/11\/011_tokarczuk.jpg 1105w, https:\/\/marekkuchcinski.pl\/wp-content\/uploads\/2018\/11\/011_tokarczuk-162x300.jpg 162w, https:\/\/marekkuchcinski.pl\/wp-content\/uploads\/2018\/11\/011_tokarczuk-768x1424.jpg 768w, https:\/\/marekkuchcinski.pl\/wp-content\/uploads\/2018\/11\/011_tokarczuk-552x1024.jpg 552w\" sizes=\"(max-width: 2549px) 100vw, 2549px\" \/><\/a> <a href=\"https:\/\/marekkuchcinski.pl\/wp-content\/uploads\/2018\/11\/012_tokarczuk.jpg\"><img loading=\"lazy\" decoding=\"async\" class=\"alignnone size-full wp-image-11183\" src=\"https:\/\/marekkuchcinski.pl\/wp-content\/uploads\/2018\/11\/012_tokarczuk.jpg\" alt=\"012_tokarczuk\" width=\"2549\" height=\"4725\" srcset=\"https:\/\/marekkuchcinski.pl\/wp-content\/uploads\/2018\/11\/012_tokarczuk.jpg 1105w, https:\/\/marekkuchcinski.pl\/wp-content\/uploads\/2018\/11\/012_tokarczuk-162x300.jpg 162w, https:\/\/marekkuchcinski.pl\/wp-content\/uploads\/2018\/11\/012_tokarczuk-768x1424.jpg 768w, https:\/\/marekkuchcinski.pl\/wp-content\/uploads\/2018\/11\/012_tokarczuk-552x1024.jpg 552w\" sizes=\"(max-width: 2549px) 100vw, 2549px\" \/><\/a> <a href=\"https:\/\/marekkuchcinski.pl\/wp-content\/uploads\/2018\/11\/013_tokarczuk.jpg\"><img loading=\"lazy\" decoding=\"async\" class=\"alignnone size-full wp-image-11184\" src=\"https:\/\/marekkuchcinski.pl\/wp-content\/uploads\/2018\/11\/013_tokarczuk.jpg\" alt=\"013_tokarczuk\" width=\"2549\" height=\"4725\" srcset=\"https:\/\/marekkuchcinski.pl\/wp-content\/uploads\/2018\/11\/013_tokarczuk.jpg 1105w, https:\/\/marekkuchcinski.pl\/wp-content\/uploads\/2018\/11\/013_tokarczuk-162x300.jpg 162w, https:\/\/marekkuchcinski.pl\/wp-content\/uploads\/2018\/11\/013_tokarczuk-768x1424.jpg 768w, https:\/\/marekkuchcinski.pl\/wp-content\/uploads\/2018\/11\/013_tokarczuk-552x1024.jpg 552w\" sizes=\"(max-width: 2549px) 100vw, 2549px\" \/><\/a><\/p>\n<p>&nbsp;<\/p>","protected":false},"excerpt":{"rendered":"<p>w 100. rocznic\u0119 urodzin ksi\u0119dza arcybiskupa Ignacego Tokarczuka Sejm RP ustanowi\u0142 Metropolit\u0119 Przemyskiego\u00a0jednym z patron\u00f3w 2018 roku. Podczas konferencji \u201eArcybiskup Ignacy Tokarczuk \u2013 \u015bwiadek historii, \u015bwiadek wiary\u201d marsza\u0142ek Kuchci\u0144ski podkre\u015bla\u0142, \u017ce abp. Tokarczuk by\u0142 jednym z bohater\u00f3w, kt\u00f3ry na trwa\u0142e zapisa\u0142 si\u0119 w polskich d\u0105\u017ceniach do niepodleg\u0142o\u015bci, by\u0142\u00a0cz\u0142owiekiem niezwyk\u0142ym, niez\u0142omnym or\u0119downikiem niezale\u017cnej Polski. Otwarcie obna\u017ca\u0142 [&hellip;]<\/p>\n","protected":false},"author":6,"featured_media":11164,"comment_status":"open","ping_status":"open","sticky":false,"template":"","format":"standard","meta":{"ngg_post_thumbnail":0,"footnotes":""},"categories":[49,81,3],"tags":[],"class_list":["post-11157","post","type-post","status-publish","format-standard","has-post-thumbnail","hentry","category-podkarpacie","category-wiesci-z-sejmu","category-wydarzenia"],"_links":{"self":[{"href":"https:\/\/marekkuchcinski.pl\/cs\/wp-json\/wp\/v2\/posts\/11157","targetHints":{"allow":["GET"]}}],"collection":[{"href":"https:\/\/marekkuchcinski.pl\/cs\/wp-json\/wp\/v2\/posts"}],"about":[{"href":"https:\/\/marekkuchcinski.pl\/cs\/wp-json\/wp\/v2\/types\/post"}],"author":[{"embeddable":true,"href":"https:\/\/marekkuchcinski.pl\/cs\/wp-json\/wp\/v2\/users\/6"}],"replies":[{"embeddable":true,"href":"https:\/\/marekkuchcinski.pl\/cs\/wp-json\/wp\/v2\/comments?post=11157"}],"version-history":[{"count":20,"href":"https:\/\/marekkuchcinski.pl\/cs\/wp-json\/wp\/v2\/posts\/11157\/revisions"}],"predecessor-version":[{"id":11204,"href":"https:\/\/marekkuchcinski.pl\/cs\/wp-json\/wp\/v2\/posts\/11157\/revisions\/11204"}],"wp:featuredmedia":[{"embeddable":true,"href":"https:\/\/marekkuchcinski.pl\/cs\/wp-json\/wp\/v2\/media\/11164"}],"wp:attachment":[{"href":"https:\/\/marekkuchcinski.pl\/cs\/wp-json\/wp\/v2\/media?parent=11157"}],"wp:term":[{"taxonomy":"category","embeddable":true,"href":"https:\/\/marekkuchcinski.pl\/cs\/wp-json\/wp\/v2\/categories?post=11157"},{"taxonomy":"post_tag","embeddable":true,"href":"https:\/\/marekkuchcinski.pl\/cs\/wp-json\/wp\/v2\/tags?post=11157"}],"curies":[{"name":"wp","href":"https:\/\/api.w.org\/{rel}","templated":true}]}}